{"id":8318,"date":"2021-05-11T16:49:06","date_gmt":"2021-05-11T14:49:06","guid":{"rendered":"https:\/\/www.asajacyl.com\/palencia\/?p=8318"},"modified":"2021-05-26T18:38:28","modified_gmt":"2021-05-26T16:38:28","slug":"asaja-informara-el-dia-17-de-mayo-a-los-perjudicados-por-el-ave-palencia-santander","status":"publish","type":"post","link":"https:\/\/www.asajacyl.com\/palencia\/asaja-palencia-informa\/asaja-informara-el-dia-17-de-mayo-a-los-perjudicados-por-el-ave-palencia-santander","title":{"rendered":"ASAJA informar\u00e1 el d\u00eda 17 de mayo a los perjudicados por el AVE Palencia-Santander"},"content":{"rendered":"\n<p>El <strong>lunes d\u00eda 17 a las 17:00 horas en Palencia<\/strong>, tendr\u00e1 lugar una reuni\u00f3n donde el gabinete de expropiaciones de AVA-ASAJA Valencia, que ayudar\u00e1 a los socios de ASAJA-Palencia interesados, explicar\u00e1 el procedimiento expropiatorio a los afectados y resolver\u00e1 todas sus dudas.<\/p>\n\n\n\n<p class=\"has-vivid-red-color has-text-color\"><em>Para cumplir con las pertinentes medidas de seguridad, aquellas personas que quieran acudir a la reuni\u00f3n deben incribirse llamando a las oficinas de ASAJA (979 752 344).<\/em> <\/p>\n\n\n\n<p>A d\u00eda de hoy la situaci\u00f3n de la expropiaci\u00f3n es la siguiente:<\/p>\n\n\n\n<ul><li>&#8211; Tramo Palencia Norte &#8211; Amusco: En breve comenzar\u00e1 el levantamiento de actas previas a la ocupaci\u00f3n, que tendr\u00e1 lugar los d\u00edas:<ul><li>Amusco: 18 de mayo<\/li><li>Monz\u00f3n de Campos: 19 y 20 de mayo<\/li><li>Villaumbrales: 25 de mayo<\/li><li>Palencia (municipio): 25, 26 y 27 de mayo<\/li><li>Husillos: 2 y 3 de junio<\/li><li>San Cebri\u00e1n de Campos: 1 de junio<\/li><\/ul><\/li><li>&#8211; Tramo Amusco &#8211; Osorno: Ya se han levantado actas previas a la ocupaci\u00f3n y se est\u00e1 a la espera de las actas de ocupaci\u00f3n.<\/li><li>&#8211; Tramos Osorno &#8211; Calahorra de Boedo y Calahorra de Boedo &#8211; Herrera de Pisuerga: A\u00fan no se ha publicado la convocatoria a los propietarios de los bienes y derechos afectados al levantamiento de las actas previas a la ocupaci\u00f3n en los respectivos ayuntamientos.<\/li><\/ul>\n","protected":false},"excerpt":{"rendered":"<p>El lunes d\u00eda 17 a las 17:00 horas en Palencia, tendr\u00e1 lugar una reuni\u00f3n donde el gabinete de expropiaciones de AVA-ASAJA Valencia, que ayudar\u00e1 a los socios de ASAJA-Palencia interesados, explicar\u00e1 el procedimiento expropiatorio a los afectados y resolver\u00e1 todas sus dudas. Para cumplir con las pertinentes medidas de seguridad, aquellas personas que quieran acudir [&hellip;]<\/p>\n","protected":false},"author":9,"featured_media":8115,"comment_status":"open","ping_status":"open","sticky":false,"template":"","format":"standard","meta":{"footnotes":""},"categories":[9,29,28],"tags":[],"yoast_head":"<!-- This site is optimized with the Yoast SEO plugin v24.5 - https:\/\/yoast.com\/wordpress\/plugins\/seo\/ -->\n<title>ASAJA informar\u00e1 el d\u00eda 17 de mayo a los perjudicados por el AVE Palencia-Santander - ASAJA Palencia<\/title>\n<meta name=\"description\" content=\"El lunes d\u00eda 17 a las 17:00 horas en Palencia, tendr\u00e1 lugar una reuni\u00f3n donde el gabinete de expropiaciones de AVA-ASAJA Valencia, que ayudar\u00e1 a los\" \/>\n<meta name=\"robots\" content=\"index, follow, max-snippet:-1, max-image-preview:large, max-video-preview:-1\" \/>\n<link rel=\"canonical\" href=\"https:\/\/www.asajacyl.com\/palencia\/asaja-palencia-informa\/asaja-informara-el-dia-17-de-mayo-a-los-perjudicados-por-el-ave-palencia-santander\" \/>\n<meta property=\"og:locale\" content=\"es_ES\" \/>\n<meta property=\"og:type\" content=\"article\" \/>\n<meta property=\"og:title\" content=\"ASAJA informar\u00e1 el d\u00eda 17 de mayo a los perjudicados por el AVE Palencia-Santander - ASAJA Palencia\" \/>\n<meta property=\"og:description\" content=\"El lunes d\u00eda 17 a las 17:00 horas en Palencia, tendr\u00e1 lugar una reuni\u00f3n donde el gabinete de expropiaciones de AVA-ASAJA Valencia, que ayudar\u00e1 a los\" \/>\n<meta property=\"og:url\" content=\"https:\/\/www.asajacyl.com\/palencia\/asaja-palencia-informa\/asaja-informara-el-dia-17-de-mayo-a-los-perjudicados-por-el-ave-palencia-santander\" \/>\n<meta property=\"og:site_name\" content=\"ASAJA Palencia\" \/>\n<meta property=\"article:published_time\" content=\"2021-05-11T14:49:06+00:00\" \/>\n<meta property=\"article:modified_time\" content=\"2021-05-26T16:38:28+00:00\" \/>\n<meta property=\"og:image\" content=\"https:\/\/www.asajacyl.com\/palencia\/wp-content\/uploads\/sites\/3\/2021\/03\/ESTACION-TREN-PALENCIA.jpg\" \/>\n\t<meta property=\"og:image:width\" content=\"879\" \/>\n\t<meta property=\"og:image:height\" content=\"400\" \/>\n\t<meta property=\"og:image:type\" content=\"image\/jpeg\" \/>\n<meta name=\"author\" content=\"Administrador\" \/>\n<meta name=\"twitter:card\" content=\"summary_large_image\" \/>\n<meta name=\"twitter:label1\" content=\"Escrito por\" \/>\n\t<meta name=\"twitter:data1\" content=\"Administrador\" \/>\n\t<meta name=\"twitter:label2\" content=\"Tiempo de lectura\" \/>\n\t<meta name=\"twitter:data2\" content=\"1 minuto\" \/>\n<script type=\"application\/ld+json\" class=\"yoast-schema-graph\">{\"@context\":\"https:\/\/schema.org\",\"@graph\":[{\"@type\":\"WebPage\",\"@id\":\"https:\/\/www.asajacyl.com\/palencia\/asaja-palencia-informa\/asaja-informara-el-dia-17-de-mayo-a-los-perjudicados-por-el-ave-palencia-santander\",\"url\":\"https:\/\/www.asajacyl.com\/palencia\/asaja-palencia-informa\/asaja-informara-el-dia-17-de-mayo-a-los-perjudicados-por-el-ave-palencia-santander\",\"name\":\"ASAJA informar\u00e1 el d\u00eda 17 de mayo a los perjudicados por el AVE Palencia-Santander - ASAJA Palencia\",\"isPartOf\":{\"@id\":\"https:\/\/www.asajacyl.com\/palencia\/#website\"},\"primaryImageOfPage\":{\"@id\":\"https:\/\/www.asajacyl.com\/palencia\/asaja-palencia-informa\/asaja-informara-el-dia-17-de-mayo-a-los-perjudicados-por-el-ave-palencia-santander#primaryimage\"},\"image\":{\"@id\":\"https:\/\/www.asajacyl.com\/palencia\/asaja-palencia-informa\/asaja-informara-el-dia-17-de-mayo-a-los-perjudicados-por-el-ave-palencia-santander#primaryimage\"},\"thumbnailUrl\":\"https:\/\/www.asajacyl.com\/palencia\/wp-content\/uploads\/sites\/3\/2021\/03\/ESTACION-TREN-PALENCIA.jpg\",\"datePublished\":\"2021-05-11T14:49:06+00:00\",\"dateModified\":\"2021-05-26T16:38:28+00:00\",\"author\":{\"@id\":\"https:\/\/www.asajacyl.com\/palencia\/#\/schema\/person\/3ab17aeb03527485c317557fae64aab1\"},\"description\":\"El lunes d\u00eda 17 a las 17:00 horas en Palencia, tendr\u00e1 lugar una reuni\u00f3n donde el gabinete de expropiaciones de AVA-ASAJA Valencia, que ayudar\u00e1 a los\",\"breadcrumb\":{\"@id\":\"https:\/\/www.asajacyl.com\/palencia\/asaja-palencia-informa\/asaja-informara-el-dia-17-de-mayo-a-los-perjudicados-por-el-ave-palencia-santander#breadcrumb\"},\"inLanguage\":\"es\",\"potentialAction\":[{\"@type\":\"ReadAction\",\"target\":[\"https:\/\/www.asajacyl.com\/palencia\/asaja-palencia-informa\/asaja-informara-el-dia-17-de-mayo-a-los-perjudicados-por-el-ave-palencia-santander\"]}]},{\"@type\":\"ImageObject\",\"inLanguage\":\"es\",\"@id\":\"https:\/\/www.asajacyl.com\/palencia\/asaja-palencia-informa\/asaja-informara-el-dia-17-de-mayo-a-los-perjudicados-por-el-ave-palencia-santander#primaryimage\",\"url\":\"https:\/\/www.asajacyl.com\/palencia\/wp-content\/uploads\/sites\/3\/2021\/03\/ESTACION-TREN-PALENCIA.jpg\",\"contentUrl\":\"https:\/\/www.asajacyl.com\/palencia\/wp-content\/uploads\/sites\/3\/2021\/03\/ESTACION-TREN-PALENCIA.jpg\",\"width\":879,\"height\":400},{\"@type\":\"BreadcrumbList\",\"@id\":\"https:\/\/www.asajacyl.com\/palencia\/asaja-palencia-informa\/asaja-informara-el-dia-17-de-mayo-a-los-perjudicados-por-el-ave-palencia-santander#breadcrumb\",\"itemListElement\":[{\"@type\":\"ListItem\",\"position\":1,\"name\":\"Portada\",\"item\":\"https:\/\/www.asajacyl.com\/palencia\/\"},{\"@type\":\"ListItem\",\"position\":2,\"name\":\"ASAJA informar\u00e1 el d\u00eda 17 de mayo a los perjudicados por el AVE Palencia-Santander\"}]},{\"@type\":\"WebSite\",\"@id\":\"https:\/\/www.asajacyl.com\/palencia\/#website\",\"url\":\"https:\/\/www.asajacyl.com\/palencia\/\",\"name\":\"ASAJA Palencia\",\"description\":\"Otro sitio m\u00e1s de Provincias ASAJA Castilla y Le\u00f3n\",\"potentialAction\":[{\"@type\":\"SearchAction\",\"target\":{\"@type\":\"EntryPoint\",\"urlTemplate\":\"https:\/\/www.asajacyl.com\/palencia\/?s={search_term_string}\"},\"query-input\":{\"@type\":\"PropertyValueSpecification\",\"valueRequired\":true,\"valueName\":\"search_term_string\"}}],\"inLanguage\":\"es\"},{\"@type\":\"Person\",\"@id\":\"https:\/\/www.asajacyl.com\/palencia\/#\/schema\/person\/3ab17aeb03527485c317557fae64aab1\",\"name\":\"Administrador\",\"image\":{\"@type\":\"ImageObject\",\"inLanguage\":\"es\",\"@id\":\"https:\/\/www.asajacyl.com\/palencia\/#\/schema\/person\/image\/\",\"url\":\"https:\/\/secure.gravatar.com\/avatar\/517384810d242ca9e38c180f3c9fb973?s=96&d=mm&r=g\",\"contentUrl\":\"https:\/\/secure.gravatar.com\/avatar\/517384810d242ca9e38c180f3c9fb973?s=96&d=mm&r=g\",\"caption\":\"Administrador\"},\"url\":\"https:\/\/www.asajacyl.com\/palencia\/author\/carlosrm\"}]}<\/script>\n<!-- \/ Yoast SEO plugin. -->","yoast_head_json":{"title":"ASAJA informar\u00e1 el d\u00eda 17 de mayo a los perjudicados por el AVE Palencia-Santander - ASAJA Palencia","description":"El lunes d\u00eda 17 a las 17:00 horas en Palencia, tendr\u00e1 lugar una reuni\u00f3n donde el gabinete de expropiaciones de AVA-ASAJA Valencia, que ayudar\u00e1 a los","robots":{"index":"index","follow":"follow","max-snippet":"max-snippet:-1","max-image-preview":"max-image-preview:large","max-video-preview":"max-video-preview:-1"},"canonical":"https:\/\/www.asajacyl.com\/palencia\/asaja-palencia-informa\/asaja-informara-el-dia-17-de-mayo-a-los-perjudicados-por-el-ave-palencia-santander","og_locale":"es_ES","og_type":"article","og_title":"ASAJA informar\u00e1 el d\u00eda 17 de mayo a los perjudicados por el AVE Palencia-Santander - ASAJA Palencia","og_description":"El lunes d\u00eda 17 a las 17:00 horas en Palencia, tendr\u00e1 lugar una reuni\u00f3n donde el gabinete de expropiaciones de AVA-ASAJA Valencia, que ayudar\u00e1 a los","og_url":"https:\/\/www.asajacyl.com\/palencia\/asaja-palencia-informa\/asaja-informara-el-dia-17-de-mayo-a-los-perjudicados-por-el-ave-palencia-santander","og_site_name":"ASAJA Palencia","article_published_time":"2021-05-11T14:49:06+00:00","article_modified_time":"2021-05-26T16:38:28+00:00","og_image":[{"width":879,"height":400,"url":"https:\/\/www.asajacyl.com\/palencia\/wp-content\/uploads\/sites\/3\/2021\/03\/ESTACION-TREN-PALENCIA.jpg","type":"image\/jpeg"}],"author":"Administrador","twitter_card":"summary_large_image","twitter_misc":{"Escrito por":"Administrador","Tiempo de lectura":"1 minuto"},"schema":{"@context":"https:\/\/schema.org","@graph":[{"@type":"WebPage","@id":"https:\/\/www.asajacyl.com\/palencia\/asaja-palencia-informa\/asaja-informara-el-dia-17-de-mayo-a-los-perjudicados-por-el-ave-palencia-santander","url":"https:\/\/www.asajacyl.com\/palencia\/asaja-palencia-informa\/asaja-informara-el-dia-17-de-mayo-a-los-perjudicados-por-el-ave-palencia-santander","name":"ASAJA informar\u00e1 el d\u00eda 17 de mayo a los perjudicados por el AVE Palencia-Santander - ASAJA Palencia","isPartOf":{"@id":"https:\/\/www.asajacyl.com\/palencia\/#website"},"primaryImageOfPage":{"@id":"https:\/\/www.asajacyl.com\/palencia\/asaja-palencia-informa\/asaja-informara-el-dia-17-de-mayo-a-los-perjudicados-por-el-ave-palencia-santander#primaryimage"},"image":{"@id":"https:\/\/www.asajacyl.com\/palencia\/asaja-palencia-informa\/asaja-informara-el-dia-17-de-mayo-a-los-perjudicados-por-el-ave-palencia-santander#primaryimage"},"thumbnailUrl":"https:\/\/www.asajacyl.com\/palencia\/wp-content\/uploads\/sites\/3\/2021\/03\/ESTACION-TREN-PALENCIA.jpg","datePublished":"2021-05-11T14:49:06+00:00","dateModified":"2021-05-26T16:38:28+00:00","author":{"@id":"https:\/\/www.asajacyl.com\/palencia\/#\/schema\/person\/3ab17aeb03527485c317557fae64aab1"},"description":"El lunes d\u00eda 17 a las 17:00 horas en Palencia, tendr\u00e1 lugar una reuni\u00f3n donde el gabinete de expropiaciones de AVA-ASAJA Valencia, que ayudar\u00e1 a los","breadcrumb":{"@id":"https:\/\/www.asajacyl.com\/palencia\/asaja-palencia-informa\/asaja-informara-el-dia-17-de-mayo-a-los-perjudicados-por-el-ave-palencia-santander#breadcrumb"},"inLanguage":"es","potentialAction":[{"@type":"ReadAction","target":["https:\/\/www.asajacyl.com\/palencia\/asaja-palencia-informa\/asaja-informara-el-dia-17-de-mayo-a-los-perjudicados-por-el-ave-palencia-santander"]}]},{"@type":"ImageObject","inLanguage":"es","@id":"https:\/\/www.asajacyl.com\/palencia\/asaja-palencia-informa\/asaja-informara-el-dia-17-de-mayo-a-los-perjudicados-por-el-ave-palencia-santander#primaryimage","url":"https:\/\/www.asajacyl.com\/palencia\/wp-content\/uploads\/sites\/3\/2021\/03\/ESTACION-TREN-PALENCIA.jpg","contentUrl":"https:\/\/www.asajacyl.com\/palencia\/wp-content\/uploads\/sites\/3\/2021\/03\/ESTACION-TREN-PALENCIA.jpg","width":879,"height":400},{"@type":"BreadcrumbList","@id":"https:\/\/www.asajacyl.com\/palencia\/asaja-palencia-informa\/asaja-informara-el-dia-17-de-mayo-a-los-perjudicados-por-el-ave-palencia-santander#breadcrumb","itemListElement":[{"@type":"ListItem","position":1,"name":"Portada","item":"https:\/\/www.asajacyl.com\/palencia\/"},{"@type":"ListItem","position":2,"name":"ASAJA informar\u00e1 el d\u00eda 17 de mayo a los perjudicados por el AVE Palencia-Santander"}]},{"@type":"WebSite","@id":"https:\/\/www.asajacyl.com\/palencia\/#website","url":"https:\/\/www.asajacyl.com\/palencia\/","name":"ASAJA Palencia","description":"Otro sitio m\u00e1s de Provincias ASAJA Castilla y Le\u00f3n","potentialAction":[{"@type":"SearchAction","target":{"@type":"EntryPoint","urlTemplate":"https:\/\/www.asajacyl.com\/palencia\/?s={search_term_string}"},"query-input":{"@type":"PropertyValueSpecification","valueRequired":true,"valueName":"search_term_string"}}],"inLanguage":"es"},{"@type":"Person","@id":"https:\/\/www.asajacyl.com\/palencia\/#\/schema\/person\/3ab17aeb03527485c317557fae64aab1","name":"Administrador","image":{"@type":"ImageObject","inLanguage":"es","@id":"https:\/\/www.asajacyl.com\/palencia\/#\/schema\/person\/image\/","url":"https:\/\/secure.gravatar.com\/avatar\/517384810d242ca9e38c180f3c9fb973?s=96&d=mm&r=g","contentUrl":"https:\/\/secure.gravatar.com\/avatar\/517384810d242ca9e38c180f3c9fb973?s=96&d=mm&r=g","caption":"Administrador"},"url":"https:\/\/www.asajacyl.com\/palencia\/author\/carlosrm"}]}},"_links":{"self":[{"href":"https:\/\/www.asajacyl.com\/palencia\/wp-json\/wp\/v2\/posts\/8318"}],"collection":[{"href":"https:\/\/www.asajacyl.com\/palencia\/wp-json\/wp\/v2\/posts"}],"about":[{"href":"https:\/\/www.asajacyl.com\/palencia\/wp-json\/wp\/v2\/types\/post"}],"author":[{"embeddable":true,"href":"https:\/\/www.asajacyl.com\/palencia\/wp-json\/wp\/v2\/users\/9"}],"replies":[{"embeddable":true,"href":"https:\/\/www.asajacyl.com\/palencia\/wp-json\/wp\/v2\/comments?post=8318"}],"version-history":[{"count":4,"href":"https:\/\/www.asajacyl.com\/palencia\/wp-json\/wp\/v2\/posts\/8318\/revisions"}],"predecessor-version":[{"id":8322,"href":"https:\/\/www.asajacyl.com\/palencia\/wp-json\/wp\/v2\/posts\/8318\/revisions\/8322"}],"wp:featuredmedia":[{"embeddable":true,"href":"https:\/\/www.asajacyl.com\/palencia\/wp-json\/wp\/v2\/media\/8115"}],"wp:attachment":[{"href":"https:\/\/www.asajacyl.com\/palencia\/wp-json\/wp\/v2\/media?parent=8318"}],"wp:term":[{"taxonomy":"category","embeddable":true,"href":"https:\/\/www.asajacyl.com\/palencia\/wp-json\/wp\/v2\/categories?post=8318"},{"taxonomy":"post_tag","embeddable":true,"href":"https:\/\/www.asajacyl.com\/palencia\/wp-json\/wp\/v2\/tags?post=8318"}],"curies":[{"name":"wp","href":"https:\/\/api.w.org\/{rel}","templated":true}]}}