{"id":8324,"date":"2021-05-15T06:54:00","date_gmt":"2021-05-15T04:54:00","guid":{"rendered":"https:\/\/www.asajacyl.com\/palencia\/?p=8324"},"modified":"2021-05-13T07:38:15","modified_gmt":"2021-05-13T05:38:15","slug":"alas-recuerda-que-el-criterio-cientifico-debe-imperar-en-la-renovacion-del-glifosato","status":"publish","type":"post","link":"https:\/\/www.asajacyl.com\/palencia\/asaja-palencia-informa\/alas-recuerda-que-el-criterio-cientifico-debe-imperar-en-la-renovacion-del-glifosato","title":{"rendered":"ALAS recuerda que el criterio cient\u00edfico debe imperar en la renovaci\u00f3n del glifosato"},"content":{"rendered":"\n<p>La \u00abAlianza por una Agricultura Sostenible\u00bb, presidida por Pedro Gallardo, vicepresidente de ASAJA-Nacional y Presidente del Grupo de Trabajo Fitosanitarios del COPA, ha solicitado que el criterio cient\u00edfico impere en la renovaci\u00f3n de la licencia de uso del glifosato, que vence a finales de 2022.<\/p>\n\n\n\n<p>El glifosato es un herbicida de contacto que se usa en baj\u00edsimas dosis antes de la siembra, fundamentalmente en la agricultura de conservaci\u00f3n. Terminar con el glifosato supondr\u00eda un incremento de costes de producci\u00f3n para gran parte de la agricultura de la provincia de Palencia, donde la siembra directa est\u00e1 ampliamente extendida.<\/p>\n\n\n\n<p>Hay que recordar que la EFSA (Agencia Europea de Seguridad Alimentaria) y la ECHA (Agencia Europea de Productos Qu\u00edmicos) tienen previsto emitir su evaluaci\u00f3n a finales de verano y no tendr\u00eda sentido que un informe cient\u00edfico favorable al mantenimiento del glifosato, como materia activa utilizable por nuestros agricultores, fuera obviado y se tomara una decisi\u00f3n de tinte pol\u00edtico y bajo presi\u00f3n medi\u00e1tica.<\/p>\n\n\n\n<p><\/p>\n","protected":false},"excerpt":{"rendered":"<p>La \u00abAlianza por una Agricultura Sostenible\u00bb, presidida por Pedro Gallardo, vicepresidente de ASAJA-Nacional y Presidente del Grupo de Trabajo Fitosanitarios del COPA, ha solicitado que el criterio cient\u00edfico impere en la renovaci\u00f3n de la licencia de uso del glifosato, que vence a finales de 2022. El glifosato es un herbicida de contacto que se usa [&hellip;]<\/p>\n","protected":false},"author":9,"featured_media":8325,"comment_status":"open","ping_status":"open","sticky":false,"template":"","format":"standard","meta":{"footnotes":""},"categories":[9,29,28],"tags":[],"yoast_head":"<!-- This site is optimized with the Yoast SEO plugin v24.5 - https:\/\/yoast.com\/wordpress\/plugins\/seo\/ -->\n<title>ALAS recuerda que el criterio cient\u00edfico debe imperar en la renovaci\u00f3n del glifosato - ASAJA Palencia<\/title>\n<meta name=\"description\" content=\"La &quot;Alianza por una Agricultura Sostenible&quot;, presidida por Pedro Gallardo, vicepresidente de ASAJA-Nacional y Presidente del Grupo de Trabajo\" \/>\n<meta name=\"robots\" content=\"index, follow, max-snippet:-1, max-image-preview:large, max-video-preview:-1\" \/>\n<link rel=\"canonical\" href=\"https:\/\/www.asajacyl.com\/palencia\/asaja-palencia-informa\/alas-recuerda-que-el-criterio-cientifico-debe-imperar-en-la-renovacion-del-glifosato\" \/>\n<meta property=\"og:locale\" content=\"es_ES\" \/>\n<meta property=\"og:type\" content=\"article\" \/>\n<meta property=\"og:title\" content=\"ALAS recuerda que el criterio cient\u00edfico debe imperar en la renovaci\u00f3n del glifosato - ASAJA Palencia\" \/>\n<meta property=\"og:description\" content=\"La &quot;Alianza por una Agricultura Sostenible&quot;, presidida por Pedro Gallardo, vicepresidente de ASAJA-Nacional y Presidente del Grupo de Trabajo\" \/>\n<meta property=\"og:url\" content=\"https:\/\/www.asajacyl.com\/palencia\/asaja-palencia-informa\/alas-recuerda-que-el-criterio-cientifico-debe-imperar-en-la-renovacion-del-glifosato\" \/>\n<meta property=\"og:site_name\" content=\"ASAJA Palencia\" \/>\n<meta property=\"article:published_time\" content=\"2021-05-15T04:54:00+00:00\" \/>\n<meta property=\"og:image\" content=\"https:\/\/www.asajacyl.com\/palencia\/wp-content\/uploads\/sites\/3\/2021\/05\/PEDRO-GALLARDO-GIRASOL.jpg\" \/>\n\t<meta property=\"og:image:width\" content=\"1575\" \/>\n\t<meta property=\"og:image:height\" content=\"787\" \/>\n\t<meta property=\"og:image:type\" content=\"image\/jpeg\" \/>\n<meta name=\"author\" content=\"Administrador\" \/>\n<meta name=\"twitter:card\" content=\"summary_large_image\" \/>\n<meta name=\"twitter:label1\" content=\"Escrito por\" \/>\n\t<meta name=\"twitter:data1\" content=\"Administrador\" \/>\n\t<meta name=\"twitter:label2\" content=\"Tiempo de lectura\" \/>\n\t<meta name=\"twitter:data2\" content=\"1 minuto\" \/>\n<script type=\"application\/ld+json\" class=\"yoast-schema-graph\">{\"@context\":\"https:\/\/schema.org\",\"@graph\":[{\"@type\":\"WebPage\",\"@id\":\"https:\/\/www.asajacyl.com\/palencia\/asaja-palencia-informa\/alas-recuerda-que-el-criterio-cientifico-debe-imperar-en-la-renovacion-del-glifosato\",\"url\":\"https:\/\/www.asajacyl.com\/palencia\/asaja-palencia-informa\/alas-recuerda-que-el-criterio-cientifico-debe-imperar-en-la-renovacion-del-glifosato\",\"name\":\"ALAS recuerda que el criterio cient\u00edfico debe imperar en la renovaci\u00f3n del glifosato - ASAJA Palencia\",\"isPartOf\":{\"@id\":\"https:\/\/www.asajacyl.com\/palencia\/#website\"},\"primaryImageOfPage\":{\"@id\":\"https:\/\/www.asajacyl.com\/palencia\/asaja-palencia-informa\/alas-recuerda-que-el-criterio-cientifico-debe-imperar-en-la-renovacion-del-glifosato#primaryimage\"},\"image\":{\"@id\":\"https:\/\/www.asajacyl.com\/palencia\/asaja-palencia-informa\/alas-recuerda-que-el-criterio-cientifico-debe-imperar-en-la-renovacion-del-glifosato#primaryimage\"},\"thumbnailUrl\":\"https:\/\/www.asajacyl.com\/palencia\/wp-content\/uploads\/sites\/3\/2021\/05\/PEDRO-GALLARDO-GIRASOL.jpg\",\"datePublished\":\"2021-05-15T04:54:00+00:00\",\"author\":{\"@id\":\"https:\/\/www.asajacyl.com\/palencia\/#\/schema\/person\/3ab17aeb03527485c317557fae64aab1\"},\"description\":\"La \\\"Alianza por una Agricultura Sostenible\\\", presidida por Pedro Gallardo, vicepresidente de ASAJA-Nacional y Presidente del Grupo de Trabajo\",\"breadcrumb\":{\"@id\":\"https:\/\/www.asajacyl.com\/palencia\/asaja-palencia-informa\/alas-recuerda-que-el-criterio-cientifico-debe-imperar-en-la-renovacion-del-glifosato#breadcrumb\"},\"inLanguage\":\"es\",\"potentialAction\":[{\"@type\":\"ReadAction\",\"target\":[\"https:\/\/www.asajacyl.com\/palencia\/asaja-palencia-informa\/alas-recuerda-que-el-criterio-cientifico-debe-imperar-en-la-renovacion-del-glifosato\"]}]},{\"@type\":\"ImageObject\",\"inLanguage\":\"es\",\"@id\":\"https:\/\/www.asajacyl.com\/palencia\/asaja-palencia-informa\/alas-recuerda-que-el-criterio-cientifico-debe-imperar-en-la-renovacion-del-glifosato#primaryimage\",\"url\":\"https:\/\/www.asajacyl.com\/palencia\/wp-content\/uploads\/sites\/3\/2021\/05\/PEDRO-GALLARDO-GIRASOL.jpg\",\"contentUrl\":\"https:\/\/www.asajacyl.com\/palencia\/wp-content\/uploads\/sites\/3\/2021\/05\/PEDRO-GALLARDO-GIRASOL.jpg\",\"width\":1575,\"height\":787},{\"@type\":\"BreadcrumbList\",\"@id\":\"https:\/\/www.asajacyl.com\/palencia\/asaja-palencia-informa\/alas-recuerda-que-el-criterio-cientifico-debe-imperar-en-la-renovacion-del-glifosato#breadcrumb\",\"itemListElement\":[{\"@type\":\"ListItem\",\"position\":1,\"name\":\"Portada\",\"item\":\"https:\/\/www.asajacyl.com\/palencia\/\"},{\"@type\":\"ListItem\",\"position\":2,\"name\":\"ALAS recuerda que el criterio cient\u00edfico debe imperar en la renovaci\u00f3n del glifosato\"}]},{\"@type\":\"WebSite\",\"@id\":\"https:\/\/www.asajacyl.com\/palencia\/#website\",\"url\":\"https:\/\/www.asajacyl.com\/palencia\/\",\"name\":\"ASAJA Palencia\",\"description\":\"Otro sitio m\u00e1s de Provincias ASAJA Castilla y Le\u00f3n\",\"potentialAction\":[{\"@type\":\"SearchAction\",\"target\":{\"@type\":\"EntryPoint\",\"urlTemplate\":\"https:\/\/www.asajacyl.com\/palencia\/?s={search_term_string}\"},\"query-input\":{\"@type\":\"PropertyValueSpecification\",\"valueRequired\":true,\"valueName\":\"search_term_string\"}}],\"inLanguage\":\"es\"},{\"@type\":\"Person\",\"@id\":\"https:\/\/www.asajacyl.com\/palencia\/#\/schema\/person\/3ab17aeb03527485c317557fae64aab1\",\"name\":\"Administrador\",\"image\":{\"@type\":\"ImageObject\",\"inLanguage\":\"es\",\"@id\":\"https:\/\/www.asajacyl.com\/palencia\/#\/schema\/person\/image\/\",\"url\":\"https:\/\/secure.gravatar.com\/avatar\/517384810d242ca9e38c180f3c9fb973?s=96&d=mm&r=g\",\"contentUrl\":\"https:\/\/secure.gravatar.com\/avatar\/517384810d242ca9e38c180f3c9fb973?s=96&d=mm&r=g\",\"caption\":\"Administrador\"},\"url\":\"https:\/\/www.asajacyl.com\/palencia\/author\/carlosrm\"}]}<\/script>\n<!-- \/ Yoast SEO plugin. -->","yoast_head_json":{"title":"ALAS recuerda que el criterio cient\u00edfico debe imperar en la renovaci\u00f3n del glifosato - ASAJA Palencia","description":"La \"Alianza por una Agricultura Sostenible\", presidida por Pedro Gallardo, vicepresidente de ASAJA-Nacional y Presidente del Grupo de Trabajo","robots":{"index":"index","follow":"follow","max-snippet":"max-snippet:-1","max-image-preview":"max-image-preview:large","max-video-preview":"max-video-preview:-1"},"canonical":"https:\/\/www.asajacyl.com\/palencia\/asaja-palencia-informa\/alas-recuerda-que-el-criterio-cientifico-debe-imperar-en-la-renovacion-del-glifosato","og_locale":"es_ES","og_type":"article","og_title":"ALAS recuerda que el criterio cient\u00edfico debe imperar en la renovaci\u00f3n del glifosato - ASAJA Palencia","og_description":"La \"Alianza por una Agricultura Sostenible\", presidida por Pedro Gallardo, vicepresidente de ASAJA-Nacional y Presidente del Grupo de Trabajo","og_url":"https:\/\/www.asajacyl.com\/palencia\/asaja-palencia-informa\/alas-recuerda-que-el-criterio-cientifico-debe-imperar-en-la-renovacion-del-glifosato","og_site_name":"ASAJA Palencia","article_published_time":"2021-05-15T04:54:00+00:00","og_image":[{"width":1575,"height":787,"url":"https:\/\/www.asajacyl.com\/palencia\/wp-content\/uploads\/sites\/3\/2021\/05\/PEDRO-GALLARDO-GIRASOL.jpg","type":"image\/jpeg"}],"author":"Administrador","twitter_card":"summary_large_image","twitter_misc":{"Escrito por":"Administrador","Tiempo de lectura":"1 minuto"},"schema":{"@context":"https:\/\/schema.org","@graph":[{"@type":"WebPage","@id":"https:\/\/www.asajacyl.com\/palencia\/asaja-palencia-informa\/alas-recuerda-que-el-criterio-cientifico-debe-imperar-en-la-renovacion-del-glifosato","url":"https:\/\/www.asajacyl.com\/palencia\/asaja-palencia-informa\/alas-recuerda-que-el-criterio-cientifico-debe-imperar-en-la-renovacion-del-glifosato","name":"ALAS recuerda que el criterio cient\u00edfico debe imperar en la renovaci\u00f3n del glifosato - ASAJA Palencia","isPartOf":{"@id":"https:\/\/www.asajacyl.com\/palencia\/#website"},"primaryImageOfPage":{"@id":"https:\/\/www.asajacyl.com\/palencia\/asaja-palencia-informa\/alas-recuerda-que-el-criterio-cientifico-debe-imperar-en-la-renovacion-del-glifosato#primaryimage"},"image":{"@id":"https:\/\/www.asajacyl.com\/palencia\/asaja-palencia-informa\/alas-recuerda-que-el-criterio-cientifico-debe-imperar-en-la-renovacion-del-glifosato#primaryimage"},"thumbnailUrl":"https:\/\/www.asajacyl.com\/palencia\/wp-content\/uploads\/sites\/3\/2021\/05\/PEDRO-GALLARDO-GIRASOL.jpg","datePublished":"2021-05-15T04:54:00+00:00","author":{"@id":"https:\/\/www.asajacyl.com\/palencia\/#\/schema\/person\/3ab17aeb03527485c317557fae64aab1"},"description":"La \"Alianza por una Agricultura Sostenible\", presidida por Pedro Gallardo, vicepresidente de ASAJA-Nacional y Presidente del Grupo de Trabajo","breadcrumb":{"@id":"https:\/\/www.asajacyl.com\/palencia\/asaja-palencia-informa\/alas-recuerda-que-el-criterio-cientifico-debe-imperar-en-la-renovacion-del-glifosato#breadcrumb"},"inLanguage":"es","potentialAction":[{"@type":"ReadAction","target":["https:\/\/www.asajacyl.com\/palencia\/asaja-palencia-informa\/alas-recuerda-que-el-criterio-cientifico-debe-imperar-en-la-renovacion-del-glifosato"]}]},{"@type":"ImageObject","inLanguage":"es","@id":"https:\/\/www.asajacyl.com\/palencia\/asaja-palencia-informa\/alas-recuerda-que-el-criterio-cientifico-debe-imperar-en-la-renovacion-del-glifosato#primaryimage","url":"https:\/\/www.asajacyl.com\/palencia\/wp-content\/uploads\/sites\/3\/2021\/05\/PEDRO-GALLARDO-GIRASOL.jpg","contentUrl":"https:\/\/www.asajacyl.com\/palencia\/wp-content\/uploads\/sites\/3\/2021\/05\/PEDRO-GALLARDO-GIRASOL.jpg","width":1575,"height":787},{"@type":"BreadcrumbList","@id":"https:\/\/www.asajacyl.com\/palencia\/asaja-palencia-informa\/alas-recuerda-que-el-criterio-cientifico-debe-imperar-en-la-renovacion-del-glifosato#breadcrumb","itemListElement":[{"@type":"ListItem","position":1,"name":"Portada","item":"https:\/\/www.asajacyl.com\/palencia\/"},{"@type":"ListItem","position":2,"name":"ALAS recuerda que el criterio cient\u00edfico debe imperar en la renovaci\u00f3n del glifosato"}]},{"@type":"WebSite","@id":"https:\/\/www.asajacyl.com\/palencia\/#website","url":"https:\/\/www.asajacyl.com\/palencia\/","name":"ASAJA Palencia","description":"Otro sitio m\u00e1s de Provincias ASAJA Castilla y Le\u00f3n","potentialAction":[{"@type":"SearchAction","target":{"@type":"EntryPoint","urlTemplate":"https:\/\/www.asajacyl.com\/palencia\/?s={search_term_string}"},"query-input":{"@type":"PropertyValueSpecification","valueRequired":true,"valueName":"search_term_string"}}],"inLanguage":"es"},{"@type":"Person","@id":"https:\/\/www.asajacyl.com\/palencia\/#\/schema\/person\/3ab17aeb03527485c317557fae64aab1","name":"Administrador","image":{"@type":"ImageObject","inLanguage":"es","@id":"https:\/\/www.asajacyl.com\/palencia\/#\/schema\/person\/image\/","url":"https:\/\/secure.gravatar.com\/avatar\/517384810d242ca9e38c180f3c9fb973?s=96&d=mm&r=g","contentUrl":"https:\/\/secure.gravatar.com\/avatar\/517384810d242ca9e38c180f3c9fb973?s=96&d=mm&r=g","caption":"Administrador"},"url":"https:\/\/www.asajacyl.com\/palencia\/author\/carlosrm"}]}},"_links":{"self":[{"href":"https:\/\/www.asajacyl.com\/palencia\/wp-json\/wp\/v2\/posts\/8324"}],"collection":[{"href":"https:\/\/www.asajacyl.com\/palencia\/wp-json\/wp\/v2\/posts"}],"about":[{"href":"https:\/\/www.asajacyl.com\/palencia\/wp-json\/wp\/v2\/types\/post"}],"author":[{"embeddable":true,"href":"https:\/\/www.asajacyl.com\/palencia\/wp-json\/wp\/v2\/users\/9"}],"replies":[{"embeddable":true,"href":"https:\/\/www.asajacyl.com\/palencia\/wp-json\/wp\/v2\/comments?post=8324"}],"version-history":[{"count":1,"href":"https:\/\/www.asajacyl.com\/palencia\/wp-json\/wp\/v2\/posts\/8324\/revisions"}],"predecessor-version":[{"id":8326,"href":"https:\/\/www.asajacyl.com\/palencia\/wp-json\/wp\/v2\/posts\/8324\/revisions\/8326"}],"wp:featuredmedia":[{"embeddable":true,"href":"https:\/\/www.asajacyl.com\/palencia\/wp-json\/wp\/v2\/media\/8325"}],"wp:attachment":[{"href":"https:\/\/www.asajacyl.com\/palencia\/wp-json\/wp\/v2\/media?parent=8324"}],"wp:term":[{"taxonomy":"category","embeddable":true,"href":"https:\/\/www.asajacyl.com\/palencia\/wp-json\/wp\/v2\/categories?post=8324"},{"taxonomy":"post_tag","embeddable":true,"href":"https:\/\/www.asajacyl.com\/palencia\/wp-json\/wp\/v2\/tags?post=8324"}],"curies":[{"name":"wp","href":"https:\/\/api.w.org\/{rel}","templated":true}]}}