{"id":8332,"date":"2021-05-16T08:28:00","date_gmt":"2021-05-16T06:28:00","guid":{"rendered":"https:\/\/www.asajacyl.com\/palencia\/?p=8332"},"modified":"2021-05-20T08:58:51","modified_gmt":"2021-05-20T06:58:51","slug":"la-aemet-crea-un-monitor-de-la-sequia-meteorologica","status":"publish","type":"post","link":"https:\/\/www.asajacyl.com\/palencia\/asaja-palencia-informa\/la-aemet-crea-un-monitor-de-la-sequia-meteorologica","title":{"rendered":"La AEMET crea un \u00abmonitor de la sequ\u00eda meteorol\u00f3gica\u00bb"},"content":{"rendered":"\n<p>La Agencia Estatal de Meteorolog\u00eda ha creado un monitor de la sequ\u00eda meteorol\u00f3gica donde se puede observar la evoluci\u00f3n de dos \u00edndices, uno que s\u00f3lo est\u00e1 influenciado por la precipitaci\u00f3n (SPE) y otro que, adem\u00e1s, est\u00e1 influenciado por la demanda de agua por parte de la atm\u00f3sfera (SPEI). Realmente son dos aplicaciones, una donde se pueden <a href=\"https:\/\/monitordesequia.csic.es\/historico\/\">consultar datos hist\u00f3ricos<\/a> y otra m\u00e1s pensada para <a href=\"https:\/\/monitordesequia.csic.es\/monitor\/\">consultar datos actuales<\/a>.<\/p>\n\n\n\n<div class=\"wp-block-image\"><figure class=\"aligncenter size-large is-resized\"><img loading=\"lazy\" decoding=\"async\" src=\"https:\/\/www.asajacyl.com\/palencia\/wp-content\/uploads\/sites\/3\/2021\/05\/PALENCIA-SEQUIA.jpg\" alt=\"\" class=\"wp-image-8333\" width=\"372\" height=\"525\" srcset=\"https:\/\/www.asajacyl.com\/palencia\/wp-content\/uploads\/sites\/3\/2021\/05\/PALENCIA-SEQUIA-212x300.jpg 212w, https:\/\/www.asajacyl.com\/palencia\/wp-content\/uploads\/sites\/3\/2021\/05\/PALENCIA-SEQUIA-297x420.jpg 297w\" sizes=\"(max-width: 372px) 100vw, 372px\" \/><figcaption>As\u00ed se ve en el monitor hist\u00f3rico la sequ\u00eda de 2017<\/figcaption><\/figure><\/div>\n\n\n\n<div class=\"wp-block-image\"><figure class=\"aligncenter size-large is-resized\"><img loading=\"lazy\" decoding=\"async\" src=\"https:\/\/www.asajacyl.com\/palencia\/wp-content\/uploads\/sites\/3\/2021\/05\/PALENCIA-COSECHA-2020.jpg\" alt=\"\" class=\"wp-image-8334\" width=\"370\" height=\"528\" srcset=\"https:\/\/www.asajacyl.com\/palencia\/wp-content\/uploads\/sites\/3\/2021\/05\/PALENCIA-COSECHA-2020.jpg 471w, https:\/\/www.asajacyl.com\/palencia\/wp-content\/uploads\/sites\/3\/2021\/05\/PALENCIA-COSECHA-2020-210x300.jpg 210w, https:\/\/www.asajacyl.com\/palencia\/wp-content\/uploads\/sites\/3\/2021\/05\/PALENCIA-COSECHA-2020-294x420.jpg 294w\" sizes=\"(max-width: 370px) 100vw, 370px\" \/><figcaption>En cambio as\u00ed se ve el a\u00f1o de la cosecha 2020<\/figcaption><\/figure><\/div>\n\n\n\n<p>En la actualidad se puede ver (imagen inferior) el monitor de sequ\u00eda con datos desde la primera semana de noviembre a la primera de mayo. Se puede apreciar que la mitad sur de la provincia de Palencia est\u00e1 teniendo un a\u00f1o \u00abligeramente seco\u00bb y la carencia de agua est\u00e1 afectando m\u00e1s cuanto m\u00e1s al norte de la provincia nos situamos, con zonas \u00absecas\u00bb y \u00abmuy secas\u00bb. Incluso en algunas zonas de alta monta\u00f1a el modelo de la AEMET considera la situaci\u00f3n de \u00abextremadamente seca\u00bb, algo muy preocupante para el llenado de nuestros embalses.<\/p>\n\n\n\n<div class=\"wp-block-image\"><figure class=\"aligncenter size-large\"><img loading=\"lazy\" decoding=\"async\" width=\"632\" height=\"668\" src=\"https:\/\/www.asajacyl.com\/palencia\/wp-content\/uploads\/sites\/3\/2021\/05\/PALENCIA-MAYO-2021.jpg\" alt=\"\" class=\"wp-image-8335\" srcset=\"https:\/\/www.asajacyl.com\/palencia\/wp-content\/uploads\/sites\/3\/2021\/05\/PALENCIA-MAYO-2021.jpg 632w, https:\/\/www.asajacyl.com\/palencia\/wp-content\/uploads\/sites\/3\/2021\/05\/PALENCIA-MAYO-2021-284x300.jpg 284w, https:\/\/www.asajacyl.com\/palencia\/wp-content\/uploads\/sites\/3\/2021\/05\/PALENCIA-MAYO-2021-397x420.jpg 397w\" sizes=\"(max-width: 632px) 100vw, 632px\" \/><figcaption>\u00daltimos datos de este a\u00f1o agr\u00edcola, hasta la primera semana de mayo de 2021<\/figcaption><\/figure><\/div>\n\n\n\n<p class=\"has-small-font-size\"><em>Nota: La base de datos de \u00edndices de sequ\u00eda meteorol\u00f3gica para Espa\u00f1a est\u00e1 disponible bajo la Open Database License. Todos los derechos sobre los contenidos individuales de la base de datos est\u00e1n autorizados bajo la Database Contents License. Se debe atribuir cualquier uso p\u00fablico de la base de datos, o de los trabajos producidos a partir de la misma mediante la referencia al siguiente documento: <a href=\"https:\/\/www.mdpi.com\/2306-5729\/2\/3\/22\">Vicente-Serrano SM, Tom\u00e1s-Burguera M, Beguer\u00eda S, Reig-Gracia F, Latorre B, Pe\u00f1a-Gallardo M, Luna Y, Morata A, Gonz\u00e1lez-Hidalgo JC. A High Resolution Dataset of Drought Indices for Spain. Data, 2 (3): 22 (2017)<\/a>.<\/em><\/p>\n","protected":false},"excerpt":{"rendered":"<p>La Agencia Estatal de Meteorolog\u00eda ha creado un monitor de la sequ\u00eda meteorol\u00f3gica donde se puede observar la evoluci\u00f3n de dos \u00edndices, uno que s\u00f3lo est\u00e1 influenciado por la precipitaci\u00f3n (SPE) y otro que, adem\u00e1s, est\u00e1 influenciado por la demanda de agua por parte de la atm\u00f3sfera (SPEI). Realmente son dos aplicaciones, una donde se [&hellip;]<\/p>\n","protected":false},"author":9,"featured_media":8335,"comment_status":"open","ping_status":"open","sticky":false,"template":"","format":"standard","meta":{"footnotes":""},"categories":[9,29,28],"tags":[],"yoast_head":"<!-- This site is optimized with the Yoast SEO plugin v24.5 - https:\/\/yoast.com\/wordpress\/plugins\/seo\/ -->\n<title>La AEMET crea un &quot;monitor de la sequ\u00eda meteorol\u00f3gica&quot; - ASAJA Palencia<\/title>\n<meta name=\"description\" content=\"La Agencia Estatal de Meteorolog\u00eda ha creado un monitor de la sequ\u00eda meteorol\u00f3gica donde se puede observar la evoluci\u00f3n de dos \u00edndices, uno que s\u00f3lo est\u00e1\" \/>\n<meta name=\"robots\" content=\"index, follow, max-snippet:-1, max-image-preview:large, max-video-preview:-1\" \/>\n<link rel=\"canonical\" href=\"https:\/\/www.asajacyl.com\/palencia\/asaja-palencia-informa\/la-aemet-crea-un-monitor-de-la-sequia-meteorologica\" \/>\n<meta property=\"og:locale\" content=\"es_ES\" \/>\n<meta property=\"og:type\" content=\"article\" \/>\n<meta property=\"og:title\" content=\"La AEMET crea un &quot;monitor de la sequ\u00eda meteorol\u00f3gica&quot; - ASAJA Palencia\" \/>\n<meta property=\"og:description\" content=\"La Agencia Estatal de Meteorolog\u00eda ha creado un monitor de la sequ\u00eda meteorol\u00f3gica donde se puede observar la evoluci\u00f3n de dos \u00edndices, uno que s\u00f3lo est\u00e1\" \/>\n<meta property=\"og:url\" content=\"https:\/\/www.asajacyl.com\/palencia\/asaja-palencia-informa\/la-aemet-crea-un-monitor-de-la-sequia-meteorologica\" \/>\n<meta property=\"og:site_name\" content=\"ASAJA Palencia\" \/>\n<meta property=\"article:published_time\" content=\"2021-05-16T06:28:00+00:00\" \/>\n<meta property=\"article:modified_time\" content=\"2021-05-20T06:58:51+00:00\" \/>\n<meta property=\"og:image\" content=\"https:\/\/www.asajacyl.com\/palencia\/wp-content\/uploads\/sites\/3\/2021\/05\/PALENCIA-MAYO-2021.jpg\" \/>\n\t<meta property=\"og:image:width\" content=\"632\" \/>\n\t<meta property=\"og:image:height\" content=\"668\" \/>\n\t<meta property=\"og:image:type\" content=\"image\/jpeg\" \/>\n<meta name=\"author\" content=\"Administrador\" \/>\n<meta name=\"twitter:card\" content=\"summary_large_image\" \/>\n<meta name=\"twitter:label1\" content=\"Escrito por\" \/>\n\t<meta name=\"twitter:data1\" content=\"Administrador\" \/>\n\t<meta name=\"twitter:label2\" content=\"Tiempo de lectura\" \/>\n\t<meta name=\"twitter:data2\" content=\"2 minutos\" \/>\n<script type=\"application\/ld+json\" class=\"yoast-schema-graph\">{\"@context\":\"https:\/\/schema.org\",\"@graph\":[{\"@type\":\"WebPage\",\"@id\":\"https:\/\/www.asajacyl.com\/palencia\/asaja-palencia-informa\/la-aemet-crea-un-monitor-de-la-sequia-meteorologica\",\"url\":\"https:\/\/www.asajacyl.com\/palencia\/asaja-palencia-informa\/la-aemet-crea-un-monitor-de-la-sequia-meteorologica\",\"name\":\"La AEMET crea un \\\"monitor de la sequ\u00eda meteorol\u00f3gica\\\" - ASAJA Palencia\",\"isPartOf\":{\"@id\":\"https:\/\/www.asajacyl.com\/palencia\/#website\"},\"primaryImageOfPage\":{\"@id\":\"https:\/\/www.asajacyl.com\/palencia\/asaja-palencia-informa\/la-aemet-crea-un-monitor-de-la-sequia-meteorologica#primaryimage\"},\"image\":{\"@id\":\"https:\/\/www.asajacyl.com\/palencia\/asaja-palencia-informa\/la-aemet-crea-un-monitor-de-la-sequia-meteorologica#primaryimage\"},\"thumbnailUrl\":\"https:\/\/www.asajacyl.com\/palencia\/wp-content\/uploads\/sites\/3\/2021\/05\/PALENCIA-MAYO-2021.jpg\",\"datePublished\":\"2021-05-16T06:28:00+00:00\",\"dateModified\":\"2021-05-20T06:58:51+00:00\",\"author\":{\"@id\":\"https:\/\/www.asajacyl.com\/palencia\/#\/schema\/person\/3ab17aeb03527485c317557fae64aab1\"},\"description\":\"La Agencia Estatal de Meteorolog\u00eda ha creado un monitor de la sequ\u00eda meteorol\u00f3gica donde se puede observar la evoluci\u00f3n de dos \u00edndices, uno que s\u00f3lo est\u00e1\",\"breadcrumb\":{\"@id\":\"https:\/\/www.asajacyl.com\/palencia\/asaja-palencia-informa\/la-aemet-crea-un-monitor-de-la-sequia-meteorologica#breadcrumb\"},\"inLanguage\":\"es\",\"potentialAction\":[{\"@type\":\"ReadAction\",\"target\":[\"https:\/\/www.asajacyl.com\/palencia\/asaja-palencia-informa\/la-aemet-crea-un-monitor-de-la-sequia-meteorologica\"]}]},{\"@type\":\"ImageObject\",\"inLanguage\":\"es\",\"@id\":\"https:\/\/www.asajacyl.com\/palencia\/asaja-palencia-informa\/la-aemet-crea-un-monitor-de-la-sequia-meteorologica#primaryimage\",\"url\":\"https:\/\/www.asajacyl.com\/palencia\/wp-content\/uploads\/sites\/3\/2021\/05\/PALENCIA-MAYO-2021.jpg\",\"contentUrl\":\"https:\/\/www.asajacyl.com\/palencia\/wp-content\/uploads\/sites\/3\/2021\/05\/PALENCIA-MAYO-2021.jpg\",\"width\":632,\"height\":668},{\"@type\":\"BreadcrumbList\",\"@id\":\"https:\/\/www.asajacyl.com\/palencia\/asaja-palencia-informa\/la-aemet-crea-un-monitor-de-la-sequia-meteorologica#breadcrumb\",\"itemListElement\":[{\"@type\":\"ListItem\",\"position\":1,\"name\":\"Portada\",\"item\":\"https:\/\/www.asajacyl.com\/palencia\/\"},{\"@type\":\"ListItem\",\"position\":2,\"name\":\"La AEMET crea un \u00abmonitor de la sequ\u00eda meteorol\u00f3gica\u00bb\"}]},{\"@type\":\"WebSite\",\"@id\":\"https:\/\/www.asajacyl.com\/palencia\/#website\",\"url\":\"https:\/\/www.asajacyl.com\/palencia\/\",\"name\":\"ASAJA Palencia\",\"description\":\"Otro sitio m\u00e1s de Provincias ASAJA Castilla y Le\u00f3n\",\"potentialAction\":[{\"@type\":\"SearchAction\",\"target\":{\"@type\":\"EntryPoint\",\"urlTemplate\":\"https:\/\/www.asajacyl.com\/palencia\/?s={search_term_string}\"},\"query-input\":{\"@type\":\"PropertyValueSpecification\",\"valueRequired\":true,\"valueName\":\"search_term_string\"}}],\"inLanguage\":\"es\"},{\"@type\":\"Person\",\"@id\":\"https:\/\/www.asajacyl.com\/palencia\/#\/schema\/person\/3ab17aeb03527485c317557fae64aab1\",\"name\":\"Administrador\",\"image\":{\"@type\":\"ImageObject\",\"inLanguage\":\"es\",\"@id\":\"https:\/\/www.asajacyl.com\/palencia\/#\/schema\/person\/image\/\",\"url\":\"https:\/\/secure.gravatar.com\/avatar\/517384810d242ca9e38c180f3c9fb973?s=96&d=mm&r=g\",\"contentUrl\":\"https:\/\/secure.gravatar.com\/avatar\/517384810d242ca9e38c180f3c9fb973?s=96&d=mm&r=g\",\"caption\":\"Administrador\"},\"url\":\"https:\/\/www.asajacyl.com\/palencia\/author\/carlosrm\"}]}<\/script>\n<!-- \/ Yoast SEO plugin. -->","yoast_head_json":{"title":"La AEMET crea un \"monitor de la sequ\u00eda meteorol\u00f3gica\" - ASAJA Palencia","description":"La Agencia Estatal de Meteorolog\u00eda ha creado un monitor de la sequ\u00eda meteorol\u00f3gica donde se puede observar la evoluci\u00f3n de dos \u00edndices, uno que s\u00f3lo est\u00e1","robots":{"index":"index","follow":"follow","max-snippet":"max-snippet:-1","max-image-preview":"max-image-preview:large","max-video-preview":"max-video-preview:-1"},"canonical":"https:\/\/www.asajacyl.com\/palencia\/asaja-palencia-informa\/la-aemet-crea-un-monitor-de-la-sequia-meteorologica","og_locale":"es_ES","og_type":"article","og_title":"La AEMET crea un \"monitor de la sequ\u00eda meteorol\u00f3gica\" - ASAJA Palencia","og_description":"La Agencia Estatal de Meteorolog\u00eda ha creado un monitor de la sequ\u00eda meteorol\u00f3gica donde se puede observar la evoluci\u00f3n de dos \u00edndices, uno que s\u00f3lo est\u00e1","og_url":"https:\/\/www.asajacyl.com\/palencia\/asaja-palencia-informa\/la-aemet-crea-un-monitor-de-la-sequia-meteorologica","og_site_name":"ASAJA Palencia","article_published_time":"2021-05-16T06:28:00+00:00","article_modified_time":"2021-05-20T06:58:51+00:00","og_image":[{"width":632,"height":668,"url":"https:\/\/www.asajacyl.com\/palencia\/wp-content\/uploads\/sites\/3\/2021\/05\/PALENCIA-MAYO-2021.jpg","type":"image\/jpeg"}],"author":"Administrador","twitter_card":"summary_large_image","twitter_misc":{"Escrito por":"Administrador","Tiempo de lectura":"2 minutos"},"schema":{"@context":"https:\/\/schema.org","@graph":[{"@type":"WebPage","@id":"https:\/\/www.asajacyl.com\/palencia\/asaja-palencia-informa\/la-aemet-crea-un-monitor-de-la-sequia-meteorologica","url":"https:\/\/www.asajacyl.com\/palencia\/asaja-palencia-informa\/la-aemet-crea-un-monitor-de-la-sequia-meteorologica","name":"La AEMET crea un \"monitor de la sequ\u00eda meteorol\u00f3gica\" - ASAJA Palencia","isPartOf":{"@id":"https:\/\/www.asajacyl.com\/palencia\/#website"},"primaryImageOfPage":{"@id":"https:\/\/www.asajacyl.com\/palencia\/asaja-palencia-informa\/la-aemet-crea-un-monitor-de-la-sequia-meteorologica#primaryimage"},"image":{"@id":"https:\/\/www.asajacyl.com\/palencia\/asaja-palencia-informa\/la-aemet-crea-un-monitor-de-la-sequia-meteorologica#primaryimage"},"thumbnailUrl":"https:\/\/www.asajacyl.com\/palencia\/wp-content\/uploads\/sites\/3\/2021\/05\/PALENCIA-MAYO-2021.jpg","datePublished":"2021-05-16T06:28:00+00:00","dateModified":"2021-05-20T06:58:51+00:00","author":{"@id":"https:\/\/www.asajacyl.com\/palencia\/#\/schema\/person\/3ab17aeb03527485c317557fae64aab1"},"description":"La Agencia Estatal de Meteorolog\u00eda ha creado un monitor de la sequ\u00eda meteorol\u00f3gica donde se puede observar la evoluci\u00f3n de dos \u00edndices, uno que s\u00f3lo est\u00e1","breadcrumb":{"@id":"https:\/\/www.asajacyl.com\/palencia\/asaja-palencia-informa\/la-aemet-crea-un-monitor-de-la-sequia-meteorologica#breadcrumb"},"inLanguage":"es","potentialAction":[{"@type":"ReadAction","target":["https:\/\/www.asajacyl.com\/palencia\/asaja-palencia-informa\/la-aemet-crea-un-monitor-de-la-sequia-meteorologica"]}]},{"@type":"ImageObject","inLanguage":"es","@id":"https:\/\/www.asajacyl.com\/palencia\/asaja-palencia-informa\/la-aemet-crea-un-monitor-de-la-sequia-meteorologica#primaryimage","url":"https:\/\/www.asajacyl.com\/palencia\/wp-content\/uploads\/sites\/3\/2021\/05\/PALENCIA-MAYO-2021.jpg","contentUrl":"https:\/\/www.asajacyl.com\/palencia\/wp-content\/uploads\/sites\/3\/2021\/05\/PALENCIA-MAYO-2021.jpg","width":632,"height":668},{"@type":"BreadcrumbList","@id":"https:\/\/www.asajacyl.com\/palencia\/asaja-palencia-informa\/la-aemet-crea-un-monitor-de-la-sequia-meteorologica#breadcrumb","itemListElement":[{"@type":"ListItem","position":1,"name":"Portada","item":"https:\/\/www.asajacyl.com\/palencia\/"},{"@type":"ListItem","position":2,"name":"La AEMET crea un \u00abmonitor de la sequ\u00eda meteorol\u00f3gica\u00bb"}]},{"@type":"WebSite","@id":"https:\/\/www.asajacyl.com\/palencia\/#website","url":"https:\/\/www.asajacyl.com\/palencia\/","name":"ASAJA Palencia","description":"Otro sitio m\u00e1s de Provincias ASAJA Castilla y Le\u00f3n","potentialAction":[{"@type":"SearchAction","target":{"@type":"EntryPoint","urlTemplate":"https:\/\/www.asajacyl.com\/palencia\/?s={search_term_string}"},"query-input":{"@type":"PropertyValueSpecification","valueRequired":true,"valueName":"search_term_string"}}],"inLanguage":"es"},{"@type":"Person","@id":"https:\/\/www.asajacyl.com\/palencia\/#\/schema\/person\/3ab17aeb03527485c317557fae64aab1","name":"Administrador","image":{"@type":"ImageObject","inLanguage":"es","@id":"https:\/\/www.asajacyl.com\/palencia\/#\/schema\/person\/image\/","url":"https:\/\/secure.gravatar.com\/avatar\/517384810d242ca9e38c180f3c9fb973?s=96&d=mm&r=g","contentUrl":"https:\/\/secure.gravatar.com\/avatar\/517384810d242ca9e38c180f3c9fb973?s=96&d=mm&r=g","caption":"Administrador"},"url":"https:\/\/www.asajacyl.com\/palencia\/author\/carlosrm"}]}},"_links":{"self":[{"href":"https:\/\/www.asajacyl.com\/palencia\/wp-json\/wp\/v2\/posts\/8332"}],"collection":[{"href":"https:\/\/www.asajacyl.com\/palencia\/wp-json\/wp\/v2\/posts"}],"about":[{"href":"https:\/\/www.asajacyl.com\/palencia\/wp-json\/wp\/v2\/types\/post"}],"author":[{"embeddable":true,"href":"https:\/\/www.asajacyl.com\/palencia\/wp-json\/wp\/v2\/users\/9"}],"replies":[{"embeddable":true,"href":"https:\/\/www.asajacyl.com\/palencia\/wp-json\/wp\/v2\/comments?post=8332"}],"version-history":[{"count":1,"href":"https:\/\/www.asajacyl.com\/palencia\/wp-json\/wp\/v2\/posts\/8332\/revisions"}],"predecessor-version":[{"id":8336,"href":"https:\/\/www.asajacyl.com\/palencia\/wp-json\/wp\/v2\/posts\/8332\/revisions\/8336"}],"wp:featuredmedia":[{"embeddable":true,"href":"https:\/\/www.asajacyl.com\/palencia\/wp-json\/wp\/v2\/media\/8335"}],"wp:attachment":[{"href":"https:\/\/www.asajacyl.com\/palencia\/wp-json\/wp\/v2\/media?parent=8332"}],"wp:term":[{"taxonomy":"category","embeddable":true,"href":"https:\/\/www.asajacyl.com\/palencia\/wp-json\/wp\/v2\/categories?post=8332"},{"taxonomy":"post_tag","embeddable":true,"href":"https:\/\/www.asajacyl.com\/palencia\/wp-json\/wp\/v2\/tags?post=8332"}],"curies":[{"name":"wp","href":"https:\/\/api.w.org\/{rel}","templated":true}]}}