{"id":8343,"date":"2021-05-14T23:17:00","date_gmt":"2021-05-14T21:17:00","guid":{"rendered":"https:\/\/www.asajacyl.com\/palencia\/?p=8343"},"modified":"2021-05-17T00:18:51","modified_gmt":"2021-05-16T22:18:51","slug":"el-campo-celebra-san-isisdro-con-esperanzas-por-la-cosecha-pero-sobre-todo-por-el-avance-del-control-de-la-pandemia","status":"publish","type":"post","link":"https:\/\/www.asajacyl.com\/palencia\/asaja-palencia-informa\/el-campo-celebra-san-isisdro-con-esperanzas-por-la-cosecha-pero-sobre-todo-por-el-avance-del-control-de-la-pandemia","title":{"rendered":"El campo celebra San Isidro con esperanzas por la cosecha, pero sobre todo por el avance del control de la pandemia"},"content":{"rendered":"\n<p>El campo conmemora ma\u00f1ana 15 de mayo su patr\u00f3n, San Isidro Labrador, el segundo de la pandemia, de nuevo con limitaciones y la imposibilidad de celebrar las tradicionales procesiones por las medidas preventivas del estado de alarma en cuanto a prohibici\u00f3n de reuniones, aunque esta vez, contra 2020, s\u00ed podr\u00e1n celebrarse las misas. Ello no impedir\u00e1 que en varias capitales y localidades de las diferentes provincias los p\u00e1rrocos oficien rogativas para lograr que la cosecha cuaje.<\/p>\n\n\n\n<p>Si se cumple el refr\u00e1n de \u201cmayo, como encuentra los r\u00edos, as\u00ed los deja\u201d, y el mes en curso trae las lluvias suficientes para mantener el nivel alcanzado tras un abril lluvioso en pr\u00e1cticamente todo Castilla y Le\u00f3n, el campo afrontar\u00eda la recta final de junio con un nivel \u00f3ptimo, menos alto que el a\u00f1o pasado, pero s\u00ed por encima de la media de los \u00faltimos diez a\u00f1os, que est\u00e1 establecida en cerca de 6 millones de toneladas.<\/p>\n\n\n\n<p>Recapitulando el a\u00f1o agr\u00edcola, ASAJA recuerda que las siembras se realizaron con bastantes buenas condiciones, aunque quiz\u00e1s haya habido algo de merma en las primeras siegas de los forrajes, dado que el mes de marzo y casi la totalidad de la primera quincena de abril hubo una ausencia total de lluvias. Este periodo seco de los inicios de la primavera tambi\u00e9n ha perjudicado a algunas zonas de pastos y ha provocado que alg\u00fan cultivo, especialmente la cebada, se presente m\u00e1s pobre y abierta de lo debido.<\/p>\n\n\n\n<p>Sin embargo, las lluvias de la \u00faltima parte de abril y primeros de mayo remontaron la situaci\u00f3n y ahora todo queda en manos de lo que ocurra la segunda quincena de mayo y el primer tramo de junio. A mes y medio del comienzo de la cosecha hay que tener todas las reservas a la hora de efectuar previsiones, pero con una lluvia moderada, temperaturas contenidas (ni heladas, ni sofocantes), cierto control en unas plagas cada vez m\u00e1s intensas, y si las tormentas de granizo no diezman la producci\u00f3n, podr\u00eda culminar un a\u00f1o bueno para el cereal, aun quedando por debajo de la cosecha 2020.<\/p>\n\n\n\n<p>El sector agradece a San Isidro la lluvia, que alimenta campos y pastos y garantiza tambi\u00e9n la campa\u00f1a de riegos de forma general, con los embalses del Duero al 85% de su capacidad, aunque el sistema Carri\u00f3n cuenta con un 7% menos de agua respecto a la media de diez a\u00f1os debido a la reconocida falta de capacidad regulatoria. Con ocasi\u00f3n de este d\u00eda de celebraci\u00f3n, la principal petici\u00f3n del sector \u201cno puede ser otra que logremos acabar con la pandemia, y que muy pronto regrese la normalidad en los movimientos, para que recuperemos un basti\u00f3n tan importante para nuestra econom\u00eda como es el turismo, algo que redundar\u00e1 positivamente en la demanda de nuestros productos. En lo profesional, pedir\u00edamos al patr\u00f3n unos precios justos, sobre todo para el sector ganadero. Y tambi\u00e9n que la nueva PAC nos deje trabajar y producir, para poder contribuir al crecimiento econ\u00f3mico de nuestro pa\u00eds\u201d.<\/p>\n\n\n\n<div class=\"wp-block-image\"><figure class=\"aligncenter size-large is-resized\"><img loading=\"lazy\" decoding=\"async\" src=\"https:\/\/www.asajacyl.com\/palencia\/wp-content\/uploads\/sites\/3\/2020\/05\/foto-san-isidro.jpg\" alt=\"\" class=\"wp-image-7349\" width=\"636\" height=\"257\" srcset=\"https:\/\/www.asajacyl.com\/palencia\/wp-content\/uploads\/sites\/3\/2020\/05\/foto-san-isidro.jpg 949w, https:\/\/www.asajacyl.com\/palencia\/wp-content\/uploads\/sites\/3\/2020\/05\/foto-san-isidro-300x122.jpg 300w, https:\/\/www.asajacyl.com\/palencia\/wp-content\/uploads\/sites\/3\/2020\/05\/foto-san-isidro-768x312.jpg 768w, https:\/\/www.asajacyl.com\/palencia\/wp-content\/uploads\/sites\/3\/2020\/05\/foto-san-isidro-696x282.jpg 696w\" sizes=\"(max-width: 636px) 100vw, 636px\" \/><figcaption>Procesi\u00f3n del d\u00eda de San Isidro de 2019<\/figcaption><\/figure><\/div>\n\n\n","protected":false},"excerpt":{"rendered":"<p>El campo conmemora ma\u00f1ana 15 de mayo su patr\u00f3n, San Isidro Labrador, el segundo de la pandemia, de nuevo con limitaciones y la imposibilidad de celebrar las tradicionales procesiones por las medidas preventivas del estado de alarma en cuanto a prohibici\u00f3n de reuniones, aunque esta vez, contra 2020, s\u00ed podr\u00e1n celebrarse las misas. Ello no [&hellip;]<\/p>\n","protected":false},"author":9,"featured_media":8355,"comment_status":"open","ping_status":"open","sticky":false,"template":"","format":"standard","meta":{"footnotes":""},"categories":[9,29,28],"tags":[],"yoast_head":"<!-- This site is optimized with the Yoast SEO plugin v24.5 - https:\/\/yoast.com\/wordpress\/plugins\/seo\/ -->\n<title>El campo celebra San Isidro con esperanzas por la cosecha, pero sobre todo por el avance del control de la pandemia - ASAJA Palencia<\/title>\n<meta name=\"description\" content=\"El campo conmemora ma\u00f1ana 15 de mayo su patr\u00f3n, San Isidro Labrador, el segundo de la pandemia, de nuevo con limitaciones y la imposibilidad de celebrar\" \/>\n<meta name=\"robots\" content=\"index, follow, max-snippet:-1, max-image-preview:large, max-video-preview:-1\" \/>\n<link rel=\"canonical\" href=\"https:\/\/www.asajacyl.com\/palencia\/asaja-palencia-informa\/el-campo-celebra-san-isisdro-con-esperanzas-por-la-cosecha-pero-sobre-todo-por-el-avance-del-control-de-la-pandemia\" \/>\n<meta property=\"og:locale\" content=\"es_ES\" \/>\n<meta property=\"og:type\" content=\"article\" \/>\n<meta property=\"og:title\" content=\"El campo celebra San Isidro con esperanzas por la cosecha, pero sobre todo por el avance del control de la pandemia - ASAJA Palencia\" \/>\n<meta property=\"og:description\" content=\"El campo conmemora ma\u00f1ana 15 de mayo su patr\u00f3n, San Isidro Labrador, el segundo de la pandemia, de nuevo con limitaciones y la imposibilidad de celebrar\" \/>\n<meta property=\"og:url\" content=\"https:\/\/www.asajacyl.com\/palencia\/asaja-palencia-informa\/el-campo-celebra-san-isisdro-con-esperanzas-por-la-cosecha-pero-sobre-todo-por-el-avance-del-control-de-la-pandemia\" \/>\n<meta property=\"og:site_name\" content=\"ASAJA Palencia\" \/>\n<meta property=\"article:published_time\" content=\"2021-05-14T21:17:00+00:00\" \/>\n<meta property=\"article:modified_time\" content=\"2021-05-16T22:18:51+00:00\" \/>\n<meta property=\"og:image\" content=\"https:\/\/www.asajacyl.com\/palencia\/wp-content\/uploads\/sites\/3\/2021\/05\/TRIGO-2.jpg\" \/>\n\t<meta property=\"og:image:width\" content=\"1613\" \/>\n\t<meta property=\"og:image:height\" content=\"1210\" \/>\n\t<meta property=\"og:image:type\" content=\"image\/jpeg\" \/>\n<meta name=\"author\" content=\"Administrador\" \/>\n<meta name=\"twitter:card\" content=\"summary_large_image\" \/>\n<meta name=\"twitter:label1\" content=\"Escrito por\" \/>\n\t<meta name=\"twitter:data1\" content=\"Administrador\" \/>\n\t<meta name=\"twitter:label2\" content=\"Tiempo de lectura\" \/>\n\t<meta name=\"twitter:data2\" content=\"3 minutos\" \/>\n<script type=\"application\/ld+json\" class=\"yoast-schema-graph\">{\"@context\":\"https:\/\/schema.org\",\"@graph\":[{\"@type\":\"WebPage\",\"@id\":\"https:\/\/www.asajacyl.com\/palencia\/asaja-palencia-informa\/el-campo-celebra-san-isisdro-con-esperanzas-por-la-cosecha-pero-sobre-todo-por-el-avance-del-control-de-la-pandemia\",\"url\":\"https:\/\/www.asajacyl.com\/palencia\/asaja-palencia-informa\/el-campo-celebra-san-isisdro-con-esperanzas-por-la-cosecha-pero-sobre-todo-por-el-avance-del-control-de-la-pandemia\",\"name\":\"El campo celebra San Isidro con esperanzas por la cosecha, pero sobre todo por el avance del control de la pandemia - ASAJA Palencia\",\"isPartOf\":{\"@id\":\"https:\/\/www.asajacyl.com\/palencia\/#website\"},\"primaryImageOfPage\":{\"@id\":\"https:\/\/www.asajacyl.com\/palencia\/asaja-palencia-informa\/el-campo-celebra-san-isisdro-con-esperanzas-por-la-cosecha-pero-sobre-todo-por-el-avance-del-control-de-la-pandemia#primaryimage\"},\"image\":{\"@id\":\"https:\/\/www.asajacyl.com\/palencia\/asaja-palencia-informa\/el-campo-celebra-san-isisdro-con-esperanzas-por-la-cosecha-pero-sobre-todo-por-el-avance-del-control-de-la-pandemia#primaryimage\"},\"thumbnailUrl\":\"https:\/\/www.asajacyl.com\/palencia\/wp-content\/uploads\/sites\/3\/2021\/05\/TRIGO-2.jpg\",\"datePublished\":\"2021-05-14T21:17:00+00:00\",\"dateModified\":\"2021-05-16T22:18:51+00:00\",\"author\":{\"@id\":\"https:\/\/www.asajacyl.com\/palencia\/#\/schema\/person\/3ab17aeb03527485c317557fae64aab1\"},\"description\":\"El campo conmemora ma\u00f1ana 15 de mayo su patr\u00f3n, San Isidro Labrador, el segundo de la pandemia, de nuevo con limitaciones y la imposibilidad de celebrar\",\"breadcrumb\":{\"@id\":\"https:\/\/www.asajacyl.com\/palencia\/asaja-palencia-informa\/el-campo-celebra-san-isisdro-con-esperanzas-por-la-cosecha-pero-sobre-todo-por-el-avance-del-control-de-la-pandemia#breadcrumb\"},\"inLanguage\":\"es\",\"potentialAction\":[{\"@type\":\"ReadAction\",\"target\":[\"https:\/\/www.asajacyl.com\/palencia\/asaja-palencia-informa\/el-campo-celebra-san-isisdro-con-esperanzas-por-la-cosecha-pero-sobre-todo-por-el-avance-del-control-de-la-pandemia\"]}]},{\"@type\":\"ImageObject\",\"inLanguage\":\"es\",\"@id\":\"https:\/\/www.asajacyl.com\/palencia\/asaja-palencia-informa\/el-campo-celebra-san-isisdro-con-esperanzas-por-la-cosecha-pero-sobre-todo-por-el-avance-del-control-de-la-pandemia#primaryimage\",\"url\":\"https:\/\/www.asajacyl.com\/palencia\/wp-content\/uploads\/sites\/3\/2021\/05\/TRIGO-2.jpg\",\"contentUrl\":\"https:\/\/www.asajacyl.com\/palencia\/wp-content\/uploads\/sites\/3\/2021\/05\/TRIGO-2.jpg\",\"width\":1613,\"height\":1210},{\"@type\":\"BreadcrumbList\",\"@id\":\"https:\/\/www.asajacyl.com\/palencia\/asaja-palencia-informa\/el-campo-celebra-san-isisdro-con-esperanzas-por-la-cosecha-pero-sobre-todo-por-el-avance-del-control-de-la-pandemia#breadcrumb\",\"itemListElement\":[{\"@type\":\"ListItem\",\"position\":1,\"name\":\"Portada\",\"item\":\"https:\/\/www.asajacyl.com\/palencia\/\"},{\"@type\":\"ListItem\",\"position\":2,\"name\":\"El campo celebra San Isidro con esperanzas por la cosecha, pero sobre todo por el avance del control de la pandemia\"}]},{\"@type\":\"WebSite\",\"@id\":\"https:\/\/www.asajacyl.com\/palencia\/#website\",\"url\":\"https:\/\/www.asajacyl.com\/palencia\/\",\"name\":\"ASAJA Palencia\",\"description\":\"Otro sitio m\u00e1s de Provincias ASAJA Castilla y Le\u00f3n\",\"potentialAction\":[{\"@type\":\"SearchAction\",\"target\":{\"@type\":\"EntryPoint\",\"urlTemplate\":\"https:\/\/www.asajacyl.com\/palencia\/?s={search_term_string}\"},\"query-input\":{\"@type\":\"PropertyValueSpecification\",\"valueRequired\":true,\"valueName\":\"search_term_string\"}}],\"inLanguage\":\"es\"},{\"@type\":\"Person\",\"@id\":\"https:\/\/www.asajacyl.com\/palencia\/#\/schema\/person\/3ab17aeb03527485c317557fae64aab1\",\"name\":\"Administrador\",\"image\":{\"@type\":\"ImageObject\",\"inLanguage\":\"es\",\"@id\":\"https:\/\/www.asajacyl.com\/palencia\/#\/schema\/person\/image\/\",\"url\":\"https:\/\/secure.gravatar.com\/avatar\/517384810d242ca9e38c180f3c9fb973?s=96&d=mm&r=g\",\"contentUrl\":\"https:\/\/secure.gravatar.com\/avatar\/517384810d242ca9e38c180f3c9fb973?s=96&d=mm&r=g\",\"caption\":\"Administrador\"},\"url\":\"https:\/\/www.asajacyl.com\/palencia\/author\/carlosrm\"}]}<\/script>\n<!-- \/ Yoast SEO plugin. -->","yoast_head_json":{"title":"El campo celebra San Isidro con esperanzas por la cosecha, pero sobre todo por el avance del control de la pandemia - ASAJA Palencia","description":"El campo conmemora ma\u00f1ana 15 de mayo su patr\u00f3n, San Isidro Labrador, el segundo de la pandemia, de nuevo con limitaciones y la imposibilidad de celebrar","robots":{"index":"index","follow":"follow","max-snippet":"max-snippet:-1","max-image-preview":"max-image-preview:large","max-video-preview":"max-video-preview:-1"},"canonical":"https:\/\/www.asajacyl.com\/palencia\/asaja-palencia-informa\/el-campo-celebra-san-isisdro-con-esperanzas-por-la-cosecha-pero-sobre-todo-por-el-avance-del-control-de-la-pandemia","og_locale":"es_ES","og_type":"article","og_title":"El campo celebra San Isidro con esperanzas por la cosecha, pero sobre todo por el avance del control de la pandemia - ASAJA Palencia","og_description":"El campo conmemora ma\u00f1ana 15 de mayo su patr\u00f3n, San Isidro Labrador, el segundo de la pandemia, de nuevo con limitaciones y la imposibilidad de celebrar","og_url":"https:\/\/www.asajacyl.com\/palencia\/asaja-palencia-informa\/el-campo-celebra-san-isisdro-con-esperanzas-por-la-cosecha-pero-sobre-todo-por-el-avance-del-control-de-la-pandemia","og_site_name":"ASAJA Palencia","article_published_time":"2021-05-14T21:17:00+00:00","article_modified_time":"2021-05-16T22:18:51+00:00","og_image":[{"width":1613,"height":1210,"url":"https:\/\/www.asajacyl.com\/palencia\/wp-content\/uploads\/sites\/3\/2021\/05\/TRIGO-2.jpg","type":"image\/jpeg"}],"author":"Administrador","twitter_card":"summary_large_image","twitter_misc":{"Escrito por":"Administrador","Tiempo de lectura":"3 minutos"},"schema":{"@context":"https:\/\/schema.org","@graph":[{"@type":"WebPage","@id":"https:\/\/www.asajacyl.com\/palencia\/asaja-palencia-informa\/el-campo-celebra-san-isisdro-con-esperanzas-por-la-cosecha-pero-sobre-todo-por-el-avance-del-control-de-la-pandemia","url":"https:\/\/www.asajacyl.com\/palencia\/asaja-palencia-informa\/el-campo-celebra-san-isisdro-con-esperanzas-por-la-cosecha-pero-sobre-todo-por-el-avance-del-control-de-la-pandemia","name":"El campo celebra San Isidro con esperanzas por la cosecha, pero sobre todo por el avance del control de la pandemia - ASAJA Palencia","isPartOf":{"@id":"https:\/\/www.asajacyl.com\/palencia\/#website"},"primaryImageOfPage":{"@id":"https:\/\/www.asajacyl.com\/palencia\/asaja-palencia-informa\/el-campo-celebra-san-isisdro-con-esperanzas-por-la-cosecha-pero-sobre-todo-por-el-avance-del-control-de-la-pandemia#primaryimage"},"image":{"@id":"https:\/\/www.asajacyl.com\/palencia\/asaja-palencia-informa\/el-campo-celebra-san-isisdro-con-esperanzas-por-la-cosecha-pero-sobre-todo-por-el-avance-del-control-de-la-pandemia#primaryimage"},"thumbnailUrl":"https:\/\/www.asajacyl.com\/palencia\/wp-content\/uploads\/sites\/3\/2021\/05\/TRIGO-2.jpg","datePublished":"2021-05-14T21:17:00+00:00","dateModified":"2021-05-16T22:18:51+00:00","author":{"@id":"https:\/\/www.asajacyl.com\/palencia\/#\/schema\/person\/3ab17aeb03527485c317557fae64aab1"},"description":"El campo conmemora ma\u00f1ana 15 de mayo su patr\u00f3n, San Isidro Labrador, el segundo de la pandemia, de nuevo con limitaciones y la imposibilidad de celebrar","breadcrumb":{"@id":"https:\/\/www.asajacyl.com\/palencia\/asaja-palencia-informa\/el-campo-celebra-san-isisdro-con-esperanzas-por-la-cosecha-pero-sobre-todo-por-el-avance-del-control-de-la-pandemia#breadcrumb"},"inLanguage":"es","potentialAction":[{"@type":"ReadAction","target":["https:\/\/www.asajacyl.com\/palencia\/asaja-palencia-informa\/el-campo-celebra-san-isisdro-con-esperanzas-por-la-cosecha-pero-sobre-todo-por-el-avance-del-control-de-la-pandemia"]}]},{"@type":"ImageObject","inLanguage":"es","@id":"https:\/\/www.asajacyl.com\/palencia\/asaja-palencia-informa\/el-campo-celebra-san-isisdro-con-esperanzas-por-la-cosecha-pero-sobre-todo-por-el-avance-del-control-de-la-pandemia#primaryimage","url":"https:\/\/www.asajacyl.com\/palencia\/wp-content\/uploads\/sites\/3\/2021\/05\/TRIGO-2.jpg","contentUrl":"https:\/\/www.asajacyl.com\/palencia\/wp-content\/uploads\/sites\/3\/2021\/05\/TRIGO-2.jpg","width":1613,"height":1210},{"@type":"BreadcrumbList","@id":"https:\/\/www.asajacyl.com\/palencia\/asaja-palencia-informa\/el-campo-celebra-san-isisdro-con-esperanzas-por-la-cosecha-pero-sobre-todo-por-el-avance-del-control-de-la-pandemia#breadcrumb","itemListElement":[{"@type":"ListItem","position":1,"name":"Portada","item":"https:\/\/www.asajacyl.com\/palencia\/"},{"@type":"ListItem","position":2,"name":"El campo celebra San Isidro con esperanzas por la cosecha, pero sobre todo por el avance del control de la pandemia"}]},{"@type":"WebSite","@id":"https:\/\/www.asajacyl.com\/palencia\/#website","url":"https:\/\/www.asajacyl.com\/palencia\/","name":"ASAJA Palencia","description":"Otro sitio m\u00e1s de Provincias ASAJA Castilla y Le\u00f3n","potentialAction":[{"@type":"SearchAction","target":{"@type":"EntryPoint","urlTemplate":"https:\/\/www.asajacyl.com\/palencia\/?s={search_term_string}"},"query-input":{"@type":"PropertyValueSpecification","valueRequired":true,"valueName":"search_term_string"}}],"inLanguage":"es"},{"@type":"Person","@id":"https:\/\/www.asajacyl.com\/palencia\/#\/schema\/person\/3ab17aeb03527485c317557fae64aab1","name":"Administrador","image":{"@type":"ImageObject","inLanguage":"es","@id":"https:\/\/www.asajacyl.com\/palencia\/#\/schema\/person\/image\/","url":"https:\/\/secure.gravatar.com\/avatar\/517384810d242ca9e38c180f3c9fb973?s=96&d=mm&r=g","contentUrl":"https:\/\/secure.gravatar.com\/avatar\/517384810d242ca9e38c180f3c9fb973?s=96&d=mm&r=g","caption":"Administrador"},"url":"https:\/\/www.asajacyl.com\/palencia\/author\/carlosrm"}]}},"_links":{"self":[{"href":"https:\/\/www.asajacyl.com\/palencia\/wp-json\/wp\/v2\/posts\/8343"}],"collection":[{"href":"https:\/\/www.asajacyl.com\/palencia\/wp-json\/wp\/v2\/posts"}],"about":[{"href":"https:\/\/www.asajacyl.com\/palencia\/wp-json\/wp\/v2\/types\/post"}],"author":[{"embeddable":true,"href":"https:\/\/www.asajacyl.com\/palencia\/wp-json\/wp\/v2\/users\/9"}],"replies":[{"embeddable":true,"href":"https:\/\/www.asajacyl.com\/palencia\/wp-json\/wp\/v2\/comments?post=8343"}],"version-history":[{"count":4,"href":"https:\/\/www.asajacyl.com\/palencia\/wp-json\/wp\/v2\/posts\/8343\/revisions"}],"predecessor-version":[{"id":8363,"href":"https:\/\/www.asajacyl.com\/palencia\/wp-json\/wp\/v2\/posts\/8343\/revisions\/8363"}],"wp:featuredmedia":[{"embeddable":true,"href":"https:\/\/www.asajacyl.com\/palencia\/wp-json\/wp\/v2\/media\/8355"}],"wp:attachment":[{"href":"https:\/\/www.asajacyl.com\/palencia\/wp-json\/wp\/v2\/media?parent=8343"}],"wp:term":[{"taxonomy":"category","embeddable":true,"href":"https:\/\/www.asajacyl.com\/palencia\/wp-json\/wp\/v2\/categories?post=8343"},{"taxonomy":"post_tag","embeddable":true,"href":"https:\/\/www.asajacyl.com\/palencia\/wp-json\/wp\/v2\/tags?post=8343"}],"curies":[{"name":"wp","href":"https:\/\/api.w.org\/{rel}","templated":true}]}}