{"id":8367,"date":"2021-05-18T08:00:06","date_gmt":"2021-05-18T06:00:06","guid":{"rendered":"https:\/\/www.asajacyl.com\/palencia\/?p=8367"},"modified":"2021-05-18T08:00:46","modified_gmt":"2021-05-18T06:00:46","slug":"asaja-informo-el-dia-17-de-mayo-a-los-afectados-por-las-expropiaciones-del-ave-palencia-santander","status":"publish","type":"post","link":"https:\/\/www.asajacyl.com\/palencia\/asaja-palencia-informa\/asaja-informo-el-dia-17-de-mayo-a-los-afectados-por-las-expropiaciones-del-ave-palencia-santander","title":{"rendered":"ASAJA inform\u00f3 el d\u00eda 17 de mayo a los afectados por las expropiaciones del AVE Palencia-Santander"},"content":{"rendered":"\n<p>La reuni\u00f3n se celebr\u00f3 en Palencia, y cont\u00f3 con la presencia del gabinete de expropiaciones de AVA-ASAJA Valencia, que est\u00e1 colaborando con ASAJA-Palencia. En la reuni\u00f3n se inform\u00f3 a los presentes de todas las cuestiones que afectan al proceso expropiatorio que est\u00e1n sufriendo numerosos agricultores y propietarios de terrenos situados en el trayecto dise\u00f1ado para que circule el AVE Palencia-Santander, y que se est\u00e1 desarrollando en varias fases. Tambi\u00e9n se ofrece la posibilidad a todos los afectados, de que sean representados por el gabinete de expropiaciones en todos los actos administrativos que requieren este tipo de procesos.<\/p>\n\n\n\n<p>En estos momentos el levantamiento de actas previas a la ocupaci\u00f3n se est\u00e1 desarrollando en el tramo Palencia Norte-Amusco, habi\u00e9ndose ya realizado las citaciones en Amusco, el d\u00eda 18 de mayo, y Monz\u00f3n de Campos, los d\u00edas 19 y 20 de mayo, estando previstas las de Villaumbrales para el 25 de mayo, Palencia capital los d\u00edas 25, 26 y 27 de mayo, Husillos los d\u00edas 2 y 3 de junio y San Cebri\u00e1n de Campos el d\u00eda 1 de junio.<\/p>\n","protected":false},"excerpt":{"rendered":"<p>La reuni\u00f3n se celebr\u00f3 en Palencia, y cont\u00f3 con la presencia del gabinete de expropiaciones de AVA-ASAJA Valencia, que est\u00e1 colaborando con ASAJA-Palencia. En la reuni\u00f3n se inform\u00f3 a los presentes de todas las cuestiones que afectan al proceso expropiatorio que est\u00e1n sufriendo numerosos agricultores y propietarios de terrenos situados en el trayecto dise\u00f1ado para [&hellip;]<\/p>\n","protected":false},"author":9,"featured_media":8368,"comment_status":"open","ping_status":"open","sticky":false,"template":"","format":"standard","meta":{"footnotes":""},"categories":[9,29,28],"tags":[],"yoast_head":"<!-- This site is optimized with the Yoast SEO plugin v24.5 - https:\/\/yoast.com\/wordpress\/plugins\/seo\/ -->\n<title>ASAJA inform\u00f3 el d\u00eda 17 de mayo a los afectados por las expropiaciones del AVE Palencia-Santander - ASAJA Palencia<\/title>\n<meta name=\"description\" content=\"La reuni\u00f3n se celebr\u00f3 en Palencia, y cont\u00f3 con la presencia del gabinete de expropiaciones de AVA-ASAJA Valencia, que est\u00e1 colaborando con ASAJA-Palencia.\" \/>\n<meta name=\"robots\" content=\"index, follow, max-snippet:-1, max-image-preview:large, max-video-preview:-1\" \/>\n<link rel=\"canonical\" href=\"https:\/\/www.asajacyl.com\/palencia\/asaja-palencia-informa\/asaja-informo-el-dia-17-de-mayo-a-los-afectados-por-las-expropiaciones-del-ave-palencia-santander\" \/>\n<meta property=\"og:locale\" content=\"es_ES\" \/>\n<meta property=\"og:type\" content=\"article\" \/>\n<meta property=\"og:title\" content=\"ASAJA inform\u00f3 el d\u00eda 17 de mayo a los afectados por las expropiaciones del AVE Palencia-Santander - ASAJA Palencia\" \/>\n<meta property=\"og:description\" content=\"La reuni\u00f3n se celebr\u00f3 en Palencia, y cont\u00f3 con la presencia del gabinete de expropiaciones de AVA-ASAJA Valencia, que est\u00e1 colaborando con ASAJA-Palencia.\" \/>\n<meta property=\"og:url\" content=\"https:\/\/www.asajacyl.com\/palencia\/asaja-palencia-informa\/asaja-informo-el-dia-17-de-mayo-a-los-afectados-por-las-expropiaciones-del-ave-palencia-santander\" \/>\n<meta property=\"og:site_name\" content=\"ASAJA Palencia\" \/>\n<meta property=\"article:published_time\" content=\"2021-05-18T06:00:06+00:00\" \/>\n<meta property=\"article:modified_time\" content=\"2021-05-18T06:00:46+00:00\" \/>\n<meta property=\"og:image\" content=\"https:\/\/www.asajacyl.com\/palencia\/wp-content\/uploads\/sites\/3\/2021\/05\/EXPROPIACION-2.jpg\" \/>\n\t<meta property=\"og:image:width\" content=\"2016\" \/>\n\t<meta property=\"og:image:height\" content=\"908\" \/>\n\t<meta property=\"og:image:type\" content=\"image\/jpeg\" \/>\n<meta name=\"author\" content=\"Administrador\" \/>\n<meta name=\"twitter:card\" content=\"summary_large_image\" \/>\n<meta name=\"twitter:label1\" content=\"Escrito por\" \/>\n\t<meta name=\"twitter:data1\" content=\"Administrador\" \/>\n\t<meta name=\"twitter:label2\" content=\"Tiempo de lectura\" \/>\n\t<meta name=\"twitter:data2\" content=\"1 minuto\" \/>\n<script type=\"application\/ld+json\" class=\"yoast-schema-graph\">{\"@context\":\"https:\/\/schema.org\",\"@graph\":[{\"@type\":\"WebPage\",\"@id\":\"https:\/\/www.asajacyl.com\/palencia\/asaja-palencia-informa\/asaja-informo-el-dia-17-de-mayo-a-los-afectados-por-las-expropiaciones-del-ave-palencia-santander\",\"url\":\"https:\/\/www.asajacyl.com\/palencia\/asaja-palencia-informa\/asaja-informo-el-dia-17-de-mayo-a-los-afectados-por-las-expropiaciones-del-ave-palencia-santander\",\"name\":\"ASAJA inform\u00f3 el d\u00eda 17 de mayo a los afectados por las expropiaciones del AVE Palencia-Santander - ASAJA Palencia\",\"isPartOf\":{\"@id\":\"https:\/\/www.asajacyl.com\/palencia\/#website\"},\"primaryImageOfPage\":{\"@id\":\"https:\/\/www.asajacyl.com\/palencia\/asaja-palencia-informa\/asaja-informo-el-dia-17-de-mayo-a-los-afectados-por-las-expropiaciones-del-ave-palencia-santander#primaryimage\"},\"image\":{\"@id\":\"https:\/\/www.asajacyl.com\/palencia\/asaja-palencia-informa\/asaja-informo-el-dia-17-de-mayo-a-los-afectados-por-las-expropiaciones-del-ave-palencia-santander#primaryimage\"},\"thumbnailUrl\":\"https:\/\/www.asajacyl.com\/palencia\/wp-content\/uploads\/sites\/3\/2021\/05\/EXPROPIACION-2.jpg\",\"datePublished\":\"2021-05-18T06:00:06+00:00\",\"dateModified\":\"2021-05-18T06:00:46+00:00\",\"author\":{\"@id\":\"https:\/\/www.asajacyl.com\/palencia\/#\/schema\/person\/3ab17aeb03527485c317557fae64aab1\"},\"description\":\"La reuni\u00f3n se celebr\u00f3 en Palencia, y cont\u00f3 con la presencia del gabinete de expropiaciones de AVA-ASAJA Valencia, que est\u00e1 colaborando con ASAJA-Palencia.\",\"breadcrumb\":{\"@id\":\"https:\/\/www.asajacyl.com\/palencia\/asaja-palencia-informa\/asaja-informo-el-dia-17-de-mayo-a-los-afectados-por-las-expropiaciones-del-ave-palencia-santander#breadcrumb\"},\"inLanguage\":\"es\",\"potentialAction\":[{\"@type\":\"ReadAction\",\"target\":[\"https:\/\/www.asajacyl.com\/palencia\/asaja-palencia-informa\/asaja-informo-el-dia-17-de-mayo-a-los-afectados-por-las-expropiaciones-del-ave-palencia-santander\"]}]},{\"@type\":\"ImageObject\",\"inLanguage\":\"es\",\"@id\":\"https:\/\/www.asajacyl.com\/palencia\/asaja-palencia-informa\/asaja-informo-el-dia-17-de-mayo-a-los-afectados-por-las-expropiaciones-del-ave-palencia-santander#primaryimage\",\"url\":\"https:\/\/www.asajacyl.com\/palencia\/wp-content\/uploads\/sites\/3\/2021\/05\/EXPROPIACION-2.jpg\",\"contentUrl\":\"https:\/\/www.asajacyl.com\/palencia\/wp-content\/uploads\/sites\/3\/2021\/05\/EXPROPIACION-2.jpg\",\"width\":2016,\"height\":908},{\"@type\":\"BreadcrumbList\",\"@id\":\"https:\/\/www.asajacyl.com\/palencia\/asaja-palencia-informa\/asaja-informo-el-dia-17-de-mayo-a-los-afectados-por-las-expropiaciones-del-ave-palencia-santander#breadcrumb\",\"itemListElement\":[{\"@type\":\"ListItem\",\"position\":1,\"name\":\"Portada\",\"item\":\"https:\/\/www.asajacyl.com\/palencia\/\"},{\"@type\":\"ListItem\",\"position\":2,\"name\":\"ASAJA inform\u00f3 el d\u00eda 17 de mayo a los afectados por las expropiaciones del AVE Palencia-Santander\"}]},{\"@type\":\"WebSite\",\"@id\":\"https:\/\/www.asajacyl.com\/palencia\/#website\",\"url\":\"https:\/\/www.asajacyl.com\/palencia\/\",\"name\":\"ASAJA Palencia\",\"description\":\"Otro sitio m\u00e1s de Provincias ASAJA Castilla y Le\u00f3n\",\"potentialAction\":[{\"@type\":\"SearchAction\",\"target\":{\"@type\":\"EntryPoint\",\"urlTemplate\":\"https:\/\/www.asajacyl.com\/palencia\/?s={search_term_string}\"},\"query-input\":{\"@type\":\"PropertyValueSpecification\",\"valueRequired\":true,\"valueName\":\"search_term_string\"}}],\"inLanguage\":\"es\"},{\"@type\":\"Person\",\"@id\":\"https:\/\/www.asajacyl.com\/palencia\/#\/schema\/person\/3ab17aeb03527485c317557fae64aab1\",\"name\":\"Administrador\",\"image\":{\"@type\":\"ImageObject\",\"inLanguage\":\"es\",\"@id\":\"https:\/\/www.asajacyl.com\/palencia\/#\/schema\/person\/image\/\",\"url\":\"https:\/\/secure.gravatar.com\/avatar\/517384810d242ca9e38c180f3c9fb973?s=96&d=mm&r=g\",\"contentUrl\":\"https:\/\/secure.gravatar.com\/avatar\/517384810d242ca9e38c180f3c9fb973?s=96&d=mm&r=g\",\"caption\":\"Administrador\"},\"url\":\"https:\/\/www.asajacyl.com\/palencia\/author\/carlosrm\"}]}<\/script>\n<!-- \/ Yoast SEO plugin. -->","yoast_head_json":{"title":"ASAJA inform\u00f3 el d\u00eda 17 de mayo a los afectados por las expropiaciones del AVE Palencia-Santander - ASAJA Palencia","description":"La reuni\u00f3n se celebr\u00f3 en Palencia, y cont\u00f3 con la presencia del gabinete de expropiaciones de AVA-ASAJA Valencia, que est\u00e1 colaborando con ASAJA-Palencia.","robots":{"index":"index","follow":"follow","max-snippet":"max-snippet:-1","max-image-preview":"max-image-preview:large","max-video-preview":"max-video-preview:-1"},"canonical":"https:\/\/www.asajacyl.com\/palencia\/asaja-palencia-informa\/asaja-informo-el-dia-17-de-mayo-a-los-afectados-por-las-expropiaciones-del-ave-palencia-santander","og_locale":"es_ES","og_type":"article","og_title":"ASAJA inform\u00f3 el d\u00eda 17 de mayo a los afectados por las expropiaciones del AVE Palencia-Santander - ASAJA Palencia","og_description":"La reuni\u00f3n se celebr\u00f3 en Palencia, y cont\u00f3 con la presencia del gabinete de expropiaciones de AVA-ASAJA Valencia, que est\u00e1 colaborando con ASAJA-Palencia.","og_url":"https:\/\/www.asajacyl.com\/palencia\/asaja-palencia-informa\/asaja-informo-el-dia-17-de-mayo-a-los-afectados-por-las-expropiaciones-del-ave-palencia-santander","og_site_name":"ASAJA Palencia","article_published_time":"2021-05-18T06:00:06+00:00","article_modified_time":"2021-05-18T06:00:46+00:00","og_image":[{"width":2016,"height":908,"url":"https:\/\/www.asajacyl.com\/palencia\/wp-content\/uploads\/sites\/3\/2021\/05\/EXPROPIACION-2.jpg","type":"image\/jpeg"}],"author":"Administrador","twitter_card":"summary_large_image","twitter_misc":{"Escrito por":"Administrador","Tiempo de lectura":"1 minuto"},"schema":{"@context":"https:\/\/schema.org","@graph":[{"@type":"WebPage","@id":"https:\/\/www.asajacyl.com\/palencia\/asaja-palencia-informa\/asaja-informo-el-dia-17-de-mayo-a-los-afectados-por-las-expropiaciones-del-ave-palencia-santander","url":"https:\/\/www.asajacyl.com\/palencia\/asaja-palencia-informa\/asaja-informo-el-dia-17-de-mayo-a-los-afectados-por-las-expropiaciones-del-ave-palencia-santander","name":"ASAJA inform\u00f3 el d\u00eda 17 de mayo a los afectados por las expropiaciones del AVE Palencia-Santander - ASAJA Palencia","isPartOf":{"@id":"https:\/\/www.asajacyl.com\/palencia\/#website"},"primaryImageOfPage":{"@id":"https:\/\/www.asajacyl.com\/palencia\/asaja-palencia-informa\/asaja-informo-el-dia-17-de-mayo-a-los-afectados-por-las-expropiaciones-del-ave-palencia-santander#primaryimage"},"image":{"@id":"https:\/\/www.asajacyl.com\/palencia\/asaja-palencia-informa\/asaja-informo-el-dia-17-de-mayo-a-los-afectados-por-las-expropiaciones-del-ave-palencia-santander#primaryimage"},"thumbnailUrl":"https:\/\/www.asajacyl.com\/palencia\/wp-content\/uploads\/sites\/3\/2021\/05\/EXPROPIACION-2.jpg","datePublished":"2021-05-18T06:00:06+00:00","dateModified":"2021-05-18T06:00:46+00:00","author":{"@id":"https:\/\/www.asajacyl.com\/palencia\/#\/schema\/person\/3ab17aeb03527485c317557fae64aab1"},"description":"La reuni\u00f3n se celebr\u00f3 en Palencia, y cont\u00f3 con la presencia del gabinete de expropiaciones de AVA-ASAJA Valencia, que est\u00e1 colaborando con ASAJA-Palencia.","breadcrumb":{"@id":"https:\/\/www.asajacyl.com\/palencia\/asaja-palencia-informa\/asaja-informo-el-dia-17-de-mayo-a-los-afectados-por-las-expropiaciones-del-ave-palencia-santander#breadcrumb"},"inLanguage":"es","potentialAction":[{"@type":"ReadAction","target":["https:\/\/www.asajacyl.com\/palencia\/asaja-palencia-informa\/asaja-informo-el-dia-17-de-mayo-a-los-afectados-por-las-expropiaciones-del-ave-palencia-santander"]}]},{"@type":"ImageObject","inLanguage":"es","@id":"https:\/\/www.asajacyl.com\/palencia\/asaja-palencia-informa\/asaja-informo-el-dia-17-de-mayo-a-los-afectados-por-las-expropiaciones-del-ave-palencia-santander#primaryimage","url":"https:\/\/www.asajacyl.com\/palencia\/wp-content\/uploads\/sites\/3\/2021\/05\/EXPROPIACION-2.jpg","contentUrl":"https:\/\/www.asajacyl.com\/palencia\/wp-content\/uploads\/sites\/3\/2021\/05\/EXPROPIACION-2.jpg","width":2016,"height":908},{"@type":"BreadcrumbList","@id":"https:\/\/www.asajacyl.com\/palencia\/asaja-palencia-informa\/asaja-informo-el-dia-17-de-mayo-a-los-afectados-por-las-expropiaciones-del-ave-palencia-santander#breadcrumb","itemListElement":[{"@type":"ListItem","position":1,"name":"Portada","item":"https:\/\/www.asajacyl.com\/palencia\/"},{"@type":"ListItem","position":2,"name":"ASAJA inform\u00f3 el d\u00eda 17 de mayo a los afectados por las expropiaciones del AVE Palencia-Santander"}]},{"@type":"WebSite","@id":"https:\/\/www.asajacyl.com\/palencia\/#website","url":"https:\/\/www.asajacyl.com\/palencia\/","name":"ASAJA Palencia","description":"Otro sitio m\u00e1s de Provincias ASAJA Castilla y Le\u00f3n","potentialAction":[{"@type":"SearchAction","target":{"@type":"EntryPoint","urlTemplate":"https:\/\/www.asajacyl.com\/palencia\/?s={search_term_string}"},"query-input":{"@type":"PropertyValueSpecification","valueRequired":true,"valueName":"search_term_string"}}],"inLanguage":"es"},{"@type":"Person","@id":"https:\/\/www.asajacyl.com\/palencia\/#\/schema\/person\/3ab17aeb03527485c317557fae64aab1","name":"Administrador","image":{"@type":"ImageObject","inLanguage":"es","@id":"https:\/\/www.asajacyl.com\/palencia\/#\/schema\/person\/image\/","url":"https:\/\/secure.gravatar.com\/avatar\/517384810d242ca9e38c180f3c9fb973?s=96&d=mm&r=g","contentUrl":"https:\/\/secure.gravatar.com\/avatar\/517384810d242ca9e38c180f3c9fb973?s=96&d=mm&r=g","caption":"Administrador"},"url":"https:\/\/www.asajacyl.com\/palencia\/author\/carlosrm"}]}},"_links":{"self":[{"href":"https:\/\/www.asajacyl.com\/palencia\/wp-json\/wp\/v2\/posts\/8367"}],"collection":[{"href":"https:\/\/www.asajacyl.com\/palencia\/wp-json\/wp\/v2\/posts"}],"about":[{"href":"https:\/\/www.asajacyl.com\/palencia\/wp-json\/wp\/v2\/types\/post"}],"author":[{"embeddable":true,"href":"https:\/\/www.asajacyl.com\/palencia\/wp-json\/wp\/v2\/users\/9"}],"replies":[{"embeddable":true,"href":"https:\/\/www.asajacyl.com\/palencia\/wp-json\/wp\/v2\/comments?post=8367"}],"version-history":[{"count":3,"href":"https:\/\/www.asajacyl.com\/palencia\/wp-json\/wp\/v2\/posts\/8367\/revisions"}],"predecessor-version":[{"id":8371,"href":"https:\/\/www.asajacyl.com\/palencia\/wp-json\/wp\/v2\/posts\/8367\/revisions\/8371"}],"wp:featuredmedia":[{"embeddable":true,"href":"https:\/\/www.asajacyl.com\/palencia\/wp-json\/wp\/v2\/media\/8368"}],"wp:attachment":[{"href":"https:\/\/www.asajacyl.com\/palencia\/wp-json\/wp\/v2\/media?parent=8367"}],"wp:term":[{"taxonomy":"category","embeddable":true,"href":"https:\/\/www.asajacyl.com\/palencia\/wp-json\/wp\/v2\/categories?post=8367"},{"taxonomy":"post_tag","embeddable":true,"href":"https:\/\/www.asajacyl.com\/palencia\/wp-json\/wp\/v2\/tags?post=8367"}],"curies":[{"name":"wp","href":"https:\/\/api.w.org\/{rel}","templated":true}]}}