{"id":8379,"date":"2021-05-19T18:54:23","date_gmt":"2021-05-19T16:54:23","guid":{"rendered":"https:\/\/www.asajacyl.com\/palencia\/?p=8379"},"modified":"2021-05-20T08:01:25","modified_gmt":"2021-05-20T06:01:25","slug":"asaja-vaticina-una-campana-de-cereales-en-la-media-de-los-ultimos-anos","status":"publish","type":"post","link":"https:\/\/www.asajacyl.com\/palencia\/asaja-palencia-informa\/asaja-vaticina-una-campana-de-cereales-en-la-media-de-los-ultimos-anos","title":{"rendered":"ASAJA vaticina una campa\u00f1a nacional de cereales en la media de los \u00faltimos a\u00f1os"},"content":{"rendered":"\n<p><strong><em>Rendimientos desiguales, bajada de producci\u00f3n en la zona sur y gran incertidumbre en el centro y norte del pa\u00eds<\/em><\/strong><\/p>\n\n\n\n<p>La sectorial de Cereales y Oleaginosas de ASAJA se ha reunido hoy en Madrid para analizar la evoluci\u00f3n de la campa\u00f1a de cultivos herb\u00e1ceos 2020-2021 y pronostica una cosecha en la media de los \u00faltimos a\u00f1os. Los productores aprovechan, adem\u00e1s, para pedir medidas que den soluci\u00f3n a los principales problemas que sufre el sector.<\/p>\n\n\n\n<p>Ya han entrado las cosechadoras en la zona sur de Espa\u00f1a y se pone de manifiesto una cosecha con rendimientos a la baja debido a la falta de precipitaciones a partir del mes de marzo. Se ha constatado unos meses de marzo y abril de los m\u00e1s secos de los \u00faltimos 60 a\u00f1os, en \u00e9sta zona. Sin embargo, para las zonas centro y norte del pa\u00eds, a\u00fan es pronto para avanzar resultados ya que quedan unas seis semanas para que se generalice la cosecha y las producciones finales depender\u00e1n de las condiciones climatol\u00f3gicas en este intervalo de tiempo.<\/p>\n\n\n\n<p>Con independencia de las cifras finales de producci\u00f3n, la sectorial de ASAJA ha hecho hincapi\u00e9 en la necesidad de dar soluci\u00f3n a una serie de problemas que afectan a los productores cerealistas y que tienen que ver con la prohibici\u00f3n de quema de restos de cosecha; los da\u00f1os producidos por la fauna cineg\u00e9tica; la falta de reciprocidad en las importaciones de cereales y la volatilidad de los precios.<\/p>\n\n\n\n<div class=\"wp-block-image\"><figure class=\"aligncenter size-large is-resized\"><img loading=\"lazy\" decoding=\"async\" src=\"https:\/\/www.asajacyl.com\/palencia\/wp-content\/uploads\/sites\/3\/2021\/05\/TRIGO-CEBADA-768x1024.jpg\" alt=\"\" class=\"wp-image-8295\" width=\"610\" height=\"809\" \/><\/figure><\/div>\n\n\n\n<p>Respecto al problema generado por la prohibici\u00f3n de la quema de los restos de cosecha, los agricultores piden sensibilidad a nuestros pol\u00edticos ya que esta pr\u00e1ctica es una herramienta con la que siempre ha contado el agricultor y que le ha facilitado el control de plagas y malas hierbas. Un a\u00f1o m\u00e1s, se ha demostrado que la eficacia de las materias activas que van quedando en el mercado cada vez es menor, por lo que la quema resulta cada vez m\u00e1s necesaria y constituye una herramienta \u00fatil para el agricultor.<\/p>\n\n\n\n<p>En cuanto a los da\u00f1os por fauna cineg\u00e9tica, se constata que los cierres perimetrales derivados de la pandemia, que han impedido una caza controlada de estos animales, han tenido como consecuencia la proliferaci\u00f3n de estas poblaciones, causando muchos da\u00f1os en los cultivos. En este sentido, ASAJA pide que los agricultores sean compensados por parte de la Administraci\u00f3n para paliar las mermas de cosecha.<\/p>\n\n\n\n<p>Otra de las conclusiones de esta sectorial tiene que ver con las importaciones de cereal. Desde ASAJA se reclama que se incrementen los controles en frontera y se exija reciprocidad a aquellos productos procedentes de terceros pa\u00edses, ya que \u00e9stos, en muchas ocasiones, no cumplen con las exigencias que se imponen a las producciones europeas. Las reglas del juego tienen que ser iguales para todos productores.<\/p>\n\n\n\n<p>Por \u00faltimo y ante el sorprendente aumento de las cotizaciones y la volatilidad de los precios en los mercados internacionales y mercados de futuros, la sectorial de ASAJA quiere dejar constancia que estos movimientos en el mercado obedecen fundamentalmente a pr\u00e1cticas especulativas y que los agricultores no se han beneficiado de estos precios, ya que las cosechas estaban vendidas con anterioridad.<\/p>\n","protected":false},"excerpt":{"rendered":"<p>Rendimientos desiguales, bajada de producci\u00f3n en la zona sur y gran incertidumbre en el centro y norte del pa\u00eds La sectorial de Cereales y Oleaginosas de ASAJA se ha reunido hoy en Madrid para analizar la evoluci\u00f3n de la campa\u00f1a de cultivos herb\u00e1ceos 2020-2021 y pronostica una cosecha en la media de los \u00faltimos a\u00f1os. [&hellip;]<\/p>\n","protected":false},"author":9,"featured_media":8295,"comment_status":"open","ping_status":"open","sticky":false,"template":"","format":"standard","meta":{"footnotes":""},"categories":[9,29,28],"tags":[],"yoast_head":"<!-- This site is optimized with the Yoast SEO plugin v24.5 - https:\/\/yoast.com\/wordpress\/plugins\/seo\/ -->\n<title>ASAJA vaticina una campa\u00f1a nacional de cereales en la media de los \u00faltimos a\u00f1os - ASAJA Palencia<\/title>\n<meta name=\"description\" content=\"Rendimientos desiguales, bajada de producci\u00f3n en la zona sur y gran incertidumbre en el centro y norte del pa\u00eds La sectorial de Cereales y Oleaginosas de\" \/>\n<meta name=\"robots\" content=\"index, follow, max-snippet:-1, max-image-preview:large, max-video-preview:-1\" \/>\n<link rel=\"canonical\" href=\"https:\/\/www.asajacyl.com\/palencia\/asaja-palencia-informa\/asaja-vaticina-una-campana-de-cereales-en-la-media-de-los-ultimos-anos\" \/>\n<meta property=\"og:locale\" content=\"es_ES\" \/>\n<meta property=\"og:type\" content=\"article\" \/>\n<meta property=\"og:title\" content=\"ASAJA vaticina una campa\u00f1a nacional de cereales en la media de los \u00faltimos a\u00f1os - ASAJA Palencia\" \/>\n<meta property=\"og:description\" content=\"Rendimientos desiguales, bajada de producci\u00f3n en la zona sur y gran incertidumbre en el centro y norte del pa\u00eds La sectorial de Cereales y Oleaginosas de\" \/>\n<meta property=\"og:url\" content=\"https:\/\/www.asajacyl.com\/palencia\/asaja-palencia-informa\/asaja-vaticina-una-campana-de-cereales-en-la-media-de-los-ultimos-anos\" \/>\n<meta property=\"og:site_name\" content=\"ASAJA Palencia\" \/>\n<meta property=\"article:published_time\" content=\"2021-05-19T16:54:23+00:00\" \/>\n<meta property=\"article:modified_time\" content=\"2021-05-20T06:01:25+00:00\" \/>\n<meta property=\"og:image\" content=\"https:\/\/www.asajacyl.com\/palencia\/wp-content\/uploads\/sites\/3\/2021\/05\/TRIGO-CEBADA.jpg\" \/>\n\t<meta property=\"og:image:width\" content=\"1875\" \/>\n\t<meta property=\"og:image:height\" content=\"2500\" \/>\n\t<meta property=\"og:image:type\" content=\"image\/jpeg\" \/>\n<meta name=\"author\" content=\"Administrador\" \/>\n<meta name=\"twitter:card\" content=\"summary_large_image\" \/>\n<meta name=\"twitter:label1\" content=\"Escrito por\" \/>\n\t<meta name=\"twitter:data1\" content=\"Administrador\" \/>\n\t<meta name=\"twitter:label2\" content=\"Tiempo de lectura\" \/>\n\t<meta name=\"twitter:data2\" content=\"3 minutos\" \/>\n<script type=\"application\/ld+json\" class=\"yoast-schema-graph\">{\"@context\":\"https:\/\/schema.org\",\"@graph\":[{\"@type\":\"WebPage\",\"@id\":\"https:\/\/www.asajacyl.com\/palencia\/asaja-palencia-informa\/asaja-vaticina-una-campana-de-cereales-en-la-media-de-los-ultimos-anos\",\"url\":\"https:\/\/www.asajacyl.com\/palencia\/asaja-palencia-informa\/asaja-vaticina-una-campana-de-cereales-en-la-media-de-los-ultimos-anos\",\"name\":\"ASAJA vaticina una campa\u00f1a nacional de cereales en la media de los \u00faltimos a\u00f1os - ASAJA Palencia\",\"isPartOf\":{\"@id\":\"https:\/\/www.asajacyl.com\/palencia\/#website\"},\"primaryImageOfPage\":{\"@id\":\"https:\/\/www.asajacyl.com\/palencia\/asaja-palencia-informa\/asaja-vaticina-una-campana-de-cereales-en-la-media-de-los-ultimos-anos#primaryimage\"},\"image\":{\"@id\":\"https:\/\/www.asajacyl.com\/palencia\/asaja-palencia-informa\/asaja-vaticina-una-campana-de-cereales-en-la-media-de-los-ultimos-anos#primaryimage\"},\"thumbnailUrl\":\"https:\/\/www.asajacyl.com\/palencia\/wp-content\/uploads\/sites\/3\/2021\/05\/TRIGO-CEBADA.jpg\",\"datePublished\":\"2021-05-19T16:54:23+00:00\",\"dateModified\":\"2021-05-20T06:01:25+00:00\",\"author\":{\"@id\":\"https:\/\/www.asajacyl.com\/palencia\/#\/schema\/person\/3ab17aeb03527485c317557fae64aab1\"},\"description\":\"Rendimientos desiguales, bajada de producci\u00f3n en la zona sur y gran incertidumbre en el centro y norte del pa\u00eds La sectorial de Cereales y Oleaginosas de\",\"breadcrumb\":{\"@id\":\"https:\/\/www.asajacyl.com\/palencia\/asaja-palencia-informa\/asaja-vaticina-una-campana-de-cereales-en-la-media-de-los-ultimos-anos#breadcrumb\"},\"inLanguage\":\"es\",\"potentialAction\":[{\"@type\":\"ReadAction\",\"target\":[\"https:\/\/www.asajacyl.com\/palencia\/asaja-palencia-informa\/asaja-vaticina-una-campana-de-cereales-en-la-media-de-los-ultimos-anos\"]}]},{\"@type\":\"ImageObject\",\"inLanguage\":\"es\",\"@id\":\"https:\/\/www.asajacyl.com\/palencia\/asaja-palencia-informa\/asaja-vaticina-una-campana-de-cereales-en-la-media-de-los-ultimos-anos#primaryimage\",\"url\":\"https:\/\/www.asajacyl.com\/palencia\/wp-content\/uploads\/sites\/3\/2021\/05\/TRIGO-CEBADA.jpg\",\"contentUrl\":\"https:\/\/www.asajacyl.com\/palencia\/wp-content\/uploads\/sites\/3\/2021\/05\/TRIGO-CEBADA.jpg\",\"width\":1875,\"height\":2500},{\"@type\":\"BreadcrumbList\",\"@id\":\"https:\/\/www.asajacyl.com\/palencia\/asaja-palencia-informa\/asaja-vaticina-una-campana-de-cereales-en-la-media-de-los-ultimos-anos#breadcrumb\",\"itemListElement\":[{\"@type\":\"ListItem\",\"position\":1,\"name\":\"Portada\",\"item\":\"https:\/\/www.asajacyl.com\/palencia\/\"},{\"@type\":\"ListItem\",\"position\":2,\"name\":\"ASAJA vaticina una campa\u00f1a nacional de cereales en la media de los \u00faltimos a\u00f1os\"}]},{\"@type\":\"WebSite\",\"@id\":\"https:\/\/www.asajacyl.com\/palencia\/#website\",\"url\":\"https:\/\/www.asajacyl.com\/palencia\/\",\"name\":\"ASAJA Palencia\",\"description\":\"Otro sitio m\u00e1s de Provincias ASAJA Castilla y Le\u00f3n\",\"potentialAction\":[{\"@type\":\"SearchAction\",\"target\":{\"@type\":\"EntryPoint\",\"urlTemplate\":\"https:\/\/www.asajacyl.com\/palencia\/?s={search_term_string}\"},\"query-input\":{\"@type\":\"PropertyValueSpecification\",\"valueRequired\":true,\"valueName\":\"search_term_string\"}}],\"inLanguage\":\"es\"},{\"@type\":\"Person\",\"@id\":\"https:\/\/www.asajacyl.com\/palencia\/#\/schema\/person\/3ab17aeb03527485c317557fae64aab1\",\"name\":\"Administrador\",\"image\":{\"@type\":\"ImageObject\",\"inLanguage\":\"es\",\"@id\":\"https:\/\/www.asajacyl.com\/palencia\/#\/schema\/person\/image\/\",\"url\":\"https:\/\/secure.gravatar.com\/avatar\/517384810d242ca9e38c180f3c9fb973?s=96&d=mm&r=g\",\"contentUrl\":\"https:\/\/secure.gravatar.com\/avatar\/517384810d242ca9e38c180f3c9fb973?s=96&d=mm&r=g\",\"caption\":\"Administrador\"},\"url\":\"https:\/\/www.asajacyl.com\/palencia\/author\/carlosrm\"}]}<\/script>\n<!-- \/ Yoast SEO plugin. -->","yoast_head_json":{"title":"ASAJA vaticina una campa\u00f1a nacional de cereales en la media de los \u00faltimos a\u00f1os - ASAJA Palencia","description":"Rendimientos desiguales, bajada de producci\u00f3n en la zona sur y gran incertidumbre en el centro y norte del pa\u00eds La sectorial de Cereales y Oleaginosas de","robots":{"index":"index","follow":"follow","max-snippet":"max-snippet:-1","max-image-preview":"max-image-preview:large","max-video-preview":"max-video-preview:-1"},"canonical":"https:\/\/www.asajacyl.com\/palencia\/asaja-palencia-informa\/asaja-vaticina-una-campana-de-cereales-en-la-media-de-los-ultimos-anos","og_locale":"es_ES","og_type":"article","og_title":"ASAJA vaticina una campa\u00f1a nacional de cereales en la media de los \u00faltimos a\u00f1os - ASAJA Palencia","og_description":"Rendimientos desiguales, bajada de producci\u00f3n en la zona sur y gran incertidumbre en el centro y norte del pa\u00eds La sectorial de Cereales y Oleaginosas de","og_url":"https:\/\/www.asajacyl.com\/palencia\/asaja-palencia-informa\/asaja-vaticina-una-campana-de-cereales-en-la-media-de-los-ultimos-anos","og_site_name":"ASAJA Palencia","article_published_time":"2021-05-19T16:54:23+00:00","article_modified_time":"2021-05-20T06:01:25+00:00","og_image":[{"width":1875,"height":2500,"url":"https:\/\/www.asajacyl.com\/palencia\/wp-content\/uploads\/sites\/3\/2021\/05\/TRIGO-CEBADA.jpg","type":"image\/jpeg"}],"author":"Administrador","twitter_card":"summary_large_image","twitter_misc":{"Escrito por":"Administrador","Tiempo de lectura":"3 minutos"},"schema":{"@context":"https:\/\/schema.org","@graph":[{"@type":"WebPage","@id":"https:\/\/www.asajacyl.com\/palencia\/asaja-palencia-informa\/asaja-vaticina-una-campana-de-cereales-en-la-media-de-los-ultimos-anos","url":"https:\/\/www.asajacyl.com\/palencia\/asaja-palencia-informa\/asaja-vaticina-una-campana-de-cereales-en-la-media-de-los-ultimos-anos","name":"ASAJA vaticina una campa\u00f1a nacional de cereales en la media de los \u00faltimos a\u00f1os - ASAJA Palencia","isPartOf":{"@id":"https:\/\/www.asajacyl.com\/palencia\/#website"},"primaryImageOfPage":{"@id":"https:\/\/www.asajacyl.com\/palencia\/asaja-palencia-informa\/asaja-vaticina-una-campana-de-cereales-en-la-media-de-los-ultimos-anos#primaryimage"},"image":{"@id":"https:\/\/www.asajacyl.com\/palencia\/asaja-palencia-informa\/asaja-vaticina-una-campana-de-cereales-en-la-media-de-los-ultimos-anos#primaryimage"},"thumbnailUrl":"https:\/\/www.asajacyl.com\/palencia\/wp-content\/uploads\/sites\/3\/2021\/05\/TRIGO-CEBADA.jpg","datePublished":"2021-05-19T16:54:23+00:00","dateModified":"2021-05-20T06:01:25+00:00","author":{"@id":"https:\/\/www.asajacyl.com\/palencia\/#\/schema\/person\/3ab17aeb03527485c317557fae64aab1"},"description":"Rendimientos desiguales, bajada de producci\u00f3n en la zona sur y gran incertidumbre en el centro y norte del pa\u00eds La sectorial de Cereales y Oleaginosas de","breadcrumb":{"@id":"https:\/\/www.asajacyl.com\/palencia\/asaja-palencia-informa\/asaja-vaticina-una-campana-de-cereales-en-la-media-de-los-ultimos-anos#breadcrumb"},"inLanguage":"es","potentialAction":[{"@type":"ReadAction","target":["https:\/\/www.asajacyl.com\/palencia\/asaja-palencia-informa\/asaja-vaticina-una-campana-de-cereales-en-la-media-de-los-ultimos-anos"]}]},{"@type":"ImageObject","inLanguage":"es","@id":"https:\/\/www.asajacyl.com\/palencia\/asaja-palencia-informa\/asaja-vaticina-una-campana-de-cereales-en-la-media-de-los-ultimos-anos#primaryimage","url":"https:\/\/www.asajacyl.com\/palencia\/wp-content\/uploads\/sites\/3\/2021\/05\/TRIGO-CEBADA.jpg","contentUrl":"https:\/\/www.asajacyl.com\/palencia\/wp-content\/uploads\/sites\/3\/2021\/05\/TRIGO-CEBADA.jpg","width":1875,"height":2500},{"@type":"BreadcrumbList","@id":"https:\/\/www.asajacyl.com\/palencia\/asaja-palencia-informa\/asaja-vaticina-una-campana-de-cereales-en-la-media-de-los-ultimos-anos#breadcrumb","itemListElement":[{"@type":"ListItem","position":1,"name":"Portada","item":"https:\/\/www.asajacyl.com\/palencia\/"},{"@type":"ListItem","position":2,"name":"ASAJA vaticina una campa\u00f1a nacional de cereales en la media de los \u00faltimos a\u00f1os"}]},{"@type":"WebSite","@id":"https:\/\/www.asajacyl.com\/palencia\/#website","url":"https:\/\/www.asajacyl.com\/palencia\/","name":"ASAJA Palencia","description":"Otro sitio m\u00e1s de Provincias ASAJA Castilla y Le\u00f3n","potentialAction":[{"@type":"SearchAction","target":{"@type":"EntryPoint","urlTemplate":"https:\/\/www.asajacyl.com\/palencia\/?s={search_term_string}"},"query-input":{"@type":"PropertyValueSpecification","valueRequired":true,"valueName":"search_term_string"}}],"inLanguage":"es"},{"@type":"Person","@id":"https:\/\/www.asajacyl.com\/palencia\/#\/schema\/person\/3ab17aeb03527485c317557fae64aab1","name":"Administrador","image":{"@type":"ImageObject","inLanguage":"es","@id":"https:\/\/www.asajacyl.com\/palencia\/#\/schema\/person\/image\/","url":"https:\/\/secure.gravatar.com\/avatar\/517384810d242ca9e38c180f3c9fb973?s=96&d=mm&r=g","contentUrl":"https:\/\/secure.gravatar.com\/avatar\/517384810d242ca9e38c180f3c9fb973?s=96&d=mm&r=g","caption":"Administrador"},"url":"https:\/\/www.asajacyl.com\/palencia\/author\/carlosrm"}]}},"_links":{"self":[{"href":"https:\/\/www.asajacyl.com\/palencia\/wp-json\/wp\/v2\/posts\/8379"}],"collection":[{"href":"https:\/\/www.asajacyl.com\/palencia\/wp-json\/wp\/v2\/posts"}],"about":[{"href":"https:\/\/www.asajacyl.com\/palencia\/wp-json\/wp\/v2\/types\/post"}],"author":[{"embeddable":true,"href":"https:\/\/www.asajacyl.com\/palencia\/wp-json\/wp\/v2\/users\/9"}],"replies":[{"embeddable":true,"href":"https:\/\/www.asajacyl.com\/palencia\/wp-json\/wp\/v2\/comments?post=8379"}],"version-history":[{"count":2,"href":"https:\/\/www.asajacyl.com\/palencia\/wp-json\/wp\/v2\/posts\/8379\/revisions"}],"predecessor-version":[{"id":8383,"href":"https:\/\/www.asajacyl.com\/palencia\/wp-json\/wp\/v2\/posts\/8379\/revisions\/8383"}],"wp:featuredmedia":[{"embeddable":true,"href":"https:\/\/www.asajacyl.com\/palencia\/wp-json\/wp\/v2\/media\/8295"}],"wp:attachment":[{"href":"https:\/\/www.asajacyl.com\/palencia\/wp-json\/wp\/v2\/media?parent=8379"}],"wp:term":[{"taxonomy":"category","embeddable":true,"href":"https:\/\/www.asajacyl.com\/palencia\/wp-json\/wp\/v2\/categories?post=8379"},{"taxonomy":"post_tag","embeddable":true,"href":"https:\/\/www.asajacyl.com\/palencia\/wp-json\/wp\/v2\/tags?post=8379"}],"curies":[{"name":"wp","href":"https:\/\/api.w.org\/{rel}","templated":true}]}}