{"id":8384,"date":"2021-05-20T10:54:03","date_gmt":"2021-05-20T08:54:03","guid":{"rendered":"https:\/\/www.asajacyl.com\/palencia\/?p=8384"},"modified":"2021-05-20T10:54:25","modified_gmt":"2021-05-20T08:54:25","slug":"asaja-coag-y-upa-exigen-la-retirada-del-proyecto-de-orden-que-incluye-al-lobo-en-el-lespre-o-pediran-la-dimision-de-teresa-ribera","status":"publish","type":"post","link":"https:\/\/www.asajacyl.com\/palencia\/asaja-palencia-informa\/asaja-coag-y-upa-exigen-la-retirada-del-proyecto-de-orden-que-incluye-al-lobo-en-el-lespre-o-pediran-la-dimision-de-teresa-ribera","title":{"rendered":"ASAJA, COAG y UPA exigen la retirada del proyecto de orden que incluye al lobo en el LESPRE o pedir\u00e1n la dimisi\u00f3n de Teresa Ribera"},"content":{"rendered":"\n<ul><li><strong><em>La sorprendente publicaci\u00f3n de ayer del proyecto de orden ministerial que incluye el lobo en el listado de Especies Silvestres de Protecci\u00f3n Especial (LESPRE) supondr\u00eda liquidar el marco de negociaci\u00f3n abierto para buscar el consenso<\/em><\/strong><\/li><li><strong><em>La ministra para la Transici\u00f3n Ecol\u00f3gica y Reto Demogr\u00e1fico, Teresa Ribera, incumple de forma unilateral lo expuesto a las organizaciones agrarias en la reuni\u00f3n del 12 de mayo, en la que el Director de Biodiversidad del MITECO afirm\u00f3 que se vincular\u00eda la aprobaci\u00f3n de esta orden a una estrategia integral de gesti\u00f3n y control del lobo consensuada previamente con ganaderos y CC.AA.<\/em><\/strong><\/li><li><strong><em>Tras este movimiento, subyace la verdadera intenci\u00f3n del ministerio para la Transici\u00f3n Ecol\u00f3gica: primar la expansi\u00f3n del lobo en el territorio, ignorando las consecuencias que ello tendr\u00e1 para la ganader\u00eda extensiva y las zonas rurales m\u00e1s afectadas.<\/em><\/strong><\/li><\/ul>\n\n\n\n<p>ASAJA, COAG y UPA pedir\u00e1n la dimisi\u00f3n de la vicepresidenta Teresa Ribera si, con car\u00e1cter inmediato, no se retira el proyecto de orden ministerial que incluye el Lobo en el listado de Especies Silvestres de Protecci\u00f3n Especial (LESPRE). La sorprendente publicaci\u00f3n de ayer del proyecto de orden ministerial que incluye el lobo en el listado supondr\u00eda liquidar el marco de negociaci\u00f3n abierto para buscar el consenso.<\/p>\n\n\n\n<p>Con este movimiento, la ministra para la Transici\u00f3n Ecol\u00f3gica y el Reto Demogr\u00e1fico incumple de forma unilateral lo expuesto a las organizaciones agrarias en la reuni\u00f3n del 12 de mayo, en la que el Director de Biodiversidad del MITECO afirm\u00f3 que se vincular\u00eda la aprobaci\u00f3n de esta orden a una estrategia integral de gesti\u00f3n y control del lobo consensuada previamente con ganaderos y CC.AA. Asimismo, ASAJA COAG y UPA rechazan frontalmente la fecha del 25 de septiembre como l\u00edmite de entrada del Lobo en el LESPRE.<\/p>\n\n\n\n<p>El rechazo de las organizaciones agrarias viene motivado por las siguientes cuestiones:<\/p>\n\n\n\n<p>\u2022 La inclusi\u00f3n o no del lobo en el LESPRE s\u00f3lo puede ser el resultado o conclusi\u00f3n a partir de la elaboraci\u00f3n de una Estrategia de Conservaci\u00f3n del lobo y una normativa que d\u00e9 seguridad jur\u00eddica.<\/p>\n\n\n\n<p>\u2022 Existe de nuevo una contradicci\u00f3n por parte del MITECO si sigue adelante con la publicaci\u00f3n de esta orden, ya que no es posible abordar de forma efectiva una Estrategia de Conservaci\u00f3n del lobo si no hay una visi\u00f3n integral de la situaci\u00f3n. Es necesario que, una vez que haya sido consensuada la Estrategia, se adopten las medidas necesarias para clasificar al lobo donde sea m\u00e1s adecuado para su conservaci\u00f3n sin menoscabar ni poner en peligro a la actividad ganadera.<\/p>\n\n\n\n<p>\u2022 La intenci\u00f3n y celeridad en publicar esta orden ministerial solo puede indicar que el objetivo \u00fanico del MITECO es el de la expansi\u00f3n del lobo en el territorio, ignorando las consecuencias que esto tendr\u00e1 para la ganader\u00eda extensiva y para el medio rural.<\/p>\n\n\n\n<p>\u2022 Antes de realizar actuaciones dirigidas a la expansi\u00f3n y aumento en el n\u00famero de lobos es necesario analizar el actual n\u00famero de manadas y ejemplares que existen y debatir las medidas m\u00e1s adecuadas y efectivas que faciliten la coexistencia del lobo con la ganader\u00eda: control poblacional, ayudas para implementar medidas de prevenci\u00f3n y compensaciones p\u00fablicas frente a los da\u00f1os.<\/p>\n\n\n\n<p>\u2022 En este proyecto de orden queda recogida de forma difusa la vinculaci\u00f3n de la entrada en vigor de la norma con la publicaci\u00f3n de la Estrategia de Conservaci\u00f3n del lobo y nuevamente observamos la contradicci\u00f3n de este Ministerio, no pudiendo justificar esta actuaci\u00f3n. La inclusi\u00f3n o no del lobo en el LESPRE tiene que ser el resultado de un trabajo conjunto entre OPAS y Comunidades Aut\u00f3nomas afectadas.<\/p>\n","protected":false},"excerpt":{"rendered":"<p>La sorprendente publicaci\u00f3n de ayer del proyecto de orden ministerial que incluye el lobo en el listado de Especies Silvestres de Protecci\u00f3n Especial (LESPRE) supondr\u00eda liquidar el marco de negociaci\u00f3n abierto para buscar el consenso La ministra para la Transici\u00f3n Ecol\u00f3gica y Reto Demogr\u00e1fico, Teresa Ribera, incumple de forma unilateral lo expuesto a las organizaciones [&hellip;]<\/p>\n","protected":false},"author":9,"featured_media":7776,"comment_status":"open","ping_status":"open","sticky":false,"template":"","format":"standard","meta":{"footnotes":""},"categories":[9,29,28],"tags":[],"yoast_head":"<!-- This site is optimized with the Yoast SEO plugin v24.5 - https:\/\/yoast.com\/wordpress\/plugins\/seo\/ -->\n<title>ASAJA, COAG y UPA exigen la retirada del proyecto de orden que incluye al lobo en el LESPRE o pedir\u00e1n la dimisi\u00f3n de Teresa Ribera - ASAJA Palencia<\/title>\n<meta name=\"description\" content=\"La sorprendente publicaci\u00f3n de ayer del proyecto de orden ministerial que incluye el lobo en el listado de Especies Silvestres de Protecci\u00f3n Especial\" \/>\n<meta name=\"robots\" content=\"index, follow, max-snippet:-1, max-image-preview:large, max-video-preview:-1\" \/>\n<link rel=\"canonical\" href=\"https:\/\/www.asajacyl.com\/palencia\/asaja-palencia-informa\/asaja-coag-y-upa-exigen-la-retirada-del-proyecto-de-orden-que-incluye-al-lobo-en-el-lespre-o-pediran-la-dimision-de-teresa-ribera\" \/>\n<meta property=\"og:locale\" content=\"es_ES\" \/>\n<meta property=\"og:type\" content=\"article\" \/>\n<meta property=\"og:title\" content=\"ASAJA, COAG y UPA exigen la retirada del proyecto de orden que incluye al lobo en el LESPRE o pedir\u00e1n la dimisi\u00f3n de Teresa Ribera - ASAJA Palencia\" \/>\n<meta property=\"og:description\" content=\"La sorprendente publicaci\u00f3n de ayer del proyecto de orden ministerial que incluye el lobo en el listado de Especies Silvestres de Protecci\u00f3n Especial\" \/>\n<meta property=\"og:url\" content=\"https:\/\/www.asajacyl.com\/palencia\/asaja-palencia-informa\/asaja-coag-y-upa-exigen-la-retirada-del-proyecto-de-orden-que-incluye-al-lobo-en-el-lespre-o-pediran-la-dimision-de-teresa-ribera\" \/>\n<meta property=\"og:site_name\" content=\"ASAJA Palencia\" \/>\n<meta property=\"article:published_time\" content=\"2021-05-20T08:54:03+00:00\" \/>\n<meta property=\"article:modified_time\" content=\"2021-05-20T08:54:25+00:00\" \/>\n<meta property=\"og:image\" content=\"https:\/\/www.asajacyl.com\/palencia\/wp-content\/uploads\/sites\/3\/2020\/11\/foto-lobo-valberzoso.jpg\" \/>\n\t<meta property=\"og:image:width\" content=\"1599\" \/>\n\t<meta property=\"og:image:height\" content=\"1186\" \/>\n\t<meta property=\"og:image:type\" content=\"image\/jpeg\" \/>\n<meta name=\"author\" content=\"Administrador\" \/>\n<meta name=\"twitter:card\" content=\"summary_large_image\" \/>\n<meta name=\"twitter:label1\" content=\"Escrito por\" \/>\n\t<meta name=\"twitter:data1\" content=\"Administrador\" \/>\n\t<meta name=\"twitter:label2\" content=\"Tiempo de lectura\" \/>\n\t<meta name=\"twitter:data2\" content=\"3 minutos\" \/>\n<script type=\"application\/ld+json\" class=\"yoast-schema-graph\">{\"@context\":\"https:\/\/schema.org\",\"@graph\":[{\"@type\":\"WebPage\",\"@id\":\"https:\/\/www.asajacyl.com\/palencia\/asaja-palencia-informa\/asaja-coag-y-upa-exigen-la-retirada-del-proyecto-de-orden-que-incluye-al-lobo-en-el-lespre-o-pediran-la-dimision-de-teresa-ribera\",\"url\":\"https:\/\/www.asajacyl.com\/palencia\/asaja-palencia-informa\/asaja-coag-y-upa-exigen-la-retirada-del-proyecto-de-orden-que-incluye-al-lobo-en-el-lespre-o-pediran-la-dimision-de-teresa-ribera\",\"name\":\"ASAJA, COAG y UPA exigen la retirada del proyecto de orden que incluye al lobo en el LESPRE o pedir\u00e1n la dimisi\u00f3n de Teresa Ribera - ASAJA Palencia\",\"isPartOf\":{\"@id\":\"https:\/\/www.asajacyl.com\/palencia\/#website\"},\"primaryImageOfPage\":{\"@id\":\"https:\/\/www.asajacyl.com\/palencia\/asaja-palencia-informa\/asaja-coag-y-upa-exigen-la-retirada-del-proyecto-de-orden-que-incluye-al-lobo-en-el-lespre-o-pediran-la-dimision-de-teresa-ribera#primaryimage\"},\"image\":{\"@id\":\"https:\/\/www.asajacyl.com\/palencia\/asaja-palencia-informa\/asaja-coag-y-upa-exigen-la-retirada-del-proyecto-de-orden-que-incluye-al-lobo-en-el-lespre-o-pediran-la-dimision-de-teresa-ribera#primaryimage\"},\"thumbnailUrl\":\"https:\/\/www.asajacyl.com\/palencia\/wp-content\/uploads\/sites\/3\/2020\/11\/foto-lobo-valberzoso.jpg\",\"datePublished\":\"2021-05-20T08:54:03+00:00\",\"dateModified\":\"2021-05-20T08:54:25+00:00\",\"author\":{\"@id\":\"https:\/\/www.asajacyl.com\/palencia\/#\/schema\/person\/3ab17aeb03527485c317557fae64aab1\"},\"description\":\"La sorprendente publicaci\u00f3n de ayer del proyecto de orden ministerial que incluye el lobo en el listado de Especies Silvestres de Protecci\u00f3n Especial\",\"breadcrumb\":{\"@id\":\"https:\/\/www.asajacyl.com\/palencia\/asaja-palencia-informa\/asaja-coag-y-upa-exigen-la-retirada-del-proyecto-de-orden-que-incluye-al-lobo-en-el-lespre-o-pediran-la-dimision-de-teresa-ribera#breadcrumb\"},\"inLanguage\":\"es\",\"potentialAction\":[{\"@type\":\"ReadAction\",\"target\":[\"https:\/\/www.asajacyl.com\/palencia\/asaja-palencia-informa\/asaja-coag-y-upa-exigen-la-retirada-del-proyecto-de-orden-que-incluye-al-lobo-en-el-lespre-o-pediran-la-dimision-de-teresa-ribera\"]}]},{\"@type\":\"ImageObject\",\"inLanguage\":\"es\",\"@id\":\"https:\/\/www.asajacyl.com\/palencia\/asaja-palencia-informa\/asaja-coag-y-upa-exigen-la-retirada-del-proyecto-de-orden-que-incluye-al-lobo-en-el-lespre-o-pediran-la-dimision-de-teresa-ribera#primaryimage\",\"url\":\"https:\/\/www.asajacyl.com\/palencia\/wp-content\/uploads\/sites\/3\/2020\/11\/foto-lobo-valberzoso.jpg\",\"contentUrl\":\"https:\/\/www.asajacyl.com\/palencia\/wp-content\/uploads\/sites\/3\/2020\/11\/foto-lobo-valberzoso.jpg\",\"width\":1599,\"height\":1186},{\"@type\":\"BreadcrumbList\",\"@id\":\"https:\/\/www.asajacyl.com\/palencia\/asaja-palencia-informa\/asaja-coag-y-upa-exigen-la-retirada-del-proyecto-de-orden-que-incluye-al-lobo-en-el-lespre-o-pediran-la-dimision-de-teresa-ribera#breadcrumb\",\"itemListElement\":[{\"@type\":\"ListItem\",\"position\":1,\"name\":\"Portada\",\"item\":\"https:\/\/www.asajacyl.com\/palencia\/\"},{\"@type\":\"ListItem\",\"position\":2,\"name\":\"ASAJA, COAG y UPA exigen la retirada del proyecto de orden que incluye al lobo en el LESPRE o pedir\u00e1n la dimisi\u00f3n de Teresa Ribera\"}]},{\"@type\":\"WebSite\",\"@id\":\"https:\/\/www.asajacyl.com\/palencia\/#website\",\"url\":\"https:\/\/www.asajacyl.com\/palencia\/\",\"name\":\"ASAJA Palencia\",\"description\":\"Otro sitio m\u00e1s de Provincias ASAJA Castilla y Le\u00f3n\",\"potentialAction\":[{\"@type\":\"SearchAction\",\"target\":{\"@type\":\"EntryPoint\",\"urlTemplate\":\"https:\/\/www.asajacyl.com\/palencia\/?s={search_term_string}\"},\"query-input\":{\"@type\":\"PropertyValueSpecification\",\"valueRequired\":true,\"valueName\":\"search_term_string\"}}],\"inLanguage\":\"es\"},{\"@type\":\"Person\",\"@id\":\"https:\/\/www.asajacyl.com\/palencia\/#\/schema\/person\/3ab17aeb03527485c317557fae64aab1\",\"name\":\"Administrador\",\"image\":{\"@type\":\"ImageObject\",\"inLanguage\":\"es\",\"@id\":\"https:\/\/www.asajacyl.com\/palencia\/#\/schema\/person\/image\/\",\"url\":\"https:\/\/secure.gravatar.com\/avatar\/517384810d242ca9e38c180f3c9fb973?s=96&d=mm&r=g\",\"contentUrl\":\"https:\/\/secure.gravatar.com\/avatar\/517384810d242ca9e38c180f3c9fb973?s=96&d=mm&r=g\",\"caption\":\"Administrador\"},\"url\":\"https:\/\/www.asajacyl.com\/palencia\/author\/carlosrm\"}]}<\/script>\n<!-- \/ Yoast SEO plugin. -->","yoast_head_json":{"title":"ASAJA, COAG y UPA exigen la retirada del proyecto de orden que incluye al lobo en el LESPRE o pedir\u00e1n la dimisi\u00f3n de Teresa Ribera - ASAJA Palencia","description":"La sorprendente publicaci\u00f3n de ayer del proyecto de orden ministerial que incluye el lobo en el listado de Especies Silvestres de Protecci\u00f3n Especial","robots":{"index":"index","follow":"follow","max-snippet":"max-snippet:-1","max-image-preview":"max-image-preview:large","max-video-preview":"max-video-preview:-1"},"canonical":"https:\/\/www.asajacyl.com\/palencia\/asaja-palencia-informa\/asaja-coag-y-upa-exigen-la-retirada-del-proyecto-de-orden-que-incluye-al-lobo-en-el-lespre-o-pediran-la-dimision-de-teresa-ribera","og_locale":"es_ES","og_type":"article","og_title":"ASAJA, COAG y UPA exigen la retirada del proyecto de orden que incluye al lobo en el LESPRE o pedir\u00e1n la dimisi\u00f3n de Teresa Ribera - ASAJA Palencia","og_description":"La sorprendente publicaci\u00f3n de ayer del proyecto de orden ministerial que incluye el lobo en el listado de Especies Silvestres de Protecci\u00f3n Especial","og_url":"https:\/\/www.asajacyl.com\/palencia\/asaja-palencia-informa\/asaja-coag-y-upa-exigen-la-retirada-del-proyecto-de-orden-que-incluye-al-lobo-en-el-lespre-o-pediran-la-dimision-de-teresa-ribera","og_site_name":"ASAJA Palencia","article_published_time":"2021-05-20T08:54:03+00:00","article_modified_time":"2021-05-20T08:54:25+00:00","og_image":[{"width":1599,"height":1186,"url":"https:\/\/www.asajacyl.com\/palencia\/wp-content\/uploads\/sites\/3\/2020\/11\/foto-lobo-valberzoso.jpg","type":"image\/jpeg"}],"author":"Administrador","twitter_card":"summary_large_image","twitter_misc":{"Escrito por":"Administrador","Tiempo de lectura":"3 minutos"},"schema":{"@context":"https:\/\/schema.org","@graph":[{"@type":"WebPage","@id":"https:\/\/www.asajacyl.com\/palencia\/asaja-palencia-informa\/asaja-coag-y-upa-exigen-la-retirada-del-proyecto-de-orden-que-incluye-al-lobo-en-el-lespre-o-pediran-la-dimision-de-teresa-ribera","url":"https:\/\/www.asajacyl.com\/palencia\/asaja-palencia-informa\/asaja-coag-y-upa-exigen-la-retirada-del-proyecto-de-orden-que-incluye-al-lobo-en-el-lespre-o-pediran-la-dimision-de-teresa-ribera","name":"ASAJA, COAG y UPA exigen la retirada del proyecto de orden que incluye al lobo en el LESPRE o pedir\u00e1n la dimisi\u00f3n de Teresa Ribera - ASAJA Palencia","isPartOf":{"@id":"https:\/\/www.asajacyl.com\/palencia\/#website"},"primaryImageOfPage":{"@id":"https:\/\/www.asajacyl.com\/palencia\/asaja-palencia-informa\/asaja-coag-y-upa-exigen-la-retirada-del-proyecto-de-orden-que-incluye-al-lobo-en-el-lespre-o-pediran-la-dimision-de-teresa-ribera#primaryimage"},"image":{"@id":"https:\/\/www.asajacyl.com\/palencia\/asaja-palencia-informa\/asaja-coag-y-upa-exigen-la-retirada-del-proyecto-de-orden-que-incluye-al-lobo-en-el-lespre-o-pediran-la-dimision-de-teresa-ribera#primaryimage"},"thumbnailUrl":"https:\/\/www.asajacyl.com\/palencia\/wp-content\/uploads\/sites\/3\/2020\/11\/foto-lobo-valberzoso.jpg","datePublished":"2021-05-20T08:54:03+00:00","dateModified":"2021-05-20T08:54:25+00:00","author":{"@id":"https:\/\/www.asajacyl.com\/palencia\/#\/schema\/person\/3ab17aeb03527485c317557fae64aab1"},"description":"La sorprendente publicaci\u00f3n de ayer del proyecto de orden ministerial que incluye el lobo en el listado de Especies Silvestres de Protecci\u00f3n Especial","breadcrumb":{"@id":"https:\/\/www.asajacyl.com\/palencia\/asaja-palencia-informa\/asaja-coag-y-upa-exigen-la-retirada-del-proyecto-de-orden-que-incluye-al-lobo-en-el-lespre-o-pediran-la-dimision-de-teresa-ribera#breadcrumb"},"inLanguage":"es","potentialAction":[{"@type":"ReadAction","target":["https:\/\/www.asajacyl.com\/palencia\/asaja-palencia-informa\/asaja-coag-y-upa-exigen-la-retirada-del-proyecto-de-orden-que-incluye-al-lobo-en-el-lespre-o-pediran-la-dimision-de-teresa-ribera"]}]},{"@type":"ImageObject","inLanguage":"es","@id":"https:\/\/www.asajacyl.com\/palencia\/asaja-palencia-informa\/asaja-coag-y-upa-exigen-la-retirada-del-proyecto-de-orden-que-incluye-al-lobo-en-el-lespre-o-pediran-la-dimision-de-teresa-ribera#primaryimage","url":"https:\/\/www.asajacyl.com\/palencia\/wp-content\/uploads\/sites\/3\/2020\/11\/foto-lobo-valberzoso.jpg","contentUrl":"https:\/\/www.asajacyl.com\/palencia\/wp-content\/uploads\/sites\/3\/2020\/11\/foto-lobo-valberzoso.jpg","width":1599,"height":1186},{"@type":"BreadcrumbList","@id":"https:\/\/www.asajacyl.com\/palencia\/asaja-palencia-informa\/asaja-coag-y-upa-exigen-la-retirada-del-proyecto-de-orden-que-incluye-al-lobo-en-el-lespre-o-pediran-la-dimision-de-teresa-ribera#breadcrumb","itemListElement":[{"@type":"ListItem","position":1,"name":"Portada","item":"https:\/\/www.asajacyl.com\/palencia\/"},{"@type":"ListItem","position":2,"name":"ASAJA, COAG y UPA exigen la retirada del proyecto de orden que incluye al lobo en el LESPRE o pedir\u00e1n la dimisi\u00f3n de Teresa Ribera"}]},{"@type":"WebSite","@id":"https:\/\/www.asajacyl.com\/palencia\/#website","url":"https:\/\/www.asajacyl.com\/palencia\/","name":"ASAJA Palencia","description":"Otro sitio m\u00e1s de Provincias ASAJA Castilla y Le\u00f3n","potentialAction":[{"@type":"SearchAction","target":{"@type":"EntryPoint","urlTemplate":"https:\/\/www.asajacyl.com\/palencia\/?s={search_term_string}"},"query-input":{"@type":"PropertyValueSpecification","valueRequired":true,"valueName":"search_term_string"}}],"inLanguage":"es"},{"@type":"Person","@id":"https:\/\/www.asajacyl.com\/palencia\/#\/schema\/person\/3ab17aeb03527485c317557fae64aab1","name":"Administrador","image":{"@type":"ImageObject","inLanguage":"es","@id":"https:\/\/www.asajacyl.com\/palencia\/#\/schema\/person\/image\/","url":"https:\/\/secure.gravatar.com\/avatar\/517384810d242ca9e38c180f3c9fb973?s=96&d=mm&r=g","contentUrl":"https:\/\/secure.gravatar.com\/avatar\/517384810d242ca9e38c180f3c9fb973?s=96&d=mm&r=g","caption":"Administrador"},"url":"https:\/\/www.asajacyl.com\/palencia\/author\/carlosrm"}]}},"_links":{"self":[{"href":"https:\/\/www.asajacyl.com\/palencia\/wp-json\/wp\/v2\/posts\/8384"}],"collection":[{"href":"https:\/\/www.asajacyl.com\/palencia\/wp-json\/wp\/v2\/posts"}],"about":[{"href":"https:\/\/www.asajacyl.com\/palencia\/wp-json\/wp\/v2\/types\/post"}],"author":[{"embeddable":true,"href":"https:\/\/www.asajacyl.com\/palencia\/wp-json\/wp\/v2\/users\/9"}],"replies":[{"embeddable":true,"href":"https:\/\/www.asajacyl.com\/palencia\/wp-json\/wp\/v2\/comments?post=8384"}],"version-history":[{"count":2,"href":"https:\/\/www.asajacyl.com\/palencia\/wp-json\/wp\/v2\/posts\/8384\/revisions"}],"predecessor-version":[{"id":8386,"href":"https:\/\/www.asajacyl.com\/palencia\/wp-json\/wp\/v2\/posts\/8384\/revisions\/8386"}],"wp:featuredmedia":[{"embeddable":true,"href":"https:\/\/www.asajacyl.com\/palencia\/wp-json\/wp\/v2\/media\/7776"}],"wp:attachment":[{"href":"https:\/\/www.asajacyl.com\/palencia\/wp-json\/wp\/v2\/media?parent=8384"}],"wp:term":[{"taxonomy":"category","embeddable":true,"href":"https:\/\/www.asajacyl.com\/palencia\/wp-json\/wp\/v2\/categories?post=8384"},{"taxonomy":"post_tag","embeddable":true,"href":"https:\/\/www.asajacyl.com\/palencia\/wp-json\/wp\/v2\/tags?post=8384"}],"curies":[{"name":"wp","href":"https:\/\/api.w.org\/{rel}","templated":true}]}}