{"id":8391,"date":"2021-05-21T13:34:05","date_gmt":"2021-05-21T11:34:05","guid":{"rendered":"https:\/\/www.asajacyl.com\/palencia\/?p=8391"},"modified":"2021-05-21T13:37:44","modified_gmt":"2021-05-21T11:37:44","slug":"asaja-informara-a-agricultores-y-propietarios-en-osorno-sobre-la-expropiacion-del-ave","status":"publish","type":"post","link":"https:\/\/www.asajacyl.com\/palencia\/asaja-palencia-informa\/asaja-informara-a-agricultores-y-propietarios-en-osorno-sobre-la-expropiacion-del-ave","title":{"rendered":"ASAJA informar\u00e1 a agricultores y propietarios en Osorno sobre la expropiaci\u00f3n del AVE"},"content":{"rendered":"\n<p><strong><em><span style=\"color:#cf2e2e\" class=\"tadv-color\">Para asistir a la reuni\u00f3n es necesario inscribirse en nuestras oficinas o llamando al 979752344<\/span><\/em><\/strong><\/p>\n\n\n\n<p>El martes, <strong>d\u00eda 25 de mayo a las 17:30 horas, en el Centro Cultural de Osorno<\/strong>, tendr\u00e1 lugar una charla informativa en la que se explicar\u00e1 detalladamente el funcionamiento del procedimiento expropiatorio, que se va a seguir en la expropiaci\u00f3n forzosa que se llevar\u00e1 a cabo para la construcci\u00f3n de la l\u00ednea ferroviaria del AVE Palencia-Santander.<\/p>\n\n\n\n<p>Esta reuni\u00f3n es interesante tanto para agricultores (arrendatarios) como para propietarios y, adem\u00e1s, ser\u00e1 de utilidad tanto a aquellas personas que ya han recogido el acta previa a la ocupaci\u00f3n (tramo Amusco-Osorno) como para aquellos que no (tramos de Osorno a Alar del Rey).<\/p>\n\n\n\n<p>En pr\u00f3ximas fechas se realizar\u00e1 una nueva charla informativa en Herrera de Pisuerga destinada a aquellos afectados de municipios de esa zona de influencia.<\/p>\n\n\n\n<p>El procedimiento de expropiaci\u00f3n cuenta con cuatro tramos y el estado actual es el siguiente:<\/p>\n\n\n\n<ul><li>Palencia &#8211; Amusco: Se han levantado actas de ocupaci\u00f3n previas a la ocupaci\u00f3n en los municipios de Amusco y Monz\u00f3n de Campos. En los restantes se levantar\u00e1n dichas actas en las dos pr\u00f3ximas semanas.<\/li><li>Amusco &#8211; Osorno: Se han levantado actas previas a la ocupaci\u00f3n hace un mes. Est\u00e1n pendientes de la publicaci\u00f3n del levantamiento de actas de ocupaci\u00f3n.<\/li><li>Osorno &#8211; Calahorra de Boedo: A\u00fan no se ha convocado el levantamiento de actas previas a la ocupaci\u00f3n.<\/li><li>Calahorra de Boedo &#8211; Alar del Rey: Tampoco se ha convocado el levantamiento de actas previas a la ocupaci\u00f3n a d\u00eda de hoy.<\/li><\/ul>\n\n\n\n<div class=\"wp-block-image\"><figure class=\"aligncenter size-large is-resized\"><img loading=\"lazy\" decoding=\"async\" src=\"https:\/\/www.asajacyl.com\/palencia\/wp-content\/uploads\/sites\/3\/2021\/05\/CHARLA-EXPROPIACIONES-OSORNO.jpg\" alt=\"\" class=\"wp-image-8392\" width=\"658\" height=\"490\" srcset=\"https:\/\/www.asajacyl.com\/palencia\/wp-content\/uploads\/sites\/3\/2021\/05\/CHARLA-EXPROPIACIONES-OSORNO-696x518.jpg 696w, https:\/\/www.asajacyl.com\/palencia\/wp-content\/uploads\/sites\/3\/2021\/05\/CHARLA-EXPROPIACIONES-OSORNO-485x360.jpg 485w, https:\/\/www.asajacyl.com\/palencia\/wp-content\/uploads\/sites\/3\/2021\/05\/CHARLA-EXPROPIACIONES-OSORNO-80x60.jpg 80w\" sizes=\"(max-width: 658px) 100vw, 658px\" \/><\/figure><\/div>\n\n\n\n<p><\/p>\n","protected":false},"excerpt":{"rendered":"<p>Para asistir a la reuni\u00f3n es necesario inscribirse en nuestras oficinas o llamando al 979752344 El martes, d\u00eda 25 de mayo a las 17:30 horas, en el Centro Cultural de Osorno, tendr\u00e1 lugar una charla informativa en la que se explicar\u00e1 detalladamente el funcionamiento del procedimiento expropiatorio, que se va a seguir en la expropiaci\u00f3n [&hellip;]<\/p>\n","protected":false},"author":9,"featured_media":8115,"comment_status":"open","ping_status":"open","sticky":false,"template":"","format":"standard","meta":{"footnotes":""},"categories":[9,29,28],"tags":[],"yoast_head":"<!-- This site is optimized with the Yoast SEO plugin v24.5 - https:\/\/yoast.com\/wordpress\/plugins\/seo\/ -->\n<title>ASAJA informar\u00e1 a agricultores y propietarios en Osorno sobre la expropiaci\u00f3n del AVE - ASAJA Palencia<\/title>\n<meta name=\"description\" content=\"Para asistir a la reuni\u00f3n es necesario inscribirse en nuestras oficinas o llamando al 979752344 El martes, d\u00eda 25 de mayo a las 17:30 horas, en el Centro\" \/>\n<meta name=\"robots\" content=\"index, follow, max-snippet:-1, max-image-preview:large, max-video-preview:-1\" \/>\n<link rel=\"canonical\" href=\"https:\/\/www.asajacyl.com\/palencia\/asaja-palencia-informa\/asaja-informara-a-agricultores-y-propietarios-en-osorno-sobre-la-expropiacion-del-ave\" \/>\n<meta property=\"og:locale\" content=\"es_ES\" \/>\n<meta property=\"og:type\" content=\"article\" \/>\n<meta property=\"og:title\" content=\"ASAJA informar\u00e1 a agricultores y propietarios en Osorno sobre la expropiaci\u00f3n del AVE - ASAJA Palencia\" \/>\n<meta property=\"og:description\" content=\"Para asistir a la reuni\u00f3n es necesario inscribirse en nuestras oficinas o llamando al 979752344 El martes, d\u00eda 25 de mayo a las 17:30 horas, en el Centro\" \/>\n<meta property=\"og:url\" content=\"https:\/\/www.asajacyl.com\/palencia\/asaja-palencia-informa\/asaja-informara-a-agricultores-y-propietarios-en-osorno-sobre-la-expropiacion-del-ave\" \/>\n<meta property=\"og:site_name\" content=\"ASAJA Palencia\" \/>\n<meta property=\"article:published_time\" content=\"2021-05-21T11:34:05+00:00\" \/>\n<meta property=\"article:modified_time\" content=\"2021-05-21T11:37:44+00:00\" \/>\n<meta property=\"og:image\" content=\"https:\/\/www.asajacyl.com\/palencia\/wp-content\/uploads\/sites\/3\/2021\/03\/ESTACION-TREN-PALENCIA.jpg\" \/>\n\t<meta property=\"og:image:width\" content=\"879\" \/>\n\t<meta property=\"og:image:height\" content=\"400\" \/>\n\t<meta property=\"og:image:type\" content=\"image\/jpeg\" \/>\n<meta name=\"author\" content=\"Administrador\" \/>\n<meta name=\"twitter:card\" content=\"summary_large_image\" \/>\n<meta name=\"twitter:label1\" content=\"Escrito por\" \/>\n\t<meta name=\"twitter:data1\" content=\"Administrador\" \/>\n\t<meta name=\"twitter:label2\" content=\"Tiempo de lectura\" \/>\n\t<meta name=\"twitter:data2\" content=\"2 minutos\" \/>\n<script type=\"application\/ld+json\" class=\"yoast-schema-graph\">{\"@context\":\"https:\/\/schema.org\",\"@graph\":[{\"@type\":\"WebPage\",\"@id\":\"https:\/\/www.asajacyl.com\/palencia\/asaja-palencia-informa\/asaja-informara-a-agricultores-y-propietarios-en-osorno-sobre-la-expropiacion-del-ave\",\"url\":\"https:\/\/www.asajacyl.com\/palencia\/asaja-palencia-informa\/asaja-informara-a-agricultores-y-propietarios-en-osorno-sobre-la-expropiacion-del-ave\",\"name\":\"ASAJA informar\u00e1 a agricultores y propietarios en Osorno sobre la expropiaci\u00f3n del AVE - ASAJA Palencia\",\"isPartOf\":{\"@id\":\"https:\/\/www.asajacyl.com\/palencia\/#website\"},\"primaryImageOfPage\":{\"@id\":\"https:\/\/www.asajacyl.com\/palencia\/asaja-palencia-informa\/asaja-informara-a-agricultores-y-propietarios-en-osorno-sobre-la-expropiacion-del-ave#primaryimage\"},\"image\":{\"@id\":\"https:\/\/www.asajacyl.com\/palencia\/asaja-palencia-informa\/asaja-informara-a-agricultores-y-propietarios-en-osorno-sobre-la-expropiacion-del-ave#primaryimage\"},\"thumbnailUrl\":\"https:\/\/www.asajacyl.com\/palencia\/wp-content\/uploads\/sites\/3\/2021\/03\/ESTACION-TREN-PALENCIA.jpg\",\"datePublished\":\"2021-05-21T11:34:05+00:00\",\"dateModified\":\"2021-05-21T11:37:44+00:00\",\"author\":{\"@id\":\"https:\/\/www.asajacyl.com\/palencia\/#\/schema\/person\/3ab17aeb03527485c317557fae64aab1\"},\"description\":\"Para asistir a la reuni\u00f3n es necesario inscribirse en nuestras oficinas o llamando al 979752344 El martes, d\u00eda 25 de mayo a las 17:30 horas, en el Centro\",\"breadcrumb\":{\"@id\":\"https:\/\/www.asajacyl.com\/palencia\/asaja-palencia-informa\/asaja-informara-a-agricultores-y-propietarios-en-osorno-sobre-la-expropiacion-del-ave#breadcrumb\"},\"inLanguage\":\"es\",\"potentialAction\":[{\"@type\":\"ReadAction\",\"target\":[\"https:\/\/www.asajacyl.com\/palencia\/asaja-palencia-informa\/asaja-informara-a-agricultores-y-propietarios-en-osorno-sobre-la-expropiacion-del-ave\"]}]},{\"@type\":\"ImageObject\",\"inLanguage\":\"es\",\"@id\":\"https:\/\/www.asajacyl.com\/palencia\/asaja-palencia-informa\/asaja-informara-a-agricultores-y-propietarios-en-osorno-sobre-la-expropiacion-del-ave#primaryimage\",\"url\":\"https:\/\/www.asajacyl.com\/palencia\/wp-content\/uploads\/sites\/3\/2021\/03\/ESTACION-TREN-PALENCIA.jpg\",\"contentUrl\":\"https:\/\/www.asajacyl.com\/palencia\/wp-content\/uploads\/sites\/3\/2021\/03\/ESTACION-TREN-PALENCIA.jpg\",\"width\":879,\"height\":400},{\"@type\":\"BreadcrumbList\",\"@id\":\"https:\/\/www.asajacyl.com\/palencia\/asaja-palencia-informa\/asaja-informara-a-agricultores-y-propietarios-en-osorno-sobre-la-expropiacion-del-ave#breadcrumb\",\"itemListElement\":[{\"@type\":\"ListItem\",\"position\":1,\"name\":\"Portada\",\"item\":\"https:\/\/www.asajacyl.com\/palencia\/\"},{\"@type\":\"ListItem\",\"position\":2,\"name\":\"ASAJA informar\u00e1 a agricultores y propietarios en Osorno sobre la expropiaci\u00f3n del AVE\"}]},{\"@type\":\"WebSite\",\"@id\":\"https:\/\/www.asajacyl.com\/palencia\/#website\",\"url\":\"https:\/\/www.asajacyl.com\/palencia\/\",\"name\":\"ASAJA Palencia\",\"description\":\"Otro sitio m\u00e1s de Provincias ASAJA Castilla y Le\u00f3n\",\"potentialAction\":[{\"@type\":\"SearchAction\",\"target\":{\"@type\":\"EntryPoint\",\"urlTemplate\":\"https:\/\/www.asajacyl.com\/palencia\/?s={search_term_string}\"},\"query-input\":{\"@type\":\"PropertyValueSpecification\",\"valueRequired\":true,\"valueName\":\"search_term_string\"}}],\"inLanguage\":\"es\"},{\"@type\":\"Person\",\"@id\":\"https:\/\/www.asajacyl.com\/palencia\/#\/schema\/person\/3ab17aeb03527485c317557fae64aab1\",\"name\":\"Administrador\",\"image\":{\"@type\":\"ImageObject\",\"inLanguage\":\"es\",\"@id\":\"https:\/\/www.asajacyl.com\/palencia\/#\/schema\/person\/image\/\",\"url\":\"https:\/\/secure.gravatar.com\/avatar\/517384810d242ca9e38c180f3c9fb973?s=96&d=mm&r=g\",\"contentUrl\":\"https:\/\/secure.gravatar.com\/avatar\/517384810d242ca9e38c180f3c9fb973?s=96&d=mm&r=g\",\"caption\":\"Administrador\"},\"url\":\"https:\/\/www.asajacyl.com\/palencia\/author\/carlosrm\"}]}<\/script>\n<!-- \/ Yoast SEO plugin. -->","yoast_head_json":{"title":"ASAJA informar\u00e1 a agricultores y propietarios en Osorno sobre la expropiaci\u00f3n del AVE - ASAJA Palencia","description":"Para asistir a la reuni\u00f3n es necesario inscribirse en nuestras oficinas o llamando al 979752344 El martes, d\u00eda 25 de mayo a las 17:30 horas, en el Centro","robots":{"index":"index","follow":"follow","max-snippet":"max-snippet:-1","max-image-preview":"max-image-preview:large","max-video-preview":"max-video-preview:-1"},"canonical":"https:\/\/www.asajacyl.com\/palencia\/asaja-palencia-informa\/asaja-informara-a-agricultores-y-propietarios-en-osorno-sobre-la-expropiacion-del-ave","og_locale":"es_ES","og_type":"article","og_title":"ASAJA informar\u00e1 a agricultores y propietarios en Osorno sobre la expropiaci\u00f3n del AVE - ASAJA Palencia","og_description":"Para asistir a la reuni\u00f3n es necesario inscribirse en nuestras oficinas o llamando al 979752344 El martes, d\u00eda 25 de mayo a las 17:30 horas, en el Centro","og_url":"https:\/\/www.asajacyl.com\/palencia\/asaja-palencia-informa\/asaja-informara-a-agricultores-y-propietarios-en-osorno-sobre-la-expropiacion-del-ave","og_site_name":"ASAJA Palencia","article_published_time":"2021-05-21T11:34:05+00:00","article_modified_time":"2021-05-21T11:37:44+00:00","og_image":[{"width":879,"height":400,"url":"https:\/\/www.asajacyl.com\/palencia\/wp-content\/uploads\/sites\/3\/2021\/03\/ESTACION-TREN-PALENCIA.jpg","type":"image\/jpeg"}],"author":"Administrador","twitter_card":"summary_large_image","twitter_misc":{"Escrito por":"Administrador","Tiempo de lectura":"2 minutos"},"schema":{"@context":"https:\/\/schema.org","@graph":[{"@type":"WebPage","@id":"https:\/\/www.asajacyl.com\/palencia\/asaja-palencia-informa\/asaja-informara-a-agricultores-y-propietarios-en-osorno-sobre-la-expropiacion-del-ave","url":"https:\/\/www.asajacyl.com\/palencia\/asaja-palencia-informa\/asaja-informara-a-agricultores-y-propietarios-en-osorno-sobre-la-expropiacion-del-ave","name":"ASAJA informar\u00e1 a agricultores y propietarios en Osorno sobre la expropiaci\u00f3n del AVE - ASAJA Palencia","isPartOf":{"@id":"https:\/\/www.asajacyl.com\/palencia\/#website"},"primaryImageOfPage":{"@id":"https:\/\/www.asajacyl.com\/palencia\/asaja-palencia-informa\/asaja-informara-a-agricultores-y-propietarios-en-osorno-sobre-la-expropiacion-del-ave#primaryimage"},"image":{"@id":"https:\/\/www.asajacyl.com\/palencia\/asaja-palencia-informa\/asaja-informara-a-agricultores-y-propietarios-en-osorno-sobre-la-expropiacion-del-ave#primaryimage"},"thumbnailUrl":"https:\/\/www.asajacyl.com\/palencia\/wp-content\/uploads\/sites\/3\/2021\/03\/ESTACION-TREN-PALENCIA.jpg","datePublished":"2021-05-21T11:34:05+00:00","dateModified":"2021-05-21T11:37:44+00:00","author":{"@id":"https:\/\/www.asajacyl.com\/palencia\/#\/schema\/person\/3ab17aeb03527485c317557fae64aab1"},"description":"Para asistir a la reuni\u00f3n es necesario inscribirse en nuestras oficinas o llamando al 979752344 El martes, d\u00eda 25 de mayo a las 17:30 horas, en el Centro","breadcrumb":{"@id":"https:\/\/www.asajacyl.com\/palencia\/asaja-palencia-informa\/asaja-informara-a-agricultores-y-propietarios-en-osorno-sobre-la-expropiacion-del-ave#breadcrumb"},"inLanguage":"es","potentialAction":[{"@type":"ReadAction","target":["https:\/\/www.asajacyl.com\/palencia\/asaja-palencia-informa\/asaja-informara-a-agricultores-y-propietarios-en-osorno-sobre-la-expropiacion-del-ave"]}]},{"@type":"ImageObject","inLanguage":"es","@id":"https:\/\/www.asajacyl.com\/palencia\/asaja-palencia-informa\/asaja-informara-a-agricultores-y-propietarios-en-osorno-sobre-la-expropiacion-del-ave#primaryimage","url":"https:\/\/www.asajacyl.com\/palencia\/wp-content\/uploads\/sites\/3\/2021\/03\/ESTACION-TREN-PALENCIA.jpg","contentUrl":"https:\/\/www.asajacyl.com\/palencia\/wp-content\/uploads\/sites\/3\/2021\/03\/ESTACION-TREN-PALENCIA.jpg","width":879,"height":400},{"@type":"BreadcrumbList","@id":"https:\/\/www.asajacyl.com\/palencia\/asaja-palencia-informa\/asaja-informara-a-agricultores-y-propietarios-en-osorno-sobre-la-expropiacion-del-ave#breadcrumb","itemListElement":[{"@type":"ListItem","position":1,"name":"Portada","item":"https:\/\/www.asajacyl.com\/palencia\/"},{"@type":"ListItem","position":2,"name":"ASAJA informar\u00e1 a agricultores y propietarios en Osorno sobre la expropiaci\u00f3n del AVE"}]},{"@type":"WebSite","@id":"https:\/\/www.asajacyl.com\/palencia\/#website","url":"https:\/\/www.asajacyl.com\/palencia\/","name":"ASAJA Palencia","description":"Otro sitio m\u00e1s de Provincias ASAJA Castilla y Le\u00f3n","potentialAction":[{"@type":"SearchAction","target":{"@type":"EntryPoint","urlTemplate":"https:\/\/www.asajacyl.com\/palencia\/?s={search_term_string}"},"query-input":{"@type":"PropertyValueSpecification","valueRequired":true,"valueName":"search_term_string"}}],"inLanguage":"es"},{"@type":"Person","@id":"https:\/\/www.asajacyl.com\/palencia\/#\/schema\/person\/3ab17aeb03527485c317557fae64aab1","name":"Administrador","image":{"@type":"ImageObject","inLanguage":"es","@id":"https:\/\/www.asajacyl.com\/palencia\/#\/schema\/person\/image\/","url":"https:\/\/secure.gravatar.com\/avatar\/517384810d242ca9e38c180f3c9fb973?s=96&d=mm&r=g","contentUrl":"https:\/\/secure.gravatar.com\/avatar\/517384810d242ca9e38c180f3c9fb973?s=96&d=mm&r=g","caption":"Administrador"},"url":"https:\/\/www.asajacyl.com\/palencia\/author\/carlosrm"}]}},"_links":{"self":[{"href":"https:\/\/www.asajacyl.com\/palencia\/wp-json\/wp\/v2\/posts\/8391"}],"collection":[{"href":"https:\/\/www.asajacyl.com\/palencia\/wp-json\/wp\/v2\/posts"}],"about":[{"href":"https:\/\/www.asajacyl.com\/palencia\/wp-json\/wp\/v2\/types\/post"}],"author":[{"embeddable":true,"href":"https:\/\/www.asajacyl.com\/palencia\/wp-json\/wp\/v2\/users\/9"}],"replies":[{"embeddable":true,"href":"https:\/\/www.asajacyl.com\/palencia\/wp-json\/wp\/v2\/comments?post=8391"}],"version-history":[{"count":2,"href":"https:\/\/www.asajacyl.com\/palencia\/wp-json\/wp\/v2\/posts\/8391\/revisions"}],"predecessor-version":[{"id":8394,"href":"https:\/\/www.asajacyl.com\/palencia\/wp-json\/wp\/v2\/posts\/8391\/revisions\/8394"}],"wp:featuredmedia":[{"embeddable":true,"href":"https:\/\/www.asajacyl.com\/palencia\/wp-json\/wp\/v2\/media\/8115"}],"wp:attachment":[{"href":"https:\/\/www.asajacyl.com\/palencia\/wp-json\/wp\/v2\/media?parent=8391"}],"wp:term":[{"taxonomy":"category","embeddable":true,"href":"https:\/\/www.asajacyl.com\/palencia\/wp-json\/wp\/v2\/categories?post=8391"},{"taxonomy":"post_tag","embeddable":true,"href":"https:\/\/www.asajacyl.com\/palencia\/wp-json\/wp\/v2\/tags?post=8391"}],"curies":[{"name":"wp","href":"https:\/\/api.w.org\/{rel}","templated":true}]}}