{"id":8395,"date":"2021-05-22T02:36:00","date_gmt":"2021-05-22T00:36:00","guid":{"rendered":"https:\/\/www.asajacyl.com\/palencia\/?p=8395"},"modified":"2021-05-21T14:36:35","modified_gmt":"2021-05-21T12:36:35","slug":"injustificada-agresion-del-presidente-sanchez-a-los-ganaderos-espanoles","status":"publish","type":"post","link":"https:\/\/www.asajacyl.com\/palencia\/asaja-palencia-informa\/injustificada-agresion-del-presidente-sanchez-a-los-ganaderos-espanoles","title":{"rendered":"Injustificada agresi\u00f3n del presidente S\u00e1nchez a los ganaderos espa\u00f1oles"},"content":{"rendered":"\n<p><em><strong>Las emisiones de los sectores ganaderos no son, ni mucho menos, las principales responsables el cambio clim\u00e1tico<\/strong><\/em><\/p>\n\n\n\n<p><strong><em>Pedro Barato : \u201cCon sus recomendaciones sobre la reducci\u00f3n del consumo de carne, el presidente Sanchez vuelve a dar la espalda al sector agrario en favor de los inter\u00e9s ecologistas y la industria de la carne artificial\u201d<\/em><\/strong><\/p>\n\n\n\n<p>Una nueva vuelta de tuerca del Gobierno de Pedro Sanchez hacia el sector agrario espa\u00f1ol. Sus declaraciones, en la presentaci\u00f3n de su Plan 2050, en contra de los h\u00e1bitos de consumo de los espa\u00f1oles, recomendando reducir la ingesta de carne y culpando al sector de contribuir a una \u201ccat\u00e1strofe medioambiental sin precedentes\u201d han indignado al sector agrario y en especial a los ganaderos espa\u00f1oles.<\/p>\n\n\n\n<p>Todav\u00eda \u201ctocados\u201d por los efectos que la pandemia de Covid-19 ha dejado en el sector ganadero espa\u00f1ol, los profesionales ganaderos reciben una nueva embestida esta vez de manos del presidente del Gobierno. El furibundo ataque de Pedro S\u00e1nchez contra el consumo de carne y sus acusaciones culpando a la ganader\u00eda de ser uno de los principales responsables de los impactos ambientales constituyen un duro agravio para el sector agrario, un sector econ\u00f3mico fundamental para nuestro pa\u00eds y que, como ha sido reconocido por el propio Gobierno, cumple con la labor esencial de proporcionar alimentos sanos y seguros a la sociedad.<\/p>\n\n\n\n<p>ASAJA quiere salir al paso de las duras acusaciones vertidas por el presidente del Gobierno y recuerda que las emisiones de los sectores ganaderos, que se registran como las de todas las dem\u00e1s actividades humanas, no son ni mucho menos, las principales responsables del cambio clim\u00e1tico. En concreto la contribuci\u00f3n de la ganader\u00eda a los gases de efecto invernadero es de un 7 %, por detr\u00e1s del transporte (27%), la industria (19.9%), la generaci\u00f3n el\u00e9ctrica (17,8%), el consumo de combustibles (8,5%), y los procesos industriales y uso de productos (8%), seg\u00fan datos del Inventario Nacional de Gases de Efecto Invernadero (marzo 2020) del Ministerio para la Transici\u00f3n Ecol\u00f3gica y el Reto Demogr\u00e1fico.<\/p>\n\n\n\n<p>Por tanto, resultan injustas y desproporcionadas las graves acusaciones que S\u00e1nchez vierte sobre la ganader\u00eda y los productores ganaderos y est\u00e1n fuera de lugar sus recomendaciones a la poblaci\u00f3n sobre rebajar el consumo de carne. De todos es sabido que la dieta mediterr\u00e1nea, valorada y seguida en todo el mundo, incluye entre sus componentes los productos c\u00e1rnicos y sus derivados por lo que consideramos que el presidente S\u00e1nchez se extralimita al aconsejar que se reduzca su ingesta.<\/p>\n\n\n\n<p>Con estas declaraciones, Pedro S\u00e1nchez infringe un grave da\u00f1o al sector ganadero espa\u00f1ol, un sector que componen 180.000 ganaderos con sus familias, aporta 18.500 millones a la econom\u00eda (45.300 si sumamos la industria c\u00e1rnica) y emplea de forma directa a m\u00e1s de medio mill\u00f3n de trabajadores.<\/p>\n","protected":false},"excerpt":{"rendered":"<p>Las emisiones de los sectores ganaderos no son, ni mucho menos, las principales responsables el cambio clim\u00e1tico Pedro Barato : \u201cCon sus recomendaciones sobre la reducci\u00f3n del consumo de carne, el presidente Sanchez vuelve a dar la espalda al sector agrario en favor de los inter\u00e9s ecologistas y la industria de la carne artificial\u201d Una [&hellip;]<\/p>\n","protected":false},"author":9,"featured_media":5694,"comment_status":"open","ping_status":"open","sticky":false,"template":"","format":"standard","meta":{"footnotes":""},"categories":[9,29,28],"tags":[],"yoast_head":"<!-- This site is optimized with the Yoast SEO plugin v24.5 - https:\/\/yoast.com\/wordpress\/plugins\/seo\/ -->\n<title>Injustificada agresi\u00f3n del presidente S\u00e1nchez a los ganaderos espa\u00f1oles - ASAJA Palencia<\/title>\n<meta name=\"description\" content=\"Las emisiones de los sectores ganaderos no son, ni mucho menos, las principales responsables el cambio clim\u00e1tico Pedro Barato : \u201cCon sus recomendaciones\" \/>\n<meta name=\"robots\" content=\"index, follow, max-snippet:-1, max-image-preview:large, max-video-preview:-1\" \/>\n<link rel=\"canonical\" href=\"https:\/\/www.asajacyl.com\/palencia\/asaja-palencia-informa\/injustificada-agresion-del-presidente-sanchez-a-los-ganaderos-espanoles\" \/>\n<meta property=\"og:locale\" content=\"es_ES\" \/>\n<meta property=\"og:type\" content=\"article\" \/>\n<meta property=\"og:title\" content=\"Injustificada agresi\u00f3n del presidente S\u00e1nchez a los ganaderos espa\u00f1oles - ASAJA Palencia\" \/>\n<meta property=\"og:description\" content=\"Las emisiones de los sectores ganaderos no son, ni mucho menos, las principales responsables el cambio clim\u00e1tico Pedro Barato : \u201cCon sus recomendaciones\" \/>\n<meta property=\"og:url\" content=\"https:\/\/www.asajacyl.com\/palencia\/asaja-palencia-informa\/injustificada-agresion-del-presidente-sanchez-a-los-ganaderos-espanoles\" \/>\n<meta property=\"og:site_name\" content=\"ASAJA Palencia\" \/>\n<meta property=\"article:published_time\" content=\"2021-05-22T00:36:00+00:00\" \/>\n<meta property=\"og:image\" content=\"https:\/\/www.asajacyl.com\/palencia\/wp-content\/uploads\/sites\/3\/2018\/12\/foto-vacas-de-carne-en-Cervera.jpg\" \/>\n\t<meta property=\"og:image:width\" content=\"1080\" \/>\n\t<meta property=\"og:image:height\" content=\"720\" \/>\n\t<meta property=\"og:image:type\" content=\"image\/jpeg\" \/>\n<meta name=\"author\" content=\"Administrador\" \/>\n<meta name=\"twitter:card\" content=\"summary_large_image\" \/>\n<meta name=\"twitter:label1\" content=\"Escrito por\" \/>\n\t<meta name=\"twitter:data1\" content=\"Administrador\" \/>\n\t<meta name=\"twitter:label2\" content=\"Tiempo de lectura\" \/>\n\t<meta name=\"twitter:data2\" content=\"2 minutos\" \/>\n<script type=\"application\/ld+json\" class=\"yoast-schema-graph\">{\"@context\":\"https:\/\/schema.org\",\"@graph\":[{\"@type\":\"WebPage\",\"@id\":\"https:\/\/www.asajacyl.com\/palencia\/asaja-palencia-informa\/injustificada-agresion-del-presidente-sanchez-a-los-ganaderos-espanoles\",\"url\":\"https:\/\/www.asajacyl.com\/palencia\/asaja-palencia-informa\/injustificada-agresion-del-presidente-sanchez-a-los-ganaderos-espanoles\",\"name\":\"Injustificada agresi\u00f3n del presidente S\u00e1nchez a los ganaderos espa\u00f1oles - ASAJA Palencia\",\"isPartOf\":{\"@id\":\"https:\/\/www.asajacyl.com\/palencia\/#website\"},\"primaryImageOfPage\":{\"@id\":\"https:\/\/www.asajacyl.com\/palencia\/asaja-palencia-informa\/injustificada-agresion-del-presidente-sanchez-a-los-ganaderos-espanoles#primaryimage\"},\"image\":{\"@id\":\"https:\/\/www.asajacyl.com\/palencia\/asaja-palencia-informa\/injustificada-agresion-del-presidente-sanchez-a-los-ganaderos-espanoles#primaryimage\"},\"thumbnailUrl\":\"https:\/\/www.asajacyl.com\/palencia\/wp-content\/uploads\/sites\/3\/2018\/12\/foto-vacas-de-carne-en-Cervera.jpg\",\"datePublished\":\"2021-05-22T00:36:00+00:00\",\"author\":{\"@id\":\"https:\/\/www.asajacyl.com\/palencia\/#\/schema\/person\/3ab17aeb03527485c317557fae64aab1\"},\"description\":\"Las emisiones de los sectores ganaderos no son, ni mucho menos, las principales responsables el cambio clim\u00e1tico Pedro Barato : \u201cCon sus recomendaciones\",\"breadcrumb\":{\"@id\":\"https:\/\/www.asajacyl.com\/palencia\/asaja-palencia-informa\/injustificada-agresion-del-presidente-sanchez-a-los-ganaderos-espanoles#breadcrumb\"},\"inLanguage\":\"es\",\"potentialAction\":[{\"@type\":\"ReadAction\",\"target\":[\"https:\/\/www.asajacyl.com\/palencia\/asaja-palencia-informa\/injustificada-agresion-del-presidente-sanchez-a-los-ganaderos-espanoles\"]}]},{\"@type\":\"ImageObject\",\"inLanguage\":\"es\",\"@id\":\"https:\/\/www.asajacyl.com\/palencia\/asaja-palencia-informa\/injustificada-agresion-del-presidente-sanchez-a-los-ganaderos-espanoles#primaryimage\",\"url\":\"https:\/\/www.asajacyl.com\/palencia\/wp-content\/uploads\/sites\/3\/2018\/12\/foto-vacas-de-carne-en-Cervera.jpg\",\"contentUrl\":\"https:\/\/www.asajacyl.com\/palencia\/wp-content\/uploads\/sites\/3\/2018\/12\/foto-vacas-de-carne-en-Cervera.jpg\",\"width\":1080,\"height\":720},{\"@type\":\"BreadcrumbList\",\"@id\":\"https:\/\/www.asajacyl.com\/palencia\/asaja-palencia-informa\/injustificada-agresion-del-presidente-sanchez-a-los-ganaderos-espanoles#breadcrumb\",\"itemListElement\":[{\"@type\":\"ListItem\",\"position\":1,\"name\":\"Portada\",\"item\":\"https:\/\/www.asajacyl.com\/palencia\/\"},{\"@type\":\"ListItem\",\"position\":2,\"name\":\"Injustificada agresi\u00f3n del presidente S\u00e1nchez a los ganaderos espa\u00f1oles\"}]},{\"@type\":\"WebSite\",\"@id\":\"https:\/\/www.asajacyl.com\/palencia\/#website\",\"url\":\"https:\/\/www.asajacyl.com\/palencia\/\",\"name\":\"ASAJA Palencia\",\"description\":\"Otro sitio m\u00e1s de Provincias ASAJA Castilla y Le\u00f3n\",\"potentialAction\":[{\"@type\":\"SearchAction\",\"target\":{\"@type\":\"EntryPoint\",\"urlTemplate\":\"https:\/\/www.asajacyl.com\/palencia\/?s={search_term_string}\"},\"query-input\":{\"@type\":\"PropertyValueSpecification\",\"valueRequired\":true,\"valueName\":\"search_term_string\"}}],\"inLanguage\":\"es\"},{\"@type\":\"Person\",\"@id\":\"https:\/\/www.asajacyl.com\/palencia\/#\/schema\/person\/3ab17aeb03527485c317557fae64aab1\",\"name\":\"Administrador\",\"image\":{\"@type\":\"ImageObject\",\"inLanguage\":\"es\",\"@id\":\"https:\/\/www.asajacyl.com\/palencia\/#\/schema\/person\/image\/\",\"url\":\"https:\/\/secure.gravatar.com\/avatar\/517384810d242ca9e38c180f3c9fb973?s=96&d=mm&r=g\",\"contentUrl\":\"https:\/\/secure.gravatar.com\/avatar\/517384810d242ca9e38c180f3c9fb973?s=96&d=mm&r=g\",\"caption\":\"Administrador\"},\"url\":\"https:\/\/www.asajacyl.com\/palencia\/author\/carlosrm\"}]}<\/script>\n<!-- \/ Yoast SEO plugin. -->","yoast_head_json":{"title":"Injustificada agresi\u00f3n del presidente S\u00e1nchez a los ganaderos espa\u00f1oles - ASAJA Palencia","description":"Las emisiones de los sectores ganaderos no son, ni mucho menos, las principales responsables el cambio clim\u00e1tico Pedro Barato : \u201cCon sus recomendaciones","robots":{"index":"index","follow":"follow","max-snippet":"max-snippet:-1","max-image-preview":"max-image-preview:large","max-video-preview":"max-video-preview:-1"},"canonical":"https:\/\/www.asajacyl.com\/palencia\/asaja-palencia-informa\/injustificada-agresion-del-presidente-sanchez-a-los-ganaderos-espanoles","og_locale":"es_ES","og_type":"article","og_title":"Injustificada agresi\u00f3n del presidente S\u00e1nchez a los ganaderos espa\u00f1oles - ASAJA Palencia","og_description":"Las emisiones de los sectores ganaderos no son, ni mucho menos, las principales responsables el cambio clim\u00e1tico Pedro Barato : \u201cCon sus recomendaciones","og_url":"https:\/\/www.asajacyl.com\/palencia\/asaja-palencia-informa\/injustificada-agresion-del-presidente-sanchez-a-los-ganaderos-espanoles","og_site_name":"ASAJA Palencia","article_published_time":"2021-05-22T00:36:00+00:00","og_image":[{"width":1080,"height":720,"url":"https:\/\/www.asajacyl.com\/palencia\/wp-content\/uploads\/sites\/3\/2018\/12\/foto-vacas-de-carne-en-Cervera.jpg","type":"image\/jpeg"}],"author":"Administrador","twitter_card":"summary_large_image","twitter_misc":{"Escrito por":"Administrador","Tiempo de lectura":"2 minutos"},"schema":{"@context":"https:\/\/schema.org","@graph":[{"@type":"WebPage","@id":"https:\/\/www.asajacyl.com\/palencia\/asaja-palencia-informa\/injustificada-agresion-del-presidente-sanchez-a-los-ganaderos-espanoles","url":"https:\/\/www.asajacyl.com\/palencia\/asaja-palencia-informa\/injustificada-agresion-del-presidente-sanchez-a-los-ganaderos-espanoles","name":"Injustificada agresi\u00f3n del presidente S\u00e1nchez a los ganaderos espa\u00f1oles - ASAJA Palencia","isPartOf":{"@id":"https:\/\/www.asajacyl.com\/palencia\/#website"},"primaryImageOfPage":{"@id":"https:\/\/www.asajacyl.com\/palencia\/asaja-palencia-informa\/injustificada-agresion-del-presidente-sanchez-a-los-ganaderos-espanoles#primaryimage"},"image":{"@id":"https:\/\/www.asajacyl.com\/palencia\/asaja-palencia-informa\/injustificada-agresion-del-presidente-sanchez-a-los-ganaderos-espanoles#primaryimage"},"thumbnailUrl":"https:\/\/www.asajacyl.com\/palencia\/wp-content\/uploads\/sites\/3\/2018\/12\/foto-vacas-de-carne-en-Cervera.jpg","datePublished":"2021-05-22T00:36:00+00:00","author":{"@id":"https:\/\/www.asajacyl.com\/palencia\/#\/schema\/person\/3ab17aeb03527485c317557fae64aab1"},"description":"Las emisiones de los sectores ganaderos no son, ni mucho menos, las principales responsables el cambio clim\u00e1tico Pedro Barato : \u201cCon sus recomendaciones","breadcrumb":{"@id":"https:\/\/www.asajacyl.com\/palencia\/asaja-palencia-informa\/injustificada-agresion-del-presidente-sanchez-a-los-ganaderos-espanoles#breadcrumb"},"inLanguage":"es","potentialAction":[{"@type":"ReadAction","target":["https:\/\/www.asajacyl.com\/palencia\/asaja-palencia-informa\/injustificada-agresion-del-presidente-sanchez-a-los-ganaderos-espanoles"]}]},{"@type":"ImageObject","inLanguage":"es","@id":"https:\/\/www.asajacyl.com\/palencia\/asaja-palencia-informa\/injustificada-agresion-del-presidente-sanchez-a-los-ganaderos-espanoles#primaryimage","url":"https:\/\/www.asajacyl.com\/palencia\/wp-content\/uploads\/sites\/3\/2018\/12\/foto-vacas-de-carne-en-Cervera.jpg","contentUrl":"https:\/\/www.asajacyl.com\/palencia\/wp-content\/uploads\/sites\/3\/2018\/12\/foto-vacas-de-carne-en-Cervera.jpg","width":1080,"height":720},{"@type":"BreadcrumbList","@id":"https:\/\/www.asajacyl.com\/palencia\/asaja-palencia-informa\/injustificada-agresion-del-presidente-sanchez-a-los-ganaderos-espanoles#breadcrumb","itemListElement":[{"@type":"ListItem","position":1,"name":"Portada","item":"https:\/\/www.asajacyl.com\/palencia\/"},{"@type":"ListItem","position":2,"name":"Injustificada agresi\u00f3n del presidente S\u00e1nchez a los ganaderos espa\u00f1oles"}]},{"@type":"WebSite","@id":"https:\/\/www.asajacyl.com\/palencia\/#website","url":"https:\/\/www.asajacyl.com\/palencia\/","name":"ASAJA Palencia","description":"Otro sitio m\u00e1s de Provincias ASAJA Castilla y Le\u00f3n","potentialAction":[{"@type":"SearchAction","target":{"@type":"EntryPoint","urlTemplate":"https:\/\/www.asajacyl.com\/palencia\/?s={search_term_string}"},"query-input":{"@type":"PropertyValueSpecification","valueRequired":true,"valueName":"search_term_string"}}],"inLanguage":"es"},{"@type":"Person","@id":"https:\/\/www.asajacyl.com\/palencia\/#\/schema\/person\/3ab17aeb03527485c317557fae64aab1","name":"Administrador","image":{"@type":"ImageObject","inLanguage":"es","@id":"https:\/\/www.asajacyl.com\/palencia\/#\/schema\/person\/image\/","url":"https:\/\/secure.gravatar.com\/avatar\/517384810d242ca9e38c180f3c9fb973?s=96&d=mm&r=g","contentUrl":"https:\/\/secure.gravatar.com\/avatar\/517384810d242ca9e38c180f3c9fb973?s=96&d=mm&r=g","caption":"Administrador"},"url":"https:\/\/www.asajacyl.com\/palencia\/author\/carlosrm"}]}},"_links":{"self":[{"href":"https:\/\/www.asajacyl.com\/palencia\/wp-json\/wp\/v2\/posts\/8395"}],"collection":[{"href":"https:\/\/www.asajacyl.com\/palencia\/wp-json\/wp\/v2\/posts"}],"about":[{"href":"https:\/\/www.asajacyl.com\/palencia\/wp-json\/wp\/v2\/types\/post"}],"author":[{"embeddable":true,"href":"https:\/\/www.asajacyl.com\/palencia\/wp-json\/wp\/v2\/users\/9"}],"replies":[{"embeddable":true,"href":"https:\/\/www.asajacyl.com\/palencia\/wp-json\/wp\/v2\/comments?post=8395"}],"version-history":[{"count":1,"href":"https:\/\/www.asajacyl.com\/palencia\/wp-json\/wp\/v2\/posts\/8395\/revisions"}],"predecessor-version":[{"id":8396,"href":"https:\/\/www.asajacyl.com\/palencia\/wp-json\/wp\/v2\/posts\/8395\/revisions\/8396"}],"wp:featuredmedia":[{"embeddable":true,"href":"https:\/\/www.asajacyl.com\/palencia\/wp-json\/wp\/v2\/media\/5694"}],"wp:attachment":[{"href":"https:\/\/www.asajacyl.com\/palencia\/wp-json\/wp\/v2\/media?parent=8395"}],"wp:term":[{"taxonomy":"category","embeddable":true,"href":"https:\/\/www.asajacyl.com\/palencia\/wp-json\/wp\/v2\/categories?post=8395"},{"taxonomy":"post_tag","embeddable":true,"href":"https:\/\/www.asajacyl.com\/palencia\/wp-json\/wp\/v2\/tags?post=8395"}],"curies":[{"name":"wp","href":"https:\/\/api.w.org\/{rel}","templated":true}]}}