{"id":8401,"date":"2021-05-24T13:10:18","date_gmt":"2021-05-24T11:10:18","guid":{"rendered":"https:\/\/www.asajacyl.com\/palencia\/?p=8401"},"modified":"2021-05-24T13:10:58","modified_gmt":"2021-05-24T11:10:58","slug":"el-1-de-junio-cambian-las-tarifas-electricas","status":"publish","type":"post","link":"https:\/\/www.asajacyl.com\/palencia\/asaja-palencia-informa\/el-1-de-junio-cambian-las-tarifas-electricas","title":{"rendered":"El 1 de junio cambian las tarifas el\u00e9ctricas"},"content":{"rendered":"\n<p>Las nuevas tarifas el\u00e9ctricas van a tener un impacto muy negativo en la agricultura y ganader\u00eda por los cambios que se producen, al establecer nuevos periodos horarios seg\u00fan la hora del d\u00eda, el d\u00eda de la semana y la temporada del mes.<\/p>\n\n\n\n<p>La mayor\u00eda de los cambios son muy gravosos, por lo que los consumidores deben conocerlos para evitar sanciones por superar la potencia contratada, por consumir en horas caras o porque les penalicen por energ\u00eda reactiva o capacitativa.<\/p>\n\n\n\n<p>ASAJA considera que es m\u00e1s necesario que nunca que el Gobierno apruebe por fin el contrato de regad\u00edo con posibilidad de cambiar la potencia dos veces al a\u00f1o, la cual es una hist\u00f3rica reivindicaci\u00f3n de esta organizaci\u00f3n agraria.<\/p>\n\n\n\n<p>Mientras tanto es muy importante que cada agricultor y ganadero conozca muy bien la nueva metodolog\u00eda, cuente con asesoramiento especializado para su caso particular, y pueda tomar las medidas necesarias para minimizar el aumento del gasto el\u00e9ctrico y evitar sanciones que disparen su coste.<\/p>\n\n\n\n<div class=\"wp-block-image\"><figure class=\"aligncenter size-large is-resized\"><a href=\"https:\/\/es.wikipedia.org\/wiki\/Usuario:Daniel_G.\"><img loading=\"lazy\" decoding=\"async\" src=\"https:\/\/www.asajacyl.com\/palencia\/wp-content\/uploads\/sites\/3\/2021\/05\/ELECTRICIDAD.jpg\" alt=\"\" class=\"wp-image-8402\" width=\"657\" height=\"438\" srcset=\"https:\/\/www.asajacyl.com\/palencia\/wp-content\/uploads\/sites\/3\/2021\/05\/ELECTRICIDAD.jpg 986w, https:\/\/www.asajacyl.com\/palencia\/wp-content\/uploads\/sites\/3\/2021\/05\/ELECTRICIDAD-300x200.jpg 300w, https:\/\/www.asajacyl.com\/palencia\/wp-content\/uploads\/sites\/3\/2021\/05\/ELECTRICIDAD-768x512.jpg 768w, https:\/\/www.asajacyl.com\/palencia\/wp-content\/uploads\/sites\/3\/2021\/05\/ELECTRICIDAD-696x464.jpg 696w, https:\/\/www.asajacyl.com\/palencia\/wp-content\/uploads\/sites\/3\/2021\/05\/ELECTRICIDAD-630x420.jpg 630w\" sizes=\"(max-width: 657px) 100vw, 657px\" \/><\/a><figcaption>Subestaci\u00f3n el\u00e9ctrica &#8211; Fotograf\u00eda descargada de Wikipedia (Autor: Daniel G.)<\/figcaption><\/figure><\/div>\n\n\n\n<p><\/p>\n","protected":false},"excerpt":{"rendered":"<p>Las nuevas tarifas el\u00e9ctricas van a tener un impacto muy negativo en la agricultura y ganader\u00eda por los cambios que se producen, al establecer nuevos periodos horarios seg\u00fan la hora del d\u00eda, el d\u00eda de la semana y la temporada del mes. La mayor\u00eda de los cambios son muy gravosos, por lo que los consumidores [&hellip;]<\/p>\n","protected":false},"author":9,"featured_media":8402,"comment_status":"open","ping_status":"open","sticky":false,"template":"","format":"standard","meta":{"footnotes":""},"categories":[9,29,28],"tags":[],"yoast_head":"<!-- This site is optimized with the Yoast SEO plugin v24.5 - https:\/\/yoast.com\/wordpress\/plugins\/seo\/ -->\n<title>El 1 de junio cambian las tarifas el\u00e9ctricas - ASAJA Palencia<\/title>\n<meta name=\"description\" content=\"Las nuevas tarifas el\u00e9ctricas van a tener un impacto muy negativo en la agricultura y ganader\u00eda por los cambios que se producen, al establecer nuevos\" \/>\n<meta name=\"robots\" content=\"index, follow, max-snippet:-1, max-image-preview:large, max-video-preview:-1\" \/>\n<link rel=\"canonical\" href=\"https:\/\/www.asajacyl.com\/palencia\/asaja-palencia-informa\/el-1-de-junio-cambian-las-tarifas-electricas\" \/>\n<meta property=\"og:locale\" content=\"es_ES\" \/>\n<meta property=\"og:type\" content=\"article\" \/>\n<meta property=\"og:title\" content=\"El 1 de junio cambian las tarifas el\u00e9ctricas - ASAJA Palencia\" \/>\n<meta property=\"og:description\" content=\"Las nuevas tarifas el\u00e9ctricas van a tener un impacto muy negativo en la agricultura y ganader\u00eda por los cambios que se producen, al establecer nuevos\" \/>\n<meta property=\"og:url\" content=\"https:\/\/www.asajacyl.com\/palencia\/asaja-palencia-informa\/el-1-de-junio-cambian-las-tarifas-electricas\" \/>\n<meta property=\"og:site_name\" content=\"ASAJA Palencia\" \/>\n<meta property=\"article:published_time\" content=\"2021-05-24T11:10:18+00:00\" \/>\n<meta property=\"article:modified_time\" content=\"2021-05-24T11:10:58+00:00\" \/>\n<meta property=\"og:image\" content=\"https:\/\/www.asajacyl.com\/palencia\/wp-content\/uploads\/sites\/3\/2021\/05\/ELECTRICIDAD.jpg\" \/>\n\t<meta property=\"og:image:width\" content=\"986\" \/>\n\t<meta property=\"og:image:height\" content=\"657\" \/>\n\t<meta property=\"og:image:type\" content=\"image\/jpeg\" \/>\n<meta name=\"author\" content=\"Administrador\" \/>\n<meta name=\"twitter:card\" content=\"summary_large_image\" \/>\n<meta name=\"twitter:label1\" content=\"Escrito por\" \/>\n\t<meta name=\"twitter:data1\" content=\"Administrador\" \/>\n\t<meta name=\"twitter:label2\" content=\"Tiempo de lectura\" \/>\n\t<meta name=\"twitter:data2\" content=\"1 minuto\" \/>\n<script type=\"application\/ld+json\" class=\"yoast-schema-graph\">{\"@context\":\"https:\/\/schema.org\",\"@graph\":[{\"@type\":\"WebPage\",\"@id\":\"https:\/\/www.asajacyl.com\/palencia\/asaja-palencia-informa\/el-1-de-junio-cambian-las-tarifas-electricas\",\"url\":\"https:\/\/www.asajacyl.com\/palencia\/asaja-palencia-informa\/el-1-de-junio-cambian-las-tarifas-electricas\",\"name\":\"El 1 de junio cambian las tarifas el\u00e9ctricas - ASAJA Palencia\",\"isPartOf\":{\"@id\":\"https:\/\/www.asajacyl.com\/palencia\/#website\"},\"primaryImageOfPage\":{\"@id\":\"https:\/\/www.asajacyl.com\/palencia\/asaja-palencia-informa\/el-1-de-junio-cambian-las-tarifas-electricas#primaryimage\"},\"image\":{\"@id\":\"https:\/\/www.asajacyl.com\/palencia\/asaja-palencia-informa\/el-1-de-junio-cambian-las-tarifas-electricas#primaryimage\"},\"thumbnailUrl\":\"https:\/\/www.asajacyl.com\/palencia\/wp-content\/uploads\/sites\/3\/2021\/05\/ELECTRICIDAD.jpg\",\"datePublished\":\"2021-05-24T11:10:18+00:00\",\"dateModified\":\"2021-05-24T11:10:58+00:00\",\"author\":{\"@id\":\"https:\/\/www.asajacyl.com\/palencia\/#\/schema\/person\/3ab17aeb03527485c317557fae64aab1\"},\"description\":\"Las nuevas tarifas el\u00e9ctricas van a tener un impacto muy negativo en la agricultura y ganader\u00eda por los cambios que se producen, al establecer nuevos\",\"breadcrumb\":{\"@id\":\"https:\/\/www.asajacyl.com\/palencia\/asaja-palencia-informa\/el-1-de-junio-cambian-las-tarifas-electricas#breadcrumb\"},\"inLanguage\":\"es\",\"potentialAction\":[{\"@type\":\"ReadAction\",\"target\":[\"https:\/\/www.asajacyl.com\/palencia\/asaja-palencia-informa\/el-1-de-junio-cambian-las-tarifas-electricas\"]}]},{\"@type\":\"ImageObject\",\"inLanguage\":\"es\",\"@id\":\"https:\/\/www.asajacyl.com\/palencia\/asaja-palencia-informa\/el-1-de-junio-cambian-las-tarifas-electricas#primaryimage\",\"url\":\"https:\/\/www.asajacyl.com\/palencia\/wp-content\/uploads\/sites\/3\/2021\/05\/ELECTRICIDAD.jpg\",\"contentUrl\":\"https:\/\/www.asajacyl.com\/palencia\/wp-content\/uploads\/sites\/3\/2021\/05\/ELECTRICIDAD.jpg\",\"width\":986,\"height\":657},{\"@type\":\"BreadcrumbList\",\"@id\":\"https:\/\/www.asajacyl.com\/palencia\/asaja-palencia-informa\/el-1-de-junio-cambian-las-tarifas-electricas#breadcrumb\",\"itemListElement\":[{\"@type\":\"ListItem\",\"position\":1,\"name\":\"Portada\",\"item\":\"https:\/\/www.asajacyl.com\/palencia\/\"},{\"@type\":\"ListItem\",\"position\":2,\"name\":\"El 1 de junio cambian las tarifas el\u00e9ctricas\"}]},{\"@type\":\"WebSite\",\"@id\":\"https:\/\/www.asajacyl.com\/palencia\/#website\",\"url\":\"https:\/\/www.asajacyl.com\/palencia\/\",\"name\":\"ASAJA Palencia\",\"description\":\"Otro sitio m\u00e1s de Provincias ASAJA Castilla y Le\u00f3n\",\"potentialAction\":[{\"@type\":\"SearchAction\",\"target\":{\"@type\":\"EntryPoint\",\"urlTemplate\":\"https:\/\/www.asajacyl.com\/palencia\/?s={search_term_string}\"},\"query-input\":{\"@type\":\"PropertyValueSpecification\",\"valueRequired\":true,\"valueName\":\"search_term_string\"}}],\"inLanguage\":\"es\"},{\"@type\":\"Person\",\"@id\":\"https:\/\/www.asajacyl.com\/palencia\/#\/schema\/person\/3ab17aeb03527485c317557fae64aab1\",\"name\":\"Administrador\",\"image\":{\"@type\":\"ImageObject\",\"inLanguage\":\"es\",\"@id\":\"https:\/\/www.asajacyl.com\/palencia\/#\/schema\/person\/image\/\",\"url\":\"https:\/\/secure.gravatar.com\/avatar\/517384810d242ca9e38c180f3c9fb973?s=96&d=mm&r=g\",\"contentUrl\":\"https:\/\/secure.gravatar.com\/avatar\/517384810d242ca9e38c180f3c9fb973?s=96&d=mm&r=g\",\"caption\":\"Administrador\"},\"url\":\"https:\/\/www.asajacyl.com\/palencia\/author\/carlosrm\"}]}<\/script>\n<!-- \/ Yoast SEO plugin. -->","yoast_head_json":{"title":"El 1 de junio cambian las tarifas el\u00e9ctricas - ASAJA Palencia","description":"Las nuevas tarifas el\u00e9ctricas van a tener un impacto muy negativo en la agricultura y ganader\u00eda por los cambios que se producen, al establecer nuevos","robots":{"index":"index","follow":"follow","max-snippet":"max-snippet:-1","max-image-preview":"max-image-preview:large","max-video-preview":"max-video-preview:-1"},"canonical":"https:\/\/www.asajacyl.com\/palencia\/asaja-palencia-informa\/el-1-de-junio-cambian-las-tarifas-electricas","og_locale":"es_ES","og_type":"article","og_title":"El 1 de junio cambian las tarifas el\u00e9ctricas - ASAJA Palencia","og_description":"Las nuevas tarifas el\u00e9ctricas van a tener un impacto muy negativo en la agricultura y ganader\u00eda por los cambios que se producen, al establecer nuevos","og_url":"https:\/\/www.asajacyl.com\/palencia\/asaja-palencia-informa\/el-1-de-junio-cambian-las-tarifas-electricas","og_site_name":"ASAJA Palencia","article_published_time":"2021-05-24T11:10:18+00:00","article_modified_time":"2021-05-24T11:10:58+00:00","og_image":[{"width":986,"height":657,"url":"https:\/\/www.asajacyl.com\/palencia\/wp-content\/uploads\/sites\/3\/2021\/05\/ELECTRICIDAD.jpg","type":"image\/jpeg"}],"author":"Administrador","twitter_card":"summary_large_image","twitter_misc":{"Escrito por":"Administrador","Tiempo de lectura":"1 minuto"},"schema":{"@context":"https:\/\/schema.org","@graph":[{"@type":"WebPage","@id":"https:\/\/www.asajacyl.com\/palencia\/asaja-palencia-informa\/el-1-de-junio-cambian-las-tarifas-electricas","url":"https:\/\/www.asajacyl.com\/palencia\/asaja-palencia-informa\/el-1-de-junio-cambian-las-tarifas-electricas","name":"El 1 de junio cambian las tarifas el\u00e9ctricas - ASAJA Palencia","isPartOf":{"@id":"https:\/\/www.asajacyl.com\/palencia\/#website"},"primaryImageOfPage":{"@id":"https:\/\/www.asajacyl.com\/palencia\/asaja-palencia-informa\/el-1-de-junio-cambian-las-tarifas-electricas#primaryimage"},"image":{"@id":"https:\/\/www.asajacyl.com\/palencia\/asaja-palencia-informa\/el-1-de-junio-cambian-las-tarifas-electricas#primaryimage"},"thumbnailUrl":"https:\/\/www.asajacyl.com\/palencia\/wp-content\/uploads\/sites\/3\/2021\/05\/ELECTRICIDAD.jpg","datePublished":"2021-05-24T11:10:18+00:00","dateModified":"2021-05-24T11:10:58+00:00","author":{"@id":"https:\/\/www.asajacyl.com\/palencia\/#\/schema\/person\/3ab17aeb03527485c317557fae64aab1"},"description":"Las nuevas tarifas el\u00e9ctricas van a tener un impacto muy negativo en la agricultura y ganader\u00eda por los cambios que se producen, al establecer nuevos","breadcrumb":{"@id":"https:\/\/www.asajacyl.com\/palencia\/asaja-palencia-informa\/el-1-de-junio-cambian-las-tarifas-electricas#breadcrumb"},"inLanguage":"es","potentialAction":[{"@type":"ReadAction","target":["https:\/\/www.asajacyl.com\/palencia\/asaja-palencia-informa\/el-1-de-junio-cambian-las-tarifas-electricas"]}]},{"@type":"ImageObject","inLanguage":"es","@id":"https:\/\/www.asajacyl.com\/palencia\/asaja-palencia-informa\/el-1-de-junio-cambian-las-tarifas-electricas#primaryimage","url":"https:\/\/www.asajacyl.com\/palencia\/wp-content\/uploads\/sites\/3\/2021\/05\/ELECTRICIDAD.jpg","contentUrl":"https:\/\/www.asajacyl.com\/palencia\/wp-content\/uploads\/sites\/3\/2021\/05\/ELECTRICIDAD.jpg","width":986,"height":657},{"@type":"BreadcrumbList","@id":"https:\/\/www.asajacyl.com\/palencia\/asaja-palencia-informa\/el-1-de-junio-cambian-las-tarifas-electricas#breadcrumb","itemListElement":[{"@type":"ListItem","position":1,"name":"Portada","item":"https:\/\/www.asajacyl.com\/palencia\/"},{"@type":"ListItem","position":2,"name":"El 1 de junio cambian las tarifas el\u00e9ctricas"}]},{"@type":"WebSite","@id":"https:\/\/www.asajacyl.com\/palencia\/#website","url":"https:\/\/www.asajacyl.com\/palencia\/","name":"ASAJA Palencia","description":"Otro sitio m\u00e1s de Provincias ASAJA Castilla y Le\u00f3n","potentialAction":[{"@type":"SearchAction","target":{"@type":"EntryPoint","urlTemplate":"https:\/\/www.asajacyl.com\/palencia\/?s={search_term_string}"},"query-input":{"@type":"PropertyValueSpecification","valueRequired":true,"valueName":"search_term_string"}}],"inLanguage":"es"},{"@type":"Person","@id":"https:\/\/www.asajacyl.com\/palencia\/#\/schema\/person\/3ab17aeb03527485c317557fae64aab1","name":"Administrador","image":{"@type":"ImageObject","inLanguage":"es","@id":"https:\/\/www.asajacyl.com\/palencia\/#\/schema\/person\/image\/","url":"https:\/\/secure.gravatar.com\/avatar\/517384810d242ca9e38c180f3c9fb973?s=96&d=mm&r=g","contentUrl":"https:\/\/secure.gravatar.com\/avatar\/517384810d242ca9e38c180f3c9fb973?s=96&d=mm&r=g","caption":"Administrador"},"url":"https:\/\/www.asajacyl.com\/palencia\/author\/carlosrm"}]}},"_links":{"self":[{"href":"https:\/\/www.asajacyl.com\/palencia\/wp-json\/wp\/v2\/posts\/8401"}],"collection":[{"href":"https:\/\/www.asajacyl.com\/palencia\/wp-json\/wp\/v2\/posts"}],"about":[{"href":"https:\/\/www.asajacyl.com\/palencia\/wp-json\/wp\/v2\/types\/post"}],"author":[{"embeddable":true,"href":"https:\/\/www.asajacyl.com\/palencia\/wp-json\/wp\/v2\/users\/9"}],"replies":[{"embeddable":true,"href":"https:\/\/www.asajacyl.com\/palencia\/wp-json\/wp\/v2\/comments?post=8401"}],"version-history":[{"count":2,"href":"https:\/\/www.asajacyl.com\/palencia\/wp-json\/wp\/v2\/posts\/8401\/revisions"}],"predecessor-version":[{"id":8404,"href":"https:\/\/www.asajacyl.com\/palencia\/wp-json\/wp\/v2\/posts\/8401\/revisions\/8404"}],"wp:featuredmedia":[{"embeddable":true,"href":"https:\/\/www.asajacyl.com\/palencia\/wp-json\/wp\/v2\/media\/8402"}],"wp:attachment":[{"href":"https:\/\/www.asajacyl.com\/palencia\/wp-json\/wp\/v2\/media?parent=8401"}],"wp:term":[{"taxonomy":"category","embeddable":true,"href":"https:\/\/www.asajacyl.com\/palencia\/wp-json\/wp\/v2\/categories?post=8401"},{"taxonomy":"post_tag","embeddable":true,"href":"https:\/\/www.asajacyl.com\/palencia\/wp-json\/wp\/v2\/tags?post=8401"}],"curies":[{"name":"wp","href":"https:\/\/api.w.org\/{rel}","templated":true}]}}