{"id":8409,"date":"2021-05-26T08:39:00","date_gmt":"2021-05-26T06:39:00","guid":{"rendered":"https:\/\/www.asajacyl.com\/palencia\/?p=8409"},"modified":"2021-05-24T13:46:57","modified_gmt":"2021-05-24T11:46:57","slug":"tudanca-de-parte-de-la-junta-y-contra-el-gobierno-en-el-problema-del-lobo","status":"publish","type":"post","link":"https:\/\/www.asajacyl.com\/palencia\/asaja-palencia-informa\/tudanca-de-parte-de-la-junta-y-contra-el-gobierno-en-el-problema-del-lobo","title":{"rendered":"Tudanca de parte de la Junta y contra el Gobierno en el problema del lobo"},"content":{"rendered":"\n<p>El Secretario General del PSOE en Castilla y Le\u00f3n y portavoz de su grupo en las Cortes de Castilla y Le\u00f3n, pidi\u00f3 una rectificaci\u00f3n al Ministerio de Transici\u00f3n Ecol\u00f3gica y Reto Demogr\u00e1fico para que busque una soluci\u00f3n de consenso con las organizaciones agrarias y comunidades para el conflicto del lobo.<\/p>\n\n\n\n<p>Manifest\u00f3 no estar de acuerdo con la decisi\u00f3n del Gobierno esperando que rectifique y busque el consenso, reconociendo que las cosas no se han hecho bien y que hay que rectificar un camino equivocado.<\/p>\n\n\n\n<p>El dirigente socialista traslad\u00f3 que no quieren que desaparezca el lobo, pero que tampoco van a permitir que desaparezcan los ganaderos, afirmando que apoyar\u00edan acudir a la justicia si fuera necesario para defender los intereses de los ganaderos.<\/p>\n\n\n\n<div class=\"wp-block-image\"><figure class=\"aligncenter size-large is-resized\"><img loading=\"lazy\" decoding=\"async\" src=\"https:\/\/www.asajacyl.com\/palencia\/wp-content\/uploads\/sites\/3\/2021\/05\/LUIS-TUDANCA-PSOE.jpg\" alt=\"\" class=\"wp-image-8410\" width=\"643\" height=\"362\" srcset=\"https:\/\/www.asajacyl.com\/palencia\/wp-content\/uploads\/sites\/3\/2021\/05\/LUIS-TUDANCA-PSOE.jpg 643w, https:\/\/www.asajacyl.com\/palencia\/wp-content\/uploads\/sites\/3\/2021\/05\/LUIS-TUDANCA-PSOE-300x169.jpg 300w\" sizes=\"(max-width: 643px) 100vw, 643px\" \/><figcaption>Luis Tudanca, Secretario General del PSOE en Castilla y Le\u00f3n.<\/figcaption><\/figure><\/div>\n","protected":false},"excerpt":{"rendered":"<p>El Secretario General del PSOE en Castilla y Le\u00f3n y portavoz de su grupo en las Cortes de Castilla y Le\u00f3n, pidi\u00f3 una rectificaci\u00f3n al Ministerio de Transici\u00f3n Ecol\u00f3gica y Reto Demogr\u00e1fico para que busque una soluci\u00f3n de consenso con las organizaciones agrarias y comunidades para el conflicto del lobo. Manifest\u00f3 no estar de acuerdo [&hellip;]<\/p>\n","protected":false},"author":9,"featured_media":8410,"comment_status":"open","ping_status":"open","sticky":false,"template":"","format":"standard","meta":{"footnotes":""},"categories":[9,29,28],"tags":[],"yoast_head":"<!-- This site is optimized with the Yoast SEO plugin v24.5 - https:\/\/yoast.com\/wordpress\/plugins\/seo\/ -->\n<title>Tudanca de parte de la Junta y contra el Gobierno en el problema del lobo - ASAJA Palencia<\/title>\n<meta name=\"description\" content=\"El Secretario General del PSOE en Castilla y Le\u00f3n y portavoz de su grupo en las Cortes de Castilla y Le\u00f3n, pidi\u00f3 una rectificaci\u00f3n al Ministerio de\" \/>\n<meta name=\"robots\" content=\"index, follow, max-snippet:-1, max-image-preview:large, max-video-preview:-1\" \/>\n<link rel=\"canonical\" href=\"https:\/\/www.asajacyl.com\/palencia\/asaja-palencia-informa\/tudanca-de-parte-de-la-junta-y-contra-el-gobierno-en-el-problema-del-lobo\" \/>\n<meta property=\"og:locale\" content=\"es_ES\" \/>\n<meta property=\"og:type\" content=\"article\" \/>\n<meta property=\"og:title\" content=\"Tudanca de parte de la Junta y contra el Gobierno en el problema del lobo - ASAJA Palencia\" \/>\n<meta property=\"og:description\" content=\"El Secretario General del PSOE en Castilla y Le\u00f3n y portavoz de su grupo en las Cortes de Castilla y Le\u00f3n, pidi\u00f3 una rectificaci\u00f3n al Ministerio de\" \/>\n<meta property=\"og:url\" content=\"https:\/\/www.asajacyl.com\/palencia\/asaja-palencia-informa\/tudanca-de-parte-de-la-junta-y-contra-el-gobierno-en-el-problema-del-lobo\" \/>\n<meta property=\"og:site_name\" content=\"ASAJA Palencia\" \/>\n<meta property=\"article:published_time\" content=\"2021-05-26T06:39:00+00:00\" \/>\n<meta property=\"og:image\" content=\"https:\/\/www.asajacyl.com\/palencia\/wp-content\/uploads\/sites\/3\/2021\/05\/LUIS-TUDANCA-PSOE.jpg\" \/>\n\t<meta property=\"og:image:width\" content=\"643\" \/>\n\t<meta property=\"og:image:height\" content=\"362\" \/>\n\t<meta property=\"og:image:type\" content=\"image\/jpeg\" \/>\n<meta name=\"author\" content=\"Administrador\" \/>\n<meta name=\"twitter:card\" content=\"summary_large_image\" \/>\n<meta name=\"twitter:label1\" content=\"Escrito por\" \/>\n\t<meta name=\"twitter:data1\" content=\"Administrador\" \/>\n\t<meta name=\"twitter:label2\" content=\"Tiempo de lectura\" \/>\n\t<meta name=\"twitter:data2\" content=\"1 minuto\" \/>\n<script type=\"application\/ld+json\" class=\"yoast-schema-graph\">{\"@context\":\"https:\/\/schema.org\",\"@graph\":[{\"@type\":\"WebPage\",\"@id\":\"https:\/\/www.asajacyl.com\/palencia\/asaja-palencia-informa\/tudanca-de-parte-de-la-junta-y-contra-el-gobierno-en-el-problema-del-lobo\",\"url\":\"https:\/\/www.asajacyl.com\/palencia\/asaja-palencia-informa\/tudanca-de-parte-de-la-junta-y-contra-el-gobierno-en-el-problema-del-lobo\",\"name\":\"Tudanca de parte de la Junta y contra el Gobierno en el problema del lobo - ASAJA Palencia\",\"isPartOf\":{\"@id\":\"https:\/\/www.asajacyl.com\/palencia\/#website\"},\"primaryImageOfPage\":{\"@id\":\"https:\/\/www.asajacyl.com\/palencia\/asaja-palencia-informa\/tudanca-de-parte-de-la-junta-y-contra-el-gobierno-en-el-problema-del-lobo#primaryimage\"},\"image\":{\"@id\":\"https:\/\/www.asajacyl.com\/palencia\/asaja-palencia-informa\/tudanca-de-parte-de-la-junta-y-contra-el-gobierno-en-el-problema-del-lobo#primaryimage\"},\"thumbnailUrl\":\"https:\/\/www.asajacyl.com\/palencia\/wp-content\/uploads\/sites\/3\/2021\/05\/LUIS-TUDANCA-PSOE.jpg\",\"datePublished\":\"2021-05-26T06:39:00+00:00\",\"author\":{\"@id\":\"https:\/\/www.asajacyl.com\/palencia\/#\/schema\/person\/3ab17aeb03527485c317557fae64aab1\"},\"description\":\"El Secretario General del PSOE en Castilla y Le\u00f3n y portavoz de su grupo en las Cortes de Castilla y Le\u00f3n, pidi\u00f3 una rectificaci\u00f3n al Ministerio de\",\"breadcrumb\":{\"@id\":\"https:\/\/www.asajacyl.com\/palencia\/asaja-palencia-informa\/tudanca-de-parte-de-la-junta-y-contra-el-gobierno-en-el-problema-del-lobo#breadcrumb\"},\"inLanguage\":\"es\",\"potentialAction\":[{\"@type\":\"ReadAction\",\"target\":[\"https:\/\/www.asajacyl.com\/palencia\/asaja-palencia-informa\/tudanca-de-parte-de-la-junta-y-contra-el-gobierno-en-el-problema-del-lobo\"]}]},{\"@type\":\"ImageObject\",\"inLanguage\":\"es\",\"@id\":\"https:\/\/www.asajacyl.com\/palencia\/asaja-palencia-informa\/tudanca-de-parte-de-la-junta-y-contra-el-gobierno-en-el-problema-del-lobo#primaryimage\",\"url\":\"https:\/\/www.asajacyl.com\/palencia\/wp-content\/uploads\/sites\/3\/2021\/05\/LUIS-TUDANCA-PSOE.jpg\",\"contentUrl\":\"https:\/\/www.asajacyl.com\/palencia\/wp-content\/uploads\/sites\/3\/2021\/05\/LUIS-TUDANCA-PSOE.jpg\",\"width\":643,\"height\":362},{\"@type\":\"BreadcrumbList\",\"@id\":\"https:\/\/www.asajacyl.com\/palencia\/asaja-palencia-informa\/tudanca-de-parte-de-la-junta-y-contra-el-gobierno-en-el-problema-del-lobo#breadcrumb\",\"itemListElement\":[{\"@type\":\"ListItem\",\"position\":1,\"name\":\"Portada\",\"item\":\"https:\/\/www.asajacyl.com\/palencia\/\"},{\"@type\":\"ListItem\",\"position\":2,\"name\":\"Tudanca de parte de la Junta y contra el Gobierno en el problema del lobo\"}]},{\"@type\":\"WebSite\",\"@id\":\"https:\/\/www.asajacyl.com\/palencia\/#website\",\"url\":\"https:\/\/www.asajacyl.com\/palencia\/\",\"name\":\"ASAJA Palencia\",\"description\":\"Otro sitio m\u00e1s de Provincias ASAJA Castilla y Le\u00f3n\",\"potentialAction\":[{\"@type\":\"SearchAction\",\"target\":{\"@type\":\"EntryPoint\",\"urlTemplate\":\"https:\/\/www.asajacyl.com\/palencia\/?s={search_term_string}\"},\"query-input\":{\"@type\":\"PropertyValueSpecification\",\"valueRequired\":true,\"valueName\":\"search_term_string\"}}],\"inLanguage\":\"es\"},{\"@type\":\"Person\",\"@id\":\"https:\/\/www.asajacyl.com\/palencia\/#\/schema\/person\/3ab17aeb03527485c317557fae64aab1\",\"name\":\"Administrador\",\"image\":{\"@type\":\"ImageObject\",\"inLanguage\":\"es\",\"@id\":\"https:\/\/www.asajacyl.com\/palencia\/#\/schema\/person\/image\/\",\"url\":\"https:\/\/secure.gravatar.com\/avatar\/517384810d242ca9e38c180f3c9fb973?s=96&d=mm&r=g\",\"contentUrl\":\"https:\/\/secure.gravatar.com\/avatar\/517384810d242ca9e38c180f3c9fb973?s=96&d=mm&r=g\",\"caption\":\"Administrador\"},\"url\":\"https:\/\/www.asajacyl.com\/palencia\/author\/carlosrm\"}]}<\/script>\n<!-- \/ Yoast SEO plugin. -->","yoast_head_json":{"title":"Tudanca de parte de la Junta y contra el Gobierno en el problema del lobo - ASAJA Palencia","description":"El Secretario General del PSOE en Castilla y Le\u00f3n y portavoz de su grupo en las Cortes de Castilla y Le\u00f3n, pidi\u00f3 una rectificaci\u00f3n al Ministerio de","robots":{"index":"index","follow":"follow","max-snippet":"max-snippet:-1","max-image-preview":"max-image-preview:large","max-video-preview":"max-video-preview:-1"},"canonical":"https:\/\/www.asajacyl.com\/palencia\/asaja-palencia-informa\/tudanca-de-parte-de-la-junta-y-contra-el-gobierno-en-el-problema-del-lobo","og_locale":"es_ES","og_type":"article","og_title":"Tudanca de parte de la Junta y contra el Gobierno en el problema del lobo - ASAJA Palencia","og_description":"El Secretario General del PSOE en Castilla y Le\u00f3n y portavoz de su grupo en las Cortes de Castilla y Le\u00f3n, pidi\u00f3 una rectificaci\u00f3n al Ministerio de","og_url":"https:\/\/www.asajacyl.com\/palencia\/asaja-palencia-informa\/tudanca-de-parte-de-la-junta-y-contra-el-gobierno-en-el-problema-del-lobo","og_site_name":"ASAJA Palencia","article_published_time":"2021-05-26T06:39:00+00:00","og_image":[{"width":643,"height":362,"url":"https:\/\/www.asajacyl.com\/palencia\/wp-content\/uploads\/sites\/3\/2021\/05\/LUIS-TUDANCA-PSOE.jpg","type":"image\/jpeg"}],"author":"Administrador","twitter_card":"summary_large_image","twitter_misc":{"Escrito por":"Administrador","Tiempo de lectura":"1 minuto"},"schema":{"@context":"https:\/\/schema.org","@graph":[{"@type":"WebPage","@id":"https:\/\/www.asajacyl.com\/palencia\/asaja-palencia-informa\/tudanca-de-parte-de-la-junta-y-contra-el-gobierno-en-el-problema-del-lobo","url":"https:\/\/www.asajacyl.com\/palencia\/asaja-palencia-informa\/tudanca-de-parte-de-la-junta-y-contra-el-gobierno-en-el-problema-del-lobo","name":"Tudanca de parte de la Junta y contra el Gobierno en el problema del lobo - ASAJA Palencia","isPartOf":{"@id":"https:\/\/www.asajacyl.com\/palencia\/#website"},"primaryImageOfPage":{"@id":"https:\/\/www.asajacyl.com\/palencia\/asaja-palencia-informa\/tudanca-de-parte-de-la-junta-y-contra-el-gobierno-en-el-problema-del-lobo#primaryimage"},"image":{"@id":"https:\/\/www.asajacyl.com\/palencia\/asaja-palencia-informa\/tudanca-de-parte-de-la-junta-y-contra-el-gobierno-en-el-problema-del-lobo#primaryimage"},"thumbnailUrl":"https:\/\/www.asajacyl.com\/palencia\/wp-content\/uploads\/sites\/3\/2021\/05\/LUIS-TUDANCA-PSOE.jpg","datePublished":"2021-05-26T06:39:00+00:00","author":{"@id":"https:\/\/www.asajacyl.com\/palencia\/#\/schema\/person\/3ab17aeb03527485c317557fae64aab1"},"description":"El Secretario General del PSOE en Castilla y Le\u00f3n y portavoz de su grupo en las Cortes de Castilla y Le\u00f3n, pidi\u00f3 una rectificaci\u00f3n al Ministerio de","breadcrumb":{"@id":"https:\/\/www.asajacyl.com\/palencia\/asaja-palencia-informa\/tudanca-de-parte-de-la-junta-y-contra-el-gobierno-en-el-problema-del-lobo#breadcrumb"},"inLanguage":"es","potentialAction":[{"@type":"ReadAction","target":["https:\/\/www.asajacyl.com\/palencia\/asaja-palencia-informa\/tudanca-de-parte-de-la-junta-y-contra-el-gobierno-en-el-problema-del-lobo"]}]},{"@type":"ImageObject","inLanguage":"es","@id":"https:\/\/www.asajacyl.com\/palencia\/asaja-palencia-informa\/tudanca-de-parte-de-la-junta-y-contra-el-gobierno-en-el-problema-del-lobo#primaryimage","url":"https:\/\/www.asajacyl.com\/palencia\/wp-content\/uploads\/sites\/3\/2021\/05\/LUIS-TUDANCA-PSOE.jpg","contentUrl":"https:\/\/www.asajacyl.com\/palencia\/wp-content\/uploads\/sites\/3\/2021\/05\/LUIS-TUDANCA-PSOE.jpg","width":643,"height":362},{"@type":"BreadcrumbList","@id":"https:\/\/www.asajacyl.com\/palencia\/asaja-palencia-informa\/tudanca-de-parte-de-la-junta-y-contra-el-gobierno-en-el-problema-del-lobo#breadcrumb","itemListElement":[{"@type":"ListItem","position":1,"name":"Portada","item":"https:\/\/www.asajacyl.com\/palencia\/"},{"@type":"ListItem","position":2,"name":"Tudanca de parte de la Junta y contra el Gobierno en el problema del lobo"}]},{"@type":"WebSite","@id":"https:\/\/www.asajacyl.com\/palencia\/#website","url":"https:\/\/www.asajacyl.com\/palencia\/","name":"ASAJA Palencia","description":"Otro sitio m\u00e1s de Provincias ASAJA Castilla y Le\u00f3n","potentialAction":[{"@type":"SearchAction","target":{"@type":"EntryPoint","urlTemplate":"https:\/\/www.asajacyl.com\/palencia\/?s={search_term_string}"},"query-input":{"@type":"PropertyValueSpecification","valueRequired":true,"valueName":"search_term_string"}}],"inLanguage":"es"},{"@type":"Person","@id":"https:\/\/www.asajacyl.com\/palencia\/#\/schema\/person\/3ab17aeb03527485c317557fae64aab1","name":"Administrador","image":{"@type":"ImageObject","inLanguage":"es","@id":"https:\/\/www.asajacyl.com\/palencia\/#\/schema\/person\/image\/","url":"https:\/\/secure.gravatar.com\/avatar\/517384810d242ca9e38c180f3c9fb973?s=96&d=mm&r=g","contentUrl":"https:\/\/secure.gravatar.com\/avatar\/517384810d242ca9e38c180f3c9fb973?s=96&d=mm&r=g","caption":"Administrador"},"url":"https:\/\/www.asajacyl.com\/palencia\/author\/carlosrm"}]}},"_links":{"self":[{"href":"https:\/\/www.asajacyl.com\/palencia\/wp-json\/wp\/v2\/posts\/8409"}],"collection":[{"href":"https:\/\/www.asajacyl.com\/palencia\/wp-json\/wp\/v2\/posts"}],"about":[{"href":"https:\/\/www.asajacyl.com\/palencia\/wp-json\/wp\/v2\/types\/post"}],"author":[{"embeddable":true,"href":"https:\/\/www.asajacyl.com\/palencia\/wp-json\/wp\/v2\/users\/9"}],"replies":[{"embeddable":true,"href":"https:\/\/www.asajacyl.com\/palencia\/wp-json\/wp\/v2\/comments?post=8409"}],"version-history":[{"count":1,"href":"https:\/\/www.asajacyl.com\/palencia\/wp-json\/wp\/v2\/posts\/8409\/revisions"}],"predecessor-version":[{"id":8411,"href":"https:\/\/www.asajacyl.com\/palencia\/wp-json\/wp\/v2\/posts\/8409\/revisions\/8411"}],"wp:featuredmedia":[{"embeddable":true,"href":"https:\/\/www.asajacyl.com\/palencia\/wp-json\/wp\/v2\/media\/8410"}],"wp:attachment":[{"href":"https:\/\/www.asajacyl.com\/palencia\/wp-json\/wp\/v2\/media?parent=8409"}],"wp:term":[{"taxonomy":"category","embeddable":true,"href":"https:\/\/www.asajacyl.com\/palencia\/wp-json\/wp\/v2\/categories?post=8409"},{"taxonomy":"post_tag","embeddable":true,"href":"https:\/\/www.asajacyl.com\/palencia\/wp-json\/wp\/v2\/tags?post=8409"}],"curies":[{"name":"wp","href":"https:\/\/api.w.org\/{rel}","templated":true}]}}