{"id":8422,"date":"2021-05-30T08:27:00","date_gmt":"2021-05-30T06:27:00","guid":{"rendered":"https:\/\/www.asajacyl.com\/palencia\/?p=8422"},"modified":"2021-05-31T07:34:01","modified_gmt":"2021-05-31T05:34:01","slug":"abierto-el-centro-de-desinfeccion-de-vehiculos-de-animales-de-guardo","status":"publish","type":"post","link":"https:\/\/www.asajacyl.com\/palencia\/asaja-palencia-informa\/noticias\/abierto-el-centro-de-desinfeccion-de-vehiculos-de-animales-de-guardo","title":{"rendered":"Abierto el centro de desinfecci\u00f3n de veh\u00edculos de transporte de animales de Guardo"},"content":{"rendered":"\n<p>La limpieza y desinfecci\u00f3n de los veh\u00edculos de los medios de transporte de animales es una medida esencial en la prevenci\u00f3n de la difusi\u00f3n de enfermedades.<\/p>\n\n\n\n<p>Recientemente ha abierto sus puertas el matadero de Guardo, el cual dispone de instalaciones aptas para la desinfecci\u00f3n de veh\u00edculos, algo que vendr\u00e1 bien a aquellos veh\u00edculos de la zona norte de Palencia y noreste de Le\u00f3n.<\/p>\n\n\n\n<p>Por tanto, en la actualidad contamos con dos centros de desinfecci\u00f3n en la provincia:<\/p>\n\n\n\n<ul><li>Matadero de Palencia. C\/ Vizcaya, 14. Tel\u00e9fono: 979 724 500.<\/li><li>Matadero de Guardo. Pol\u00edgono El Soto. Tel\u00e9fono: 608 786 417.<\/li><\/ul>\n","protected":false},"excerpt":{"rendered":"<p>La limpieza y desinfecci\u00f3n de los veh\u00edculos de los medios de transporte de animales es una medida esencial en la prevenci\u00f3n de la difusi\u00f3n de enfermedades. Recientemente ha abierto sus puertas el matadero de Guardo, el cual dispone de instalaciones aptas para la desinfecci\u00f3n de veh\u00edculos, algo que vendr\u00e1 bien a aquellos veh\u00edculos de la [&hellip;]<\/p>\n","protected":false},"author":9,"featured_media":7740,"comment_status":"open","ping_status":"open","sticky":false,"template":"","format":"standard","meta":{"footnotes":""},"categories":[29,28],"tags":[],"yoast_head":"<!-- This site is optimized with the Yoast SEO plugin v24.5 - https:\/\/yoast.com\/wordpress\/plugins\/seo\/ -->\n<title>Abierto el centro de desinfecci\u00f3n de veh\u00edculos de transporte de animales de Guardo - ASAJA Palencia<\/title>\n<meta name=\"description\" content=\"La limpieza y desinfecci\u00f3n de los veh\u00edculos de los medios de transporte de animales es una medida esencial en la prevenci\u00f3n de la difusi\u00f3n de\" \/>\n<meta name=\"robots\" content=\"index, follow, max-snippet:-1, max-image-preview:large, max-video-preview:-1\" \/>\n<link rel=\"canonical\" href=\"https:\/\/www.asajacyl.com\/palencia\/asaja-palencia-informa\/noticias\/abierto-el-centro-de-desinfeccion-de-vehiculos-de-animales-de-guardo\" \/>\n<meta property=\"og:locale\" content=\"es_ES\" \/>\n<meta property=\"og:type\" content=\"article\" \/>\n<meta property=\"og:title\" content=\"Abierto el centro de desinfecci\u00f3n de veh\u00edculos de transporte de animales de Guardo - ASAJA Palencia\" \/>\n<meta property=\"og:description\" content=\"La limpieza y desinfecci\u00f3n de los veh\u00edculos de los medios de transporte de animales es una medida esencial en la prevenci\u00f3n de la difusi\u00f3n de\" \/>\n<meta property=\"og:url\" content=\"https:\/\/www.asajacyl.com\/palencia\/asaja-palencia-informa\/noticias\/abierto-el-centro-de-desinfeccion-de-vehiculos-de-animales-de-guardo\" \/>\n<meta property=\"og:site_name\" content=\"ASAJA Palencia\" \/>\n<meta property=\"article:published_time\" content=\"2021-05-30T06:27:00+00:00\" \/>\n<meta property=\"article:modified_time\" content=\"2021-05-31T05:34:01+00:00\" \/>\n<meta property=\"og:image\" content=\"https:\/\/www.asajacyl.com\/palencia\/wp-content\/uploads\/sites\/3\/2020\/11\/vacuno-carne.jpg\" \/>\n\t<meta property=\"og:image:width\" content=\"2500\" \/>\n\t<meta property=\"og:image:height\" content=\"1406\" \/>\n\t<meta property=\"og:image:type\" content=\"image\/jpeg\" \/>\n<meta name=\"author\" content=\"Administrador\" \/>\n<meta name=\"twitter:card\" content=\"summary_large_image\" \/>\n<meta name=\"twitter:label1\" content=\"Escrito por\" \/>\n\t<meta name=\"twitter:data1\" content=\"Administrador\" \/>\n\t<meta name=\"twitter:label2\" content=\"Tiempo de lectura\" \/>\n\t<meta name=\"twitter:data2\" content=\"1 minuto\" \/>\n<script type=\"application\/ld+json\" class=\"yoast-schema-graph\">{\"@context\":\"https:\/\/schema.org\",\"@graph\":[{\"@type\":\"WebPage\",\"@id\":\"https:\/\/www.asajacyl.com\/palencia\/asaja-palencia-informa\/noticias\/abierto-el-centro-de-desinfeccion-de-vehiculos-de-animales-de-guardo\",\"url\":\"https:\/\/www.asajacyl.com\/palencia\/asaja-palencia-informa\/noticias\/abierto-el-centro-de-desinfeccion-de-vehiculos-de-animales-de-guardo\",\"name\":\"Abierto el centro de desinfecci\u00f3n de veh\u00edculos de transporte de animales de Guardo - ASAJA Palencia\",\"isPartOf\":{\"@id\":\"https:\/\/www.asajacyl.com\/palencia\/#website\"},\"primaryImageOfPage\":{\"@id\":\"https:\/\/www.asajacyl.com\/palencia\/asaja-palencia-informa\/noticias\/abierto-el-centro-de-desinfeccion-de-vehiculos-de-animales-de-guardo#primaryimage\"},\"image\":{\"@id\":\"https:\/\/www.asajacyl.com\/palencia\/asaja-palencia-informa\/noticias\/abierto-el-centro-de-desinfeccion-de-vehiculos-de-animales-de-guardo#primaryimage\"},\"thumbnailUrl\":\"https:\/\/www.asajacyl.com\/palencia\/wp-content\/uploads\/sites\/3\/2020\/11\/vacuno-carne.jpg\",\"datePublished\":\"2021-05-30T06:27:00+00:00\",\"dateModified\":\"2021-05-31T05:34:01+00:00\",\"author\":{\"@id\":\"https:\/\/www.asajacyl.com\/palencia\/#\/schema\/person\/3ab17aeb03527485c317557fae64aab1\"},\"description\":\"La limpieza y desinfecci\u00f3n de los veh\u00edculos de los medios de transporte de animales es una medida esencial en la prevenci\u00f3n de la difusi\u00f3n de\",\"breadcrumb\":{\"@id\":\"https:\/\/www.asajacyl.com\/palencia\/asaja-palencia-informa\/noticias\/abierto-el-centro-de-desinfeccion-de-vehiculos-de-animales-de-guardo#breadcrumb\"},\"inLanguage\":\"es\",\"potentialAction\":[{\"@type\":\"ReadAction\",\"target\":[\"https:\/\/www.asajacyl.com\/palencia\/asaja-palencia-informa\/noticias\/abierto-el-centro-de-desinfeccion-de-vehiculos-de-animales-de-guardo\"]}]},{\"@type\":\"ImageObject\",\"inLanguage\":\"es\",\"@id\":\"https:\/\/www.asajacyl.com\/palencia\/asaja-palencia-informa\/noticias\/abierto-el-centro-de-desinfeccion-de-vehiculos-de-animales-de-guardo#primaryimage\",\"url\":\"https:\/\/www.asajacyl.com\/palencia\/wp-content\/uploads\/sites\/3\/2020\/11\/vacuno-carne.jpg\",\"contentUrl\":\"https:\/\/www.asajacyl.com\/palencia\/wp-content\/uploads\/sites\/3\/2020\/11\/vacuno-carne.jpg\",\"width\":2500,\"height\":1406},{\"@type\":\"BreadcrumbList\",\"@id\":\"https:\/\/www.asajacyl.com\/palencia\/asaja-palencia-informa\/noticias\/abierto-el-centro-de-desinfeccion-de-vehiculos-de-animales-de-guardo#breadcrumb\",\"itemListElement\":[{\"@type\":\"ListItem\",\"position\":1,\"name\":\"Portada\",\"item\":\"https:\/\/www.asajacyl.com\/palencia\/\"},{\"@type\":\"ListItem\",\"position\":2,\"name\":\"Abierto el centro de desinfecci\u00f3n de veh\u00edculos de transporte de animales de Guardo\"}]},{\"@type\":\"WebSite\",\"@id\":\"https:\/\/www.asajacyl.com\/palencia\/#website\",\"url\":\"https:\/\/www.asajacyl.com\/palencia\/\",\"name\":\"ASAJA Palencia\",\"description\":\"Otro sitio m\u00e1s de Provincias ASAJA Castilla y Le\u00f3n\",\"potentialAction\":[{\"@type\":\"SearchAction\",\"target\":{\"@type\":\"EntryPoint\",\"urlTemplate\":\"https:\/\/www.asajacyl.com\/palencia\/?s={search_term_string}\"},\"query-input\":{\"@type\":\"PropertyValueSpecification\",\"valueRequired\":true,\"valueName\":\"search_term_string\"}}],\"inLanguage\":\"es\"},{\"@type\":\"Person\",\"@id\":\"https:\/\/www.asajacyl.com\/palencia\/#\/schema\/person\/3ab17aeb03527485c317557fae64aab1\",\"name\":\"Administrador\",\"image\":{\"@type\":\"ImageObject\",\"inLanguage\":\"es\",\"@id\":\"https:\/\/www.asajacyl.com\/palencia\/#\/schema\/person\/image\/\",\"url\":\"https:\/\/secure.gravatar.com\/avatar\/517384810d242ca9e38c180f3c9fb973?s=96&d=mm&r=g\",\"contentUrl\":\"https:\/\/secure.gravatar.com\/avatar\/517384810d242ca9e38c180f3c9fb973?s=96&d=mm&r=g\",\"caption\":\"Administrador\"},\"url\":\"https:\/\/www.asajacyl.com\/palencia\/author\/carlosrm\"}]}<\/script>\n<!-- \/ Yoast SEO plugin. -->","yoast_head_json":{"title":"Abierto el centro de desinfecci\u00f3n de veh\u00edculos de transporte de animales de Guardo - ASAJA Palencia","description":"La limpieza y desinfecci\u00f3n de los veh\u00edculos de los medios de transporte de animales es una medida esencial en la prevenci\u00f3n de la difusi\u00f3n de","robots":{"index":"index","follow":"follow","max-snippet":"max-snippet:-1","max-image-preview":"max-image-preview:large","max-video-preview":"max-video-preview:-1"},"canonical":"https:\/\/www.asajacyl.com\/palencia\/asaja-palencia-informa\/noticias\/abierto-el-centro-de-desinfeccion-de-vehiculos-de-animales-de-guardo","og_locale":"es_ES","og_type":"article","og_title":"Abierto el centro de desinfecci\u00f3n de veh\u00edculos de transporte de animales de Guardo - ASAJA Palencia","og_description":"La limpieza y desinfecci\u00f3n de los veh\u00edculos de los medios de transporte de animales es una medida esencial en la prevenci\u00f3n de la difusi\u00f3n de","og_url":"https:\/\/www.asajacyl.com\/palencia\/asaja-palencia-informa\/noticias\/abierto-el-centro-de-desinfeccion-de-vehiculos-de-animales-de-guardo","og_site_name":"ASAJA Palencia","article_published_time":"2021-05-30T06:27:00+00:00","article_modified_time":"2021-05-31T05:34:01+00:00","og_image":[{"width":2500,"height":1406,"url":"https:\/\/www.asajacyl.com\/palencia\/wp-content\/uploads\/sites\/3\/2020\/11\/vacuno-carne.jpg","type":"image\/jpeg"}],"author":"Administrador","twitter_card":"summary_large_image","twitter_misc":{"Escrito por":"Administrador","Tiempo de lectura":"1 minuto"},"schema":{"@context":"https:\/\/schema.org","@graph":[{"@type":"WebPage","@id":"https:\/\/www.asajacyl.com\/palencia\/asaja-palencia-informa\/noticias\/abierto-el-centro-de-desinfeccion-de-vehiculos-de-animales-de-guardo","url":"https:\/\/www.asajacyl.com\/palencia\/asaja-palencia-informa\/noticias\/abierto-el-centro-de-desinfeccion-de-vehiculos-de-animales-de-guardo","name":"Abierto el centro de desinfecci\u00f3n de veh\u00edculos de transporte de animales de Guardo - ASAJA Palencia","isPartOf":{"@id":"https:\/\/www.asajacyl.com\/palencia\/#website"},"primaryImageOfPage":{"@id":"https:\/\/www.asajacyl.com\/palencia\/asaja-palencia-informa\/noticias\/abierto-el-centro-de-desinfeccion-de-vehiculos-de-animales-de-guardo#primaryimage"},"image":{"@id":"https:\/\/www.asajacyl.com\/palencia\/asaja-palencia-informa\/noticias\/abierto-el-centro-de-desinfeccion-de-vehiculos-de-animales-de-guardo#primaryimage"},"thumbnailUrl":"https:\/\/www.asajacyl.com\/palencia\/wp-content\/uploads\/sites\/3\/2020\/11\/vacuno-carne.jpg","datePublished":"2021-05-30T06:27:00+00:00","dateModified":"2021-05-31T05:34:01+00:00","author":{"@id":"https:\/\/www.asajacyl.com\/palencia\/#\/schema\/person\/3ab17aeb03527485c317557fae64aab1"},"description":"La limpieza y desinfecci\u00f3n de los veh\u00edculos de los medios de transporte de animales es una medida esencial en la prevenci\u00f3n de la difusi\u00f3n de","breadcrumb":{"@id":"https:\/\/www.asajacyl.com\/palencia\/asaja-palencia-informa\/noticias\/abierto-el-centro-de-desinfeccion-de-vehiculos-de-animales-de-guardo#breadcrumb"},"inLanguage":"es","potentialAction":[{"@type":"ReadAction","target":["https:\/\/www.asajacyl.com\/palencia\/asaja-palencia-informa\/noticias\/abierto-el-centro-de-desinfeccion-de-vehiculos-de-animales-de-guardo"]}]},{"@type":"ImageObject","inLanguage":"es","@id":"https:\/\/www.asajacyl.com\/palencia\/asaja-palencia-informa\/noticias\/abierto-el-centro-de-desinfeccion-de-vehiculos-de-animales-de-guardo#primaryimage","url":"https:\/\/www.asajacyl.com\/palencia\/wp-content\/uploads\/sites\/3\/2020\/11\/vacuno-carne.jpg","contentUrl":"https:\/\/www.asajacyl.com\/palencia\/wp-content\/uploads\/sites\/3\/2020\/11\/vacuno-carne.jpg","width":2500,"height":1406},{"@type":"BreadcrumbList","@id":"https:\/\/www.asajacyl.com\/palencia\/asaja-palencia-informa\/noticias\/abierto-el-centro-de-desinfeccion-de-vehiculos-de-animales-de-guardo#breadcrumb","itemListElement":[{"@type":"ListItem","position":1,"name":"Portada","item":"https:\/\/www.asajacyl.com\/palencia\/"},{"@type":"ListItem","position":2,"name":"Abierto el centro de desinfecci\u00f3n de veh\u00edculos de transporte de animales de Guardo"}]},{"@type":"WebSite","@id":"https:\/\/www.asajacyl.com\/palencia\/#website","url":"https:\/\/www.asajacyl.com\/palencia\/","name":"ASAJA Palencia","description":"Otro sitio m\u00e1s de Provincias ASAJA Castilla y Le\u00f3n","potentialAction":[{"@type":"SearchAction","target":{"@type":"EntryPoint","urlTemplate":"https:\/\/www.asajacyl.com\/palencia\/?s={search_term_string}"},"query-input":{"@type":"PropertyValueSpecification","valueRequired":true,"valueName":"search_term_string"}}],"inLanguage":"es"},{"@type":"Person","@id":"https:\/\/www.asajacyl.com\/palencia\/#\/schema\/person\/3ab17aeb03527485c317557fae64aab1","name":"Administrador","image":{"@type":"ImageObject","inLanguage":"es","@id":"https:\/\/www.asajacyl.com\/palencia\/#\/schema\/person\/image\/","url":"https:\/\/secure.gravatar.com\/avatar\/517384810d242ca9e38c180f3c9fb973?s=96&d=mm&r=g","contentUrl":"https:\/\/secure.gravatar.com\/avatar\/517384810d242ca9e38c180f3c9fb973?s=96&d=mm&r=g","caption":"Administrador"},"url":"https:\/\/www.asajacyl.com\/palencia\/author\/carlosrm"}]}},"_links":{"self":[{"href":"https:\/\/www.asajacyl.com\/palencia\/wp-json\/wp\/v2\/posts\/8422"}],"collection":[{"href":"https:\/\/www.asajacyl.com\/palencia\/wp-json\/wp\/v2\/posts"}],"about":[{"href":"https:\/\/www.asajacyl.com\/palencia\/wp-json\/wp\/v2\/types\/post"}],"author":[{"embeddable":true,"href":"https:\/\/www.asajacyl.com\/palencia\/wp-json\/wp\/v2\/users\/9"}],"replies":[{"embeddable":true,"href":"https:\/\/www.asajacyl.com\/palencia\/wp-json\/wp\/v2\/comments?post=8422"}],"version-history":[{"count":2,"href":"https:\/\/www.asajacyl.com\/palencia\/wp-json\/wp\/v2\/posts\/8422\/revisions"}],"predecessor-version":[{"id":8431,"href":"https:\/\/www.asajacyl.com\/palencia\/wp-json\/wp\/v2\/posts\/8422\/revisions\/8431"}],"wp:featuredmedia":[{"embeddable":true,"href":"https:\/\/www.asajacyl.com\/palencia\/wp-json\/wp\/v2\/media\/7740"}],"wp:attachment":[{"href":"https:\/\/www.asajacyl.com\/palencia\/wp-json\/wp\/v2\/media?parent=8422"}],"wp:term":[{"taxonomy":"category","embeddable":true,"href":"https:\/\/www.asajacyl.com\/palencia\/wp-json\/wp\/v2\/categories?post=8422"},{"taxonomy":"post_tag","embeddable":true,"href":"https:\/\/www.asajacyl.com\/palencia\/wp-json\/wp\/v2\/tags?post=8422"}],"curies":[{"name":"wp","href":"https:\/\/api.w.org\/{rel}","templated":true}]}}