{"id":8428,"date":"2021-05-29T15:47:10","date_gmt":"2021-05-29T13:47:10","guid":{"rendered":"https:\/\/www.asajacyl.com\/palencia\/?p=8428"},"modified":"2021-05-29T15:47:12","modified_gmt":"2021-05-29T13:47:12","slug":"asaja-lamenta-la-falta-de-voluntad-politica-para-cerrar-un-acuerdo-satisfactorio-sobre-la-pac","status":"publish","type":"post","link":"https:\/\/www.asajacyl.com\/palencia\/asaja-palencia-informa\/noticias\/asaja-lamenta-la-falta-de-voluntad-politica-para-cerrar-un-acuerdo-satisfactorio-sobre-la-pac","title":{"rendered":"Asaja lamenta la falta de voluntad pol\u00edtica para cerrar un acuerdo satisfactorio sobre la PAC"},"content":{"rendered":"\n<p><strong><em>Tras el fracaso en la que parec\u00eda la \u00faltima ronda de negociaciones en los tr\u00edlogos de la PAC, ASAJA lamenta la falta de voluntad pol\u00edtica para alcanzar un acuerdo satisfactorio y espera que en las pr\u00f3ximas semanas se puedan acercar posiciones entorno a un compromiso que garantice la estabilidad, viabilidad y competitividad de nuestras explotaciones en los pr\u00f3ximos a\u00f1os.<\/em><\/strong><\/p>\n\n\n\n<p>ASAJA insta a los negociadores de la PAC a asumir su responsabilidad para lograr un acuerdo que salvaguarde por igual el rendimiento econ\u00f3mico y ambiental, puesto que la Pol\u00edtica Agr\u00edcola Com\u00fan determina la renta de millones de ganaderos y agricultores, as\u00ed como nuestra seguridad alimentaria, nuestra independencia estrat\u00e9gica y la sostenibilidad de nuestros territorios.<\/p>\n\n\n\n<p>Lamentamos igualmente el partidismo demostrado por la Comisi\u00f3n Europea (CE), a trav\u00e9s de su vicepresidente, Frans Timmermans, y el propio comisario de agricultura, Wojciechowski, que en esta fase de negociaciones, en lugar de actuar como instrumento facilitador del acuerdo, tendiendo puentes entre las partes realmente involucradas en el proceso, se han situado claramente en las posiciones m\u00e1s radicales de una de ellas, con clara intenci\u00f3n desestabilizadora, como recordaron el ministro de agricultura Planas y otras muchas delegaciones durante la sesi\u00f3n del Consejo de m\u00e1s de dos d\u00edas y sus noches de duraci\u00f3n.<\/p>\n\n\n\n<p>Por otro lado, ASAJA recuerda que, cuando se habla de nuevas ambiciones clim\u00e1ticas y medioambientales, los agricultores y ganaderos ya est\u00e1n sometidos y asumen numerosos e importantes compromisos en esta materia en la actual PAC, por lo que los nuevos esfuerzos deben ser debidamente justificados, incentivados y remunerados, porque como indica el presidente nacional de ASAJA, Pedro Barato \u201ces dif\u00edcil ser m\u00e1s verde cuando los n\u00fameros cada vez son m\u00e1s rojos para el agricultor y ganadero\u201d.<\/p>\n\n\n\n<p>En este sentido, desde ASAJA queremos resaltar que ante la reducci\u00f3n de los fondos de la PAC \u2013que se acord\u00f3 en el pasado Consejo de julio de 2020-, la creciente competencia internacional y los acuerdos comerciales bilaterales y multilaterales que lidera la UE, los agricultores deber\u00e1n realizar nuevos e importantes esfuerzos para cumplir con todas las exigencias.<\/p>\n\n\n\n<p>ASAJA resalta el compromiso de los agricultores y ganaderos con los europeos y la PAC y sus buenos resultados. Al contrario de lo que desde otros colectivos se ha atacado insistentemente y sin fundamento, los compromisos de nueva PAC post 2023 no se trata de un \u00abblanqueamiento ecol\u00f3gico\u00bb, sino un desaf\u00edo importante tanto para las peque\u00f1as como las medianas y grandes explotaciones.<\/p>\n\n\n\n<p>Los agricultores y ganaderos trabajamos sobre el terreno y somos conscientes de los problemas medioambientales. Somos y seremos los primeros en sufrir sus consecuencias, es por eso que los negociadores de la UE deber\u00edan confiar en que el sector har\u00e1 un esfuerzo suplementario siempre que sea legisle de una manera realista. De hecho quisi\u00e9remos recordar a nuestros legisladores que de sus decisiones dependen que se implementen nuevas inversiones en las explotaciones, empleos en el medio rural o incluso de los sue\u00f1os de los futuros agricultores europeos.<\/p>\n\n\n\n<p>Por \u00faltimo, ASAJA conf\u00eda en que, finalmente, Parlamento Europeo y Consejo aprueben antes del fin de la presidencia portuguesa, este importante paquete y que, despu\u00e9s de tres a\u00f1os de negociaciones, se logre un acuerdo equilibrado y satisfactorio para los intereses y expectativas de millones de agricultores espa\u00f1oles y europeos<\/p>\n","protected":false},"excerpt":{"rendered":"<p>Tras el fracaso en la que parec\u00eda la \u00faltima ronda de negociaciones en los tr\u00edlogos de la PAC, ASAJA lamenta la falta de voluntad pol\u00edtica para alcanzar un acuerdo satisfactorio y espera que en las pr\u00f3ximas semanas se puedan acercar posiciones entorno a un compromiso que garantice la estabilidad, viabilidad y competitividad de nuestras explotaciones [&hellip;]<\/p>\n","protected":false},"author":9,"featured_media":8267,"comment_status":"open","ping_status":"open","sticky":false,"template":"","format":"standard","meta":{"footnotes":""},"categories":[9,29,28],"tags":[],"yoast_head":"<!-- This site is optimized with the Yoast SEO plugin v24.5 - https:\/\/yoast.com\/wordpress\/plugins\/seo\/ -->\n<title>Asaja lamenta la falta de voluntad pol\u00edtica para cerrar un acuerdo satisfactorio sobre la PAC - ASAJA Palencia<\/title>\n<meta name=\"description\" content=\"Tras el fracaso en la que parec\u00eda la \u00faltima ronda de negociaciones en los tr\u00edlogos de la PAC, ASAJA lamenta la falta de voluntad pol\u00edtica para alcanzar un\" \/>\n<meta name=\"robots\" content=\"index, follow, max-snippet:-1, max-image-preview:large, max-video-preview:-1\" \/>\n<link rel=\"canonical\" href=\"https:\/\/www.asajacyl.com\/palencia\/asaja-palencia-informa\/noticias\/asaja-lamenta-la-falta-de-voluntad-politica-para-cerrar-un-acuerdo-satisfactorio-sobre-la-pac\" \/>\n<meta property=\"og:locale\" content=\"es_ES\" \/>\n<meta property=\"og:type\" content=\"article\" \/>\n<meta property=\"og:title\" content=\"Asaja lamenta la falta de voluntad pol\u00edtica para cerrar un acuerdo satisfactorio sobre la PAC - ASAJA Palencia\" \/>\n<meta property=\"og:description\" content=\"Tras el fracaso en la que parec\u00eda la \u00faltima ronda de negociaciones en los tr\u00edlogos de la PAC, ASAJA lamenta la falta de voluntad pol\u00edtica para alcanzar un\" \/>\n<meta property=\"og:url\" content=\"https:\/\/www.asajacyl.com\/palencia\/asaja-palencia-informa\/noticias\/asaja-lamenta-la-falta-de-voluntad-politica-para-cerrar-un-acuerdo-satisfactorio-sobre-la-pac\" \/>\n<meta property=\"og:site_name\" content=\"ASAJA Palencia\" \/>\n<meta property=\"article:published_time\" content=\"2021-05-29T13:47:10+00:00\" \/>\n<meta property=\"article:modified_time\" content=\"2021-05-29T13:47:12+00:00\" \/>\n<meta property=\"og:image\" content=\"https:\/\/www.asajacyl.com\/palencia\/wp-content\/uploads\/sites\/3\/2021\/05\/COMISION-EUROPEA.jpg\" \/>\n\t<meta property=\"og:image:width\" content=\"1600\" \/>\n\t<meta property=\"og:image:height\" content=\"900\" \/>\n\t<meta property=\"og:image:type\" content=\"image\/jpeg\" \/>\n<meta name=\"author\" content=\"Administrador\" \/>\n<meta name=\"twitter:card\" content=\"summary_large_image\" \/>\n<meta name=\"twitter:label1\" content=\"Escrito por\" \/>\n\t<meta name=\"twitter:data1\" content=\"Administrador\" \/>\n\t<meta name=\"twitter:label2\" content=\"Tiempo de lectura\" \/>\n\t<meta name=\"twitter:data2\" content=\"3 minutos\" \/>\n<script type=\"application\/ld+json\" class=\"yoast-schema-graph\">{\"@context\":\"https:\/\/schema.org\",\"@graph\":[{\"@type\":\"WebPage\",\"@id\":\"https:\/\/www.asajacyl.com\/palencia\/asaja-palencia-informa\/noticias\/asaja-lamenta-la-falta-de-voluntad-politica-para-cerrar-un-acuerdo-satisfactorio-sobre-la-pac\",\"url\":\"https:\/\/www.asajacyl.com\/palencia\/asaja-palencia-informa\/noticias\/asaja-lamenta-la-falta-de-voluntad-politica-para-cerrar-un-acuerdo-satisfactorio-sobre-la-pac\",\"name\":\"Asaja lamenta la falta de voluntad pol\u00edtica para cerrar un acuerdo satisfactorio sobre la PAC - ASAJA Palencia\",\"isPartOf\":{\"@id\":\"https:\/\/www.asajacyl.com\/palencia\/#website\"},\"primaryImageOfPage\":{\"@id\":\"https:\/\/www.asajacyl.com\/palencia\/asaja-palencia-informa\/noticias\/asaja-lamenta-la-falta-de-voluntad-politica-para-cerrar-un-acuerdo-satisfactorio-sobre-la-pac#primaryimage\"},\"image\":{\"@id\":\"https:\/\/www.asajacyl.com\/palencia\/asaja-palencia-informa\/noticias\/asaja-lamenta-la-falta-de-voluntad-politica-para-cerrar-un-acuerdo-satisfactorio-sobre-la-pac#primaryimage\"},\"thumbnailUrl\":\"https:\/\/www.asajacyl.com\/palencia\/wp-content\/uploads\/sites\/3\/2021\/05\/COMISION-EUROPEA.jpg\",\"datePublished\":\"2021-05-29T13:47:10+00:00\",\"dateModified\":\"2021-05-29T13:47:12+00:00\",\"author\":{\"@id\":\"https:\/\/www.asajacyl.com\/palencia\/#\/schema\/person\/3ab17aeb03527485c317557fae64aab1\"},\"description\":\"Tras el fracaso en la que parec\u00eda la \u00faltima ronda de negociaciones en los tr\u00edlogos de la PAC, ASAJA lamenta la falta de voluntad pol\u00edtica para alcanzar un\",\"breadcrumb\":{\"@id\":\"https:\/\/www.asajacyl.com\/palencia\/asaja-palencia-informa\/noticias\/asaja-lamenta-la-falta-de-voluntad-politica-para-cerrar-un-acuerdo-satisfactorio-sobre-la-pac#breadcrumb\"},\"inLanguage\":\"es\",\"potentialAction\":[{\"@type\":\"ReadAction\",\"target\":[\"https:\/\/www.asajacyl.com\/palencia\/asaja-palencia-informa\/noticias\/asaja-lamenta-la-falta-de-voluntad-politica-para-cerrar-un-acuerdo-satisfactorio-sobre-la-pac\"]}]},{\"@type\":\"ImageObject\",\"inLanguage\":\"es\",\"@id\":\"https:\/\/www.asajacyl.com\/palencia\/asaja-palencia-informa\/noticias\/asaja-lamenta-la-falta-de-voluntad-politica-para-cerrar-un-acuerdo-satisfactorio-sobre-la-pac#primaryimage\",\"url\":\"https:\/\/www.asajacyl.com\/palencia\/wp-content\/uploads\/sites\/3\/2021\/05\/COMISION-EUROPEA.jpg\",\"contentUrl\":\"https:\/\/www.asajacyl.com\/palencia\/wp-content\/uploads\/sites\/3\/2021\/05\/COMISION-EUROPEA.jpg\",\"width\":1600,\"height\":900},{\"@type\":\"BreadcrumbList\",\"@id\":\"https:\/\/www.asajacyl.com\/palencia\/asaja-palencia-informa\/noticias\/asaja-lamenta-la-falta-de-voluntad-politica-para-cerrar-un-acuerdo-satisfactorio-sobre-la-pac#breadcrumb\",\"itemListElement\":[{\"@type\":\"ListItem\",\"position\":1,\"name\":\"Portada\",\"item\":\"https:\/\/www.asajacyl.com\/palencia\/\"},{\"@type\":\"ListItem\",\"position\":2,\"name\":\"Asaja lamenta la falta de voluntad pol\u00edtica para cerrar un acuerdo satisfactorio sobre la PAC\"}]},{\"@type\":\"WebSite\",\"@id\":\"https:\/\/www.asajacyl.com\/palencia\/#website\",\"url\":\"https:\/\/www.asajacyl.com\/palencia\/\",\"name\":\"ASAJA Palencia\",\"description\":\"Otro sitio m\u00e1s de Provincias ASAJA Castilla y Le\u00f3n\",\"potentialAction\":[{\"@type\":\"SearchAction\",\"target\":{\"@type\":\"EntryPoint\",\"urlTemplate\":\"https:\/\/www.asajacyl.com\/palencia\/?s={search_term_string}\"},\"query-input\":{\"@type\":\"PropertyValueSpecification\",\"valueRequired\":true,\"valueName\":\"search_term_string\"}}],\"inLanguage\":\"es\"},{\"@type\":\"Person\",\"@id\":\"https:\/\/www.asajacyl.com\/palencia\/#\/schema\/person\/3ab17aeb03527485c317557fae64aab1\",\"name\":\"Administrador\",\"image\":{\"@type\":\"ImageObject\",\"inLanguage\":\"es\",\"@id\":\"https:\/\/www.asajacyl.com\/palencia\/#\/schema\/person\/image\/\",\"url\":\"https:\/\/secure.gravatar.com\/avatar\/517384810d242ca9e38c180f3c9fb973?s=96&d=mm&r=g\",\"contentUrl\":\"https:\/\/secure.gravatar.com\/avatar\/517384810d242ca9e38c180f3c9fb973?s=96&d=mm&r=g\",\"caption\":\"Administrador\"},\"url\":\"https:\/\/www.asajacyl.com\/palencia\/author\/carlosrm\"}]}<\/script>\n<!-- \/ Yoast SEO plugin. -->","yoast_head_json":{"title":"Asaja lamenta la falta de voluntad pol\u00edtica para cerrar un acuerdo satisfactorio sobre la PAC - ASAJA Palencia","description":"Tras el fracaso en la que parec\u00eda la \u00faltima ronda de negociaciones en los tr\u00edlogos de la PAC, ASAJA lamenta la falta de voluntad pol\u00edtica para alcanzar un","robots":{"index":"index","follow":"follow","max-snippet":"max-snippet:-1","max-image-preview":"max-image-preview:large","max-video-preview":"max-video-preview:-1"},"canonical":"https:\/\/www.asajacyl.com\/palencia\/asaja-palencia-informa\/noticias\/asaja-lamenta-la-falta-de-voluntad-politica-para-cerrar-un-acuerdo-satisfactorio-sobre-la-pac","og_locale":"es_ES","og_type":"article","og_title":"Asaja lamenta la falta de voluntad pol\u00edtica para cerrar un acuerdo satisfactorio sobre la PAC - ASAJA Palencia","og_description":"Tras el fracaso en la que parec\u00eda la \u00faltima ronda de negociaciones en los tr\u00edlogos de la PAC, ASAJA lamenta la falta de voluntad pol\u00edtica para alcanzar un","og_url":"https:\/\/www.asajacyl.com\/palencia\/asaja-palencia-informa\/noticias\/asaja-lamenta-la-falta-de-voluntad-politica-para-cerrar-un-acuerdo-satisfactorio-sobre-la-pac","og_site_name":"ASAJA Palencia","article_published_time":"2021-05-29T13:47:10+00:00","article_modified_time":"2021-05-29T13:47:12+00:00","og_image":[{"width":1600,"height":900,"url":"https:\/\/www.asajacyl.com\/palencia\/wp-content\/uploads\/sites\/3\/2021\/05\/COMISION-EUROPEA.jpg","type":"image\/jpeg"}],"author":"Administrador","twitter_card":"summary_large_image","twitter_misc":{"Escrito por":"Administrador","Tiempo de lectura":"3 minutos"},"schema":{"@context":"https:\/\/schema.org","@graph":[{"@type":"WebPage","@id":"https:\/\/www.asajacyl.com\/palencia\/asaja-palencia-informa\/noticias\/asaja-lamenta-la-falta-de-voluntad-politica-para-cerrar-un-acuerdo-satisfactorio-sobre-la-pac","url":"https:\/\/www.asajacyl.com\/palencia\/asaja-palencia-informa\/noticias\/asaja-lamenta-la-falta-de-voluntad-politica-para-cerrar-un-acuerdo-satisfactorio-sobre-la-pac","name":"Asaja lamenta la falta de voluntad pol\u00edtica para cerrar un acuerdo satisfactorio sobre la PAC - ASAJA Palencia","isPartOf":{"@id":"https:\/\/www.asajacyl.com\/palencia\/#website"},"primaryImageOfPage":{"@id":"https:\/\/www.asajacyl.com\/palencia\/asaja-palencia-informa\/noticias\/asaja-lamenta-la-falta-de-voluntad-politica-para-cerrar-un-acuerdo-satisfactorio-sobre-la-pac#primaryimage"},"image":{"@id":"https:\/\/www.asajacyl.com\/palencia\/asaja-palencia-informa\/noticias\/asaja-lamenta-la-falta-de-voluntad-politica-para-cerrar-un-acuerdo-satisfactorio-sobre-la-pac#primaryimage"},"thumbnailUrl":"https:\/\/www.asajacyl.com\/palencia\/wp-content\/uploads\/sites\/3\/2021\/05\/COMISION-EUROPEA.jpg","datePublished":"2021-05-29T13:47:10+00:00","dateModified":"2021-05-29T13:47:12+00:00","author":{"@id":"https:\/\/www.asajacyl.com\/palencia\/#\/schema\/person\/3ab17aeb03527485c317557fae64aab1"},"description":"Tras el fracaso en la que parec\u00eda la \u00faltima ronda de negociaciones en los tr\u00edlogos de la PAC, ASAJA lamenta la falta de voluntad pol\u00edtica para alcanzar un","breadcrumb":{"@id":"https:\/\/www.asajacyl.com\/palencia\/asaja-palencia-informa\/noticias\/asaja-lamenta-la-falta-de-voluntad-politica-para-cerrar-un-acuerdo-satisfactorio-sobre-la-pac#breadcrumb"},"inLanguage":"es","potentialAction":[{"@type":"ReadAction","target":["https:\/\/www.asajacyl.com\/palencia\/asaja-palencia-informa\/noticias\/asaja-lamenta-la-falta-de-voluntad-politica-para-cerrar-un-acuerdo-satisfactorio-sobre-la-pac"]}]},{"@type":"ImageObject","inLanguage":"es","@id":"https:\/\/www.asajacyl.com\/palencia\/asaja-palencia-informa\/noticias\/asaja-lamenta-la-falta-de-voluntad-politica-para-cerrar-un-acuerdo-satisfactorio-sobre-la-pac#primaryimage","url":"https:\/\/www.asajacyl.com\/palencia\/wp-content\/uploads\/sites\/3\/2021\/05\/COMISION-EUROPEA.jpg","contentUrl":"https:\/\/www.asajacyl.com\/palencia\/wp-content\/uploads\/sites\/3\/2021\/05\/COMISION-EUROPEA.jpg","width":1600,"height":900},{"@type":"BreadcrumbList","@id":"https:\/\/www.asajacyl.com\/palencia\/asaja-palencia-informa\/noticias\/asaja-lamenta-la-falta-de-voluntad-politica-para-cerrar-un-acuerdo-satisfactorio-sobre-la-pac#breadcrumb","itemListElement":[{"@type":"ListItem","position":1,"name":"Portada","item":"https:\/\/www.asajacyl.com\/palencia\/"},{"@type":"ListItem","position":2,"name":"Asaja lamenta la falta de voluntad pol\u00edtica para cerrar un acuerdo satisfactorio sobre la PAC"}]},{"@type":"WebSite","@id":"https:\/\/www.asajacyl.com\/palencia\/#website","url":"https:\/\/www.asajacyl.com\/palencia\/","name":"ASAJA Palencia","description":"Otro sitio m\u00e1s de Provincias ASAJA Castilla y Le\u00f3n","potentialAction":[{"@type":"SearchAction","target":{"@type":"EntryPoint","urlTemplate":"https:\/\/www.asajacyl.com\/palencia\/?s={search_term_string}"},"query-input":{"@type":"PropertyValueSpecification","valueRequired":true,"valueName":"search_term_string"}}],"inLanguage":"es"},{"@type":"Person","@id":"https:\/\/www.asajacyl.com\/palencia\/#\/schema\/person\/3ab17aeb03527485c317557fae64aab1","name":"Administrador","image":{"@type":"ImageObject","inLanguage":"es","@id":"https:\/\/www.asajacyl.com\/palencia\/#\/schema\/person\/image\/","url":"https:\/\/secure.gravatar.com\/avatar\/517384810d242ca9e38c180f3c9fb973?s=96&d=mm&r=g","contentUrl":"https:\/\/secure.gravatar.com\/avatar\/517384810d242ca9e38c180f3c9fb973?s=96&d=mm&r=g","caption":"Administrador"},"url":"https:\/\/www.asajacyl.com\/palencia\/author\/carlosrm"}]}},"_links":{"self":[{"href":"https:\/\/www.asajacyl.com\/palencia\/wp-json\/wp\/v2\/posts\/8428"}],"collection":[{"href":"https:\/\/www.asajacyl.com\/palencia\/wp-json\/wp\/v2\/posts"}],"about":[{"href":"https:\/\/www.asajacyl.com\/palencia\/wp-json\/wp\/v2\/types\/post"}],"author":[{"embeddable":true,"href":"https:\/\/www.asajacyl.com\/palencia\/wp-json\/wp\/v2\/users\/9"}],"replies":[{"embeddable":true,"href":"https:\/\/www.asajacyl.com\/palencia\/wp-json\/wp\/v2\/comments?post=8428"}],"version-history":[{"count":1,"href":"https:\/\/www.asajacyl.com\/palencia\/wp-json\/wp\/v2\/posts\/8428\/revisions"}],"predecessor-version":[{"id":8429,"href":"https:\/\/www.asajacyl.com\/palencia\/wp-json\/wp\/v2\/posts\/8428\/revisions\/8429"}],"wp:featuredmedia":[{"embeddable":true,"href":"https:\/\/www.asajacyl.com\/palencia\/wp-json\/wp\/v2\/media\/8267"}],"wp:attachment":[{"href":"https:\/\/www.asajacyl.com\/palencia\/wp-json\/wp\/v2\/media?parent=8428"}],"wp:term":[{"taxonomy":"category","embeddable":true,"href":"https:\/\/www.asajacyl.com\/palencia\/wp-json\/wp\/v2\/categories?post=8428"},{"taxonomy":"post_tag","embeddable":true,"href":"https:\/\/www.asajacyl.com\/palencia\/wp-json\/wp\/v2\/tags?post=8428"}],"curies":[{"name":"wp","href":"https:\/\/api.w.org\/{rel}","templated":true}]}}