{"id":8441,"date":"2021-06-01T13:52:04","date_gmt":"2021-06-01T11:52:04","guid":{"rendered":"https:\/\/www.asajacyl.com\/palencia\/?p=8441"},"modified":"2021-06-01T13:52:55","modified_gmt":"2021-06-01T11:52:55","slug":"el-plan-renove-incumple-las-expectativas-creadas-en-el-sector-agrario","status":"publish","type":"post","link":"https:\/\/www.asajacyl.com\/palencia\/asaja-palencia-informa\/noticias\/el-plan-renove-incumple-las-expectativas-creadas-en-el-sector-agrario","title":{"rendered":"El Plan Renove incumple las expectativas creadas en el sector agrario"},"content":{"rendered":"\n<p>ASAJA ha expresado la decepci\u00f3n del sector tras conocer el contenido final del Plan Renove de maquinaria agr\u00edcola 2021, hoy publicado en bolet\u00edn, que no cumple ni de lejos con las expectativas que se hab\u00edan creado sobre esta convocatoria.<\/p>\n\n\n\n<p>Por un lado, se confirma el presupuesto totalmente insuficiente, a\u00fan m\u00e1s bajo que el de otros a\u00f1os. As\u00ed, mientras que en 2020 dedic\u00f3 8 millones de euros a este programa (que se agotaron los primeros d\u00edas dejando fuera a muchas solicitudes), este a\u00f1o reduce la partida a 6,5 millones. Casi dos terceras partes de los fondos se destinar\u00e1n a cubrir una l\u00ednea espec\u00edfica para incentivar la compra de m\u00e1quinas para aplicaci\u00f3n localizada del pur\u00edn (accesorios y cisternas), y el resto del presupuesto disponible casi ser\u00e1 simb\u00f3lico y en todo caso insuficiente para cubrir las necesidades de renovaci\u00f3n del parque de maquinaria agr\u00edcola de Espa\u00f1a.<\/p>\n\n\n\n<p>Por otra parte, ASAJA lamenta que el ministerio se contradiga a s\u00ed mismo y excluya de la lista de maquinaria susceptible de recibir ayuda que s\u00ed hab\u00eda considerado en el borrador de la orden (a exposici\u00f3n p\u00fablica en febrero), pero que sin ninguna explicaci\u00f3n no aparece en la orden publicada hoy en el BOE. Y tampoco ha tenido en cuenta otras peticiones de nuestra OPA como priorizar las ayudas con criterios profesionales, en lugar de por orden de registro de la solicitud.<\/p>\n\n\n\n<p>Todas estas condiciones hacen presagiar que pedir las ayudas del Renove \u201cser\u00e1 m\u00e1s enrevesado, complicado e incierto que nunca\u201d, lamenta ASAJA que, pese a todo, ayudar\u00e1 a los agricultores a cumplimentar con profesionalidad sus solicitudes de ayuda, con la esperanza de que sean aprobadas \u201cy de que el ministerio tenga a bien ampliar una partida que ya hoy sabemos que va a ser totalmente insuficiente\u201d, se\u00f1ala Donaciano Dujo, presidente de la OPA.<\/p>\n\n\n\n<p>Aunque el plazo de solicitud comienza el 15 de junio y se extender\u00e1 hasta el 15 de septiembre, el presupuesto es escaso y se tendr\u00e1 en cuenta el orden de presentaci\u00f3n, por lo que ASAJA invita a los agricultores a informarse lo antes posible en su red de oficinas. Hay que tener en cuenta que, desde el d\u00eda 2 de junio, los interesados pueden adquirir la m\u00e1quina para la que soliciten la subvenci\u00f3n, inscribirla en el Registro Oficial de Maquinaria Agr\u00edcola (ROMA) y realizar todos los tr\u00e1mites pertinentes antes de presentar las solicitudes de ayuda.<\/p>\n","protected":false},"excerpt":{"rendered":"<p>ASAJA ha expresado la decepci\u00f3n del sector tras conocer el contenido final del Plan Renove de maquinaria agr\u00edcola 2021, hoy publicado en bolet\u00edn, que no cumple ni de lejos con las expectativas que se hab\u00edan creado sobre esta convocatoria. Por un lado, se confirma el presupuesto totalmente insuficiente, a\u00fan m\u00e1s bajo que el de otros [&hellip;]<\/p>\n","protected":false},"author":9,"featured_media":7804,"comment_status":"open","ping_status":"open","sticky":false,"template":"","format":"standard","meta":{"footnotes":""},"categories":[29,28],"tags":[],"yoast_head":"<!-- This site is optimized with the Yoast SEO plugin v24.5 - https:\/\/yoast.com\/wordpress\/plugins\/seo\/ -->\n<title>El Plan Renove incumple las expectativas creadas en el sector agrario - ASAJA Palencia<\/title>\n<meta name=\"description\" content=\"ASAJA ha expresado la decepci\u00f3n del sector tras conocer el contenido final del Plan Renove de maquinaria agr\u00edcola 2021, hoy publicado en bolet\u00edn, que no\" \/>\n<meta name=\"robots\" content=\"index, follow, max-snippet:-1, max-image-preview:large, max-video-preview:-1\" \/>\n<link rel=\"canonical\" href=\"https:\/\/www.asajacyl.com\/palencia\/asaja-palencia-informa\/noticias\/el-plan-renove-incumple-las-expectativas-creadas-en-el-sector-agrario\" \/>\n<meta property=\"og:locale\" content=\"es_ES\" \/>\n<meta property=\"og:type\" content=\"article\" \/>\n<meta property=\"og:title\" content=\"El Plan Renove incumple las expectativas creadas en el sector agrario - ASAJA Palencia\" \/>\n<meta property=\"og:description\" content=\"ASAJA ha expresado la decepci\u00f3n del sector tras conocer el contenido final del Plan Renove de maquinaria agr\u00edcola 2021, hoy publicado en bolet\u00edn, que no\" \/>\n<meta property=\"og:url\" content=\"https:\/\/www.asajacyl.com\/palencia\/asaja-palencia-informa\/noticias\/el-plan-renove-incumple-las-expectativas-creadas-en-el-sector-agrario\" \/>\n<meta property=\"og:site_name\" content=\"ASAJA Palencia\" \/>\n<meta property=\"article:published_time\" content=\"2021-06-01T11:52:04+00:00\" \/>\n<meta property=\"article:modified_time\" content=\"2021-06-01T11:52:55+00:00\" \/>\n<meta property=\"og:image\" content=\"https:\/\/www.asajacyl.com\/palencia\/wp-content\/uploads\/sites\/3\/2020\/11\/caratula-programa-19-noviembre.jpg\" \/>\n\t<meta property=\"og:image:width\" content=\"1275\" \/>\n\t<meta property=\"og:image:height\" content=\"659\" \/>\n\t<meta property=\"og:image:type\" content=\"image\/jpeg\" \/>\n<meta name=\"author\" content=\"Administrador\" \/>\n<meta name=\"twitter:card\" content=\"summary_large_image\" \/>\n<meta name=\"twitter:label1\" content=\"Escrito por\" \/>\n\t<meta name=\"twitter:data1\" content=\"Administrador\" \/>\n\t<meta name=\"twitter:label2\" content=\"Tiempo de lectura\" \/>\n\t<meta name=\"twitter:data2\" content=\"2 minutos\" \/>\n<script type=\"application\/ld+json\" class=\"yoast-schema-graph\">{\"@context\":\"https:\/\/schema.org\",\"@graph\":[{\"@type\":\"WebPage\",\"@id\":\"https:\/\/www.asajacyl.com\/palencia\/asaja-palencia-informa\/noticias\/el-plan-renove-incumple-las-expectativas-creadas-en-el-sector-agrario\",\"url\":\"https:\/\/www.asajacyl.com\/palencia\/asaja-palencia-informa\/noticias\/el-plan-renove-incumple-las-expectativas-creadas-en-el-sector-agrario\",\"name\":\"El Plan Renove incumple las expectativas creadas en el sector agrario - ASAJA Palencia\",\"isPartOf\":{\"@id\":\"https:\/\/www.asajacyl.com\/palencia\/#website\"},\"primaryImageOfPage\":{\"@id\":\"https:\/\/www.asajacyl.com\/palencia\/asaja-palencia-informa\/noticias\/el-plan-renove-incumple-las-expectativas-creadas-en-el-sector-agrario#primaryimage\"},\"image\":{\"@id\":\"https:\/\/www.asajacyl.com\/palencia\/asaja-palencia-informa\/noticias\/el-plan-renove-incumple-las-expectativas-creadas-en-el-sector-agrario#primaryimage\"},\"thumbnailUrl\":\"https:\/\/www.asajacyl.com\/palencia\/wp-content\/uploads\/sites\/3\/2020\/11\/caratula-programa-19-noviembre.jpg\",\"datePublished\":\"2021-06-01T11:52:04+00:00\",\"dateModified\":\"2021-06-01T11:52:55+00:00\",\"author\":{\"@id\":\"https:\/\/www.asajacyl.com\/palencia\/#\/schema\/person\/3ab17aeb03527485c317557fae64aab1\"},\"description\":\"ASAJA ha expresado la decepci\u00f3n del sector tras conocer el contenido final del Plan Renove de maquinaria agr\u00edcola 2021, hoy publicado en bolet\u00edn, que no\",\"breadcrumb\":{\"@id\":\"https:\/\/www.asajacyl.com\/palencia\/asaja-palencia-informa\/noticias\/el-plan-renove-incumple-las-expectativas-creadas-en-el-sector-agrario#breadcrumb\"},\"inLanguage\":\"es\",\"potentialAction\":[{\"@type\":\"ReadAction\",\"target\":[\"https:\/\/www.asajacyl.com\/palencia\/asaja-palencia-informa\/noticias\/el-plan-renove-incumple-las-expectativas-creadas-en-el-sector-agrario\"]}]},{\"@type\":\"ImageObject\",\"inLanguage\":\"es\",\"@id\":\"https:\/\/www.asajacyl.com\/palencia\/asaja-palencia-informa\/noticias\/el-plan-renove-incumple-las-expectativas-creadas-en-el-sector-agrario#primaryimage\",\"url\":\"https:\/\/www.asajacyl.com\/palencia\/wp-content\/uploads\/sites\/3\/2020\/11\/caratula-programa-19-noviembre.jpg\",\"contentUrl\":\"https:\/\/www.asajacyl.com\/palencia\/wp-content\/uploads\/sites\/3\/2020\/11\/caratula-programa-19-noviembre.jpg\",\"width\":1275,\"height\":659},{\"@type\":\"BreadcrumbList\",\"@id\":\"https:\/\/www.asajacyl.com\/palencia\/asaja-palencia-informa\/noticias\/el-plan-renove-incumple-las-expectativas-creadas-en-el-sector-agrario#breadcrumb\",\"itemListElement\":[{\"@type\":\"ListItem\",\"position\":1,\"name\":\"Portada\",\"item\":\"https:\/\/www.asajacyl.com\/palencia\/\"},{\"@type\":\"ListItem\",\"position\":2,\"name\":\"El Plan Renove incumple las expectativas creadas en el sector agrario\"}]},{\"@type\":\"WebSite\",\"@id\":\"https:\/\/www.asajacyl.com\/palencia\/#website\",\"url\":\"https:\/\/www.asajacyl.com\/palencia\/\",\"name\":\"ASAJA Palencia\",\"description\":\"Otro sitio m\u00e1s de Provincias ASAJA Castilla y Le\u00f3n\",\"potentialAction\":[{\"@type\":\"SearchAction\",\"target\":{\"@type\":\"EntryPoint\",\"urlTemplate\":\"https:\/\/www.asajacyl.com\/palencia\/?s={search_term_string}\"},\"query-input\":{\"@type\":\"PropertyValueSpecification\",\"valueRequired\":true,\"valueName\":\"search_term_string\"}}],\"inLanguage\":\"es\"},{\"@type\":\"Person\",\"@id\":\"https:\/\/www.asajacyl.com\/palencia\/#\/schema\/person\/3ab17aeb03527485c317557fae64aab1\",\"name\":\"Administrador\",\"image\":{\"@type\":\"ImageObject\",\"inLanguage\":\"es\",\"@id\":\"https:\/\/www.asajacyl.com\/palencia\/#\/schema\/person\/image\/\",\"url\":\"https:\/\/secure.gravatar.com\/avatar\/517384810d242ca9e38c180f3c9fb973?s=96&d=mm&r=g\",\"contentUrl\":\"https:\/\/secure.gravatar.com\/avatar\/517384810d242ca9e38c180f3c9fb973?s=96&d=mm&r=g\",\"caption\":\"Administrador\"},\"url\":\"https:\/\/www.asajacyl.com\/palencia\/author\/carlosrm\"}]}<\/script>\n<!-- \/ Yoast SEO plugin. -->","yoast_head_json":{"title":"El Plan Renove incumple las expectativas creadas en el sector agrario - ASAJA Palencia","description":"ASAJA ha expresado la decepci\u00f3n del sector tras conocer el contenido final del Plan Renove de maquinaria agr\u00edcola 2021, hoy publicado en bolet\u00edn, que no","robots":{"index":"index","follow":"follow","max-snippet":"max-snippet:-1","max-image-preview":"max-image-preview:large","max-video-preview":"max-video-preview:-1"},"canonical":"https:\/\/www.asajacyl.com\/palencia\/asaja-palencia-informa\/noticias\/el-plan-renove-incumple-las-expectativas-creadas-en-el-sector-agrario","og_locale":"es_ES","og_type":"article","og_title":"El Plan Renove incumple las expectativas creadas en el sector agrario - ASAJA Palencia","og_description":"ASAJA ha expresado la decepci\u00f3n del sector tras conocer el contenido final del Plan Renove de maquinaria agr\u00edcola 2021, hoy publicado en bolet\u00edn, que no","og_url":"https:\/\/www.asajacyl.com\/palencia\/asaja-palencia-informa\/noticias\/el-plan-renove-incumple-las-expectativas-creadas-en-el-sector-agrario","og_site_name":"ASAJA Palencia","article_published_time":"2021-06-01T11:52:04+00:00","article_modified_time":"2021-06-01T11:52:55+00:00","og_image":[{"width":1275,"height":659,"url":"https:\/\/www.asajacyl.com\/palencia\/wp-content\/uploads\/sites\/3\/2020\/11\/caratula-programa-19-noviembre.jpg","type":"image\/jpeg"}],"author":"Administrador","twitter_card":"summary_large_image","twitter_misc":{"Escrito por":"Administrador","Tiempo de lectura":"2 minutos"},"schema":{"@context":"https:\/\/schema.org","@graph":[{"@type":"WebPage","@id":"https:\/\/www.asajacyl.com\/palencia\/asaja-palencia-informa\/noticias\/el-plan-renove-incumple-las-expectativas-creadas-en-el-sector-agrario","url":"https:\/\/www.asajacyl.com\/palencia\/asaja-palencia-informa\/noticias\/el-plan-renove-incumple-las-expectativas-creadas-en-el-sector-agrario","name":"El Plan Renove incumple las expectativas creadas en el sector agrario - ASAJA Palencia","isPartOf":{"@id":"https:\/\/www.asajacyl.com\/palencia\/#website"},"primaryImageOfPage":{"@id":"https:\/\/www.asajacyl.com\/palencia\/asaja-palencia-informa\/noticias\/el-plan-renove-incumple-las-expectativas-creadas-en-el-sector-agrario#primaryimage"},"image":{"@id":"https:\/\/www.asajacyl.com\/palencia\/asaja-palencia-informa\/noticias\/el-plan-renove-incumple-las-expectativas-creadas-en-el-sector-agrario#primaryimage"},"thumbnailUrl":"https:\/\/www.asajacyl.com\/palencia\/wp-content\/uploads\/sites\/3\/2020\/11\/caratula-programa-19-noviembre.jpg","datePublished":"2021-06-01T11:52:04+00:00","dateModified":"2021-06-01T11:52:55+00:00","author":{"@id":"https:\/\/www.asajacyl.com\/palencia\/#\/schema\/person\/3ab17aeb03527485c317557fae64aab1"},"description":"ASAJA ha expresado la decepci\u00f3n del sector tras conocer el contenido final del Plan Renove de maquinaria agr\u00edcola 2021, hoy publicado en bolet\u00edn, que no","breadcrumb":{"@id":"https:\/\/www.asajacyl.com\/palencia\/asaja-palencia-informa\/noticias\/el-plan-renove-incumple-las-expectativas-creadas-en-el-sector-agrario#breadcrumb"},"inLanguage":"es","potentialAction":[{"@type":"ReadAction","target":["https:\/\/www.asajacyl.com\/palencia\/asaja-palencia-informa\/noticias\/el-plan-renove-incumple-las-expectativas-creadas-en-el-sector-agrario"]}]},{"@type":"ImageObject","inLanguage":"es","@id":"https:\/\/www.asajacyl.com\/palencia\/asaja-palencia-informa\/noticias\/el-plan-renove-incumple-las-expectativas-creadas-en-el-sector-agrario#primaryimage","url":"https:\/\/www.asajacyl.com\/palencia\/wp-content\/uploads\/sites\/3\/2020\/11\/caratula-programa-19-noviembre.jpg","contentUrl":"https:\/\/www.asajacyl.com\/palencia\/wp-content\/uploads\/sites\/3\/2020\/11\/caratula-programa-19-noviembre.jpg","width":1275,"height":659},{"@type":"BreadcrumbList","@id":"https:\/\/www.asajacyl.com\/palencia\/asaja-palencia-informa\/noticias\/el-plan-renove-incumple-las-expectativas-creadas-en-el-sector-agrario#breadcrumb","itemListElement":[{"@type":"ListItem","position":1,"name":"Portada","item":"https:\/\/www.asajacyl.com\/palencia\/"},{"@type":"ListItem","position":2,"name":"El Plan Renove incumple las expectativas creadas en el sector agrario"}]},{"@type":"WebSite","@id":"https:\/\/www.asajacyl.com\/palencia\/#website","url":"https:\/\/www.asajacyl.com\/palencia\/","name":"ASAJA Palencia","description":"Otro sitio m\u00e1s de Provincias ASAJA Castilla y Le\u00f3n","potentialAction":[{"@type":"SearchAction","target":{"@type":"EntryPoint","urlTemplate":"https:\/\/www.asajacyl.com\/palencia\/?s={search_term_string}"},"query-input":{"@type":"PropertyValueSpecification","valueRequired":true,"valueName":"search_term_string"}}],"inLanguage":"es"},{"@type":"Person","@id":"https:\/\/www.asajacyl.com\/palencia\/#\/schema\/person\/3ab17aeb03527485c317557fae64aab1","name":"Administrador","image":{"@type":"ImageObject","inLanguage":"es","@id":"https:\/\/www.asajacyl.com\/palencia\/#\/schema\/person\/image\/","url":"https:\/\/secure.gravatar.com\/avatar\/517384810d242ca9e38c180f3c9fb973?s=96&d=mm&r=g","contentUrl":"https:\/\/secure.gravatar.com\/avatar\/517384810d242ca9e38c180f3c9fb973?s=96&d=mm&r=g","caption":"Administrador"},"url":"https:\/\/www.asajacyl.com\/palencia\/author\/carlosrm"}]}},"_links":{"self":[{"href":"https:\/\/www.asajacyl.com\/palencia\/wp-json\/wp\/v2\/posts\/8441"}],"collection":[{"href":"https:\/\/www.asajacyl.com\/palencia\/wp-json\/wp\/v2\/posts"}],"about":[{"href":"https:\/\/www.asajacyl.com\/palencia\/wp-json\/wp\/v2\/types\/post"}],"author":[{"embeddable":true,"href":"https:\/\/www.asajacyl.com\/palencia\/wp-json\/wp\/v2\/users\/9"}],"replies":[{"embeddable":true,"href":"https:\/\/www.asajacyl.com\/palencia\/wp-json\/wp\/v2\/comments?post=8441"}],"version-history":[{"count":2,"href":"https:\/\/www.asajacyl.com\/palencia\/wp-json\/wp\/v2\/posts\/8441\/revisions"}],"predecessor-version":[{"id":8443,"href":"https:\/\/www.asajacyl.com\/palencia\/wp-json\/wp\/v2\/posts\/8441\/revisions\/8443"}],"wp:featuredmedia":[{"embeddable":true,"href":"https:\/\/www.asajacyl.com\/palencia\/wp-json\/wp\/v2\/media\/7804"}],"wp:attachment":[{"href":"https:\/\/www.asajacyl.com\/palencia\/wp-json\/wp\/v2\/media?parent=8441"}],"wp:term":[{"taxonomy":"category","embeddable":true,"href":"https:\/\/www.asajacyl.com\/palencia\/wp-json\/wp\/v2\/categories?post=8441"},{"taxonomy":"post_tag","embeddable":true,"href":"https:\/\/www.asajacyl.com\/palencia\/wp-json\/wp\/v2\/tags?post=8441"}],"curies":[{"name":"wp","href":"https:\/\/api.w.org\/{rel}","templated":true}]}}