{"id":8446,"date":"2021-06-03T07:57:11","date_gmt":"2021-06-03T05:57:11","guid":{"rendered":"https:\/\/www.asajacyl.com\/palencia\/?p=8446"},"modified":"2021-06-03T07:57:13","modified_gmt":"2021-06-03T05:57:13","slug":"reaccion-comun-ante-los-objetivos-de-la-granja-a-la-mesa-en-materia-de-fitosanitarios","status":"publish","type":"post","link":"https:\/\/www.asajacyl.com\/palencia\/asaja-palencia-informa\/noticias\/reaccion-comun-ante-los-objetivos-de-la-granja-a-la-mesa-en-materia-de-fitosanitarios","title":{"rendered":"Reacci\u00f3n com\u00fan ante los objetivos \u00abDe la granja a la mesa\u00bb en materia de fitosanitarios"},"content":{"rendered":"\n<p>Al cumplirse un a\u00f1o de la presentaci\u00f3n de la Estrategia \u00abDe la granja a la mesa\u00bb el 20 de mayo, varios miembros de la mesa redonda de la cadena agroalimentaria sobre protecci\u00f3n fitosanitaria han publicado hoy una carta abierta firmada por ellos. En ella recuerdan la importancia de realizar una evaluaci\u00f3n exhaustiva antes de tomar cualquier decisi\u00f3n relativa a la reducci\u00f3n del uso de plaguicidas, como el objetivo de la Estrategia \u00abDe la granja a la mesa\u00bb de reducir a la mitad (50 %) el uso de productos qu\u00edmicos.<br><br>En Europa, durante los \u00faltimos cincuenta a\u00f1os ya se han reducido de forma dr\u00e1stica el uso de plaguicidas y el riesgo asociado a los mismos. Gracias a la innovaci\u00f3n en la agricultura se redujo el porcentaje medio de uso de sustancias activas por hect\u00e1rea, en el caso de los herbicidas por ejemplo, un 97 %. Durante los \u00faltimos sesenta a\u00f1os, tambi\u00e9n han disminuido los porcentajes medios de uso de nuevos ingredientes activos. En la actualidad, se comercializan menos de 470 sustancias activas (entre ellas, 29 sustancias activas de bajo riesgo y 23 sustancias b\u00e1sicas) para fines de protecci\u00f3n de cultivos y plantas.<\/p>\n\n\n\n<p>Max Schulman, miembro de la Organizaci\u00f3n de Agricultores Finlandeses (MTK) afiliada al Copa y a la Cogeca, y presidente actual de la mencionada mesa redonda, ha declarado lo siguiente: \u00abEn un futuro no muy lejano hay formas de mejorar nuestra actividad utilizando menos productos fitosanitarios gracias a las tecnolog\u00edas de control biol\u00f3gico, los sistemas de rotaci\u00f3n de cultivos, los m\u00e9todos digitales o las nuevas t\u00e9cnicas gen\u00f3micas. Sin embargo, actualmente no todas las opciones est\u00e1n a nuestro alcance y el objetivo pol\u00edtico de la Estrategia \u00abDe la granja a la mesa\u00bb de rebajar todav\u00eda m\u00e1s el uso de sustancias activas supone un reto para todas las producciones principales de la Uni\u00f3n Europea. Antes de tomar cualquier decisi\u00f3n<br>pol\u00edtica o aprobar normativa vinculante, es realmente necesario llevar a cabo una evaluaci\u00f3n exhaustiva sobre los efectos econ\u00f3micos, sociales y medioambientales acumulativos asociados a los distintos objetivos que las estrategias \u00abDe la granja a la mesa\u00bb y sobre Biodiversidad fijan para la agricultura.\u00bb<\/p>\n\n\n\n<p>Los signatarios de esta carta piden a la Comisi\u00f3n que considere un calendario de actuaci\u00f3n realista antes de aprobar decisiones legislativas o cambios en un futuro pr\u00f3ximo. Hoy m\u00e1s que nunca es fundamental el di\u00e1logo con una cadena de valor agr\u00edcola de la Uni\u00f3n Europea que intenta alcanzar los ambiciosos objetivos del Pacto Verde.<\/p>\n","protected":false},"excerpt":{"rendered":"<p>Al cumplirse un a\u00f1o de la presentaci\u00f3n de la Estrategia \u00abDe la granja a la mesa\u00bb el 20 de mayo, varios miembros de la mesa redonda de la cadena agroalimentaria sobre protecci\u00f3n fitosanitaria han publicado hoy una carta abierta firmada por ellos. En ella recuerdan la importancia de realizar una evaluaci\u00f3n exhaustiva antes de tomar [&hellip;]<\/p>\n","protected":false},"author":9,"featured_media":8447,"comment_status":"open","ping_status":"open","sticky":false,"template":"","format":"standard","meta":{"footnotes":""},"categories":[9,29,28],"tags":[],"yoast_head":"<!-- This site is optimized with the Yoast SEO plugin v24.5 - https:\/\/yoast.com\/wordpress\/plugins\/seo\/ -->\n<title>Reacci\u00f3n com\u00fan ante los objetivos \u00abDe la granja a la mesa\u00bb en materia de fitosanitarios - ASAJA Palencia<\/title>\n<meta name=\"description\" content=\"Al cumplirse un a\u00f1o de la presentaci\u00f3n de la Estrategia \u00abDe la granja a la mesa\u00bb el 20 de mayo, varios miembros de la mesa redonda de la cadena\" \/>\n<meta name=\"robots\" content=\"index, follow, max-snippet:-1, max-image-preview:large, max-video-preview:-1\" \/>\n<link rel=\"canonical\" href=\"https:\/\/www.asajacyl.com\/palencia\/asaja-palencia-informa\/noticias\/reaccion-comun-ante-los-objetivos-de-la-granja-a-la-mesa-en-materia-de-fitosanitarios\" \/>\n<meta property=\"og:locale\" content=\"es_ES\" \/>\n<meta property=\"og:type\" content=\"article\" \/>\n<meta property=\"og:title\" content=\"Reacci\u00f3n com\u00fan ante los objetivos \u00abDe la granja a la mesa\u00bb en materia de fitosanitarios - ASAJA Palencia\" \/>\n<meta property=\"og:description\" content=\"Al cumplirse un a\u00f1o de la presentaci\u00f3n de la Estrategia \u00abDe la granja a la mesa\u00bb el 20 de mayo, varios miembros de la mesa redonda de la cadena\" \/>\n<meta property=\"og:url\" content=\"https:\/\/www.asajacyl.com\/palencia\/asaja-palencia-informa\/noticias\/reaccion-comun-ante-los-objetivos-de-la-granja-a-la-mesa-en-materia-de-fitosanitarios\" \/>\n<meta property=\"og:site_name\" content=\"ASAJA Palencia\" \/>\n<meta property=\"article:published_time\" content=\"2021-06-03T05:57:11+00:00\" \/>\n<meta property=\"article:modified_time\" content=\"2021-06-03T05:57:13+00:00\" \/>\n<meta property=\"og:image\" content=\"https:\/\/www.asajacyl.com\/palencia\/wp-content\/uploads\/sites\/3\/2021\/06\/VARIOS.jpg\" \/>\n\t<meta property=\"og:image:width\" content=\"771\" \/>\n\t<meta property=\"og:image:height\" content=\"586\" \/>\n\t<meta property=\"og:image:type\" content=\"image\/jpeg\" \/>\n<meta name=\"author\" content=\"Administrador\" \/>\n<meta name=\"twitter:card\" content=\"summary_large_image\" \/>\n<meta name=\"twitter:label1\" content=\"Escrito por\" \/>\n\t<meta name=\"twitter:data1\" content=\"Administrador\" \/>\n\t<meta name=\"twitter:label2\" content=\"Tiempo de lectura\" \/>\n\t<meta name=\"twitter:data2\" content=\"2 minutos\" \/>\n<script type=\"application\/ld+json\" class=\"yoast-schema-graph\">{\"@context\":\"https:\/\/schema.org\",\"@graph\":[{\"@type\":\"WebPage\",\"@id\":\"https:\/\/www.asajacyl.com\/palencia\/asaja-palencia-informa\/noticias\/reaccion-comun-ante-los-objetivos-de-la-granja-a-la-mesa-en-materia-de-fitosanitarios\",\"url\":\"https:\/\/www.asajacyl.com\/palencia\/asaja-palencia-informa\/noticias\/reaccion-comun-ante-los-objetivos-de-la-granja-a-la-mesa-en-materia-de-fitosanitarios\",\"name\":\"Reacci\u00f3n com\u00fan ante los objetivos \u00abDe la granja a la mesa\u00bb en materia de fitosanitarios - ASAJA Palencia\",\"isPartOf\":{\"@id\":\"https:\/\/www.asajacyl.com\/palencia\/#website\"},\"primaryImageOfPage\":{\"@id\":\"https:\/\/www.asajacyl.com\/palencia\/asaja-palencia-informa\/noticias\/reaccion-comun-ante-los-objetivos-de-la-granja-a-la-mesa-en-materia-de-fitosanitarios#primaryimage\"},\"image\":{\"@id\":\"https:\/\/www.asajacyl.com\/palencia\/asaja-palencia-informa\/noticias\/reaccion-comun-ante-los-objetivos-de-la-granja-a-la-mesa-en-materia-de-fitosanitarios#primaryimage\"},\"thumbnailUrl\":\"https:\/\/www.asajacyl.com\/palencia\/wp-content\/uploads\/sites\/3\/2021\/06\/VARIOS.jpg\",\"datePublished\":\"2021-06-03T05:57:11+00:00\",\"dateModified\":\"2021-06-03T05:57:13+00:00\",\"author\":{\"@id\":\"https:\/\/www.asajacyl.com\/palencia\/#\/schema\/person\/3ab17aeb03527485c317557fae64aab1\"},\"description\":\"Al cumplirse un a\u00f1o de la presentaci\u00f3n de la Estrategia \u00abDe la granja a la mesa\u00bb el 20 de mayo, varios miembros de la mesa redonda de la cadena\",\"breadcrumb\":{\"@id\":\"https:\/\/www.asajacyl.com\/palencia\/asaja-palencia-informa\/noticias\/reaccion-comun-ante-los-objetivos-de-la-granja-a-la-mesa-en-materia-de-fitosanitarios#breadcrumb\"},\"inLanguage\":\"es\",\"potentialAction\":[{\"@type\":\"ReadAction\",\"target\":[\"https:\/\/www.asajacyl.com\/palencia\/asaja-palencia-informa\/noticias\/reaccion-comun-ante-los-objetivos-de-la-granja-a-la-mesa-en-materia-de-fitosanitarios\"]}]},{\"@type\":\"ImageObject\",\"inLanguage\":\"es\",\"@id\":\"https:\/\/www.asajacyl.com\/palencia\/asaja-palencia-informa\/noticias\/reaccion-comun-ante-los-objetivos-de-la-granja-a-la-mesa-en-materia-de-fitosanitarios#primaryimage\",\"url\":\"https:\/\/www.asajacyl.com\/palencia\/wp-content\/uploads\/sites\/3\/2021\/06\/VARIOS.jpg\",\"contentUrl\":\"https:\/\/www.asajacyl.com\/palencia\/wp-content\/uploads\/sites\/3\/2021\/06\/VARIOS.jpg\",\"width\":771,\"height\":586},{\"@type\":\"BreadcrumbList\",\"@id\":\"https:\/\/www.asajacyl.com\/palencia\/asaja-palencia-informa\/noticias\/reaccion-comun-ante-los-objetivos-de-la-granja-a-la-mesa-en-materia-de-fitosanitarios#breadcrumb\",\"itemListElement\":[{\"@type\":\"ListItem\",\"position\":1,\"name\":\"Portada\",\"item\":\"https:\/\/www.asajacyl.com\/palencia\/\"},{\"@type\":\"ListItem\",\"position\":2,\"name\":\"Reacci\u00f3n com\u00fan ante los objetivos \u00abDe la granja a la mesa\u00bb en materia de fitosanitarios\"}]},{\"@type\":\"WebSite\",\"@id\":\"https:\/\/www.asajacyl.com\/palencia\/#website\",\"url\":\"https:\/\/www.asajacyl.com\/palencia\/\",\"name\":\"ASAJA Palencia\",\"description\":\"Otro sitio m\u00e1s de Provincias ASAJA Castilla y Le\u00f3n\",\"potentialAction\":[{\"@type\":\"SearchAction\",\"target\":{\"@type\":\"EntryPoint\",\"urlTemplate\":\"https:\/\/www.asajacyl.com\/palencia\/?s={search_term_string}\"},\"query-input\":{\"@type\":\"PropertyValueSpecification\",\"valueRequired\":true,\"valueName\":\"search_term_string\"}}],\"inLanguage\":\"es\"},{\"@type\":\"Person\",\"@id\":\"https:\/\/www.asajacyl.com\/palencia\/#\/schema\/person\/3ab17aeb03527485c317557fae64aab1\",\"name\":\"Administrador\",\"image\":{\"@type\":\"ImageObject\",\"inLanguage\":\"es\",\"@id\":\"https:\/\/www.asajacyl.com\/palencia\/#\/schema\/person\/image\/\",\"url\":\"https:\/\/secure.gravatar.com\/avatar\/517384810d242ca9e38c180f3c9fb973?s=96&d=mm&r=g\",\"contentUrl\":\"https:\/\/secure.gravatar.com\/avatar\/517384810d242ca9e38c180f3c9fb973?s=96&d=mm&r=g\",\"caption\":\"Administrador\"},\"url\":\"https:\/\/www.asajacyl.com\/palencia\/author\/carlosrm\"}]}<\/script>\n<!-- \/ Yoast SEO plugin. -->","yoast_head_json":{"title":"Reacci\u00f3n com\u00fan ante los objetivos \u00abDe la granja a la mesa\u00bb en materia de fitosanitarios - ASAJA Palencia","description":"Al cumplirse un a\u00f1o de la presentaci\u00f3n de la Estrategia \u00abDe la granja a la mesa\u00bb el 20 de mayo, varios miembros de la mesa redonda de la cadena","robots":{"index":"index","follow":"follow","max-snippet":"max-snippet:-1","max-image-preview":"max-image-preview:large","max-video-preview":"max-video-preview:-1"},"canonical":"https:\/\/www.asajacyl.com\/palencia\/asaja-palencia-informa\/noticias\/reaccion-comun-ante-los-objetivos-de-la-granja-a-la-mesa-en-materia-de-fitosanitarios","og_locale":"es_ES","og_type":"article","og_title":"Reacci\u00f3n com\u00fan ante los objetivos \u00abDe la granja a la mesa\u00bb en materia de fitosanitarios - ASAJA Palencia","og_description":"Al cumplirse un a\u00f1o de la presentaci\u00f3n de la Estrategia \u00abDe la granja a la mesa\u00bb el 20 de mayo, varios miembros de la mesa redonda de la cadena","og_url":"https:\/\/www.asajacyl.com\/palencia\/asaja-palencia-informa\/noticias\/reaccion-comun-ante-los-objetivos-de-la-granja-a-la-mesa-en-materia-de-fitosanitarios","og_site_name":"ASAJA Palencia","article_published_time":"2021-06-03T05:57:11+00:00","article_modified_time":"2021-06-03T05:57:13+00:00","og_image":[{"width":771,"height":586,"url":"https:\/\/www.asajacyl.com\/palencia\/wp-content\/uploads\/sites\/3\/2021\/06\/VARIOS.jpg","type":"image\/jpeg"}],"author":"Administrador","twitter_card":"summary_large_image","twitter_misc":{"Escrito por":"Administrador","Tiempo de lectura":"2 minutos"},"schema":{"@context":"https:\/\/schema.org","@graph":[{"@type":"WebPage","@id":"https:\/\/www.asajacyl.com\/palencia\/asaja-palencia-informa\/noticias\/reaccion-comun-ante-los-objetivos-de-la-granja-a-la-mesa-en-materia-de-fitosanitarios","url":"https:\/\/www.asajacyl.com\/palencia\/asaja-palencia-informa\/noticias\/reaccion-comun-ante-los-objetivos-de-la-granja-a-la-mesa-en-materia-de-fitosanitarios","name":"Reacci\u00f3n com\u00fan ante los objetivos \u00abDe la granja a la mesa\u00bb en materia de fitosanitarios - ASAJA Palencia","isPartOf":{"@id":"https:\/\/www.asajacyl.com\/palencia\/#website"},"primaryImageOfPage":{"@id":"https:\/\/www.asajacyl.com\/palencia\/asaja-palencia-informa\/noticias\/reaccion-comun-ante-los-objetivos-de-la-granja-a-la-mesa-en-materia-de-fitosanitarios#primaryimage"},"image":{"@id":"https:\/\/www.asajacyl.com\/palencia\/asaja-palencia-informa\/noticias\/reaccion-comun-ante-los-objetivos-de-la-granja-a-la-mesa-en-materia-de-fitosanitarios#primaryimage"},"thumbnailUrl":"https:\/\/www.asajacyl.com\/palencia\/wp-content\/uploads\/sites\/3\/2021\/06\/VARIOS.jpg","datePublished":"2021-06-03T05:57:11+00:00","dateModified":"2021-06-03T05:57:13+00:00","author":{"@id":"https:\/\/www.asajacyl.com\/palencia\/#\/schema\/person\/3ab17aeb03527485c317557fae64aab1"},"description":"Al cumplirse un a\u00f1o de la presentaci\u00f3n de la Estrategia \u00abDe la granja a la mesa\u00bb el 20 de mayo, varios miembros de la mesa redonda de la cadena","breadcrumb":{"@id":"https:\/\/www.asajacyl.com\/palencia\/asaja-palencia-informa\/noticias\/reaccion-comun-ante-los-objetivos-de-la-granja-a-la-mesa-en-materia-de-fitosanitarios#breadcrumb"},"inLanguage":"es","potentialAction":[{"@type":"ReadAction","target":["https:\/\/www.asajacyl.com\/palencia\/asaja-palencia-informa\/noticias\/reaccion-comun-ante-los-objetivos-de-la-granja-a-la-mesa-en-materia-de-fitosanitarios"]}]},{"@type":"ImageObject","inLanguage":"es","@id":"https:\/\/www.asajacyl.com\/palencia\/asaja-palencia-informa\/noticias\/reaccion-comun-ante-los-objetivos-de-la-granja-a-la-mesa-en-materia-de-fitosanitarios#primaryimage","url":"https:\/\/www.asajacyl.com\/palencia\/wp-content\/uploads\/sites\/3\/2021\/06\/VARIOS.jpg","contentUrl":"https:\/\/www.asajacyl.com\/palencia\/wp-content\/uploads\/sites\/3\/2021\/06\/VARIOS.jpg","width":771,"height":586},{"@type":"BreadcrumbList","@id":"https:\/\/www.asajacyl.com\/palencia\/asaja-palencia-informa\/noticias\/reaccion-comun-ante-los-objetivos-de-la-granja-a-la-mesa-en-materia-de-fitosanitarios#breadcrumb","itemListElement":[{"@type":"ListItem","position":1,"name":"Portada","item":"https:\/\/www.asajacyl.com\/palencia\/"},{"@type":"ListItem","position":2,"name":"Reacci\u00f3n com\u00fan ante los objetivos \u00abDe la granja a la mesa\u00bb en materia de fitosanitarios"}]},{"@type":"WebSite","@id":"https:\/\/www.asajacyl.com\/palencia\/#website","url":"https:\/\/www.asajacyl.com\/palencia\/","name":"ASAJA Palencia","description":"Otro sitio m\u00e1s de Provincias ASAJA Castilla y Le\u00f3n","potentialAction":[{"@type":"SearchAction","target":{"@type":"EntryPoint","urlTemplate":"https:\/\/www.asajacyl.com\/palencia\/?s={search_term_string}"},"query-input":{"@type":"PropertyValueSpecification","valueRequired":true,"valueName":"search_term_string"}}],"inLanguage":"es"},{"@type":"Person","@id":"https:\/\/www.asajacyl.com\/palencia\/#\/schema\/person\/3ab17aeb03527485c317557fae64aab1","name":"Administrador","image":{"@type":"ImageObject","inLanguage":"es","@id":"https:\/\/www.asajacyl.com\/palencia\/#\/schema\/person\/image\/","url":"https:\/\/secure.gravatar.com\/avatar\/517384810d242ca9e38c180f3c9fb973?s=96&d=mm&r=g","contentUrl":"https:\/\/secure.gravatar.com\/avatar\/517384810d242ca9e38c180f3c9fb973?s=96&d=mm&r=g","caption":"Administrador"},"url":"https:\/\/www.asajacyl.com\/palencia\/author\/carlosrm"}]}},"_links":{"self":[{"href":"https:\/\/www.asajacyl.com\/palencia\/wp-json\/wp\/v2\/posts\/8446"}],"collection":[{"href":"https:\/\/www.asajacyl.com\/palencia\/wp-json\/wp\/v2\/posts"}],"about":[{"href":"https:\/\/www.asajacyl.com\/palencia\/wp-json\/wp\/v2\/types\/post"}],"author":[{"embeddable":true,"href":"https:\/\/www.asajacyl.com\/palencia\/wp-json\/wp\/v2\/users\/9"}],"replies":[{"embeddable":true,"href":"https:\/\/www.asajacyl.com\/palencia\/wp-json\/wp\/v2\/comments?post=8446"}],"version-history":[{"count":1,"href":"https:\/\/www.asajacyl.com\/palencia\/wp-json\/wp\/v2\/posts\/8446\/revisions"}],"predecessor-version":[{"id":8448,"href":"https:\/\/www.asajacyl.com\/palencia\/wp-json\/wp\/v2\/posts\/8446\/revisions\/8448"}],"wp:featuredmedia":[{"embeddable":true,"href":"https:\/\/www.asajacyl.com\/palencia\/wp-json\/wp\/v2\/media\/8447"}],"wp:attachment":[{"href":"https:\/\/www.asajacyl.com\/palencia\/wp-json\/wp\/v2\/media?parent=8446"}],"wp:term":[{"taxonomy":"category","embeddable":true,"href":"https:\/\/www.asajacyl.com\/palencia\/wp-json\/wp\/v2\/categories?post=8446"},{"taxonomy":"post_tag","embeddable":true,"href":"https:\/\/www.asajacyl.com\/palencia\/wp-json\/wp\/v2\/tags?post=8446"}],"curies":[{"name":"wp","href":"https:\/\/api.w.org\/{rel}","templated":true}]}}