{"id":8464,"date":"2021-06-07T07:19:00","date_gmt":"2021-06-07T05:19:00","guid":{"rendered":"https:\/\/www.asajacyl.com\/palencia\/?p=8464"},"modified":"2021-06-04T14:26:05","modified_gmt":"2021-06-04T12:26:05","slug":"la-pac-no-cierra-la-brecha-entre-campo-y-ciudad","status":"publish","type":"post","link":"https:\/\/www.asajacyl.com\/palencia\/asaja-palencia-informa\/la-pac-no-cierra-la-brecha-entre-campo-y-ciudad","title":{"rendered":"La PAC no cierra la brecha entre campo y ciudad"},"content":{"rendered":"\n<p>La PAC no es suficiente para cerrar la brecha existente entre campo y ciudad, \u00e9sta es la conclusi\u00f3n de un documento informativo aprobado por el Comit\u00e9 Econ\u00f3mico y Social Europeo (CESE). El CESE ha hecho su an\u00e1lisis en base a las consultas mantenidas con organizaciones de la sociedad civil y autoridades p\u00fablicas de cinco pa\u00edses: Francia, Hungr\u00eda, Irlanda, Italia y Espa\u00f1a.<\/p>\n\n\n\n<p>Hay que poner fin al aumento de las brechas entre las zonas rurales y urbanas, y coordinar mejor las pol\u00edticas, para cerrar esas brechas. La nueva PAC no basta por s\u00ed sola para lograr un reequilibrio entre el campo y la ciudad, dos \u00e1mbitos mutuamente relacionados. Para que Europa combata de verdad las desigualdades, hay que poner en marcha un conjunto m\u00e1s amplio de pol\u00edticas e instrumentos de financiaci\u00f3n.<\/p>\n\n\n\n<p>Aunque se reconocen los efectos positivos de la financiaci\u00f3n de la PAC en el desarrollo rural, el informe considera que las medidas de la PAC no han sido suficientes para hacer frente al amplio abanico de retos econ\u00f3micos, medioambientales y sociales a los que se enfrentan las zonas rurales, entre ellos el empleo.<\/p>\n","protected":false},"excerpt":{"rendered":"<p>La PAC no es suficiente para cerrar la brecha existente entre campo y ciudad, \u00e9sta es la conclusi\u00f3n de un documento informativo aprobado por el Comit\u00e9 Econ\u00f3mico y Social Europeo (CESE). El CESE ha hecho su an\u00e1lisis en base a las consultas mantenidas con organizaciones de la sociedad civil y autoridades p\u00fablicas de cinco pa\u00edses: [&hellip;]<\/p>\n","protected":false},"author":9,"featured_media":7054,"comment_status":"open","ping_status":"open","sticky":false,"template":"","format":"standard","meta":{"footnotes":""},"categories":[9,29,28],"tags":[],"yoast_head":"<!-- This site is optimized with the Yoast SEO plugin v24.5 - https:\/\/yoast.com\/wordpress\/plugins\/seo\/ -->\n<title>La PAC no cierra la brecha entre campo y ciudad - ASAJA Palencia<\/title>\n<meta name=\"description\" content=\"La PAC no es suficiente para cerrar la brecha existente entre campo y ciudad, \u00e9sta es la conclusi\u00f3n de un documento informativo aprobado por el Comit\u00e9\" \/>\n<meta name=\"robots\" content=\"index, follow, max-snippet:-1, max-image-preview:large, max-video-preview:-1\" \/>\n<link rel=\"canonical\" href=\"https:\/\/www.asajacyl.com\/palencia\/asaja-palencia-informa\/la-pac-no-cierra-la-brecha-entre-campo-y-ciudad\" \/>\n<meta property=\"og:locale\" content=\"es_ES\" \/>\n<meta property=\"og:type\" content=\"article\" \/>\n<meta property=\"og:title\" content=\"La PAC no cierra la brecha entre campo y ciudad - ASAJA Palencia\" \/>\n<meta property=\"og:description\" content=\"La PAC no es suficiente para cerrar la brecha existente entre campo y ciudad, \u00e9sta es la conclusi\u00f3n de un documento informativo aprobado por el Comit\u00e9\" \/>\n<meta property=\"og:url\" content=\"https:\/\/www.asajacyl.com\/palencia\/asaja-palencia-informa\/la-pac-no-cierra-la-brecha-entre-campo-y-ciudad\" \/>\n<meta property=\"og:site_name\" content=\"ASAJA Palencia\" \/>\n<meta property=\"article:published_time\" content=\"2021-06-07T05:19:00+00:00\" \/>\n<meta property=\"og:image\" content=\"https:\/\/www.asajacyl.com\/palencia\/wp-content\/uploads\/sites\/3\/2020\/01\/embalse-camporredondo.jpg\" \/>\n\t<meta property=\"og:image:width\" content=\"1175\" \/>\n\t<meta property=\"og:image:height\" content=\"393\" \/>\n\t<meta property=\"og:image:type\" content=\"image\/jpeg\" \/>\n<meta name=\"author\" content=\"Administrador\" \/>\n<meta name=\"twitter:card\" content=\"summary_large_image\" \/>\n<meta name=\"twitter:label1\" content=\"Escrito por\" \/>\n\t<meta name=\"twitter:data1\" content=\"Administrador\" \/>\n\t<meta name=\"twitter:label2\" content=\"Tiempo de lectura\" \/>\n\t<meta name=\"twitter:data2\" content=\"1 minuto\" \/>\n<script type=\"application\/ld+json\" class=\"yoast-schema-graph\">{\"@context\":\"https:\/\/schema.org\",\"@graph\":[{\"@type\":\"WebPage\",\"@id\":\"https:\/\/www.asajacyl.com\/palencia\/asaja-palencia-informa\/la-pac-no-cierra-la-brecha-entre-campo-y-ciudad\",\"url\":\"https:\/\/www.asajacyl.com\/palencia\/asaja-palencia-informa\/la-pac-no-cierra-la-brecha-entre-campo-y-ciudad\",\"name\":\"La PAC no cierra la brecha entre campo y ciudad - ASAJA Palencia\",\"isPartOf\":{\"@id\":\"https:\/\/www.asajacyl.com\/palencia\/#website\"},\"primaryImageOfPage\":{\"@id\":\"https:\/\/www.asajacyl.com\/palencia\/asaja-palencia-informa\/la-pac-no-cierra-la-brecha-entre-campo-y-ciudad#primaryimage\"},\"image\":{\"@id\":\"https:\/\/www.asajacyl.com\/palencia\/asaja-palencia-informa\/la-pac-no-cierra-la-brecha-entre-campo-y-ciudad#primaryimage\"},\"thumbnailUrl\":\"https:\/\/www.asajacyl.com\/palencia\/wp-content\/uploads\/sites\/3\/2020\/01\/embalse-camporredondo.jpg\",\"datePublished\":\"2021-06-07T05:19:00+00:00\",\"author\":{\"@id\":\"https:\/\/www.asajacyl.com\/palencia\/#\/schema\/person\/3ab17aeb03527485c317557fae64aab1\"},\"description\":\"La PAC no es suficiente para cerrar la brecha existente entre campo y ciudad, \u00e9sta es la conclusi\u00f3n de un documento informativo aprobado por el Comit\u00e9\",\"breadcrumb\":{\"@id\":\"https:\/\/www.asajacyl.com\/palencia\/asaja-palencia-informa\/la-pac-no-cierra-la-brecha-entre-campo-y-ciudad#breadcrumb\"},\"inLanguage\":\"es\",\"potentialAction\":[{\"@type\":\"ReadAction\",\"target\":[\"https:\/\/www.asajacyl.com\/palencia\/asaja-palencia-informa\/la-pac-no-cierra-la-brecha-entre-campo-y-ciudad\"]}]},{\"@type\":\"ImageObject\",\"inLanguage\":\"es\",\"@id\":\"https:\/\/www.asajacyl.com\/palencia\/asaja-palencia-informa\/la-pac-no-cierra-la-brecha-entre-campo-y-ciudad#primaryimage\",\"url\":\"https:\/\/www.asajacyl.com\/palencia\/wp-content\/uploads\/sites\/3\/2020\/01\/embalse-camporredondo.jpg\",\"contentUrl\":\"https:\/\/www.asajacyl.com\/palencia\/wp-content\/uploads\/sites\/3\/2020\/01\/embalse-camporredondo.jpg\",\"width\":1175,\"height\":393},{\"@type\":\"BreadcrumbList\",\"@id\":\"https:\/\/www.asajacyl.com\/palencia\/asaja-palencia-informa\/la-pac-no-cierra-la-brecha-entre-campo-y-ciudad#breadcrumb\",\"itemListElement\":[{\"@type\":\"ListItem\",\"position\":1,\"name\":\"Portada\",\"item\":\"https:\/\/www.asajacyl.com\/palencia\/\"},{\"@type\":\"ListItem\",\"position\":2,\"name\":\"La PAC no cierra la brecha entre campo y ciudad\"}]},{\"@type\":\"WebSite\",\"@id\":\"https:\/\/www.asajacyl.com\/palencia\/#website\",\"url\":\"https:\/\/www.asajacyl.com\/palencia\/\",\"name\":\"ASAJA Palencia\",\"description\":\"Otro sitio m\u00e1s de Provincias ASAJA Castilla y Le\u00f3n\",\"potentialAction\":[{\"@type\":\"SearchAction\",\"target\":{\"@type\":\"EntryPoint\",\"urlTemplate\":\"https:\/\/www.asajacyl.com\/palencia\/?s={search_term_string}\"},\"query-input\":{\"@type\":\"PropertyValueSpecification\",\"valueRequired\":true,\"valueName\":\"search_term_string\"}}],\"inLanguage\":\"es\"},{\"@type\":\"Person\",\"@id\":\"https:\/\/www.asajacyl.com\/palencia\/#\/schema\/person\/3ab17aeb03527485c317557fae64aab1\",\"name\":\"Administrador\",\"image\":{\"@type\":\"ImageObject\",\"inLanguage\":\"es\",\"@id\":\"https:\/\/www.asajacyl.com\/palencia\/#\/schema\/person\/image\/\",\"url\":\"https:\/\/secure.gravatar.com\/avatar\/517384810d242ca9e38c180f3c9fb973?s=96&d=mm&r=g\",\"contentUrl\":\"https:\/\/secure.gravatar.com\/avatar\/517384810d242ca9e38c180f3c9fb973?s=96&d=mm&r=g\",\"caption\":\"Administrador\"},\"url\":\"https:\/\/www.asajacyl.com\/palencia\/author\/carlosrm\"}]}<\/script>\n<!-- \/ Yoast SEO plugin. -->","yoast_head_json":{"title":"La PAC no cierra la brecha entre campo y ciudad - ASAJA Palencia","description":"La PAC no es suficiente para cerrar la brecha existente entre campo y ciudad, \u00e9sta es la conclusi\u00f3n de un documento informativo aprobado por el Comit\u00e9","robots":{"index":"index","follow":"follow","max-snippet":"max-snippet:-1","max-image-preview":"max-image-preview:large","max-video-preview":"max-video-preview:-1"},"canonical":"https:\/\/www.asajacyl.com\/palencia\/asaja-palencia-informa\/la-pac-no-cierra-la-brecha-entre-campo-y-ciudad","og_locale":"es_ES","og_type":"article","og_title":"La PAC no cierra la brecha entre campo y ciudad - ASAJA Palencia","og_description":"La PAC no es suficiente para cerrar la brecha existente entre campo y ciudad, \u00e9sta es la conclusi\u00f3n de un documento informativo aprobado por el Comit\u00e9","og_url":"https:\/\/www.asajacyl.com\/palencia\/asaja-palencia-informa\/la-pac-no-cierra-la-brecha-entre-campo-y-ciudad","og_site_name":"ASAJA Palencia","article_published_time":"2021-06-07T05:19:00+00:00","og_image":[{"width":1175,"height":393,"url":"https:\/\/www.asajacyl.com\/palencia\/wp-content\/uploads\/sites\/3\/2020\/01\/embalse-camporredondo.jpg","type":"image\/jpeg"}],"author":"Administrador","twitter_card":"summary_large_image","twitter_misc":{"Escrito por":"Administrador","Tiempo de lectura":"1 minuto"},"schema":{"@context":"https:\/\/schema.org","@graph":[{"@type":"WebPage","@id":"https:\/\/www.asajacyl.com\/palencia\/asaja-palencia-informa\/la-pac-no-cierra-la-brecha-entre-campo-y-ciudad","url":"https:\/\/www.asajacyl.com\/palencia\/asaja-palencia-informa\/la-pac-no-cierra-la-brecha-entre-campo-y-ciudad","name":"La PAC no cierra la brecha entre campo y ciudad - ASAJA Palencia","isPartOf":{"@id":"https:\/\/www.asajacyl.com\/palencia\/#website"},"primaryImageOfPage":{"@id":"https:\/\/www.asajacyl.com\/palencia\/asaja-palencia-informa\/la-pac-no-cierra-la-brecha-entre-campo-y-ciudad#primaryimage"},"image":{"@id":"https:\/\/www.asajacyl.com\/palencia\/asaja-palencia-informa\/la-pac-no-cierra-la-brecha-entre-campo-y-ciudad#primaryimage"},"thumbnailUrl":"https:\/\/www.asajacyl.com\/palencia\/wp-content\/uploads\/sites\/3\/2020\/01\/embalse-camporredondo.jpg","datePublished":"2021-06-07T05:19:00+00:00","author":{"@id":"https:\/\/www.asajacyl.com\/palencia\/#\/schema\/person\/3ab17aeb03527485c317557fae64aab1"},"description":"La PAC no es suficiente para cerrar la brecha existente entre campo y ciudad, \u00e9sta es la conclusi\u00f3n de un documento informativo aprobado por el Comit\u00e9","breadcrumb":{"@id":"https:\/\/www.asajacyl.com\/palencia\/asaja-palencia-informa\/la-pac-no-cierra-la-brecha-entre-campo-y-ciudad#breadcrumb"},"inLanguage":"es","potentialAction":[{"@type":"ReadAction","target":["https:\/\/www.asajacyl.com\/palencia\/asaja-palencia-informa\/la-pac-no-cierra-la-brecha-entre-campo-y-ciudad"]}]},{"@type":"ImageObject","inLanguage":"es","@id":"https:\/\/www.asajacyl.com\/palencia\/asaja-palencia-informa\/la-pac-no-cierra-la-brecha-entre-campo-y-ciudad#primaryimage","url":"https:\/\/www.asajacyl.com\/palencia\/wp-content\/uploads\/sites\/3\/2020\/01\/embalse-camporredondo.jpg","contentUrl":"https:\/\/www.asajacyl.com\/palencia\/wp-content\/uploads\/sites\/3\/2020\/01\/embalse-camporredondo.jpg","width":1175,"height":393},{"@type":"BreadcrumbList","@id":"https:\/\/www.asajacyl.com\/palencia\/asaja-palencia-informa\/la-pac-no-cierra-la-brecha-entre-campo-y-ciudad#breadcrumb","itemListElement":[{"@type":"ListItem","position":1,"name":"Portada","item":"https:\/\/www.asajacyl.com\/palencia\/"},{"@type":"ListItem","position":2,"name":"La PAC no cierra la brecha entre campo y ciudad"}]},{"@type":"WebSite","@id":"https:\/\/www.asajacyl.com\/palencia\/#website","url":"https:\/\/www.asajacyl.com\/palencia\/","name":"ASAJA Palencia","description":"Otro sitio m\u00e1s de Provincias ASAJA Castilla y Le\u00f3n","potentialAction":[{"@type":"SearchAction","target":{"@type":"EntryPoint","urlTemplate":"https:\/\/www.asajacyl.com\/palencia\/?s={search_term_string}"},"query-input":{"@type":"PropertyValueSpecification","valueRequired":true,"valueName":"search_term_string"}}],"inLanguage":"es"},{"@type":"Person","@id":"https:\/\/www.asajacyl.com\/palencia\/#\/schema\/person\/3ab17aeb03527485c317557fae64aab1","name":"Administrador","image":{"@type":"ImageObject","inLanguage":"es","@id":"https:\/\/www.asajacyl.com\/palencia\/#\/schema\/person\/image\/","url":"https:\/\/secure.gravatar.com\/avatar\/517384810d242ca9e38c180f3c9fb973?s=96&d=mm&r=g","contentUrl":"https:\/\/secure.gravatar.com\/avatar\/517384810d242ca9e38c180f3c9fb973?s=96&d=mm&r=g","caption":"Administrador"},"url":"https:\/\/www.asajacyl.com\/palencia\/author\/carlosrm"}]}},"_links":{"self":[{"href":"https:\/\/www.asajacyl.com\/palencia\/wp-json\/wp\/v2\/posts\/8464"}],"collection":[{"href":"https:\/\/www.asajacyl.com\/palencia\/wp-json\/wp\/v2\/posts"}],"about":[{"href":"https:\/\/www.asajacyl.com\/palencia\/wp-json\/wp\/v2\/types\/post"}],"author":[{"embeddable":true,"href":"https:\/\/www.asajacyl.com\/palencia\/wp-json\/wp\/v2\/users\/9"}],"replies":[{"embeddable":true,"href":"https:\/\/www.asajacyl.com\/palencia\/wp-json\/wp\/v2\/comments?post=8464"}],"version-history":[{"count":1,"href":"https:\/\/www.asajacyl.com\/palencia\/wp-json\/wp\/v2\/posts\/8464\/revisions"}],"predecessor-version":[{"id":8465,"href":"https:\/\/www.asajacyl.com\/palencia\/wp-json\/wp\/v2\/posts\/8464\/revisions\/8465"}],"wp:featuredmedia":[{"embeddable":true,"href":"https:\/\/www.asajacyl.com\/palencia\/wp-json\/wp\/v2\/media\/7054"}],"wp:attachment":[{"href":"https:\/\/www.asajacyl.com\/palencia\/wp-json\/wp\/v2\/media?parent=8464"}],"wp:term":[{"taxonomy":"category","embeddable":true,"href":"https:\/\/www.asajacyl.com\/palencia\/wp-json\/wp\/v2\/categories?post=8464"},{"taxonomy":"post_tag","embeddable":true,"href":"https:\/\/www.asajacyl.com\/palencia\/wp-json\/wp\/v2\/tags?post=8464"}],"curies":[{"name":"wp","href":"https:\/\/api.w.org\/{rel}","templated":true}]}}