{"id":8470,"date":"2021-06-05T11:29:21","date_gmt":"2021-06-05T09:29:21","guid":{"rendered":"https:\/\/www.asajacyl.com\/palencia\/?p=8470"},"modified":"2021-06-05T11:30:22","modified_gmt":"2021-06-05T09:30:22","slug":"los-sistemas-carrion-y-pisuerga-levemente-por-debajo-de-la-media","status":"publish","type":"post","link":"https:\/\/www.asajacyl.com\/palencia\/asaja-palencia-informa\/los-sistemas-carrion-y-pisuerga-levemente-por-debajo-de-la-media","title":{"rendered":"Los sistemas Carri\u00f3n y Pisuerga levemente por debajo de la media"},"content":{"rendered":"\n<p>Con datos del 4 de junio, los embalses de Palencia contin\u00faan intentando dar a los regantes el agua que precisan. En el sistema Carri\u00f3n hay embalsados 129,7 hm<sup>3<\/sup> cuando la media en diez a\u00f1os es de 134,3 hm<sup>3<\/sup>, es decir, que hay un 3,5% menos agua que la media, algo que no deber\u00eda ser preocupante, aunque en el sistema Carri\u00f3n siempre preocupa la falta de infraestructuras que almacenen agua y la lentitud administrativa con las modernizaciones que ya deber\u00edan estar en marcha . Este a\u00f1o los cereales de invierno ya est\u00e1n salvados y no parece que vaya a haber problemas con los forrajes y cultivos de primavera.<\/p>\n\n\n\n<p>Por su parte, el sistema Pisuerga almacena 222,7 hm<sup>3<\/sup> cuando la media de diez a\u00f1os asciende a 236,8 hm<sup>3<\/sup>, lo que implica una reducci\u00f3n del 6% sobre la media. Pese a ello, la mayor capacidad de regulaci\u00f3n existente en comparaci\u00f3n con el sistema Carri\u00f3n permite que la campa\u00f1a de riego se est\u00e9 desarrollando con normalidad.<\/p>\n\n\n\n<div class=\"wp-block-image\"><figure class=\"aligncenter size-large\"><img loading=\"lazy\" decoding=\"async\" width=\"989\" height=\"598\" src=\"https:\/\/www.asajacyl.com\/palencia\/wp-content\/uploads\/sites\/3\/2021\/06\/image.png\" alt=\"\" class=\"wp-image-8472\" srcset=\"https:\/\/www.asajacyl.com\/palencia\/wp-content\/uploads\/sites\/3\/2021\/06\/image.png 989w, https:\/\/www.asajacyl.com\/palencia\/wp-content\/uploads\/sites\/3\/2021\/06\/image-300x181.png 300w, https:\/\/www.asajacyl.com\/palencia\/wp-content\/uploads\/sites\/3\/2021\/06\/image-768x464.png 768w, https:\/\/www.asajacyl.com\/palencia\/wp-content\/uploads\/sites\/3\/2021\/06\/image-696x421.png 696w, https:\/\/www.asajacyl.com\/palencia\/wp-content\/uploads\/sites\/3\/2021\/06\/image-695x420.png 695w\" sizes=\"(max-width: 989px) 100vw, 989px\" \/><\/figure><\/div>\n","protected":false},"excerpt":{"rendered":"<p>Con datos del 4 de junio, los embalses de Palencia contin\u00faan intentando dar a los regantes el agua que precisan. En el sistema Carri\u00f3n hay embalsados 129,7 hm3 cuando la media en diez a\u00f1os es de 134,3 hm3, es decir, que hay un 3,5% menos agua que la media, algo que no deber\u00eda ser preocupante, [&hellip;]<\/p>\n","protected":false},"author":9,"featured_media":8255,"comment_status":"open","ping_status":"open","sticky":false,"template":"","format":"standard","meta":{"footnotes":""},"categories":[9,29,28],"tags":[],"yoast_head":"<!-- This site is optimized with the Yoast SEO plugin v24.5 - https:\/\/yoast.com\/wordpress\/plugins\/seo\/ -->\n<title>Los sistemas Carri\u00f3n y Pisuerga levemente por debajo de la media - ASAJA Palencia<\/title>\n<meta name=\"description\" content=\"Con datos del 4 de junio, los embalses de Palencia contin\u00faan intentando dar a los regantes el agua que precisan. En el sistema Carri\u00f3n hay embalsados\" \/>\n<meta name=\"robots\" content=\"index, follow, max-snippet:-1, max-image-preview:large, max-video-preview:-1\" \/>\n<link rel=\"canonical\" href=\"https:\/\/www.asajacyl.com\/palencia\/asaja-palencia-informa\/los-sistemas-carrion-y-pisuerga-levemente-por-debajo-de-la-media\" \/>\n<meta property=\"og:locale\" content=\"es_ES\" \/>\n<meta property=\"og:type\" content=\"article\" \/>\n<meta property=\"og:title\" content=\"Los sistemas Carri\u00f3n y Pisuerga levemente por debajo de la media - ASAJA Palencia\" \/>\n<meta property=\"og:description\" content=\"Con datos del 4 de junio, los embalses de Palencia contin\u00faan intentando dar a los regantes el agua que precisan. En el sistema Carri\u00f3n hay embalsados\" \/>\n<meta property=\"og:url\" content=\"https:\/\/www.asajacyl.com\/palencia\/asaja-palencia-informa\/los-sistemas-carrion-y-pisuerga-levemente-por-debajo-de-la-media\" \/>\n<meta property=\"og:site_name\" content=\"ASAJA Palencia\" \/>\n<meta property=\"article:published_time\" content=\"2021-06-05T09:29:21+00:00\" \/>\n<meta property=\"article:modified_time\" content=\"2021-06-05T09:30:22+00:00\" \/>\n<meta property=\"og:image\" content=\"https:\/\/www.asajacyl.com\/palencia\/wp-content\/uploads\/sites\/3\/2021\/05\/EMBALSE-AGUILAR-3.jpg\" \/>\n\t<meta property=\"og:image:width\" content=\"2016\" \/>\n\t<meta property=\"og:image:height\" content=\"1512\" \/>\n\t<meta property=\"og:image:type\" content=\"image\/jpeg\" \/>\n<meta name=\"author\" content=\"Administrador\" \/>\n<meta name=\"twitter:card\" content=\"summary_large_image\" \/>\n<meta name=\"twitter:label1\" content=\"Escrito por\" \/>\n\t<meta name=\"twitter:data1\" content=\"Administrador\" \/>\n\t<meta name=\"twitter:label2\" content=\"Tiempo de lectura\" \/>\n\t<meta name=\"twitter:data2\" content=\"1 minuto\" \/>\n<script type=\"application\/ld+json\" class=\"yoast-schema-graph\">{\"@context\":\"https:\/\/schema.org\",\"@graph\":[{\"@type\":\"WebPage\",\"@id\":\"https:\/\/www.asajacyl.com\/palencia\/asaja-palencia-informa\/los-sistemas-carrion-y-pisuerga-levemente-por-debajo-de-la-media\",\"url\":\"https:\/\/www.asajacyl.com\/palencia\/asaja-palencia-informa\/los-sistemas-carrion-y-pisuerga-levemente-por-debajo-de-la-media\",\"name\":\"Los sistemas Carri\u00f3n y Pisuerga levemente por debajo de la media - ASAJA Palencia\",\"isPartOf\":{\"@id\":\"https:\/\/www.asajacyl.com\/palencia\/#website\"},\"primaryImageOfPage\":{\"@id\":\"https:\/\/www.asajacyl.com\/palencia\/asaja-palencia-informa\/los-sistemas-carrion-y-pisuerga-levemente-por-debajo-de-la-media#primaryimage\"},\"image\":{\"@id\":\"https:\/\/www.asajacyl.com\/palencia\/asaja-palencia-informa\/los-sistemas-carrion-y-pisuerga-levemente-por-debajo-de-la-media#primaryimage\"},\"thumbnailUrl\":\"https:\/\/www.asajacyl.com\/palencia\/wp-content\/uploads\/sites\/3\/2021\/05\/EMBALSE-AGUILAR-3.jpg\",\"datePublished\":\"2021-06-05T09:29:21+00:00\",\"dateModified\":\"2021-06-05T09:30:22+00:00\",\"author\":{\"@id\":\"https:\/\/www.asajacyl.com\/palencia\/#\/schema\/person\/3ab17aeb03527485c317557fae64aab1\"},\"description\":\"Con datos del 4 de junio, los embalses de Palencia contin\u00faan intentando dar a los regantes el agua que precisan. En el sistema Carri\u00f3n hay embalsados\",\"breadcrumb\":{\"@id\":\"https:\/\/www.asajacyl.com\/palencia\/asaja-palencia-informa\/los-sistemas-carrion-y-pisuerga-levemente-por-debajo-de-la-media#breadcrumb\"},\"inLanguage\":\"es\",\"potentialAction\":[{\"@type\":\"ReadAction\",\"target\":[\"https:\/\/www.asajacyl.com\/palencia\/asaja-palencia-informa\/los-sistemas-carrion-y-pisuerga-levemente-por-debajo-de-la-media\"]}]},{\"@type\":\"ImageObject\",\"inLanguage\":\"es\",\"@id\":\"https:\/\/www.asajacyl.com\/palencia\/asaja-palencia-informa\/los-sistemas-carrion-y-pisuerga-levemente-por-debajo-de-la-media#primaryimage\",\"url\":\"https:\/\/www.asajacyl.com\/palencia\/wp-content\/uploads\/sites\/3\/2021\/05\/EMBALSE-AGUILAR-3.jpg\",\"contentUrl\":\"https:\/\/www.asajacyl.com\/palencia\/wp-content\/uploads\/sites\/3\/2021\/05\/EMBALSE-AGUILAR-3.jpg\",\"width\":2016,\"height\":1512},{\"@type\":\"BreadcrumbList\",\"@id\":\"https:\/\/www.asajacyl.com\/palencia\/asaja-palencia-informa\/los-sistemas-carrion-y-pisuerga-levemente-por-debajo-de-la-media#breadcrumb\",\"itemListElement\":[{\"@type\":\"ListItem\",\"position\":1,\"name\":\"Portada\",\"item\":\"https:\/\/www.asajacyl.com\/palencia\/\"},{\"@type\":\"ListItem\",\"position\":2,\"name\":\"Los sistemas Carri\u00f3n y Pisuerga levemente por debajo de la media\"}]},{\"@type\":\"WebSite\",\"@id\":\"https:\/\/www.asajacyl.com\/palencia\/#website\",\"url\":\"https:\/\/www.asajacyl.com\/palencia\/\",\"name\":\"ASAJA Palencia\",\"description\":\"Otro sitio m\u00e1s de Provincias ASAJA Castilla y Le\u00f3n\",\"potentialAction\":[{\"@type\":\"SearchAction\",\"target\":{\"@type\":\"EntryPoint\",\"urlTemplate\":\"https:\/\/www.asajacyl.com\/palencia\/?s={search_term_string}\"},\"query-input\":{\"@type\":\"PropertyValueSpecification\",\"valueRequired\":true,\"valueName\":\"search_term_string\"}}],\"inLanguage\":\"es\"},{\"@type\":\"Person\",\"@id\":\"https:\/\/www.asajacyl.com\/palencia\/#\/schema\/person\/3ab17aeb03527485c317557fae64aab1\",\"name\":\"Administrador\",\"image\":{\"@type\":\"ImageObject\",\"inLanguage\":\"es\",\"@id\":\"https:\/\/www.asajacyl.com\/palencia\/#\/schema\/person\/image\/\",\"url\":\"https:\/\/secure.gravatar.com\/avatar\/517384810d242ca9e38c180f3c9fb973?s=96&d=mm&r=g\",\"contentUrl\":\"https:\/\/secure.gravatar.com\/avatar\/517384810d242ca9e38c180f3c9fb973?s=96&d=mm&r=g\",\"caption\":\"Administrador\"},\"url\":\"https:\/\/www.asajacyl.com\/palencia\/author\/carlosrm\"}]}<\/script>\n<!-- \/ Yoast SEO plugin. -->","yoast_head_json":{"title":"Los sistemas Carri\u00f3n y Pisuerga levemente por debajo de la media - ASAJA Palencia","description":"Con datos del 4 de junio, los embalses de Palencia contin\u00faan intentando dar a los regantes el agua que precisan. En el sistema Carri\u00f3n hay embalsados","robots":{"index":"index","follow":"follow","max-snippet":"max-snippet:-1","max-image-preview":"max-image-preview:large","max-video-preview":"max-video-preview:-1"},"canonical":"https:\/\/www.asajacyl.com\/palencia\/asaja-palencia-informa\/los-sistemas-carrion-y-pisuerga-levemente-por-debajo-de-la-media","og_locale":"es_ES","og_type":"article","og_title":"Los sistemas Carri\u00f3n y Pisuerga levemente por debajo de la media - ASAJA Palencia","og_description":"Con datos del 4 de junio, los embalses de Palencia contin\u00faan intentando dar a los regantes el agua que precisan. En el sistema Carri\u00f3n hay embalsados","og_url":"https:\/\/www.asajacyl.com\/palencia\/asaja-palencia-informa\/los-sistemas-carrion-y-pisuerga-levemente-por-debajo-de-la-media","og_site_name":"ASAJA Palencia","article_published_time":"2021-06-05T09:29:21+00:00","article_modified_time":"2021-06-05T09:30:22+00:00","og_image":[{"width":2016,"height":1512,"url":"https:\/\/www.asajacyl.com\/palencia\/wp-content\/uploads\/sites\/3\/2021\/05\/EMBALSE-AGUILAR-3.jpg","type":"image\/jpeg"}],"author":"Administrador","twitter_card":"summary_large_image","twitter_misc":{"Escrito por":"Administrador","Tiempo de lectura":"1 minuto"},"schema":{"@context":"https:\/\/schema.org","@graph":[{"@type":"WebPage","@id":"https:\/\/www.asajacyl.com\/palencia\/asaja-palencia-informa\/los-sistemas-carrion-y-pisuerga-levemente-por-debajo-de-la-media","url":"https:\/\/www.asajacyl.com\/palencia\/asaja-palencia-informa\/los-sistemas-carrion-y-pisuerga-levemente-por-debajo-de-la-media","name":"Los sistemas Carri\u00f3n y Pisuerga levemente por debajo de la media - ASAJA Palencia","isPartOf":{"@id":"https:\/\/www.asajacyl.com\/palencia\/#website"},"primaryImageOfPage":{"@id":"https:\/\/www.asajacyl.com\/palencia\/asaja-palencia-informa\/los-sistemas-carrion-y-pisuerga-levemente-por-debajo-de-la-media#primaryimage"},"image":{"@id":"https:\/\/www.asajacyl.com\/palencia\/asaja-palencia-informa\/los-sistemas-carrion-y-pisuerga-levemente-por-debajo-de-la-media#primaryimage"},"thumbnailUrl":"https:\/\/www.asajacyl.com\/palencia\/wp-content\/uploads\/sites\/3\/2021\/05\/EMBALSE-AGUILAR-3.jpg","datePublished":"2021-06-05T09:29:21+00:00","dateModified":"2021-06-05T09:30:22+00:00","author":{"@id":"https:\/\/www.asajacyl.com\/palencia\/#\/schema\/person\/3ab17aeb03527485c317557fae64aab1"},"description":"Con datos del 4 de junio, los embalses de Palencia contin\u00faan intentando dar a los regantes el agua que precisan. En el sistema Carri\u00f3n hay embalsados","breadcrumb":{"@id":"https:\/\/www.asajacyl.com\/palencia\/asaja-palencia-informa\/los-sistemas-carrion-y-pisuerga-levemente-por-debajo-de-la-media#breadcrumb"},"inLanguage":"es","potentialAction":[{"@type":"ReadAction","target":["https:\/\/www.asajacyl.com\/palencia\/asaja-palencia-informa\/los-sistemas-carrion-y-pisuerga-levemente-por-debajo-de-la-media"]}]},{"@type":"ImageObject","inLanguage":"es","@id":"https:\/\/www.asajacyl.com\/palencia\/asaja-palencia-informa\/los-sistemas-carrion-y-pisuerga-levemente-por-debajo-de-la-media#primaryimage","url":"https:\/\/www.asajacyl.com\/palencia\/wp-content\/uploads\/sites\/3\/2021\/05\/EMBALSE-AGUILAR-3.jpg","contentUrl":"https:\/\/www.asajacyl.com\/palencia\/wp-content\/uploads\/sites\/3\/2021\/05\/EMBALSE-AGUILAR-3.jpg","width":2016,"height":1512},{"@type":"BreadcrumbList","@id":"https:\/\/www.asajacyl.com\/palencia\/asaja-palencia-informa\/los-sistemas-carrion-y-pisuerga-levemente-por-debajo-de-la-media#breadcrumb","itemListElement":[{"@type":"ListItem","position":1,"name":"Portada","item":"https:\/\/www.asajacyl.com\/palencia\/"},{"@type":"ListItem","position":2,"name":"Los sistemas Carri\u00f3n y Pisuerga levemente por debajo de la media"}]},{"@type":"WebSite","@id":"https:\/\/www.asajacyl.com\/palencia\/#website","url":"https:\/\/www.asajacyl.com\/palencia\/","name":"ASAJA Palencia","description":"Otro sitio m\u00e1s de Provincias ASAJA Castilla y Le\u00f3n","potentialAction":[{"@type":"SearchAction","target":{"@type":"EntryPoint","urlTemplate":"https:\/\/www.asajacyl.com\/palencia\/?s={search_term_string}"},"query-input":{"@type":"PropertyValueSpecification","valueRequired":true,"valueName":"search_term_string"}}],"inLanguage":"es"},{"@type":"Person","@id":"https:\/\/www.asajacyl.com\/palencia\/#\/schema\/person\/3ab17aeb03527485c317557fae64aab1","name":"Administrador","image":{"@type":"ImageObject","inLanguage":"es","@id":"https:\/\/www.asajacyl.com\/palencia\/#\/schema\/person\/image\/","url":"https:\/\/secure.gravatar.com\/avatar\/517384810d242ca9e38c180f3c9fb973?s=96&d=mm&r=g","contentUrl":"https:\/\/secure.gravatar.com\/avatar\/517384810d242ca9e38c180f3c9fb973?s=96&d=mm&r=g","caption":"Administrador"},"url":"https:\/\/www.asajacyl.com\/palencia\/author\/carlosrm"}]}},"_links":{"self":[{"href":"https:\/\/www.asajacyl.com\/palencia\/wp-json\/wp\/v2\/posts\/8470"}],"collection":[{"href":"https:\/\/www.asajacyl.com\/palencia\/wp-json\/wp\/v2\/posts"}],"about":[{"href":"https:\/\/www.asajacyl.com\/palencia\/wp-json\/wp\/v2\/types\/post"}],"author":[{"embeddable":true,"href":"https:\/\/www.asajacyl.com\/palencia\/wp-json\/wp\/v2\/users\/9"}],"replies":[{"embeddable":true,"href":"https:\/\/www.asajacyl.com\/palencia\/wp-json\/wp\/v2\/comments?post=8470"}],"version-history":[{"count":2,"href":"https:\/\/www.asajacyl.com\/palencia\/wp-json\/wp\/v2\/posts\/8470\/revisions"}],"predecessor-version":[{"id":8473,"href":"https:\/\/www.asajacyl.com\/palencia\/wp-json\/wp\/v2\/posts\/8470\/revisions\/8473"}],"wp:featuredmedia":[{"embeddable":true,"href":"https:\/\/www.asajacyl.com\/palencia\/wp-json\/wp\/v2\/media\/8255"}],"wp:attachment":[{"href":"https:\/\/www.asajacyl.com\/palencia\/wp-json\/wp\/v2\/media?parent=8470"}],"wp:term":[{"taxonomy":"category","embeddable":true,"href":"https:\/\/www.asajacyl.com\/palencia\/wp-json\/wp\/v2\/categories?post=8470"},{"taxonomy":"post_tag","embeddable":true,"href":"https:\/\/www.asajacyl.com\/palencia\/wp-json\/wp\/v2\/tags?post=8470"}],"curies":[{"name":"wp","href":"https:\/\/api.w.org\/{rel}","templated":true}]}}