{"id":8937,"date":"2021-09-27T16:46:34","date_gmt":"2021-09-27T14:46:34","guid":{"rendered":"https:\/\/www.asajacyl.com\/palencia\/?p=8937"},"modified":"2021-09-21T09:09:15","modified_gmt":"2021-09-21T07:09:15","slug":"el-parlamento-europeo-en-contra-de-una-mocion-que-pretendia-ampliar-las-restricciones-de-antibioticos-en-animales-poniendo-en-riesgo-la-salud-y-bienestar-animal","status":"publish","type":"post","link":"https:\/\/www.asajacyl.com\/palencia\/asaja-palencia-informa\/el-parlamento-europeo-en-contra-de-una-mocion-que-pretendia-ampliar-las-restricciones-de-antibioticos-en-animales-poniendo-en-riesgo-la-salud-y-bienestar-animal","title":{"rendered":"El Parlamento Europeo en contra de una moci\u00f3n que pretend\u00eda ampliar las restricciones de antibi\u00f3ticos en animales poniendo en riesgo la salud y bienestar animal"},"content":{"rendered":"\n<p>El Parlamento Europeo ha votado en contra de una moci\u00f3n de resoluci\u00f3n de la Comisi\u00f3n de Medio Ambiente, Salud P\u00fablica y Seguridad Alimentaria (ENVI), relativa al uso de antibi\u00f3ticos en animales. La moci\u00f3n ha sido rechazada por 450 votos en contra frente a 204 a favor e inclu\u00eda la prohibici\u00f3n del uso en animales de todos los antimicrobianos cr\u00edticos de m\u00e1xima prioridad de la OMS.<\/p>\n\n\n\n<p>As\u00ed, los parlamentarios que han votado en contra de la moci\u00f3n coinciden con las instituciones veterinarias en que el camino a seguir es el que marca la Comisi\u00f3n Europea y las instituciones cient\u00edficas de la UE.<\/p>\n\n\n\n<p>El sector veterinario tem\u00eda que estas medidas pudieran da\u00f1ar la salud y bienestar de los animales, y la propia Organizaci\u00f3n Colegial Veterinaria advert\u00eda que habr\u00eda supuesto \u201cun da\u00f1o irreparable a la salud animal y causar\u00eda un sufrimiento innecesario a los animales, tanto en las granjas como en los hogares\u201d.<\/p>\n","protected":false},"excerpt":{"rendered":"<p>El Parlamento Europeo ha votado en contra de una moci\u00f3n de resoluci\u00f3n de la Comisi\u00f3n de Medio Ambiente, Salud P\u00fablica y Seguridad Alimentaria (ENVI), relativa al uso de antibi\u00f3ticos en animales. La moci\u00f3n ha sido rechazada por 450 votos en contra frente a 204 a favor e inclu\u00eda la prohibici\u00f3n del uso en animales de [&hellip;]<\/p>\n","protected":false},"author":9,"featured_media":5694,"comment_status":"open","ping_status":"open","sticky":false,"template":"","format":"standard","meta":{"footnotes":""},"categories":[9,29,28],"tags":[],"yoast_head":"<!-- This site is optimized with the Yoast SEO plugin v24.5 - https:\/\/yoast.com\/wordpress\/plugins\/seo\/ -->\n<title>El Parlamento Europeo en contra de una moci\u00f3n que pretend\u00eda ampliar las restricciones de antibi\u00f3ticos en animales poniendo en riesgo la salud y bienestar animal - ASAJA Palencia<\/title>\n<meta name=\"description\" content=\"El Parlamento Europeo ha votado en contra de una moci\u00f3n de resoluci\u00f3n de la Comisi\u00f3n de Medio Ambiente, Salud P\u00fablica y Seguridad Alimentaria (ENVI),\" \/>\n<meta name=\"robots\" content=\"index, follow, max-snippet:-1, max-image-preview:large, max-video-preview:-1\" \/>\n<link rel=\"canonical\" href=\"https:\/\/www.asajacyl.com\/palencia\/asaja-palencia-informa\/el-parlamento-europeo-en-contra-de-una-mocion-que-pretendia-ampliar-las-restricciones-de-antibioticos-en-animales-poniendo-en-riesgo-la-salud-y-bienestar-animal\" \/>\n<meta property=\"og:locale\" content=\"es_ES\" \/>\n<meta property=\"og:type\" content=\"article\" \/>\n<meta property=\"og:title\" content=\"El Parlamento Europeo en contra de una moci\u00f3n que pretend\u00eda ampliar las restricciones de antibi\u00f3ticos en animales poniendo en riesgo la salud y bienestar animal - ASAJA Palencia\" \/>\n<meta property=\"og:description\" content=\"El Parlamento Europeo ha votado en contra de una moci\u00f3n de resoluci\u00f3n de la Comisi\u00f3n de Medio Ambiente, Salud P\u00fablica y Seguridad Alimentaria (ENVI),\" \/>\n<meta property=\"og:url\" content=\"https:\/\/www.asajacyl.com\/palencia\/asaja-palencia-informa\/el-parlamento-europeo-en-contra-de-una-mocion-que-pretendia-ampliar-las-restricciones-de-antibioticos-en-animales-poniendo-en-riesgo-la-salud-y-bienestar-animal\" \/>\n<meta property=\"og:site_name\" content=\"ASAJA Palencia\" \/>\n<meta property=\"article:published_time\" content=\"2021-09-27T14:46:34+00:00\" \/>\n<meta property=\"og:image\" content=\"https:\/\/www.asajacyl.com\/palencia\/wp-content\/uploads\/sites\/3\/2018\/12\/foto-vacas-de-carne-en-Cervera.jpg\" \/>\n\t<meta property=\"og:image:width\" content=\"1080\" \/>\n\t<meta property=\"og:image:height\" content=\"720\" \/>\n\t<meta property=\"og:image:type\" content=\"image\/jpeg\" \/>\n<meta name=\"author\" content=\"Administrador\" \/>\n<meta name=\"twitter:card\" content=\"summary_large_image\" \/>\n<meta name=\"twitter:label1\" content=\"Escrito por\" \/>\n\t<meta name=\"twitter:data1\" content=\"Administrador\" \/>\n\t<meta name=\"twitter:label2\" content=\"Tiempo de lectura\" \/>\n\t<meta name=\"twitter:data2\" content=\"1 minuto\" \/>\n<script type=\"application\/ld+json\" class=\"yoast-schema-graph\">{\"@context\":\"https:\/\/schema.org\",\"@graph\":[{\"@type\":\"WebPage\",\"@id\":\"https:\/\/www.asajacyl.com\/palencia\/asaja-palencia-informa\/el-parlamento-europeo-en-contra-de-una-mocion-que-pretendia-ampliar-las-restricciones-de-antibioticos-en-animales-poniendo-en-riesgo-la-salud-y-bienestar-animal\",\"url\":\"https:\/\/www.asajacyl.com\/palencia\/asaja-palencia-informa\/el-parlamento-europeo-en-contra-de-una-mocion-que-pretendia-ampliar-las-restricciones-de-antibioticos-en-animales-poniendo-en-riesgo-la-salud-y-bienestar-animal\",\"name\":\"El Parlamento Europeo en contra de una moci\u00f3n que pretend\u00eda ampliar las restricciones de antibi\u00f3ticos en animales poniendo en riesgo la salud y bienestar animal - ASAJA Palencia\",\"isPartOf\":{\"@id\":\"https:\/\/www.asajacyl.com\/palencia\/#website\"},\"primaryImageOfPage\":{\"@id\":\"https:\/\/www.asajacyl.com\/palencia\/asaja-palencia-informa\/el-parlamento-europeo-en-contra-de-una-mocion-que-pretendia-ampliar-las-restricciones-de-antibioticos-en-animales-poniendo-en-riesgo-la-salud-y-bienestar-animal#primaryimage\"},\"image\":{\"@id\":\"https:\/\/www.asajacyl.com\/palencia\/asaja-palencia-informa\/el-parlamento-europeo-en-contra-de-una-mocion-que-pretendia-ampliar-las-restricciones-de-antibioticos-en-animales-poniendo-en-riesgo-la-salud-y-bienestar-animal#primaryimage\"},\"thumbnailUrl\":\"https:\/\/www.asajacyl.com\/palencia\/wp-content\/uploads\/sites\/3\/2018\/12\/foto-vacas-de-carne-en-Cervera.jpg\",\"datePublished\":\"2021-09-27T14:46:34+00:00\",\"author\":{\"@id\":\"https:\/\/www.asajacyl.com\/palencia\/#\/schema\/person\/3ab17aeb03527485c317557fae64aab1\"},\"description\":\"El Parlamento Europeo ha votado en contra de una moci\u00f3n de resoluci\u00f3n de la Comisi\u00f3n de Medio Ambiente, Salud P\u00fablica y Seguridad Alimentaria (ENVI),\",\"breadcrumb\":{\"@id\":\"https:\/\/www.asajacyl.com\/palencia\/asaja-palencia-informa\/el-parlamento-europeo-en-contra-de-una-mocion-que-pretendia-ampliar-las-restricciones-de-antibioticos-en-animales-poniendo-en-riesgo-la-salud-y-bienestar-animal#breadcrumb\"},\"inLanguage\":\"es\",\"potentialAction\":[{\"@type\":\"ReadAction\",\"target\":[\"https:\/\/www.asajacyl.com\/palencia\/asaja-palencia-informa\/el-parlamento-europeo-en-contra-de-una-mocion-que-pretendia-ampliar-las-restricciones-de-antibioticos-en-animales-poniendo-en-riesgo-la-salud-y-bienestar-animal\"]}]},{\"@type\":\"ImageObject\",\"inLanguage\":\"es\",\"@id\":\"https:\/\/www.asajacyl.com\/palencia\/asaja-palencia-informa\/el-parlamento-europeo-en-contra-de-una-mocion-que-pretendia-ampliar-las-restricciones-de-antibioticos-en-animales-poniendo-en-riesgo-la-salud-y-bienestar-animal#primaryimage\",\"url\":\"https:\/\/www.asajacyl.com\/palencia\/wp-content\/uploads\/sites\/3\/2018\/12\/foto-vacas-de-carne-en-Cervera.jpg\",\"contentUrl\":\"https:\/\/www.asajacyl.com\/palencia\/wp-content\/uploads\/sites\/3\/2018\/12\/foto-vacas-de-carne-en-Cervera.jpg\",\"width\":1080,\"height\":720},{\"@type\":\"BreadcrumbList\",\"@id\":\"https:\/\/www.asajacyl.com\/palencia\/asaja-palencia-informa\/el-parlamento-europeo-en-contra-de-una-mocion-que-pretendia-ampliar-las-restricciones-de-antibioticos-en-animales-poniendo-en-riesgo-la-salud-y-bienestar-animal#breadcrumb\",\"itemListElement\":[{\"@type\":\"ListItem\",\"position\":1,\"name\":\"Portada\",\"item\":\"https:\/\/www.asajacyl.com\/palencia\/\"},{\"@type\":\"ListItem\",\"position\":2,\"name\":\"El Parlamento Europeo en contra de una moci\u00f3n que pretend\u00eda ampliar las restricciones de antibi\u00f3ticos en animales poniendo en riesgo la salud y bienestar animal\"}]},{\"@type\":\"WebSite\",\"@id\":\"https:\/\/www.asajacyl.com\/palencia\/#website\",\"url\":\"https:\/\/www.asajacyl.com\/palencia\/\",\"name\":\"ASAJA Palencia\",\"description\":\"Otro sitio m\u00e1s de Provincias ASAJA Castilla y Le\u00f3n\",\"potentialAction\":[{\"@type\":\"SearchAction\",\"target\":{\"@type\":\"EntryPoint\",\"urlTemplate\":\"https:\/\/www.asajacyl.com\/palencia\/?s={search_term_string}\"},\"query-input\":{\"@type\":\"PropertyValueSpecification\",\"valueRequired\":true,\"valueName\":\"search_term_string\"}}],\"inLanguage\":\"es\"},{\"@type\":\"Person\",\"@id\":\"https:\/\/www.asajacyl.com\/palencia\/#\/schema\/person\/3ab17aeb03527485c317557fae64aab1\",\"name\":\"Administrador\",\"image\":{\"@type\":\"ImageObject\",\"inLanguage\":\"es\",\"@id\":\"https:\/\/www.asajacyl.com\/palencia\/#\/schema\/person\/image\/\",\"url\":\"https:\/\/secure.gravatar.com\/avatar\/517384810d242ca9e38c180f3c9fb973?s=96&d=mm&r=g\",\"contentUrl\":\"https:\/\/secure.gravatar.com\/avatar\/517384810d242ca9e38c180f3c9fb973?s=96&d=mm&r=g\",\"caption\":\"Administrador\"},\"url\":\"https:\/\/www.asajacyl.com\/palencia\/author\/carlosrm\"}]}<\/script>\n<!-- \/ Yoast SEO plugin. -->","yoast_head_json":{"title":"El Parlamento Europeo en contra de una moci\u00f3n que pretend\u00eda ampliar las restricciones de antibi\u00f3ticos en animales poniendo en riesgo la salud y bienestar animal - ASAJA Palencia","description":"El Parlamento Europeo ha votado en contra de una moci\u00f3n de resoluci\u00f3n de la Comisi\u00f3n de Medio Ambiente, Salud P\u00fablica y Seguridad Alimentaria (ENVI),","robots":{"index":"index","follow":"follow","max-snippet":"max-snippet:-1","max-image-preview":"max-image-preview:large","max-video-preview":"max-video-preview:-1"},"canonical":"https:\/\/www.asajacyl.com\/palencia\/asaja-palencia-informa\/el-parlamento-europeo-en-contra-de-una-mocion-que-pretendia-ampliar-las-restricciones-de-antibioticos-en-animales-poniendo-en-riesgo-la-salud-y-bienestar-animal","og_locale":"es_ES","og_type":"article","og_title":"El Parlamento Europeo en contra de una moci\u00f3n que pretend\u00eda ampliar las restricciones de antibi\u00f3ticos en animales poniendo en riesgo la salud y bienestar animal - ASAJA Palencia","og_description":"El Parlamento Europeo ha votado en contra de una moci\u00f3n de resoluci\u00f3n de la Comisi\u00f3n de Medio Ambiente, Salud P\u00fablica y Seguridad Alimentaria (ENVI),","og_url":"https:\/\/www.asajacyl.com\/palencia\/asaja-palencia-informa\/el-parlamento-europeo-en-contra-de-una-mocion-que-pretendia-ampliar-las-restricciones-de-antibioticos-en-animales-poniendo-en-riesgo-la-salud-y-bienestar-animal","og_site_name":"ASAJA Palencia","article_published_time":"2021-09-27T14:46:34+00:00","og_image":[{"width":1080,"height":720,"url":"https:\/\/www.asajacyl.com\/palencia\/wp-content\/uploads\/sites\/3\/2018\/12\/foto-vacas-de-carne-en-Cervera.jpg","type":"image\/jpeg"}],"author":"Administrador","twitter_card":"summary_large_image","twitter_misc":{"Escrito por":"Administrador","Tiempo de lectura":"1 minuto"},"schema":{"@context":"https:\/\/schema.org","@graph":[{"@type":"WebPage","@id":"https:\/\/www.asajacyl.com\/palencia\/asaja-palencia-informa\/el-parlamento-europeo-en-contra-de-una-mocion-que-pretendia-ampliar-las-restricciones-de-antibioticos-en-animales-poniendo-en-riesgo-la-salud-y-bienestar-animal","url":"https:\/\/www.asajacyl.com\/palencia\/asaja-palencia-informa\/el-parlamento-europeo-en-contra-de-una-mocion-que-pretendia-ampliar-las-restricciones-de-antibioticos-en-animales-poniendo-en-riesgo-la-salud-y-bienestar-animal","name":"El Parlamento Europeo en contra de una moci\u00f3n que pretend\u00eda ampliar las restricciones de antibi\u00f3ticos en animales poniendo en riesgo la salud y bienestar animal - ASAJA Palencia","isPartOf":{"@id":"https:\/\/www.asajacyl.com\/palencia\/#website"},"primaryImageOfPage":{"@id":"https:\/\/www.asajacyl.com\/palencia\/asaja-palencia-informa\/el-parlamento-europeo-en-contra-de-una-mocion-que-pretendia-ampliar-las-restricciones-de-antibioticos-en-animales-poniendo-en-riesgo-la-salud-y-bienestar-animal#primaryimage"},"image":{"@id":"https:\/\/www.asajacyl.com\/palencia\/asaja-palencia-informa\/el-parlamento-europeo-en-contra-de-una-mocion-que-pretendia-ampliar-las-restricciones-de-antibioticos-en-animales-poniendo-en-riesgo-la-salud-y-bienestar-animal#primaryimage"},"thumbnailUrl":"https:\/\/www.asajacyl.com\/palencia\/wp-content\/uploads\/sites\/3\/2018\/12\/foto-vacas-de-carne-en-Cervera.jpg","datePublished":"2021-09-27T14:46:34+00:00","author":{"@id":"https:\/\/www.asajacyl.com\/palencia\/#\/schema\/person\/3ab17aeb03527485c317557fae64aab1"},"description":"El Parlamento Europeo ha votado en contra de una moci\u00f3n de resoluci\u00f3n de la Comisi\u00f3n de Medio Ambiente, Salud P\u00fablica y Seguridad Alimentaria (ENVI),","breadcrumb":{"@id":"https:\/\/www.asajacyl.com\/palencia\/asaja-palencia-informa\/el-parlamento-europeo-en-contra-de-una-mocion-que-pretendia-ampliar-las-restricciones-de-antibioticos-en-animales-poniendo-en-riesgo-la-salud-y-bienestar-animal#breadcrumb"},"inLanguage":"es","potentialAction":[{"@type":"ReadAction","target":["https:\/\/www.asajacyl.com\/palencia\/asaja-palencia-informa\/el-parlamento-europeo-en-contra-de-una-mocion-que-pretendia-ampliar-las-restricciones-de-antibioticos-en-animales-poniendo-en-riesgo-la-salud-y-bienestar-animal"]}]},{"@type":"ImageObject","inLanguage":"es","@id":"https:\/\/www.asajacyl.com\/palencia\/asaja-palencia-informa\/el-parlamento-europeo-en-contra-de-una-mocion-que-pretendia-ampliar-las-restricciones-de-antibioticos-en-animales-poniendo-en-riesgo-la-salud-y-bienestar-animal#primaryimage","url":"https:\/\/www.asajacyl.com\/palencia\/wp-content\/uploads\/sites\/3\/2018\/12\/foto-vacas-de-carne-en-Cervera.jpg","contentUrl":"https:\/\/www.asajacyl.com\/palencia\/wp-content\/uploads\/sites\/3\/2018\/12\/foto-vacas-de-carne-en-Cervera.jpg","width":1080,"height":720},{"@type":"BreadcrumbList","@id":"https:\/\/www.asajacyl.com\/palencia\/asaja-palencia-informa\/el-parlamento-europeo-en-contra-de-una-mocion-que-pretendia-ampliar-las-restricciones-de-antibioticos-en-animales-poniendo-en-riesgo-la-salud-y-bienestar-animal#breadcrumb","itemListElement":[{"@type":"ListItem","position":1,"name":"Portada","item":"https:\/\/www.asajacyl.com\/palencia\/"},{"@type":"ListItem","position":2,"name":"El Parlamento Europeo en contra de una moci\u00f3n que pretend\u00eda ampliar las restricciones de antibi\u00f3ticos en animales poniendo en riesgo la salud y bienestar animal"}]},{"@type":"WebSite","@id":"https:\/\/www.asajacyl.com\/palencia\/#website","url":"https:\/\/www.asajacyl.com\/palencia\/","name":"ASAJA Palencia","description":"Otro sitio m\u00e1s de Provincias ASAJA Castilla y Le\u00f3n","potentialAction":[{"@type":"SearchAction","target":{"@type":"EntryPoint","urlTemplate":"https:\/\/www.asajacyl.com\/palencia\/?s={search_term_string}"},"query-input":{"@type":"PropertyValueSpecification","valueRequired":true,"valueName":"search_term_string"}}],"inLanguage":"es"},{"@type":"Person","@id":"https:\/\/www.asajacyl.com\/palencia\/#\/schema\/person\/3ab17aeb03527485c317557fae64aab1","name":"Administrador","image":{"@type":"ImageObject","inLanguage":"es","@id":"https:\/\/www.asajacyl.com\/palencia\/#\/schema\/person\/image\/","url":"https:\/\/secure.gravatar.com\/avatar\/517384810d242ca9e38c180f3c9fb973?s=96&d=mm&r=g","contentUrl":"https:\/\/secure.gravatar.com\/avatar\/517384810d242ca9e38c180f3c9fb973?s=96&d=mm&r=g","caption":"Administrador"},"url":"https:\/\/www.asajacyl.com\/palencia\/author\/carlosrm"}]}},"_links":{"self":[{"href":"https:\/\/www.asajacyl.com\/palencia\/wp-json\/wp\/v2\/posts\/8937"}],"collection":[{"href":"https:\/\/www.asajacyl.com\/palencia\/wp-json\/wp\/v2\/posts"}],"about":[{"href":"https:\/\/www.asajacyl.com\/palencia\/wp-json\/wp\/v2\/types\/post"}],"author":[{"embeddable":true,"href":"https:\/\/www.asajacyl.com\/palencia\/wp-json\/wp\/v2\/users\/9"}],"replies":[{"embeddable":true,"href":"https:\/\/www.asajacyl.com\/palencia\/wp-json\/wp\/v2\/comments?post=8937"}],"version-history":[{"count":1,"href":"https:\/\/www.asajacyl.com\/palencia\/wp-json\/wp\/v2\/posts\/8937\/revisions"}],"predecessor-version":[{"id":8938,"href":"https:\/\/www.asajacyl.com\/palencia\/wp-json\/wp\/v2\/posts\/8937\/revisions\/8938"}],"wp:featuredmedia":[{"embeddable":true,"href":"https:\/\/www.asajacyl.com\/palencia\/wp-json\/wp\/v2\/media\/5694"}],"wp:attachment":[{"href":"https:\/\/www.asajacyl.com\/palencia\/wp-json\/wp\/v2\/media?parent=8937"}],"wp:term":[{"taxonomy":"category","embeddable":true,"href":"https:\/\/www.asajacyl.com\/palencia\/wp-json\/wp\/v2\/categories?post=8937"},{"taxonomy":"post_tag","embeddable":true,"href":"https:\/\/www.asajacyl.com\/palencia\/wp-json\/wp\/v2\/tags?post=8937"}],"curies":[{"name":"wp","href":"https:\/\/api.w.org\/{rel}","templated":true}]}}