{"id":8968,"date":"2021-09-30T19:11:00","date_gmt":"2021-09-30T17:11:00","guid":{"rendered":"https:\/\/www.asajacyl.com\/palencia\/?p=8968"},"modified":"2021-09-27T07:34:51","modified_gmt":"2021-09-27T05:34:51","slug":"el-ministerio-publica-los-datos-del-plan-renove","status":"publish","type":"post","link":"https:\/\/www.asajacyl.com\/palencia\/asaja-palencia-informa\/el-ministerio-publica-los-datos-del-plan-renove","title":{"rendered":"El ministerio publica los datos del Plan Renove"},"content":{"rendered":"\n<p>El d\u00eda 15 de septiembre termin\u00f3 el plazo para solicitar el Plan Renove. Estas ayudas son muy demandadas por el sector aunque no se est\u00e1 dotando presupuestariamente de forma adecuada seg\u00fan las cifras que ofrece el ministerio de Agricultura, Pesca y Alimentaci\u00f3n.<\/p>\n\n\n\n<p>El presupuesto estaba dividido en dos bloques. En primer lugar se destinaron cuatro millones de euros a cisternas de pur\u00edn as\u00ed como a accesorios para dichas cubas, con el fin de transformar la aplicaci\u00f3n mediante plato o abanico a una aplicaci\u00f3n mediante tubos que dejan el pur\u00edn pr\u00e1cticamente posado en el suelo. En segundo lugar se destinaron \u00fanicamente 2,55 millones de euros al resto de m\u00e1quinas: tractores, abonadoras, sembradoras de siembra directa y pulverizadores.<\/p>\n\n\n\n<p>Quedaba claro que el presupuesto destinado al resto de m\u00e1quinas se agotar\u00eda en unas horas, algo que as\u00ed sucedi\u00f3, y adem\u00e1s los tramitadores de dichas ayudas tuvieron que sufrir el mal funcionamiento del programa inform\u00e1tico del ministerio y la tensi\u00f3n propia de unas ayudas que se otorgan por orden de presentaci\u00f3n, algo a todas luces injusto cuando la demanda demuestra que se terminar\u00e1 en unas horas y eso har\u00e1 que la ayuda se transforme en una carrera.<\/p>\n\n\n\n<p>A partir de ah\u00ed quedaba esperar a las inversiones solicitadas en cisternas de pur\u00edn y sus accesorios, ya que el dinero sobrante en ese bloque se trasladar\u00eda al otro. Finalmente el gasto en estas m\u00e1quinas de fin ganadero ha sido de 1,177 millones de euros por lo que 2.823 millones se han trasladado al bloque del resto de m\u00e1quinas. De los 7,203 millones de euros que se han solicitado en este bloque se quedar\u00e1n sin ayuda 1,831 millones de euros y cientos de beneficiarios.<\/p>\n\n\n\n<p>Cuando se hizo p\u00fablica esta ayuda tambi\u00e9n se publicit\u00f3 otra encaminada a costear los avales para la compra de maquinaria agr\u00edcola por 3 millones de euros. Pensando en que esta partida tenga poca aceptaci\u00f3n, viendo como funciona el mercado de maquinaria, al menos en nuestra regi\u00f3n, de esta partida el ministerio deber\u00eda trasladar el importe suficiente para cubrir todo aquello que a d\u00eda de hoy se ha quedado fuera, al menos lo del primer d\u00eda, cuando los continuos errores del programa inform\u00e1tico hicieron que el orden de presentaci\u00f3n no fuera el mismo que si todo hubiera funcionado bien.<\/p>\n\n\n\n<p>En cuanto a las subvenciones concedidas, se llevan la palma las sembradoras, con un 64,2% del presupuesto, lejos quedan los dem\u00e1s: tractores (1,8%), abonadoras (5,3%), accesorios para distribuci\u00f3n localizada de pur\u00edn (9,2%), cisternas de pur\u00edn (8,9%) y pulverizadores (10,6%).<\/p>\n\n\n\n<p><\/p>\n","protected":false},"excerpt":{"rendered":"<p>El d\u00eda 15 de septiembre termin\u00f3 el plazo para solicitar el Plan Renove. Estas ayudas son muy demandadas por el sector aunque no se est\u00e1 dotando presupuestariamente de forma adecuada seg\u00fan las cifras que ofrece el ministerio de Agricultura, Pesca y Alimentaci\u00f3n. El presupuesto estaba dividido en dos bloques. En primer lugar se destinaron cuatro [&hellip;]<\/p>\n","protected":false},"author":9,"featured_media":5647,"comment_status":"open","ping_status":"open","sticky":false,"template":"","format":"standard","meta":{"footnotes":""},"categories":[9,29,28],"tags":[],"yoast_head":"<!-- This site is optimized with the Yoast SEO plugin v24.5 - https:\/\/yoast.com\/wordpress\/plugins\/seo\/ -->\n<title>El ministerio publica los datos del Plan Renove - ASAJA Palencia<\/title>\n<meta name=\"description\" content=\"El d\u00eda 15 de septiembre termin\u00f3 el plazo para solicitar el Plan Renove. Estas ayudas son muy demandadas por el sector aunque no se est\u00e1 dotando\" \/>\n<meta name=\"robots\" content=\"index, follow, max-snippet:-1, max-image-preview:large, max-video-preview:-1\" \/>\n<link rel=\"canonical\" href=\"https:\/\/www.asajacyl.com\/palencia\/asaja-palencia-informa\/el-ministerio-publica-los-datos-del-plan-renove\" \/>\n<meta property=\"og:locale\" content=\"es_ES\" \/>\n<meta property=\"og:type\" content=\"article\" \/>\n<meta property=\"og:title\" content=\"El ministerio publica los datos del Plan Renove - ASAJA Palencia\" \/>\n<meta property=\"og:description\" content=\"El d\u00eda 15 de septiembre termin\u00f3 el plazo para solicitar el Plan Renove. Estas ayudas son muy demandadas por el sector aunque no se est\u00e1 dotando\" \/>\n<meta property=\"og:url\" content=\"https:\/\/www.asajacyl.com\/palencia\/asaja-palencia-informa\/el-ministerio-publica-los-datos-del-plan-renove\" \/>\n<meta property=\"og:site_name\" content=\"ASAJA Palencia\" \/>\n<meta property=\"article:published_time\" content=\"2021-09-30T17:11:00+00:00\" \/>\n<meta property=\"og:image\" content=\"https:\/\/www.asajacyl.com\/palencia\/wp-content\/uploads\/sites\/3\/2018\/11\/sementera.jpg\" \/>\n\t<meta property=\"og:image:width\" content=\"1221\" \/>\n\t<meta property=\"og:image:height\" content=\"376\" \/>\n\t<meta property=\"og:image:type\" content=\"image\/jpeg\" \/>\n<meta name=\"author\" content=\"Administrador\" \/>\n<meta name=\"twitter:card\" content=\"summary_large_image\" \/>\n<meta name=\"twitter:label1\" content=\"Escrito por\" \/>\n\t<meta name=\"twitter:data1\" content=\"Administrador\" \/>\n\t<meta name=\"twitter:label2\" content=\"Tiempo de lectura\" \/>\n\t<meta name=\"twitter:data2\" content=\"2 minutos\" \/>\n<script type=\"application\/ld+json\" class=\"yoast-schema-graph\">{\"@context\":\"https:\/\/schema.org\",\"@graph\":[{\"@type\":\"WebPage\",\"@id\":\"https:\/\/www.asajacyl.com\/palencia\/asaja-palencia-informa\/el-ministerio-publica-los-datos-del-plan-renove\",\"url\":\"https:\/\/www.asajacyl.com\/palencia\/asaja-palencia-informa\/el-ministerio-publica-los-datos-del-plan-renove\",\"name\":\"El ministerio publica los datos del Plan Renove - ASAJA Palencia\",\"isPartOf\":{\"@id\":\"https:\/\/www.asajacyl.com\/palencia\/#website\"},\"primaryImageOfPage\":{\"@id\":\"https:\/\/www.asajacyl.com\/palencia\/asaja-palencia-informa\/el-ministerio-publica-los-datos-del-plan-renove#primaryimage\"},\"image\":{\"@id\":\"https:\/\/www.asajacyl.com\/palencia\/asaja-palencia-informa\/el-ministerio-publica-los-datos-del-plan-renove#primaryimage\"},\"thumbnailUrl\":\"https:\/\/www.asajacyl.com\/palencia\/wp-content\/uploads\/sites\/3\/2018\/11\/sementera.jpg\",\"datePublished\":\"2021-09-30T17:11:00+00:00\",\"author\":{\"@id\":\"https:\/\/www.asajacyl.com\/palencia\/#\/schema\/person\/3ab17aeb03527485c317557fae64aab1\"},\"description\":\"El d\u00eda 15 de septiembre termin\u00f3 el plazo para solicitar el Plan Renove. Estas ayudas son muy demandadas por el sector aunque no se est\u00e1 dotando\",\"breadcrumb\":{\"@id\":\"https:\/\/www.asajacyl.com\/palencia\/asaja-palencia-informa\/el-ministerio-publica-los-datos-del-plan-renove#breadcrumb\"},\"inLanguage\":\"es\",\"potentialAction\":[{\"@type\":\"ReadAction\",\"target\":[\"https:\/\/www.asajacyl.com\/palencia\/asaja-palencia-informa\/el-ministerio-publica-los-datos-del-plan-renove\"]}]},{\"@type\":\"ImageObject\",\"inLanguage\":\"es\",\"@id\":\"https:\/\/www.asajacyl.com\/palencia\/asaja-palencia-informa\/el-ministerio-publica-los-datos-del-plan-renove#primaryimage\",\"url\":\"https:\/\/www.asajacyl.com\/palencia\/wp-content\/uploads\/sites\/3\/2018\/11\/sementera.jpg\",\"contentUrl\":\"https:\/\/www.asajacyl.com\/palencia\/wp-content\/uploads\/sites\/3\/2018\/11\/sementera.jpg\",\"width\":1221,\"height\":376},{\"@type\":\"BreadcrumbList\",\"@id\":\"https:\/\/www.asajacyl.com\/palencia\/asaja-palencia-informa\/el-ministerio-publica-los-datos-del-plan-renove#breadcrumb\",\"itemListElement\":[{\"@type\":\"ListItem\",\"position\":1,\"name\":\"Portada\",\"item\":\"https:\/\/www.asajacyl.com\/palencia\/\"},{\"@type\":\"ListItem\",\"position\":2,\"name\":\"El ministerio publica los datos del Plan Renove\"}]},{\"@type\":\"WebSite\",\"@id\":\"https:\/\/www.asajacyl.com\/palencia\/#website\",\"url\":\"https:\/\/www.asajacyl.com\/palencia\/\",\"name\":\"ASAJA Palencia\",\"description\":\"Otro sitio m\u00e1s de Provincias ASAJA Castilla y Le\u00f3n\",\"potentialAction\":[{\"@type\":\"SearchAction\",\"target\":{\"@type\":\"EntryPoint\",\"urlTemplate\":\"https:\/\/www.asajacyl.com\/palencia\/?s={search_term_string}\"},\"query-input\":{\"@type\":\"PropertyValueSpecification\",\"valueRequired\":true,\"valueName\":\"search_term_string\"}}],\"inLanguage\":\"es\"},{\"@type\":\"Person\",\"@id\":\"https:\/\/www.asajacyl.com\/palencia\/#\/schema\/person\/3ab17aeb03527485c317557fae64aab1\",\"name\":\"Administrador\",\"image\":{\"@type\":\"ImageObject\",\"inLanguage\":\"es\",\"@id\":\"https:\/\/www.asajacyl.com\/palencia\/#\/schema\/person\/image\/\",\"url\":\"https:\/\/secure.gravatar.com\/avatar\/517384810d242ca9e38c180f3c9fb973?s=96&d=mm&r=g\",\"contentUrl\":\"https:\/\/secure.gravatar.com\/avatar\/517384810d242ca9e38c180f3c9fb973?s=96&d=mm&r=g\",\"caption\":\"Administrador\"},\"url\":\"https:\/\/www.asajacyl.com\/palencia\/author\/carlosrm\"}]}<\/script>\n<!-- \/ Yoast SEO plugin. -->","yoast_head_json":{"title":"El ministerio publica los datos del Plan Renove - ASAJA Palencia","description":"El d\u00eda 15 de septiembre termin\u00f3 el plazo para solicitar el Plan Renove. Estas ayudas son muy demandadas por el sector aunque no se est\u00e1 dotando","robots":{"index":"index","follow":"follow","max-snippet":"max-snippet:-1","max-image-preview":"max-image-preview:large","max-video-preview":"max-video-preview:-1"},"canonical":"https:\/\/www.asajacyl.com\/palencia\/asaja-palencia-informa\/el-ministerio-publica-los-datos-del-plan-renove","og_locale":"es_ES","og_type":"article","og_title":"El ministerio publica los datos del Plan Renove - ASAJA Palencia","og_description":"El d\u00eda 15 de septiembre termin\u00f3 el plazo para solicitar el Plan Renove. Estas ayudas son muy demandadas por el sector aunque no se est\u00e1 dotando","og_url":"https:\/\/www.asajacyl.com\/palencia\/asaja-palencia-informa\/el-ministerio-publica-los-datos-del-plan-renove","og_site_name":"ASAJA Palencia","article_published_time":"2021-09-30T17:11:00+00:00","og_image":[{"width":1221,"height":376,"url":"https:\/\/www.asajacyl.com\/palencia\/wp-content\/uploads\/sites\/3\/2018\/11\/sementera.jpg","type":"image\/jpeg"}],"author":"Administrador","twitter_card":"summary_large_image","twitter_misc":{"Escrito por":"Administrador","Tiempo de lectura":"2 minutos"},"schema":{"@context":"https:\/\/schema.org","@graph":[{"@type":"WebPage","@id":"https:\/\/www.asajacyl.com\/palencia\/asaja-palencia-informa\/el-ministerio-publica-los-datos-del-plan-renove","url":"https:\/\/www.asajacyl.com\/palencia\/asaja-palencia-informa\/el-ministerio-publica-los-datos-del-plan-renove","name":"El ministerio publica los datos del Plan Renove - ASAJA Palencia","isPartOf":{"@id":"https:\/\/www.asajacyl.com\/palencia\/#website"},"primaryImageOfPage":{"@id":"https:\/\/www.asajacyl.com\/palencia\/asaja-palencia-informa\/el-ministerio-publica-los-datos-del-plan-renove#primaryimage"},"image":{"@id":"https:\/\/www.asajacyl.com\/palencia\/asaja-palencia-informa\/el-ministerio-publica-los-datos-del-plan-renove#primaryimage"},"thumbnailUrl":"https:\/\/www.asajacyl.com\/palencia\/wp-content\/uploads\/sites\/3\/2018\/11\/sementera.jpg","datePublished":"2021-09-30T17:11:00+00:00","author":{"@id":"https:\/\/www.asajacyl.com\/palencia\/#\/schema\/person\/3ab17aeb03527485c317557fae64aab1"},"description":"El d\u00eda 15 de septiembre termin\u00f3 el plazo para solicitar el Plan Renove. Estas ayudas son muy demandadas por el sector aunque no se est\u00e1 dotando","breadcrumb":{"@id":"https:\/\/www.asajacyl.com\/palencia\/asaja-palencia-informa\/el-ministerio-publica-los-datos-del-plan-renove#breadcrumb"},"inLanguage":"es","potentialAction":[{"@type":"ReadAction","target":["https:\/\/www.asajacyl.com\/palencia\/asaja-palencia-informa\/el-ministerio-publica-los-datos-del-plan-renove"]}]},{"@type":"ImageObject","inLanguage":"es","@id":"https:\/\/www.asajacyl.com\/palencia\/asaja-palencia-informa\/el-ministerio-publica-los-datos-del-plan-renove#primaryimage","url":"https:\/\/www.asajacyl.com\/palencia\/wp-content\/uploads\/sites\/3\/2018\/11\/sementera.jpg","contentUrl":"https:\/\/www.asajacyl.com\/palencia\/wp-content\/uploads\/sites\/3\/2018\/11\/sementera.jpg","width":1221,"height":376},{"@type":"BreadcrumbList","@id":"https:\/\/www.asajacyl.com\/palencia\/asaja-palencia-informa\/el-ministerio-publica-los-datos-del-plan-renove#breadcrumb","itemListElement":[{"@type":"ListItem","position":1,"name":"Portada","item":"https:\/\/www.asajacyl.com\/palencia\/"},{"@type":"ListItem","position":2,"name":"El ministerio publica los datos del Plan Renove"}]},{"@type":"WebSite","@id":"https:\/\/www.asajacyl.com\/palencia\/#website","url":"https:\/\/www.asajacyl.com\/palencia\/","name":"ASAJA Palencia","description":"Otro sitio m\u00e1s de Provincias ASAJA Castilla y Le\u00f3n","potentialAction":[{"@type":"SearchAction","target":{"@type":"EntryPoint","urlTemplate":"https:\/\/www.asajacyl.com\/palencia\/?s={search_term_string}"},"query-input":{"@type":"PropertyValueSpecification","valueRequired":true,"valueName":"search_term_string"}}],"inLanguage":"es"},{"@type":"Person","@id":"https:\/\/www.asajacyl.com\/palencia\/#\/schema\/person\/3ab17aeb03527485c317557fae64aab1","name":"Administrador","image":{"@type":"ImageObject","inLanguage":"es","@id":"https:\/\/www.asajacyl.com\/palencia\/#\/schema\/person\/image\/","url":"https:\/\/secure.gravatar.com\/avatar\/517384810d242ca9e38c180f3c9fb973?s=96&d=mm&r=g","contentUrl":"https:\/\/secure.gravatar.com\/avatar\/517384810d242ca9e38c180f3c9fb973?s=96&d=mm&r=g","caption":"Administrador"},"url":"https:\/\/www.asajacyl.com\/palencia\/author\/carlosrm"}]}},"_links":{"self":[{"href":"https:\/\/www.asajacyl.com\/palencia\/wp-json\/wp\/v2\/posts\/8968"}],"collection":[{"href":"https:\/\/www.asajacyl.com\/palencia\/wp-json\/wp\/v2\/posts"}],"about":[{"href":"https:\/\/www.asajacyl.com\/palencia\/wp-json\/wp\/v2\/types\/post"}],"author":[{"embeddable":true,"href":"https:\/\/www.asajacyl.com\/palencia\/wp-json\/wp\/v2\/users\/9"}],"replies":[{"embeddable":true,"href":"https:\/\/www.asajacyl.com\/palencia\/wp-json\/wp\/v2\/comments?post=8968"}],"version-history":[{"count":1,"href":"https:\/\/www.asajacyl.com\/palencia\/wp-json\/wp\/v2\/posts\/8968\/revisions"}],"predecessor-version":[{"id":8969,"href":"https:\/\/www.asajacyl.com\/palencia\/wp-json\/wp\/v2\/posts\/8968\/revisions\/8969"}],"wp:featuredmedia":[{"embeddable":true,"href":"https:\/\/www.asajacyl.com\/palencia\/wp-json\/wp\/v2\/media\/5647"}],"wp:attachment":[{"href":"https:\/\/www.asajacyl.com\/palencia\/wp-json\/wp\/v2\/media?parent=8968"}],"wp:term":[{"taxonomy":"category","embeddable":true,"href":"https:\/\/www.asajacyl.com\/palencia\/wp-json\/wp\/v2\/categories?post=8968"},{"taxonomy":"post_tag","embeddable":true,"href":"https:\/\/www.asajacyl.com\/palencia\/wp-json\/wp\/v2\/tags?post=8968"}],"curies":[{"name":"wp","href":"https:\/\/api.w.org\/{rel}","templated":true}]}}