{"id":8972,"date":"2021-10-01T09:57:00","date_gmt":"2021-10-01T07:57:00","guid":{"rendered":"https:\/\/www.asajacyl.com\/palencia\/?p=8972"},"modified":"2021-09-28T10:08:33","modified_gmt":"2021-09-28T08:08:33","slug":"cumbre-de-las-naciones-unidas-en-los-compromisos-con-vision-de-futuro-se-debe-reconocer-al-papel-central-de-los-agricultores-y-ganaderos","status":"publish","type":"post","link":"https:\/\/www.asajacyl.com\/palencia\/asaja-palencia-informa\/cumbre-de-las-naciones-unidas-en-los-compromisos-con-vision-de-futuro-se-debe-reconocer-al-papel-central-de-los-agricultores-y-ganaderos","title":{"rendered":"Cumbre de las Naciones Unidas: en los compromisos con visi\u00f3n de futuro se debe reconocer al papel central de los agricultores y ganaderos"},"content":{"rendered":"\n<p>Recientemente, en Nueva York, se ha dado inicio a la Cumbre de las Naciones Unidas sobre los Sistemas Alimentarios, lo que marca un momento decisivo de cara a definir los compromisos que asumir\u00e1n los pa\u00edses y dem\u00e1s interlocutores con respecto al porvenir de nuestros sistemas alimentarios. Si bien, con la pandemia de COVID-19, el acto principal de la Cumbre ha tenido<br>que limitarse a un di\u00e1logo meramente virtual, los preparativos del mismo llevaron meses. El Copa y la Cogeca contribuyeron, junto con otros representantes de agricultores y productores, a la labor de preparaci\u00f3n para garantizar que la voz de los agricultores y las cooperativas de Europa estuviera presente en los debates y resultados clave.<\/p>\n\n\n\n<p>El Copa y la Cogeca firmaron, con otras organizaciones de productores, un comunicado conjunto, con el objetivo de transmitir a los gobiernos nacionales y a los representantes de la ONU los principales compromisos y exigencias de dicho colectivo. El comunicado conjunto recalca el compromiso de los productores primarios de querer dar continuidad al enorme esfuerzo ya realizado por estos en la producci\u00f3n de alimentos nutritivos y en cantidades suficientes, destinados a una poblaci\u00f3n cada vez m\u00e1s numerosa, al tiempo que hacen de su producci\u00f3n una actividad m\u00e1s sostenible. Asimismo, se comprometen a seguir esforz\u00e1ndose en la tarea de conservaci\u00f3n de los h\u00e1bitats y de forma paralela en el fomento de unas zonas rurales m\u00e1s din\u00e1micas donde se generen puestos de trabajo. A tal fin, los productores primarios exhortan a los Estados miembros y dem\u00e1s interlocutores a que retribuyan estos esfuerzos de producci\u00f3n alimentaria a la vez que respetan las fronteras planetarias y la biodiversidad. Tambi\u00e9n, y de forma apremiante, instan a dichas partes a que proporcionen a los productores acceso a las tecnolog\u00edas, a los conocimientos y a los recursos financieros necesarios para alcanzar estos objetivos. Por su parte, los Estados miembros y las organizaciones internacionales tambi\u00e9n deben reconocer el papel central de los productores si se quiere impulsar cambios en los sistemas alimentarios y propiciar una muy necesaria colaboraci\u00f3n din\u00e1mica con ellos de cara a formular las pol\u00edticas alimentarias.<\/p>\n","protected":false},"excerpt":{"rendered":"<p>Recientemente, en Nueva York, se ha dado inicio a la Cumbre de las Naciones Unidas sobre los Sistemas Alimentarios, lo que marca un momento decisivo de cara a definir los compromisos que asumir\u00e1n los pa\u00edses y dem\u00e1s interlocutores con respecto al porvenir de nuestros sistemas alimentarios. Si bien, con la pandemia de COVID-19, el acto [&hellip;]<\/p>\n","protected":false},"author":9,"featured_media":8973,"comment_status":"open","ping_status":"open","sticky":false,"template":"","format":"standard","meta":{"footnotes":""},"categories":[9,29,28],"tags":[],"yoast_head":"<!-- This site is optimized with the Yoast SEO plugin v24.5 - https:\/\/yoast.com\/wordpress\/plugins\/seo\/ -->\n<title>Cumbre de las Naciones Unidas: en los compromisos con visi\u00f3n de futuro se debe reconocer al papel central de los agricultores y ganaderos - ASAJA Palencia<\/title>\n<meta name=\"description\" content=\"Recientemente, en Nueva York, se ha dado inicio a la Cumbre de las Naciones Unidas sobre los Sistemas Alimentarios, lo que marca un momento decisivo de\" \/>\n<meta name=\"robots\" content=\"index, follow, max-snippet:-1, max-image-preview:large, max-video-preview:-1\" \/>\n<link rel=\"canonical\" href=\"https:\/\/www.asajacyl.com\/palencia\/asaja-palencia-informa\/cumbre-de-las-naciones-unidas-en-los-compromisos-con-vision-de-futuro-se-debe-reconocer-al-papel-central-de-los-agricultores-y-ganaderos\" \/>\n<meta property=\"og:locale\" content=\"es_ES\" \/>\n<meta property=\"og:type\" content=\"article\" \/>\n<meta property=\"og:title\" content=\"Cumbre de las Naciones Unidas: en los compromisos con visi\u00f3n de futuro se debe reconocer al papel central de los agricultores y ganaderos - ASAJA Palencia\" \/>\n<meta property=\"og:description\" content=\"Recientemente, en Nueva York, se ha dado inicio a la Cumbre de las Naciones Unidas sobre los Sistemas Alimentarios, lo que marca un momento decisivo de\" \/>\n<meta property=\"og:url\" content=\"https:\/\/www.asajacyl.com\/palencia\/asaja-palencia-informa\/cumbre-de-las-naciones-unidas-en-los-compromisos-con-vision-de-futuro-se-debe-reconocer-al-papel-central-de-los-agricultores-y-ganaderos\" \/>\n<meta property=\"og:site_name\" content=\"ASAJA Palencia\" \/>\n<meta property=\"article:published_time\" content=\"2021-10-01T07:57:00+00:00\" \/>\n<meta property=\"og:image\" content=\"https:\/\/www.asajacyl.com\/palencia\/wp-content\/uploads\/sites\/3\/2021\/09\/ONU.jpg\" \/>\n\t<meta property=\"og:image:width\" content=\"1500\" \/>\n\t<meta property=\"og:image:height\" content=\"1000\" \/>\n\t<meta property=\"og:image:type\" content=\"image\/jpeg\" \/>\n<meta name=\"author\" content=\"Administrador\" \/>\n<meta name=\"twitter:card\" content=\"summary_large_image\" \/>\n<meta name=\"twitter:label1\" content=\"Escrito por\" \/>\n\t<meta name=\"twitter:data1\" content=\"Administrador\" \/>\n\t<meta name=\"twitter:label2\" content=\"Tiempo de lectura\" \/>\n\t<meta name=\"twitter:data2\" content=\"2 minutos\" \/>\n<script type=\"application\/ld+json\" class=\"yoast-schema-graph\">{\"@context\":\"https:\/\/schema.org\",\"@graph\":[{\"@type\":\"WebPage\",\"@id\":\"https:\/\/www.asajacyl.com\/palencia\/asaja-palencia-informa\/cumbre-de-las-naciones-unidas-en-los-compromisos-con-vision-de-futuro-se-debe-reconocer-al-papel-central-de-los-agricultores-y-ganaderos\",\"url\":\"https:\/\/www.asajacyl.com\/palencia\/asaja-palencia-informa\/cumbre-de-las-naciones-unidas-en-los-compromisos-con-vision-de-futuro-se-debe-reconocer-al-papel-central-de-los-agricultores-y-ganaderos\",\"name\":\"Cumbre de las Naciones Unidas: en los compromisos con visi\u00f3n de futuro se debe reconocer al papel central de los agricultores y ganaderos - ASAJA Palencia\",\"isPartOf\":{\"@id\":\"https:\/\/www.asajacyl.com\/palencia\/#website\"},\"primaryImageOfPage\":{\"@id\":\"https:\/\/www.asajacyl.com\/palencia\/asaja-palencia-informa\/cumbre-de-las-naciones-unidas-en-los-compromisos-con-vision-de-futuro-se-debe-reconocer-al-papel-central-de-los-agricultores-y-ganaderos#primaryimage\"},\"image\":{\"@id\":\"https:\/\/www.asajacyl.com\/palencia\/asaja-palencia-informa\/cumbre-de-las-naciones-unidas-en-los-compromisos-con-vision-de-futuro-se-debe-reconocer-al-papel-central-de-los-agricultores-y-ganaderos#primaryimage\"},\"thumbnailUrl\":\"https:\/\/www.asajacyl.com\/palencia\/wp-content\/uploads\/sites\/3\/2021\/09\/ONU.jpg\",\"datePublished\":\"2021-10-01T07:57:00+00:00\",\"author\":{\"@id\":\"https:\/\/www.asajacyl.com\/palencia\/#\/schema\/person\/3ab17aeb03527485c317557fae64aab1\"},\"description\":\"Recientemente, en Nueva York, se ha dado inicio a la Cumbre de las Naciones Unidas sobre los Sistemas Alimentarios, lo que marca un momento decisivo de\",\"breadcrumb\":{\"@id\":\"https:\/\/www.asajacyl.com\/palencia\/asaja-palencia-informa\/cumbre-de-las-naciones-unidas-en-los-compromisos-con-vision-de-futuro-se-debe-reconocer-al-papel-central-de-los-agricultores-y-ganaderos#breadcrumb\"},\"inLanguage\":\"es\",\"potentialAction\":[{\"@type\":\"ReadAction\",\"target\":[\"https:\/\/www.asajacyl.com\/palencia\/asaja-palencia-informa\/cumbre-de-las-naciones-unidas-en-los-compromisos-con-vision-de-futuro-se-debe-reconocer-al-papel-central-de-los-agricultores-y-ganaderos\"]}]},{\"@type\":\"ImageObject\",\"inLanguage\":\"es\",\"@id\":\"https:\/\/www.asajacyl.com\/palencia\/asaja-palencia-informa\/cumbre-de-las-naciones-unidas-en-los-compromisos-con-vision-de-futuro-se-debe-reconocer-al-papel-central-de-los-agricultores-y-ganaderos#primaryimage\",\"url\":\"https:\/\/www.asajacyl.com\/palencia\/wp-content\/uploads\/sites\/3\/2021\/09\/ONU.jpg\",\"contentUrl\":\"https:\/\/www.asajacyl.com\/palencia\/wp-content\/uploads\/sites\/3\/2021\/09\/ONU.jpg\",\"width\":1500,\"height\":1000},{\"@type\":\"BreadcrumbList\",\"@id\":\"https:\/\/www.asajacyl.com\/palencia\/asaja-palencia-informa\/cumbre-de-las-naciones-unidas-en-los-compromisos-con-vision-de-futuro-se-debe-reconocer-al-papel-central-de-los-agricultores-y-ganaderos#breadcrumb\",\"itemListElement\":[{\"@type\":\"ListItem\",\"position\":1,\"name\":\"Portada\",\"item\":\"https:\/\/www.asajacyl.com\/palencia\/\"},{\"@type\":\"ListItem\",\"position\":2,\"name\":\"Cumbre de las Naciones Unidas: en los compromisos con visi\u00f3n de futuro se debe reconocer al papel central de los agricultores y ganaderos\"}]},{\"@type\":\"WebSite\",\"@id\":\"https:\/\/www.asajacyl.com\/palencia\/#website\",\"url\":\"https:\/\/www.asajacyl.com\/palencia\/\",\"name\":\"ASAJA Palencia\",\"description\":\"Otro sitio m\u00e1s de Provincias ASAJA Castilla y Le\u00f3n\",\"potentialAction\":[{\"@type\":\"SearchAction\",\"target\":{\"@type\":\"EntryPoint\",\"urlTemplate\":\"https:\/\/www.asajacyl.com\/palencia\/?s={search_term_string}\"},\"query-input\":{\"@type\":\"PropertyValueSpecification\",\"valueRequired\":true,\"valueName\":\"search_term_string\"}}],\"inLanguage\":\"es\"},{\"@type\":\"Person\",\"@id\":\"https:\/\/www.asajacyl.com\/palencia\/#\/schema\/person\/3ab17aeb03527485c317557fae64aab1\",\"name\":\"Administrador\",\"image\":{\"@type\":\"ImageObject\",\"inLanguage\":\"es\",\"@id\":\"https:\/\/www.asajacyl.com\/palencia\/#\/schema\/person\/image\/\",\"url\":\"https:\/\/secure.gravatar.com\/avatar\/517384810d242ca9e38c180f3c9fb973?s=96&d=mm&r=g\",\"contentUrl\":\"https:\/\/secure.gravatar.com\/avatar\/517384810d242ca9e38c180f3c9fb973?s=96&d=mm&r=g\",\"caption\":\"Administrador\"},\"url\":\"https:\/\/www.asajacyl.com\/palencia\/author\/carlosrm\"}]}<\/script>\n<!-- \/ Yoast SEO plugin. -->","yoast_head_json":{"title":"Cumbre de las Naciones Unidas: en los compromisos con visi\u00f3n de futuro se debe reconocer al papel central de los agricultores y ganaderos - ASAJA Palencia","description":"Recientemente, en Nueva York, se ha dado inicio a la Cumbre de las Naciones Unidas sobre los Sistemas Alimentarios, lo que marca un momento decisivo de","robots":{"index":"index","follow":"follow","max-snippet":"max-snippet:-1","max-image-preview":"max-image-preview:large","max-video-preview":"max-video-preview:-1"},"canonical":"https:\/\/www.asajacyl.com\/palencia\/asaja-palencia-informa\/cumbre-de-las-naciones-unidas-en-los-compromisos-con-vision-de-futuro-se-debe-reconocer-al-papel-central-de-los-agricultores-y-ganaderos","og_locale":"es_ES","og_type":"article","og_title":"Cumbre de las Naciones Unidas: en los compromisos con visi\u00f3n de futuro se debe reconocer al papel central de los agricultores y ganaderos - ASAJA Palencia","og_description":"Recientemente, en Nueva York, se ha dado inicio a la Cumbre de las Naciones Unidas sobre los Sistemas Alimentarios, lo que marca un momento decisivo de","og_url":"https:\/\/www.asajacyl.com\/palencia\/asaja-palencia-informa\/cumbre-de-las-naciones-unidas-en-los-compromisos-con-vision-de-futuro-se-debe-reconocer-al-papel-central-de-los-agricultores-y-ganaderos","og_site_name":"ASAJA Palencia","article_published_time":"2021-10-01T07:57:00+00:00","og_image":[{"width":1500,"height":1000,"url":"https:\/\/www.asajacyl.com\/palencia\/wp-content\/uploads\/sites\/3\/2021\/09\/ONU.jpg","type":"image\/jpeg"}],"author":"Administrador","twitter_card":"summary_large_image","twitter_misc":{"Escrito por":"Administrador","Tiempo de lectura":"2 minutos"},"schema":{"@context":"https:\/\/schema.org","@graph":[{"@type":"WebPage","@id":"https:\/\/www.asajacyl.com\/palencia\/asaja-palencia-informa\/cumbre-de-las-naciones-unidas-en-los-compromisos-con-vision-de-futuro-se-debe-reconocer-al-papel-central-de-los-agricultores-y-ganaderos","url":"https:\/\/www.asajacyl.com\/palencia\/asaja-palencia-informa\/cumbre-de-las-naciones-unidas-en-los-compromisos-con-vision-de-futuro-se-debe-reconocer-al-papel-central-de-los-agricultores-y-ganaderos","name":"Cumbre de las Naciones Unidas: en los compromisos con visi\u00f3n de futuro se debe reconocer al papel central de los agricultores y ganaderos - ASAJA Palencia","isPartOf":{"@id":"https:\/\/www.asajacyl.com\/palencia\/#website"},"primaryImageOfPage":{"@id":"https:\/\/www.asajacyl.com\/palencia\/asaja-palencia-informa\/cumbre-de-las-naciones-unidas-en-los-compromisos-con-vision-de-futuro-se-debe-reconocer-al-papel-central-de-los-agricultores-y-ganaderos#primaryimage"},"image":{"@id":"https:\/\/www.asajacyl.com\/palencia\/asaja-palencia-informa\/cumbre-de-las-naciones-unidas-en-los-compromisos-con-vision-de-futuro-se-debe-reconocer-al-papel-central-de-los-agricultores-y-ganaderos#primaryimage"},"thumbnailUrl":"https:\/\/www.asajacyl.com\/palencia\/wp-content\/uploads\/sites\/3\/2021\/09\/ONU.jpg","datePublished":"2021-10-01T07:57:00+00:00","author":{"@id":"https:\/\/www.asajacyl.com\/palencia\/#\/schema\/person\/3ab17aeb03527485c317557fae64aab1"},"description":"Recientemente, en Nueva York, se ha dado inicio a la Cumbre de las Naciones Unidas sobre los Sistemas Alimentarios, lo que marca un momento decisivo de","breadcrumb":{"@id":"https:\/\/www.asajacyl.com\/palencia\/asaja-palencia-informa\/cumbre-de-las-naciones-unidas-en-los-compromisos-con-vision-de-futuro-se-debe-reconocer-al-papel-central-de-los-agricultores-y-ganaderos#breadcrumb"},"inLanguage":"es","potentialAction":[{"@type":"ReadAction","target":["https:\/\/www.asajacyl.com\/palencia\/asaja-palencia-informa\/cumbre-de-las-naciones-unidas-en-los-compromisos-con-vision-de-futuro-se-debe-reconocer-al-papel-central-de-los-agricultores-y-ganaderos"]}]},{"@type":"ImageObject","inLanguage":"es","@id":"https:\/\/www.asajacyl.com\/palencia\/asaja-palencia-informa\/cumbre-de-las-naciones-unidas-en-los-compromisos-con-vision-de-futuro-se-debe-reconocer-al-papel-central-de-los-agricultores-y-ganaderos#primaryimage","url":"https:\/\/www.asajacyl.com\/palencia\/wp-content\/uploads\/sites\/3\/2021\/09\/ONU.jpg","contentUrl":"https:\/\/www.asajacyl.com\/palencia\/wp-content\/uploads\/sites\/3\/2021\/09\/ONU.jpg","width":1500,"height":1000},{"@type":"BreadcrumbList","@id":"https:\/\/www.asajacyl.com\/palencia\/asaja-palencia-informa\/cumbre-de-las-naciones-unidas-en-los-compromisos-con-vision-de-futuro-se-debe-reconocer-al-papel-central-de-los-agricultores-y-ganaderos#breadcrumb","itemListElement":[{"@type":"ListItem","position":1,"name":"Portada","item":"https:\/\/www.asajacyl.com\/palencia\/"},{"@type":"ListItem","position":2,"name":"Cumbre de las Naciones Unidas: en los compromisos con visi\u00f3n de futuro se debe reconocer al papel central de los agricultores y ganaderos"}]},{"@type":"WebSite","@id":"https:\/\/www.asajacyl.com\/palencia\/#website","url":"https:\/\/www.asajacyl.com\/palencia\/","name":"ASAJA Palencia","description":"Otro sitio m\u00e1s de Provincias ASAJA Castilla y Le\u00f3n","potentialAction":[{"@type":"SearchAction","target":{"@type":"EntryPoint","urlTemplate":"https:\/\/www.asajacyl.com\/palencia\/?s={search_term_string}"},"query-input":{"@type":"PropertyValueSpecification","valueRequired":true,"valueName":"search_term_string"}}],"inLanguage":"es"},{"@type":"Person","@id":"https:\/\/www.asajacyl.com\/palencia\/#\/schema\/person\/3ab17aeb03527485c317557fae64aab1","name":"Administrador","image":{"@type":"ImageObject","inLanguage":"es","@id":"https:\/\/www.asajacyl.com\/palencia\/#\/schema\/person\/image\/","url":"https:\/\/secure.gravatar.com\/avatar\/517384810d242ca9e38c180f3c9fb973?s=96&d=mm&r=g","contentUrl":"https:\/\/secure.gravatar.com\/avatar\/517384810d242ca9e38c180f3c9fb973?s=96&d=mm&r=g","caption":"Administrador"},"url":"https:\/\/www.asajacyl.com\/palencia\/author\/carlosrm"}]}},"_links":{"self":[{"href":"https:\/\/www.asajacyl.com\/palencia\/wp-json\/wp\/v2\/posts\/8972"}],"collection":[{"href":"https:\/\/www.asajacyl.com\/palencia\/wp-json\/wp\/v2\/posts"}],"about":[{"href":"https:\/\/www.asajacyl.com\/palencia\/wp-json\/wp\/v2\/types\/post"}],"author":[{"embeddable":true,"href":"https:\/\/www.asajacyl.com\/palencia\/wp-json\/wp\/v2\/users\/9"}],"replies":[{"embeddable":true,"href":"https:\/\/www.asajacyl.com\/palencia\/wp-json\/wp\/v2\/comments?post=8972"}],"version-history":[{"count":1,"href":"https:\/\/www.asajacyl.com\/palencia\/wp-json\/wp\/v2\/posts\/8972\/revisions"}],"predecessor-version":[{"id":8974,"href":"https:\/\/www.asajacyl.com\/palencia\/wp-json\/wp\/v2\/posts\/8972\/revisions\/8974"}],"wp:featuredmedia":[{"embeddable":true,"href":"https:\/\/www.asajacyl.com\/palencia\/wp-json\/wp\/v2\/media\/8973"}],"wp:attachment":[{"href":"https:\/\/www.asajacyl.com\/palencia\/wp-json\/wp\/v2\/media?parent=8972"}],"wp:term":[{"taxonomy":"category","embeddable":true,"href":"https:\/\/www.asajacyl.com\/palencia\/wp-json\/wp\/v2\/categories?post=8972"},{"taxonomy":"post_tag","embeddable":true,"href":"https:\/\/www.asajacyl.com\/palencia\/wp-json\/wp\/v2\/tags?post=8972"}],"curies":[{"name":"wp","href":"https:\/\/api.w.org\/{rel}","templated":true}]}}