{"id":8975,"date":"2021-09-28T13:37:40","date_gmt":"2021-09-28T11:37:40","guid":{"rendered":"https:\/\/www.asajacyl.com\/palencia\/?p=8975"},"modified":"2021-09-28T13:37:41","modified_gmt":"2021-09-28T11:37:41","slug":"asaja-respaldara-en-la-calle-en-los-juzgados-y-donde-haga-falta-las-medidas-para-frenar-la-sobreproteccion-al-lobo","status":"publish","type":"post","link":"https:\/\/www.asajacyl.com\/palencia\/asaja-palencia-informa\/asaja-respaldara-en-la-calle-en-los-juzgados-y-donde-haga-falta-las-medidas-para-frenar-la-sobreproteccion-al-lobo","title":{"rendered":"ASAJA respaldar\u00e1 \u00aben la calle, en los juzgados y donde haga falta\u00bb las medidas para frenar la sobreprotecci\u00f3n al lobo"},"content":{"rendered":"\n<p>ASAJA Castilla y Le\u00f3n respaldar\u00e1 \u201cen la calle, en los juzgados y donde haga falta\u201d las medidas que de forma coordinada adopten las cuatro comunidades aut\u00f3nomas que soportan la pr\u00e1ctica totalidad del censo de lobos de Espa\u00f1a, y que han quedado excluidas de cualquier posible gesti\u00f3n de la especie por la decisi\u00f3n unilateral del Gobierno de incorporar la especie al LESPRE.<\/p>\n\n\n\n<p>Donaciano Dujo, presidente de ASAJA en Castilla y Le\u00f3n, la regi\u00f3n con mayor n\u00famero de manadas y ejemplares y tambi\u00e9n con m\u00e1s ataques al ganado, con cerca de 2600 contabilizados cada a\u00f1o y m\u00e1s de 4000 animales muertos, ha estado presente en la reuni\u00f3n de hoy en Santander, junto a Pedro Barato, presidente nacional de la OPA. Donaciano Dujo ha agradecido el apoyo a la causa de los ganaderos por parte de los gobiernos auton\u00f3micos de Cantabria -con Miguel \u00c1ngel Revilla a la cabeza-, Galicia, Asturias y por supuesto de Castilla y Le\u00f3n. \u201cEsta cooperaci\u00f3n de las regiones loberas, sumada a la unidad total de acci\u00f3n de las organizaciones agrarias, deber\u00eda hacer recapacitar a la ministra y m\u00e1s a\u00fan al presidente del Gobierno, Pedro S\u00e1nchez, puesto que sin su respaldo esta normativa tan lesiva para los intereses ganaderos y del medio rural no podr\u00eda haber salido adelante\u201d.<\/p>\n\n\n\n<p>En este marco de unidad de acci\u00f3n, ASAJA Castilla y Le\u00f3n se sumar\u00e1 a cuantas medidas de presi\u00f3n se acuerden, y por supuesto a la movilizaci\u00f3n nacional que se proyecta realizar a las puertas del ministerio de Teresa Ribera. El siguiente paso ser\u00e1 el pr\u00f3ximo jueves, con una reuni\u00f3n del sector con el titular de Agricultura, Luis Planas, \u201cpara que deje de ponerse de perfil y se aclare si est\u00e1 con los ganaderos o con el lobo\u201d, indic\u00f3 Dujo.<\/p>\n\n\n\n<p>Para el presidente de ASAJA Castilla y Le\u00f3n, \u201cnos estamos jugando la continuidad de la ganader\u00eda extensiva en muchas zonas, no s\u00f3lo en las de nuestra comunidad aut\u00f3noma, donde el lobo es un viejo conocido y el ganadero est\u00e1 por desgracia acostumbrado a su presencia, aunque no con la intensidad de los \u00faltimos a\u00f1os. Peor a\u00fan ser\u00e1 cuando, impulsado por la ausencia de control alguno, colonice zonas en las que nunca ha estado\u201d. Por ello, la OPA considera que no se trata solo de anunciar m\u00e1s indemnizaciones, como hace la ministra, sino de lograr que el ganado pueda permanecer donde siempre ha estado, \u201cy lo que est\u00e1 claro es que, si el lobo entra sin freno, la ganader\u00eda es la expulsada\u201d.<\/p>\n","protected":false},"excerpt":{"rendered":"<p>ASAJA Castilla y Le\u00f3n respaldar\u00e1 \u201cen la calle, en los juzgados y donde haga falta\u201d las medidas que de forma coordinada adopten las cuatro comunidades aut\u00f3nomas que soportan la pr\u00e1ctica totalidad del censo de lobos de Espa\u00f1a, y que han quedado excluidas de cualquier posible gesti\u00f3n de la especie por la decisi\u00f3n unilateral del Gobierno [&hellip;]<\/p>\n","protected":false},"author":9,"featured_media":8976,"comment_status":"open","ping_status":"open","sticky":false,"template":"","format":"standard","meta":{"footnotes":""},"categories":[9,29,28],"tags":[],"yoast_head":"<!-- This site is optimized with the Yoast SEO plugin v24.5 - https:\/\/yoast.com\/wordpress\/plugins\/seo\/ -->\n<title>ASAJA respaldar\u00e1 &quot;en la calle, en los juzgados y donde haga falta&quot; las medidas para frenar la sobreprotecci\u00f3n al lobo - ASAJA Palencia<\/title>\n<meta name=\"description\" content=\"ASAJA Castilla y Le\u00f3n respaldar\u00e1 \u201cen la calle, en los juzgados y donde haga falta\u201d las medidas que de forma coordinada adopten las cuatro comunidades\" \/>\n<meta name=\"robots\" content=\"index, follow, max-snippet:-1, max-image-preview:large, max-video-preview:-1\" \/>\n<link rel=\"canonical\" href=\"https:\/\/www.asajacyl.com\/palencia\/asaja-palencia-informa\/asaja-respaldara-en-la-calle-en-los-juzgados-y-donde-haga-falta-las-medidas-para-frenar-la-sobreproteccion-al-lobo\" \/>\n<meta property=\"og:locale\" content=\"es_ES\" \/>\n<meta property=\"og:type\" content=\"article\" \/>\n<meta property=\"og:title\" content=\"ASAJA respaldar\u00e1 &quot;en la calle, en los juzgados y donde haga falta&quot; las medidas para frenar la sobreprotecci\u00f3n al lobo - ASAJA Palencia\" \/>\n<meta property=\"og:description\" content=\"ASAJA Castilla y Le\u00f3n respaldar\u00e1 \u201cen la calle, en los juzgados y donde haga falta\u201d las medidas que de forma coordinada adopten las cuatro comunidades\" \/>\n<meta property=\"og:url\" content=\"https:\/\/www.asajacyl.com\/palencia\/asaja-palencia-informa\/asaja-respaldara-en-la-calle-en-los-juzgados-y-donde-haga-falta-las-medidas-para-frenar-la-sobreproteccion-al-lobo\" \/>\n<meta property=\"og:site_name\" content=\"ASAJA Palencia\" \/>\n<meta property=\"article:published_time\" content=\"2021-09-28T11:37:40+00:00\" \/>\n<meta property=\"article:modified_time\" content=\"2021-09-28T11:37:41+00:00\" \/>\n<meta property=\"og:image\" content=\"https:\/\/www.asajacyl.com\/palencia\/wp-content\/uploads\/sites\/3\/2021\/09\/LOBO-CANTABRIA.jpg\" \/>\n\t<meta property=\"og:image:width\" content=\"2048\" \/>\n\t<meta property=\"og:image:height\" content=\"1085\" \/>\n\t<meta property=\"og:image:type\" content=\"image\/jpeg\" \/>\n<meta name=\"author\" content=\"Administrador\" \/>\n<meta name=\"twitter:card\" content=\"summary_large_image\" \/>\n<meta name=\"twitter:label1\" content=\"Escrito por\" \/>\n\t<meta name=\"twitter:data1\" content=\"Administrador\" \/>\n\t<meta name=\"twitter:label2\" content=\"Tiempo de lectura\" \/>\n\t<meta name=\"twitter:data2\" content=\"2 minutos\" \/>\n<script type=\"application\/ld+json\" class=\"yoast-schema-graph\">{\"@context\":\"https:\/\/schema.org\",\"@graph\":[{\"@type\":\"WebPage\",\"@id\":\"https:\/\/www.asajacyl.com\/palencia\/asaja-palencia-informa\/asaja-respaldara-en-la-calle-en-los-juzgados-y-donde-haga-falta-las-medidas-para-frenar-la-sobreproteccion-al-lobo\",\"url\":\"https:\/\/www.asajacyl.com\/palencia\/asaja-palencia-informa\/asaja-respaldara-en-la-calle-en-los-juzgados-y-donde-haga-falta-las-medidas-para-frenar-la-sobreproteccion-al-lobo\",\"name\":\"ASAJA respaldar\u00e1 \\\"en la calle, en los juzgados y donde haga falta\\\" las medidas para frenar la sobreprotecci\u00f3n al lobo - ASAJA Palencia\",\"isPartOf\":{\"@id\":\"https:\/\/www.asajacyl.com\/palencia\/#website\"},\"primaryImageOfPage\":{\"@id\":\"https:\/\/www.asajacyl.com\/palencia\/asaja-palencia-informa\/asaja-respaldara-en-la-calle-en-los-juzgados-y-donde-haga-falta-las-medidas-para-frenar-la-sobreproteccion-al-lobo#primaryimage\"},\"image\":{\"@id\":\"https:\/\/www.asajacyl.com\/palencia\/asaja-palencia-informa\/asaja-respaldara-en-la-calle-en-los-juzgados-y-donde-haga-falta-las-medidas-para-frenar-la-sobreproteccion-al-lobo#primaryimage\"},\"thumbnailUrl\":\"https:\/\/www.asajacyl.com\/palencia\/wp-content\/uploads\/sites\/3\/2021\/09\/LOBO-CANTABRIA.jpg\",\"datePublished\":\"2021-09-28T11:37:40+00:00\",\"dateModified\":\"2021-09-28T11:37:41+00:00\",\"author\":{\"@id\":\"https:\/\/www.asajacyl.com\/palencia\/#\/schema\/person\/3ab17aeb03527485c317557fae64aab1\"},\"description\":\"ASAJA Castilla y Le\u00f3n respaldar\u00e1 \u201cen la calle, en los juzgados y donde haga falta\u201d las medidas que de forma coordinada adopten las cuatro comunidades\",\"breadcrumb\":{\"@id\":\"https:\/\/www.asajacyl.com\/palencia\/asaja-palencia-informa\/asaja-respaldara-en-la-calle-en-los-juzgados-y-donde-haga-falta-las-medidas-para-frenar-la-sobreproteccion-al-lobo#breadcrumb\"},\"inLanguage\":\"es\",\"potentialAction\":[{\"@type\":\"ReadAction\",\"target\":[\"https:\/\/www.asajacyl.com\/palencia\/asaja-palencia-informa\/asaja-respaldara-en-la-calle-en-los-juzgados-y-donde-haga-falta-las-medidas-para-frenar-la-sobreproteccion-al-lobo\"]}]},{\"@type\":\"ImageObject\",\"inLanguage\":\"es\",\"@id\":\"https:\/\/www.asajacyl.com\/palencia\/asaja-palencia-informa\/asaja-respaldara-en-la-calle-en-los-juzgados-y-donde-haga-falta-las-medidas-para-frenar-la-sobreproteccion-al-lobo#primaryimage\",\"url\":\"https:\/\/www.asajacyl.com\/palencia\/wp-content\/uploads\/sites\/3\/2021\/09\/LOBO-CANTABRIA.jpg\",\"contentUrl\":\"https:\/\/www.asajacyl.com\/palencia\/wp-content\/uploads\/sites\/3\/2021\/09\/LOBO-CANTABRIA.jpg\",\"width\":2048,\"height\":1085},{\"@type\":\"BreadcrumbList\",\"@id\":\"https:\/\/www.asajacyl.com\/palencia\/asaja-palencia-informa\/asaja-respaldara-en-la-calle-en-los-juzgados-y-donde-haga-falta-las-medidas-para-frenar-la-sobreproteccion-al-lobo#breadcrumb\",\"itemListElement\":[{\"@type\":\"ListItem\",\"position\":1,\"name\":\"Portada\",\"item\":\"https:\/\/www.asajacyl.com\/palencia\/\"},{\"@type\":\"ListItem\",\"position\":2,\"name\":\"ASAJA respaldar\u00e1 \u00aben la calle, en los juzgados y donde haga falta\u00bb las medidas para frenar la sobreprotecci\u00f3n al lobo\"}]},{\"@type\":\"WebSite\",\"@id\":\"https:\/\/www.asajacyl.com\/palencia\/#website\",\"url\":\"https:\/\/www.asajacyl.com\/palencia\/\",\"name\":\"ASAJA Palencia\",\"description\":\"Otro sitio m\u00e1s de Provincias ASAJA Castilla y Le\u00f3n\",\"potentialAction\":[{\"@type\":\"SearchAction\",\"target\":{\"@type\":\"EntryPoint\",\"urlTemplate\":\"https:\/\/www.asajacyl.com\/palencia\/?s={search_term_string}\"},\"query-input\":{\"@type\":\"PropertyValueSpecification\",\"valueRequired\":true,\"valueName\":\"search_term_string\"}}],\"inLanguage\":\"es\"},{\"@type\":\"Person\",\"@id\":\"https:\/\/www.asajacyl.com\/palencia\/#\/schema\/person\/3ab17aeb03527485c317557fae64aab1\",\"name\":\"Administrador\",\"image\":{\"@type\":\"ImageObject\",\"inLanguage\":\"es\",\"@id\":\"https:\/\/www.asajacyl.com\/palencia\/#\/schema\/person\/image\/\",\"url\":\"https:\/\/secure.gravatar.com\/avatar\/517384810d242ca9e38c180f3c9fb973?s=96&d=mm&r=g\",\"contentUrl\":\"https:\/\/secure.gravatar.com\/avatar\/517384810d242ca9e38c180f3c9fb973?s=96&d=mm&r=g\",\"caption\":\"Administrador\"},\"url\":\"https:\/\/www.asajacyl.com\/palencia\/author\/carlosrm\"}]}<\/script>\n<!-- \/ Yoast SEO plugin. -->","yoast_head_json":{"title":"ASAJA respaldar\u00e1 \"en la calle, en los juzgados y donde haga falta\" las medidas para frenar la sobreprotecci\u00f3n al lobo - ASAJA Palencia","description":"ASAJA Castilla y Le\u00f3n respaldar\u00e1 \u201cen la calle, en los juzgados y donde haga falta\u201d las medidas que de forma coordinada adopten las cuatro comunidades","robots":{"index":"index","follow":"follow","max-snippet":"max-snippet:-1","max-image-preview":"max-image-preview:large","max-video-preview":"max-video-preview:-1"},"canonical":"https:\/\/www.asajacyl.com\/palencia\/asaja-palencia-informa\/asaja-respaldara-en-la-calle-en-los-juzgados-y-donde-haga-falta-las-medidas-para-frenar-la-sobreproteccion-al-lobo","og_locale":"es_ES","og_type":"article","og_title":"ASAJA respaldar\u00e1 \"en la calle, en los juzgados y donde haga falta\" las medidas para frenar la sobreprotecci\u00f3n al lobo - ASAJA Palencia","og_description":"ASAJA Castilla y Le\u00f3n respaldar\u00e1 \u201cen la calle, en los juzgados y donde haga falta\u201d las medidas que de forma coordinada adopten las cuatro comunidades","og_url":"https:\/\/www.asajacyl.com\/palencia\/asaja-palencia-informa\/asaja-respaldara-en-la-calle-en-los-juzgados-y-donde-haga-falta-las-medidas-para-frenar-la-sobreproteccion-al-lobo","og_site_name":"ASAJA Palencia","article_published_time":"2021-09-28T11:37:40+00:00","article_modified_time":"2021-09-28T11:37:41+00:00","og_image":[{"width":2048,"height":1085,"url":"https:\/\/www.asajacyl.com\/palencia\/wp-content\/uploads\/sites\/3\/2021\/09\/LOBO-CANTABRIA.jpg","type":"image\/jpeg"}],"author":"Administrador","twitter_card":"summary_large_image","twitter_misc":{"Escrito por":"Administrador","Tiempo de lectura":"2 minutos"},"schema":{"@context":"https:\/\/schema.org","@graph":[{"@type":"WebPage","@id":"https:\/\/www.asajacyl.com\/palencia\/asaja-palencia-informa\/asaja-respaldara-en-la-calle-en-los-juzgados-y-donde-haga-falta-las-medidas-para-frenar-la-sobreproteccion-al-lobo","url":"https:\/\/www.asajacyl.com\/palencia\/asaja-palencia-informa\/asaja-respaldara-en-la-calle-en-los-juzgados-y-donde-haga-falta-las-medidas-para-frenar-la-sobreproteccion-al-lobo","name":"ASAJA respaldar\u00e1 \"en la calle, en los juzgados y donde haga falta\" las medidas para frenar la sobreprotecci\u00f3n al lobo - ASAJA Palencia","isPartOf":{"@id":"https:\/\/www.asajacyl.com\/palencia\/#website"},"primaryImageOfPage":{"@id":"https:\/\/www.asajacyl.com\/palencia\/asaja-palencia-informa\/asaja-respaldara-en-la-calle-en-los-juzgados-y-donde-haga-falta-las-medidas-para-frenar-la-sobreproteccion-al-lobo#primaryimage"},"image":{"@id":"https:\/\/www.asajacyl.com\/palencia\/asaja-palencia-informa\/asaja-respaldara-en-la-calle-en-los-juzgados-y-donde-haga-falta-las-medidas-para-frenar-la-sobreproteccion-al-lobo#primaryimage"},"thumbnailUrl":"https:\/\/www.asajacyl.com\/palencia\/wp-content\/uploads\/sites\/3\/2021\/09\/LOBO-CANTABRIA.jpg","datePublished":"2021-09-28T11:37:40+00:00","dateModified":"2021-09-28T11:37:41+00:00","author":{"@id":"https:\/\/www.asajacyl.com\/palencia\/#\/schema\/person\/3ab17aeb03527485c317557fae64aab1"},"description":"ASAJA Castilla y Le\u00f3n respaldar\u00e1 \u201cen la calle, en los juzgados y donde haga falta\u201d las medidas que de forma coordinada adopten las cuatro comunidades","breadcrumb":{"@id":"https:\/\/www.asajacyl.com\/palencia\/asaja-palencia-informa\/asaja-respaldara-en-la-calle-en-los-juzgados-y-donde-haga-falta-las-medidas-para-frenar-la-sobreproteccion-al-lobo#breadcrumb"},"inLanguage":"es","potentialAction":[{"@type":"ReadAction","target":["https:\/\/www.asajacyl.com\/palencia\/asaja-palencia-informa\/asaja-respaldara-en-la-calle-en-los-juzgados-y-donde-haga-falta-las-medidas-para-frenar-la-sobreproteccion-al-lobo"]}]},{"@type":"ImageObject","inLanguage":"es","@id":"https:\/\/www.asajacyl.com\/palencia\/asaja-palencia-informa\/asaja-respaldara-en-la-calle-en-los-juzgados-y-donde-haga-falta-las-medidas-para-frenar-la-sobreproteccion-al-lobo#primaryimage","url":"https:\/\/www.asajacyl.com\/palencia\/wp-content\/uploads\/sites\/3\/2021\/09\/LOBO-CANTABRIA.jpg","contentUrl":"https:\/\/www.asajacyl.com\/palencia\/wp-content\/uploads\/sites\/3\/2021\/09\/LOBO-CANTABRIA.jpg","width":2048,"height":1085},{"@type":"BreadcrumbList","@id":"https:\/\/www.asajacyl.com\/palencia\/asaja-palencia-informa\/asaja-respaldara-en-la-calle-en-los-juzgados-y-donde-haga-falta-las-medidas-para-frenar-la-sobreproteccion-al-lobo#breadcrumb","itemListElement":[{"@type":"ListItem","position":1,"name":"Portada","item":"https:\/\/www.asajacyl.com\/palencia\/"},{"@type":"ListItem","position":2,"name":"ASAJA respaldar\u00e1 \u00aben la calle, en los juzgados y donde haga falta\u00bb las medidas para frenar la sobreprotecci\u00f3n al lobo"}]},{"@type":"WebSite","@id":"https:\/\/www.asajacyl.com\/palencia\/#website","url":"https:\/\/www.asajacyl.com\/palencia\/","name":"ASAJA Palencia","description":"Otro sitio m\u00e1s de Provincias ASAJA Castilla y Le\u00f3n","potentialAction":[{"@type":"SearchAction","target":{"@type":"EntryPoint","urlTemplate":"https:\/\/www.asajacyl.com\/palencia\/?s={search_term_string}"},"query-input":{"@type":"PropertyValueSpecification","valueRequired":true,"valueName":"search_term_string"}}],"inLanguage":"es"},{"@type":"Person","@id":"https:\/\/www.asajacyl.com\/palencia\/#\/schema\/person\/3ab17aeb03527485c317557fae64aab1","name":"Administrador","image":{"@type":"ImageObject","inLanguage":"es","@id":"https:\/\/www.asajacyl.com\/palencia\/#\/schema\/person\/image\/","url":"https:\/\/secure.gravatar.com\/avatar\/517384810d242ca9e38c180f3c9fb973?s=96&d=mm&r=g","contentUrl":"https:\/\/secure.gravatar.com\/avatar\/517384810d242ca9e38c180f3c9fb973?s=96&d=mm&r=g","caption":"Administrador"},"url":"https:\/\/www.asajacyl.com\/palencia\/author\/carlosrm"}]}},"_links":{"self":[{"href":"https:\/\/www.asajacyl.com\/palencia\/wp-json\/wp\/v2\/posts\/8975"}],"collection":[{"href":"https:\/\/www.asajacyl.com\/palencia\/wp-json\/wp\/v2\/posts"}],"about":[{"href":"https:\/\/www.asajacyl.com\/palencia\/wp-json\/wp\/v2\/types\/post"}],"author":[{"embeddable":true,"href":"https:\/\/www.asajacyl.com\/palencia\/wp-json\/wp\/v2\/users\/9"}],"replies":[{"embeddable":true,"href":"https:\/\/www.asajacyl.com\/palencia\/wp-json\/wp\/v2\/comments?post=8975"}],"version-history":[{"count":1,"href":"https:\/\/www.asajacyl.com\/palencia\/wp-json\/wp\/v2\/posts\/8975\/revisions"}],"predecessor-version":[{"id":8977,"href":"https:\/\/www.asajacyl.com\/palencia\/wp-json\/wp\/v2\/posts\/8975\/revisions\/8977"}],"wp:featuredmedia":[{"embeddable":true,"href":"https:\/\/www.asajacyl.com\/palencia\/wp-json\/wp\/v2\/media\/8976"}],"wp:attachment":[{"href":"https:\/\/www.asajacyl.com\/palencia\/wp-json\/wp\/v2\/media?parent=8975"}],"wp:term":[{"taxonomy":"category","embeddable":true,"href":"https:\/\/www.asajacyl.com\/palencia\/wp-json\/wp\/v2\/categories?post=8975"},{"taxonomy":"post_tag","embeddable":true,"href":"https:\/\/www.asajacyl.com\/palencia\/wp-json\/wp\/v2\/tags?post=8975"}],"curies":[{"name":"wp","href":"https:\/\/api.w.org\/{rel}","templated":true}]}}