{"id":8989,"date":"2021-10-10T16:06:00","date_gmt":"2021-10-10T14:06:00","guid":{"rendered":"https:\/\/www.asajacyl.com\/palencia\/?p=8989"},"modified":"2021-10-10T00:43:14","modified_gmt":"2021-10-09T22:43:14","slug":"la-estrategia-del-metano-tras-el-debate-sobre-la-estrategia-de-la-granja-a-la-mesa-el-parlamento-europeo-propone-un-nuevo-objetivo-vinculante-que-lastrara-al-sector-ganadero","status":"publish","type":"post","link":"https:\/\/www.asajacyl.com\/palencia\/asaja-palencia-informa\/la-estrategia-del-metano-tras-el-debate-sobre-la-estrategia-de-la-granja-a-la-mesa-el-parlamento-europeo-propone-un-nuevo-objetivo-vinculante-que-lastrara-al-sector-ganadero","title":{"rendered":"La estrategia del metano: tras el debate sobre la estrategia \u00abDe la granja a la mesa\u00bb, el Parlamento Europeo propone un nuevo objetivo vinculante que lastrar\u00e1 al sector ganadero"},"content":{"rendered":"\n<p>Recientemente, la Comisi\u00f3n de Medio Ambiente del Parlamento Europeo aprob\u00f3 su informe sobre la estrategia de la Comisi\u00f3n sobre el metano. Si bien desde el Copa y la Cogeca apoyamos muchas de las enmiendas aprobadas, lamentamos que una vez m\u00e1s el debate se haya centrado en \u00abobjetivos y medidas vinculantes\u00bb como \u00fanica soluci\u00f3n. Los \u00faltimos estudios sobre la estrategia \u00abDe la granja a la mesa\u00bb demuestran claramente que los objetivos no contemplan ni los medios ni las herramientas necesarios, ni la complejidad de las<br>concesiones. Si se suma la propuesta de la Comisi\u00f3n de Medio Ambiente a los objetivos existentes, esto podr\u00eda perjudicar a\u00fan m\u00e1s a la ganader\u00eda comunitaria y suponer una amenaza a la seguridad alimentaria, al tiempo que crear\u00eda inevitablemente una fuga de carbono hacia terceros pa\u00edses.<\/p>\n\n\n\n<p>En el Copa y la Cogeca reconocemos que el papel del sector agrario en la reducci\u00f3n de las emisiones biog\u00e9nicas de metano reviste una importancia capital. El sector agr\u00edcola debe perseverar en sus esfuerzos, siguiendo un planteamiento equitativo e intersectorial, en consonancia con los objetivos del Pacto Verde Europeo y los compromisos de Europa en el marco del Acuerdo de Par\u00eds. Acogemos con satisfacci\u00f3n que el informe de la Comisi\u00f3n de Medio Ambiente reconozca los esfuerzos de los agricultores europeos, como lo demuestra la disminuci\u00f3n del 22% de las emisiones de metano en la UE de los 28 entre 1990 y 2018. Tambi\u00e9n apoyamos el llamamiento de\/hacia los eurodiputados para aumentar la adopci\u00f3n de pr\u00e1cticas de gesti\u00f3n del esti\u00e9rcol, as\u00ed como el desarrollo del biog\u00e1s para valorizar los desechos y los residuos.<\/p>\n\n\n\n<p>Lamentamos que el debate en torno a un objetivo vinculante haya eludido tantas cuestiones clave, en concreto c\u00f3mo han de medirse las emisiones de metano en el sector agr\u00edcola. Desde el Copa y la Cogeca no podemos apoyar la petici\u00f3n de un seguimiento obligatorio, la presentaci\u00f3n de informes p\u00fablicos y la verificaci\u00f3n para todos los sectores emisores de metano, debido a la enorme complejidad y al riesgo de imparcialidad en la recogida de los datos a nivel de las explotaciones agr\u00edcolas o de las pymes y a la hora de garantizar su exactitud.<\/p>\n\n\n\n<p>Los miembros del Copa y de la Cogeca instan a las instituciones europeas a profundizar en sus debates y reflexiones sobre el potencial del sector agr\u00edcola para reducir sus emisiones de metano, centr\u00e1ndose claramente en soluciones, herramientas y pol\u00edticas de apoyo que sean, todas ellas, m\u00e1s concretas.<\/p>\n","protected":false},"excerpt":{"rendered":"<p>Recientemente, la Comisi\u00f3n de Medio Ambiente del Parlamento Europeo aprob\u00f3 su informe sobre la estrategia de la Comisi\u00f3n sobre el metano. Si bien desde el Copa y la Cogeca apoyamos muchas de las enmiendas aprobadas, lamentamos que una vez m\u00e1s el debate se haya centrado en \u00abobjetivos y medidas vinculantes\u00bb como \u00fanica soluci\u00f3n. Los \u00faltimos [&hellip;]<\/p>\n","protected":false},"author":9,"featured_media":8948,"comment_status":"open","ping_status":"open","sticky":false,"template":"","format":"standard","meta":{"footnotes":""},"categories":[9,29,28],"tags":[],"yoast_head":"<!-- This site is optimized with the Yoast SEO plugin v24.5 - https:\/\/yoast.com\/wordpress\/plugins\/seo\/ -->\n<title>La estrategia del metano: tras el debate sobre la estrategia \u00abDe la granja a la mesa\u00bb, el Parlamento Europeo propone un nuevo objetivo vinculante que lastrar\u00e1 al sector ganadero - ASAJA Palencia<\/title>\n<meta name=\"description\" content=\"Recientemente, la Comisi\u00f3n de Medio Ambiente del Parlamento Europeo aprob\u00f3 su informe sobre la estrategia de la Comisi\u00f3n sobre el metano. Si bien desde el\" \/>\n<meta name=\"robots\" content=\"index, follow, max-snippet:-1, max-image-preview:large, max-video-preview:-1\" \/>\n<link rel=\"canonical\" href=\"https:\/\/www.asajacyl.com\/palencia\/asaja-palencia-informa\/la-estrategia-del-metano-tras-el-debate-sobre-la-estrategia-de-la-granja-a-la-mesa-el-parlamento-europeo-propone-un-nuevo-objetivo-vinculante-que-lastrara-al-sector-ganadero\" \/>\n<meta property=\"og:locale\" content=\"es_ES\" \/>\n<meta property=\"og:type\" content=\"article\" \/>\n<meta property=\"og:title\" content=\"La estrategia del metano: tras el debate sobre la estrategia \u00abDe la granja a la mesa\u00bb, el Parlamento Europeo propone un nuevo objetivo vinculante que lastrar\u00e1 al sector ganadero - ASAJA Palencia\" \/>\n<meta property=\"og:description\" content=\"Recientemente, la Comisi\u00f3n de Medio Ambiente del Parlamento Europeo aprob\u00f3 su informe sobre la estrategia de la Comisi\u00f3n sobre el metano. Si bien desde el\" \/>\n<meta property=\"og:url\" content=\"https:\/\/www.asajacyl.com\/palencia\/asaja-palencia-informa\/la-estrategia-del-metano-tras-el-debate-sobre-la-estrategia-de-la-granja-a-la-mesa-el-parlamento-europeo-propone-un-nuevo-objetivo-vinculante-que-lastrara-al-sector-ganadero\" \/>\n<meta property=\"og:site_name\" content=\"ASAJA Palencia\" \/>\n<meta property=\"article:published_time\" content=\"2021-10-10T14:06:00+00:00\" \/>\n<meta property=\"og:image\" content=\"https:\/\/www.asajacyl.com\/palencia\/wp-content\/uploads\/sites\/3\/2021\/09\/CABRAS.jpg\" \/>\n\t<meta property=\"og:image:width\" content=\"2500\" \/>\n\t<meta property=\"og:image:height\" content=\"1875\" \/>\n\t<meta property=\"og:image:type\" content=\"image\/jpeg\" \/>\n<meta name=\"author\" content=\"Administrador\" \/>\n<meta name=\"twitter:card\" content=\"summary_large_image\" \/>\n<meta name=\"twitter:label1\" content=\"Escrito por\" \/>\n\t<meta name=\"twitter:data1\" content=\"Administrador\" \/>\n\t<meta name=\"twitter:label2\" content=\"Tiempo de lectura\" \/>\n\t<meta name=\"twitter:data2\" content=\"2 minutos\" \/>\n<script type=\"application\/ld+json\" class=\"yoast-schema-graph\">{\"@context\":\"https:\/\/schema.org\",\"@graph\":[{\"@type\":\"WebPage\",\"@id\":\"https:\/\/www.asajacyl.com\/palencia\/asaja-palencia-informa\/la-estrategia-del-metano-tras-el-debate-sobre-la-estrategia-de-la-granja-a-la-mesa-el-parlamento-europeo-propone-un-nuevo-objetivo-vinculante-que-lastrara-al-sector-ganadero\",\"url\":\"https:\/\/www.asajacyl.com\/palencia\/asaja-palencia-informa\/la-estrategia-del-metano-tras-el-debate-sobre-la-estrategia-de-la-granja-a-la-mesa-el-parlamento-europeo-propone-un-nuevo-objetivo-vinculante-que-lastrara-al-sector-ganadero\",\"name\":\"La estrategia del metano: tras el debate sobre la estrategia \u00abDe la granja a la mesa\u00bb, el Parlamento Europeo propone un nuevo objetivo vinculante que lastrar\u00e1 al sector ganadero - ASAJA Palencia\",\"isPartOf\":{\"@id\":\"https:\/\/www.asajacyl.com\/palencia\/#website\"},\"primaryImageOfPage\":{\"@id\":\"https:\/\/www.asajacyl.com\/palencia\/asaja-palencia-informa\/la-estrategia-del-metano-tras-el-debate-sobre-la-estrategia-de-la-granja-a-la-mesa-el-parlamento-europeo-propone-un-nuevo-objetivo-vinculante-que-lastrara-al-sector-ganadero#primaryimage\"},\"image\":{\"@id\":\"https:\/\/www.asajacyl.com\/palencia\/asaja-palencia-informa\/la-estrategia-del-metano-tras-el-debate-sobre-la-estrategia-de-la-granja-a-la-mesa-el-parlamento-europeo-propone-un-nuevo-objetivo-vinculante-que-lastrara-al-sector-ganadero#primaryimage\"},\"thumbnailUrl\":\"https:\/\/www.asajacyl.com\/palencia\/wp-content\/uploads\/sites\/3\/2021\/09\/CABRAS.jpg\",\"datePublished\":\"2021-10-10T14:06:00+00:00\",\"author\":{\"@id\":\"https:\/\/www.asajacyl.com\/palencia\/#\/schema\/person\/3ab17aeb03527485c317557fae64aab1\"},\"description\":\"Recientemente, la Comisi\u00f3n de Medio Ambiente del Parlamento Europeo aprob\u00f3 su informe sobre la estrategia de la Comisi\u00f3n sobre el metano. Si bien desde el\",\"breadcrumb\":{\"@id\":\"https:\/\/www.asajacyl.com\/palencia\/asaja-palencia-informa\/la-estrategia-del-metano-tras-el-debate-sobre-la-estrategia-de-la-granja-a-la-mesa-el-parlamento-europeo-propone-un-nuevo-objetivo-vinculante-que-lastrara-al-sector-ganadero#breadcrumb\"},\"inLanguage\":\"es\",\"potentialAction\":[{\"@type\":\"ReadAction\",\"target\":[\"https:\/\/www.asajacyl.com\/palencia\/asaja-palencia-informa\/la-estrategia-del-metano-tras-el-debate-sobre-la-estrategia-de-la-granja-a-la-mesa-el-parlamento-europeo-propone-un-nuevo-objetivo-vinculante-que-lastrara-al-sector-ganadero\"]}]},{\"@type\":\"ImageObject\",\"inLanguage\":\"es\",\"@id\":\"https:\/\/www.asajacyl.com\/palencia\/asaja-palencia-informa\/la-estrategia-del-metano-tras-el-debate-sobre-la-estrategia-de-la-granja-a-la-mesa-el-parlamento-europeo-propone-un-nuevo-objetivo-vinculante-que-lastrara-al-sector-ganadero#primaryimage\",\"url\":\"https:\/\/www.asajacyl.com\/palencia\/wp-content\/uploads\/sites\/3\/2021\/09\/CABRAS.jpg\",\"contentUrl\":\"https:\/\/www.asajacyl.com\/palencia\/wp-content\/uploads\/sites\/3\/2021\/09\/CABRAS.jpg\",\"width\":2500,\"height\":1875},{\"@type\":\"BreadcrumbList\",\"@id\":\"https:\/\/www.asajacyl.com\/palencia\/asaja-palencia-informa\/la-estrategia-del-metano-tras-el-debate-sobre-la-estrategia-de-la-granja-a-la-mesa-el-parlamento-europeo-propone-un-nuevo-objetivo-vinculante-que-lastrara-al-sector-ganadero#breadcrumb\",\"itemListElement\":[{\"@type\":\"ListItem\",\"position\":1,\"name\":\"Portada\",\"item\":\"https:\/\/www.asajacyl.com\/palencia\/\"},{\"@type\":\"ListItem\",\"position\":2,\"name\":\"La estrategia del metano: tras el debate sobre la estrategia \u00abDe la granja a la mesa\u00bb, el Parlamento Europeo propone un nuevo objetivo vinculante que lastrar\u00e1 al sector ganadero\"}]},{\"@type\":\"WebSite\",\"@id\":\"https:\/\/www.asajacyl.com\/palencia\/#website\",\"url\":\"https:\/\/www.asajacyl.com\/palencia\/\",\"name\":\"ASAJA Palencia\",\"description\":\"Otro sitio m\u00e1s de Provincias ASAJA Castilla y Le\u00f3n\",\"potentialAction\":[{\"@type\":\"SearchAction\",\"target\":{\"@type\":\"EntryPoint\",\"urlTemplate\":\"https:\/\/www.asajacyl.com\/palencia\/?s={search_term_string}\"},\"query-input\":{\"@type\":\"PropertyValueSpecification\",\"valueRequired\":true,\"valueName\":\"search_term_string\"}}],\"inLanguage\":\"es\"},{\"@type\":\"Person\",\"@id\":\"https:\/\/www.asajacyl.com\/palencia\/#\/schema\/person\/3ab17aeb03527485c317557fae64aab1\",\"name\":\"Administrador\",\"image\":{\"@type\":\"ImageObject\",\"inLanguage\":\"es\",\"@id\":\"https:\/\/www.asajacyl.com\/palencia\/#\/schema\/person\/image\/\",\"url\":\"https:\/\/secure.gravatar.com\/avatar\/517384810d242ca9e38c180f3c9fb973?s=96&d=mm&r=g\",\"contentUrl\":\"https:\/\/secure.gravatar.com\/avatar\/517384810d242ca9e38c180f3c9fb973?s=96&d=mm&r=g\",\"caption\":\"Administrador\"},\"url\":\"https:\/\/www.asajacyl.com\/palencia\/author\/carlosrm\"}]}<\/script>\n<!-- \/ Yoast SEO plugin. -->","yoast_head_json":{"title":"La estrategia del metano: tras el debate sobre la estrategia \u00abDe la granja a la mesa\u00bb, el Parlamento Europeo propone un nuevo objetivo vinculante que lastrar\u00e1 al sector ganadero - ASAJA Palencia","description":"Recientemente, la Comisi\u00f3n de Medio Ambiente del Parlamento Europeo aprob\u00f3 su informe sobre la estrategia de la Comisi\u00f3n sobre el metano. Si bien desde el","robots":{"index":"index","follow":"follow","max-snippet":"max-snippet:-1","max-image-preview":"max-image-preview:large","max-video-preview":"max-video-preview:-1"},"canonical":"https:\/\/www.asajacyl.com\/palencia\/asaja-palencia-informa\/la-estrategia-del-metano-tras-el-debate-sobre-la-estrategia-de-la-granja-a-la-mesa-el-parlamento-europeo-propone-un-nuevo-objetivo-vinculante-que-lastrara-al-sector-ganadero","og_locale":"es_ES","og_type":"article","og_title":"La estrategia del metano: tras el debate sobre la estrategia \u00abDe la granja a la mesa\u00bb, el Parlamento Europeo propone un nuevo objetivo vinculante que lastrar\u00e1 al sector ganadero - ASAJA Palencia","og_description":"Recientemente, la Comisi\u00f3n de Medio Ambiente del Parlamento Europeo aprob\u00f3 su informe sobre la estrategia de la Comisi\u00f3n sobre el metano. Si bien desde el","og_url":"https:\/\/www.asajacyl.com\/palencia\/asaja-palencia-informa\/la-estrategia-del-metano-tras-el-debate-sobre-la-estrategia-de-la-granja-a-la-mesa-el-parlamento-europeo-propone-un-nuevo-objetivo-vinculante-que-lastrara-al-sector-ganadero","og_site_name":"ASAJA Palencia","article_published_time":"2021-10-10T14:06:00+00:00","og_image":[{"width":2500,"height":1875,"url":"https:\/\/www.asajacyl.com\/palencia\/wp-content\/uploads\/sites\/3\/2021\/09\/CABRAS.jpg","type":"image\/jpeg"}],"author":"Administrador","twitter_card":"summary_large_image","twitter_misc":{"Escrito por":"Administrador","Tiempo de lectura":"2 minutos"},"schema":{"@context":"https:\/\/schema.org","@graph":[{"@type":"WebPage","@id":"https:\/\/www.asajacyl.com\/palencia\/asaja-palencia-informa\/la-estrategia-del-metano-tras-el-debate-sobre-la-estrategia-de-la-granja-a-la-mesa-el-parlamento-europeo-propone-un-nuevo-objetivo-vinculante-que-lastrara-al-sector-ganadero","url":"https:\/\/www.asajacyl.com\/palencia\/asaja-palencia-informa\/la-estrategia-del-metano-tras-el-debate-sobre-la-estrategia-de-la-granja-a-la-mesa-el-parlamento-europeo-propone-un-nuevo-objetivo-vinculante-que-lastrara-al-sector-ganadero","name":"La estrategia del metano: tras el debate sobre la estrategia \u00abDe la granja a la mesa\u00bb, el Parlamento Europeo propone un nuevo objetivo vinculante que lastrar\u00e1 al sector ganadero - ASAJA Palencia","isPartOf":{"@id":"https:\/\/www.asajacyl.com\/palencia\/#website"},"primaryImageOfPage":{"@id":"https:\/\/www.asajacyl.com\/palencia\/asaja-palencia-informa\/la-estrategia-del-metano-tras-el-debate-sobre-la-estrategia-de-la-granja-a-la-mesa-el-parlamento-europeo-propone-un-nuevo-objetivo-vinculante-que-lastrara-al-sector-ganadero#primaryimage"},"image":{"@id":"https:\/\/www.asajacyl.com\/palencia\/asaja-palencia-informa\/la-estrategia-del-metano-tras-el-debate-sobre-la-estrategia-de-la-granja-a-la-mesa-el-parlamento-europeo-propone-un-nuevo-objetivo-vinculante-que-lastrara-al-sector-ganadero#primaryimage"},"thumbnailUrl":"https:\/\/www.asajacyl.com\/palencia\/wp-content\/uploads\/sites\/3\/2021\/09\/CABRAS.jpg","datePublished":"2021-10-10T14:06:00+00:00","author":{"@id":"https:\/\/www.asajacyl.com\/palencia\/#\/schema\/person\/3ab17aeb03527485c317557fae64aab1"},"description":"Recientemente, la Comisi\u00f3n de Medio Ambiente del Parlamento Europeo aprob\u00f3 su informe sobre la estrategia de la Comisi\u00f3n sobre el metano. Si bien desde el","breadcrumb":{"@id":"https:\/\/www.asajacyl.com\/palencia\/asaja-palencia-informa\/la-estrategia-del-metano-tras-el-debate-sobre-la-estrategia-de-la-granja-a-la-mesa-el-parlamento-europeo-propone-un-nuevo-objetivo-vinculante-que-lastrara-al-sector-ganadero#breadcrumb"},"inLanguage":"es","potentialAction":[{"@type":"ReadAction","target":["https:\/\/www.asajacyl.com\/palencia\/asaja-palencia-informa\/la-estrategia-del-metano-tras-el-debate-sobre-la-estrategia-de-la-granja-a-la-mesa-el-parlamento-europeo-propone-un-nuevo-objetivo-vinculante-que-lastrara-al-sector-ganadero"]}]},{"@type":"ImageObject","inLanguage":"es","@id":"https:\/\/www.asajacyl.com\/palencia\/asaja-palencia-informa\/la-estrategia-del-metano-tras-el-debate-sobre-la-estrategia-de-la-granja-a-la-mesa-el-parlamento-europeo-propone-un-nuevo-objetivo-vinculante-que-lastrara-al-sector-ganadero#primaryimage","url":"https:\/\/www.asajacyl.com\/palencia\/wp-content\/uploads\/sites\/3\/2021\/09\/CABRAS.jpg","contentUrl":"https:\/\/www.asajacyl.com\/palencia\/wp-content\/uploads\/sites\/3\/2021\/09\/CABRAS.jpg","width":2500,"height":1875},{"@type":"BreadcrumbList","@id":"https:\/\/www.asajacyl.com\/palencia\/asaja-palencia-informa\/la-estrategia-del-metano-tras-el-debate-sobre-la-estrategia-de-la-granja-a-la-mesa-el-parlamento-europeo-propone-un-nuevo-objetivo-vinculante-que-lastrara-al-sector-ganadero#breadcrumb","itemListElement":[{"@type":"ListItem","position":1,"name":"Portada","item":"https:\/\/www.asajacyl.com\/palencia\/"},{"@type":"ListItem","position":2,"name":"La estrategia del metano: tras el debate sobre la estrategia \u00abDe la granja a la mesa\u00bb, el Parlamento Europeo propone un nuevo objetivo vinculante que lastrar\u00e1 al sector ganadero"}]},{"@type":"WebSite","@id":"https:\/\/www.asajacyl.com\/palencia\/#website","url":"https:\/\/www.asajacyl.com\/palencia\/","name":"ASAJA Palencia","description":"Otro sitio m\u00e1s de Provincias ASAJA Castilla y Le\u00f3n","potentialAction":[{"@type":"SearchAction","target":{"@type":"EntryPoint","urlTemplate":"https:\/\/www.asajacyl.com\/palencia\/?s={search_term_string}"},"query-input":{"@type":"PropertyValueSpecification","valueRequired":true,"valueName":"search_term_string"}}],"inLanguage":"es"},{"@type":"Person","@id":"https:\/\/www.asajacyl.com\/palencia\/#\/schema\/person\/3ab17aeb03527485c317557fae64aab1","name":"Administrador","image":{"@type":"ImageObject","inLanguage":"es","@id":"https:\/\/www.asajacyl.com\/palencia\/#\/schema\/person\/image\/","url":"https:\/\/secure.gravatar.com\/avatar\/517384810d242ca9e38c180f3c9fb973?s=96&d=mm&r=g","contentUrl":"https:\/\/secure.gravatar.com\/avatar\/517384810d242ca9e38c180f3c9fb973?s=96&d=mm&r=g","caption":"Administrador"},"url":"https:\/\/www.asajacyl.com\/palencia\/author\/carlosrm"}]}},"_links":{"self":[{"href":"https:\/\/www.asajacyl.com\/palencia\/wp-json\/wp\/v2\/posts\/8989"}],"collection":[{"href":"https:\/\/www.asajacyl.com\/palencia\/wp-json\/wp\/v2\/posts"}],"about":[{"href":"https:\/\/www.asajacyl.com\/palencia\/wp-json\/wp\/v2\/types\/post"}],"author":[{"embeddable":true,"href":"https:\/\/www.asajacyl.com\/palencia\/wp-json\/wp\/v2\/users\/9"}],"replies":[{"embeddable":true,"href":"https:\/\/www.asajacyl.com\/palencia\/wp-json\/wp\/v2\/comments?post=8989"}],"version-history":[{"count":3,"href":"https:\/\/www.asajacyl.com\/palencia\/wp-json\/wp\/v2\/posts\/8989\/revisions"}],"predecessor-version":[{"id":9033,"href":"https:\/\/www.asajacyl.com\/palencia\/wp-json\/wp\/v2\/posts\/8989\/revisions\/9033"}],"wp:featuredmedia":[{"embeddable":true,"href":"https:\/\/www.asajacyl.com\/palencia\/wp-json\/wp\/v2\/media\/8948"}],"wp:attachment":[{"href":"https:\/\/www.asajacyl.com\/palencia\/wp-json\/wp\/v2\/media?parent=8989"}],"wp:term":[{"taxonomy":"category","embeddable":true,"href":"https:\/\/www.asajacyl.com\/palencia\/wp-json\/wp\/v2\/categories?post=8989"},{"taxonomy":"post_tag","embeddable":true,"href":"https:\/\/www.asajacyl.com\/palencia\/wp-json\/wp\/v2\/tags?post=8989"}],"curies":[{"name":"wp","href":"https:\/\/api.w.org\/{rel}","templated":true}]}}