{"id":8991,"date":"2021-10-02T16:36:00","date_gmt":"2021-10-02T14:36:00","guid":{"rendered":"https:\/\/www.asajacyl.com\/palencia\/?p=8991"},"modified":"2021-10-01T12:52:23","modified_gmt":"2021-10-01T10:52:23","slug":"la-chd-aprueba-el-canon-y-tarifa-del-carrion","status":"publish","type":"post","link":"https:\/\/www.asajacyl.com\/palencia\/asaja-palencia-informa\/la-chd-aprueba-el-canon-y-tarifa-del-carrion","title":{"rendered":"La CHD aprueba el canon y la tarifa del Carri\u00f3n para 2022"},"content":{"rendered":"\n<p>La Confederaci\u00f3n Hidrogr\u00e1fica del Duero ha aprobado el canon de regulaci\u00f3n y la tarifa de utilizaci\u00f3n del agua correspondiente a la Junta de Explotaci\u00f3n del Carri\u00f3n para el a\u00f1o 2022, esta resoluci\u00f3n ha sido publicada en el Bolet\u00edn Oficial de la Provincia de Palencia.<\/p>\n\n\n\n<p>Seg\u00fan indica la Ley de Aguas, el canon de regulaci\u00f3n lo satisfar\u00e1n los \u00abbeneficiados por las obras de regulaci\u00f3n de las aguas superficiales o subterr\u00e1neas, financiadas total o parcialmente con cargo al Estado\u00bb y est\u00e1 destinado a \u00abcompensar los costes de la inversi\u00f3n que soporte la Administraci\u00f3n estatal y atender los gastos de explotaci\u00f3n y conservaci\u00f3n de tales obras\u00bb. En el caso de la tarifa de utilizaci\u00f3n del agua, \u00e9sta es abonada por aquellos \u00abbeneficiados por otras obras hidr\u00e1ulicas espec\u00edficas financiadas total o parcialmente a cargo del Estado, incluidas las de correcci\u00f3n del deterioro del dominio p\u00fablico hidr\u00e1ulico, derivado de su utilizaci\u00f3n\u00bb y se destinar\u00e1 a \u00aba compensar los costes de inversi\u00f3n que soporte la Administraci\u00f3n estatal y a atender a los gastos de explotaci\u00f3n y conservaci\u00f3n de tales obras\u00bb.<\/p>\n\n\n\n<p>Para el a\u00f1o 2022 el coste de las comunidades de regantes del Carri\u00f3n es el siguiente:<\/p>\n\n\n\n<div class=\"wp-block-image\"><figure class=\"aligncenter size-large\"><img loading=\"lazy\" decoding=\"async\" width=\"766\" height=\"481\" src=\"https:\/\/www.asajacyl.com\/palencia\/wp-content\/uploads\/sites\/3\/2021\/10\/image.png\" alt=\"\" class=\"wp-image-8992\" srcset=\"https:\/\/www.asajacyl.com\/palencia\/wp-content\/uploads\/sites\/3\/2021\/10\/image.png 766w, https:\/\/www.asajacyl.com\/palencia\/wp-content\/uploads\/sites\/3\/2021\/10\/image-300x188.png 300w, https:\/\/www.asajacyl.com\/palencia\/wp-content\/uploads\/sites\/3\/2021\/10\/image-696x437.png 696w, https:\/\/www.asajacyl.com\/palencia\/wp-content\/uploads\/sites\/3\/2021\/10\/image-669x420.png 669w\" sizes=\"(max-width: 766px) 100vw, 766px\" \/><\/figure><\/div>\n","protected":false},"excerpt":{"rendered":"<p>La Confederaci\u00f3n Hidrogr\u00e1fica del Duero ha aprobado el canon de regulaci\u00f3n y la tarifa de utilizaci\u00f3n del agua correspondiente a la Junta de Explotaci\u00f3n del Carri\u00f3n para el a\u00f1o 2022, esta resoluci\u00f3n ha sido publicada en el Bolet\u00edn Oficial de la Provincia de Palencia. Seg\u00fan indica la Ley de Aguas, el canon de regulaci\u00f3n lo [&hellip;]<\/p>\n","protected":false},"author":9,"featured_media":8255,"comment_status":"open","ping_status":"open","sticky":false,"template":"","format":"standard","meta":{"footnotes":""},"categories":[9,29,28],"tags":[],"yoast_head":"<!-- This site is optimized with the Yoast SEO plugin v24.5 - https:\/\/yoast.com\/wordpress\/plugins\/seo\/ -->\n<title>La CHD aprueba el canon y la tarifa del Carri\u00f3n para 2022 - ASAJA Palencia<\/title>\n<meta name=\"description\" content=\"La Confederaci\u00f3n Hidrogr\u00e1fica del Duero ha aprobado el canon de regulaci\u00f3n y la tarifa de utilizaci\u00f3n del agua correspondiente a la Junta de Explotaci\u00f3n\" \/>\n<meta name=\"robots\" content=\"index, follow, max-snippet:-1, max-image-preview:large, max-video-preview:-1\" \/>\n<link rel=\"canonical\" href=\"https:\/\/www.asajacyl.com\/palencia\/asaja-palencia-informa\/la-chd-aprueba-el-canon-y-tarifa-del-carrion\" \/>\n<meta property=\"og:locale\" content=\"es_ES\" \/>\n<meta property=\"og:type\" content=\"article\" \/>\n<meta property=\"og:title\" content=\"La CHD aprueba el canon y la tarifa del Carri\u00f3n para 2022 - ASAJA Palencia\" \/>\n<meta property=\"og:description\" content=\"La Confederaci\u00f3n Hidrogr\u00e1fica del Duero ha aprobado el canon de regulaci\u00f3n y la tarifa de utilizaci\u00f3n del agua correspondiente a la Junta de Explotaci\u00f3n\" \/>\n<meta property=\"og:url\" content=\"https:\/\/www.asajacyl.com\/palencia\/asaja-palencia-informa\/la-chd-aprueba-el-canon-y-tarifa-del-carrion\" \/>\n<meta property=\"og:site_name\" content=\"ASAJA Palencia\" \/>\n<meta property=\"article:published_time\" content=\"2021-10-02T14:36:00+00:00\" \/>\n<meta property=\"og:image\" content=\"https:\/\/www.asajacyl.com\/palencia\/wp-content\/uploads\/sites\/3\/2021\/05\/EMBALSE-AGUILAR-3.jpg\" \/>\n\t<meta property=\"og:image:width\" content=\"2016\" \/>\n\t<meta property=\"og:image:height\" content=\"1512\" \/>\n\t<meta property=\"og:image:type\" content=\"image\/jpeg\" \/>\n<meta name=\"author\" content=\"Administrador\" \/>\n<meta name=\"twitter:card\" content=\"summary_large_image\" \/>\n<meta name=\"twitter:label1\" content=\"Escrito por\" \/>\n\t<meta name=\"twitter:data1\" content=\"Administrador\" \/>\n\t<meta name=\"twitter:label2\" content=\"Tiempo de lectura\" \/>\n\t<meta name=\"twitter:data2\" content=\"2 minutos\" \/>\n<script type=\"application\/ld+json\" class=\"yoast-schema-graph\">{\"@context\":\"https:\/\/schema.org\",\"@graph\":[{\"@type\":\"WebPage\",\"@id\":\"https:\/\/www.asajacyl.com\/palencia\/asaja-palencia-informa\/la-chd-aprueba-el-canon-y-tarifa-del-carrion\",\"url\":\"https:\/\/www.asajacyl.com\/palencia\/asaja-palencia-informa\/la-chd-aprueba-el-canon-y-tarifa-del-carrion\",\"name\":\"La CHD aprueba el canon y la tarifa del Carri\u00f3n para 2022 - ASAJA Palencia\",\"isPartOf\":{\"@id\":\"https:\/\/www.asajacyl.com\/palencia\/#website\"},\"primaryImageOfPage\":{\"@id\":\"https:\/\/www.asajacyl.com\/palencia\/asaja-palencia-informa\/la-chd-aprueba-el-canon-y-tarifa-del-carrion#primaryimage\"},\"image\":{\"@id\":\"https:\/\/www.asajacyl.com\/palencia\/asaja-palencia-informa\/la-chd-aprueba-el-canon-y-tarifa-del-carrion#primaryimage\"},\"thumbnailUrl\":\"https:\/\/www.asajacyl.com\/palencia\/wp-content\/uploads\/sites\/3\/2021\/05\/EMBALSE-AGUILAR-3.jpg\",\"datePublished\":\"2021-10-02T14:36:00+00:00\",\"author\":{\"@id\":\"https:\/\/www.asajacyl.com\/palencia\/#\/schema\/person\/3ab17aeb03527485c317557fae64aab1\"},\"description\":\"La Confederaci\u00f3n Hidrogr\u00e1fica del Duero ha aprobado el canon de regulaci\u00f3n y la tarifa de utilizaci\u00f3n del agua correspondiente a la Junta de Explotaci\u00f3n\",\"breadcrumb\":{\"@id\":\"https:\/\/www.asajacyl.com\/palencia\/asaja-palencia-informa\/la-chd-aprueba-el-canon-y-tarifa-del-carrion#breadcrumb\"},\"inLanguage\":\"es\",\"potentialAction\":[{\"@type\":\"ReadAction\",\"target\":[\"https:\/\/www.asajacyl.com\/palencia\/asaja-palencia-informa\/la-chd-aprueba-el-canon-y-tarifa-del-carrion\"]}]},{\"@type\":\"ImageObject\",\"inLanguage\":\"es\",\"@id\":\"https:\/\/www.asajacyl.com\/palencia\/asaja-palencia-informa\/la-chd-aprueba-el-canon-y-tarifa-del-carrion#primaryimage\",\"url\":\"https:\/\/www.asajacyl.com\/palencia\/wp-content\/uploads\/sites\/3\/2021\/05\/EMBALSE-AGUILAR-3.jpg\",\"contentUrl\":\"https:\/\/www.asajacyl.com\/palencia\/wp-content\/uploads\/sites\/3\/2021\/05\/EMBALSE-AGUILAR-3.jpg\",\"width\":2016,\"height\":1512},{\"@type\":\"BreadcrumbList\",\"@id\":\"https:\/\/www.asajacyl.com\/palencia\/asaja-palencia-informa\/la-chd-aprueba-el-canon-y-tarifa-del-carrion#breadcrumb\",\"itemListElement\":[{\"@type\":\"ListItem\",\"position\":1,\"name\":\"Portada\",\"item\":\"https:\/\/www.asajacyl.com\/palencia\/\"},{\"@type\":\"ListItem\",\"position\":2,\"name\":\"La CHD aprueba el canon y la tarifa del Carri\u00f3n para 2022\"}]},{\"@type\":\"WebSite\",\"@id\":\"https:\/\/www.asajacyl.com\/palencia\/#website\",\"url\":\"https:\/\/www.asajacyl.com\/palencia\/\",\"name\":\"ASAJA Palencia\",\"description\":\"Otro sitio m\u00e1s de Provincias ASAJA Castilla y Le\u00f3n\",\"potentialAction\":[{\"@type\":\"SearchAction\",\"target\":{\"@type\":\"EntryPoint\",\"urlTemplate\":\"https:\/\/www.asajacyl.com\/palencia\/?s={search_term_string}\"},\"query-input\":{\"@type\":\"PropertyValueSpecification\",\"valueRequired\":true,\"valueName\":\"search_term_string\"}}],\"inLanguage\":\"es\"},{\"@type\":\"Person\",\"@id\":\"https:\/\/www.asajacyl.com\/palencia\/#\/schema\/person\/3ab17aeb03527485c317557fae64aab1\",\"name\":\"Administrador\",\"image\":{\"@type\":\"ImageObject\",\"inLanguage\":\"es\",\"@id\":\"https:\/\/www.asajacyl.com\/palencia\/#\/schema\/person\/image\/\",\"url\":\"https:\/\/secure.gravatar.com\/avatar\/517384810d242ca9e38c180f3c9fb973?s=96&d=mm&r=g\",\"contentUrl\":\"https:\/\/secure.gravatar.com\/avatar\/517384810d242ca9e38c180f3c9fb973?s=96&d=mm&r=g\",\"caption\":\"Administrador\"},\"url\":\"https:\/\/www.asajacyl.com\/palencia\/author\/carlosrm\"}]}<\/script>\n<!-- \/ Yoast SEO plugin. -->","yoast_head_json":{"title":"La CHD aprueba el canon y la tarifa del Carri\u00f3n para 2022 - ASAJA Palencia","description":"La Confederaci\u00f3n Hidrogr\u00e1fica del Duero ha aprobado el canon de regulaci\u00f3n y la tarifa de utilizaci\u00f3n del agua correspondiente a la Junta de Explotaci\u00f3n","robots":{"index":"index","follow":"follow","max-snippet":"max-snippet:-1","max-image-preview":"max-image-preview:large","max-video-preview":"max-video-preview:-1"},"canonical":"https:\/\/www.asajacyl.com\/palencia\/asaja-palencia-informa\/la-chd-aprueba-el-canon-y-tarifa-del-carrion","og_locale":"es_ES","og_type":"article","og_title":"La CHD aprueba el canon y la tarifa del Carri\u00f3n para 2022 - ASAJA Palencia","og_description":"La Confederaci\u00f3n Hidrogr\u00e1fica del Duero ha aprobado el canon de regulaci\u00f3n y la tarifa de utilizaci\u00f3n del agua correspondiente a la Junta de Explotaci\u00f3n","og_url":"https:\/\/www.asajacyl.com\/palencia\/asaja-palencia-informa\/la-chd-aprueba-el-canon-y-tarifa-del-carrion","og_site_name":"ASAJA Palencia","article_published_time":"2021-10-02T14:36:00+00:00","og_image":[{"width":2016,"height":1512,"url":"https:\/\/www.asajacyl.com\/palencia\/wp-content\/uploads\/sites\/3\/2021\/05\/EMBALSE-AGUILAR-3.jpg","type":"image\/jpeg"}],"author":"Administrador","twitter_card":"summary_large_image","twitter_misc":{"Escrito por":"Administrador","Tiempo de lectura":"2 minutos"},"schema":{"@context":"https:\/\/schema.org","@graph":[{"@type":"WebPage","@id":"https:\/\/www.asajacyl.com\/palencia\/asaja-palencia-informa\/la-chd-aprueba-el-canon-y-tarifa-del-carrion","url":"https:\/\/www.asajacyl.com\/palencia\/asaja-palencia-informa\/la-chd-aprueba-el-canon-y-tarifa-del-carrion","name":"La CHD aprueba el canon y la tarifa del Carri\u00f3n para 2022 - ASAJA Palencia","isPartOf":{"@id":"https:\/\/www.asajacyl.com\/palencia\/#website"},"primaryImageOfPage":{"@id":"https:\/\/www.asajacyl.com\/palencia\/asaja-palencia-informa\/la-chd-aprueba-el-canon-y-tarifa-del-carrion#primaryimage"},"image":{"@id":"https:\/\/www.asajacyl.com\/palencia\/asaja-palencia-informa\/la-chd-aprueba-el-canon-y-tarifa-del-carrion#primaryimage"},"thumbnailUrl":"https:\/\/www.asajacyl.com\/palencia\/wp-content\/uploads\/sites\/3\/2021\/05\/EMBALSE-AGUILAR-3.jpg","datePublished":"2021-10-02T14:36:00+00:00","author":{"@id":"https:\/\/www.asajacyl.com\/palencia\/#\/schema\/person\/3ab17aeb03527485c317557fae64aab1"},"description":"La Confederaci\u00f3n Hidrogr\u00e1fica del Duero ha aprobado el canon de regulaci\u00f3n y la tarifa de utilizaci\u00f3n del agua correspondiente a la Junta de Explotaci\u00f3n","breadcrumb":{"@id":"https:\/\/www.asajacyl.com\/palencia\/asaja-palencia-informa\/la-chd-aprueba-el-canon-y-tarifa-del-carrion#breadcrumb"},"inLanguage":"es","potentialAction":[{"@type":"ReadAction","target":["https:\/\/www.asajacyl.com\/palencia\/asaja-palencia-informa\/la-chd-aprueba-el-canon-y-tarifa-del-carrion"]}]},{"@type":"ImageObject","inLanguage":"es","@id":"https:\/\/www.asajacyl.com\/palencia\/asaja-palencia-informa\/la-chd-aprueba-el-canon-y-tarifa-del-carrion#primaryimage","url":"https:\/\/www.asajacyl.com\/palencia\/wp-content\/uploads\/sites\/3\/2021\/05\/EMBALSE-AGUILAR-3.jpg","contentUrl":"https:\/\/www.asajacyl.com\/palencia\/wp-content\/uploads\/sites\/3\/2021\/05\/EMBALSE-AGUILAR-3.jpg","width":2016,"height":1512},{"@type":"BreadcrumbList","@id":"https:\/\/www.asajacyl.com\/palencia\/asaja-palencia-informa\/la-chd-aprueba-el-canon-y-tarifa-del-carrion#breadcrumb","itemListElement":[{"@type":"ListItem","position":1,"name":"Portada","item":"https:\/\/www.asajacyl.com\/palencia\/"},{"@type":"ListItem","position":2,"name":"La CHD aprueba el canon y la tarifa del Carri\u00f3n para 2022"}]},{"@type":"WebSite","@id":"https:\/\/www.asajacyl.com\/palencia\/#website","url":"https:\/\/www.asajacyl.com\/palencia\/","name":"ASAJA Palencia","description":"Otro sitio m\u00e1s de Provincias ASAJA Castilla y Le\u00f3n","potentialAction":[{"@type":"SearchAction","target":{"@type":"EntryPoint","urlTemplate":"https:\/\/www.asajacyl.com\/palencia\/?s={search_term_string}"},"query-input":{"@type":"PropertyValueSpecification","valueRequired":true,"valueName":"search_term_string"}}],"inLanguage":"es"},{"@type":"Person","@id":"https:\/\/www.asajacyl.com\/palencia\/#\/schema\/person\/3ab17aeb03527485c317557fae64aab1","name":"Administrador","image":{"@type":"ImageObject","inLanguage":"es","@id":"https:\/\/www.asajacyl.com\/palencia\/#\/schema\/person\/image\/","url":"https:\/\/secure.gravatar.com\/avatar\/517384810d242ca9e38c180f3c9fb973?s=96&d=mm&r=g","contentUrl":"https:\/\/secure.gravatar.com\/avatar\/517384810d242ca9e38c180f3c9fb973?s=96&d=mm&r=g","caption":"Administrador"},"url":"https:\/\/www.asajacyl.com\/palencia\/author\/carlosrm"}]}},"_links":{"self":[{"href":"https:\/\/www.asajacyl.com\/palencia\/wp-json\/wp\/v2\/posts\/8991"}],"collection":[{"href":"https:\/\/www.asajacyl.com\/palencia\/wp-json\/wp\/v2\/posts"}],"about":[{"href":"https:\/\/www.asajacyl.com\/palencia\/wp-json\/wp\/v2\/types\/post"}],"author":[{"embeddable":true,"href":"https:\/\/www.asajacyl.com\/palencia\/wp-json\/wp\/v2\/users\/9"}],"replies":[{"embeddable":true,"href":"https:\/\/www.asajacyl.com\/palencia\/wp-json\/wp\/v2\/comments?post=8991"}],"version-history":[{"count":3,"href":"https:\/\/www.asajacyl.com\/palencia\/wp-json\/wp\/v2\/posts\/8991\/revisions"}],"predecessor-version":[{"id":9329,"href":"https:\/\/www.asajacyl.com\/palencia\/wp-json\/wp\/v2\/posts\/8991\/revisions\/9329"}],"wp:featuredmedia":[{"embeddable":true,"href":"https:\/\/www.asajacyl.com\/palencia\/wp-json\/wp\/v2\/media\/8255"}],"wp:attachment":[{"href":"https:\/\/www.asajacyl.com\/palencia\/wp-json\/wp\/v2\/media?parent=8991"}],"wp:term":[{"taxonomy":"category","embeddable":true,"href":"https:\/\/www.asajacyl.com\/palencia\/wp-json\/wp\/v2\/categories?post=8991"},{"taxonomy":"post_tag","embeddable":true,"href":"https:\/\/www.asajacyl.com\/palencia\/wp-json\/wp\/v2\/tags?post=8991"}],"curies":[{"name":"wp","href":"https:\/\/api.w.org\/{rel}","templated":true}]}}