{"id":8996,"date":"2021-10-05T07:05:42","date_gmt":"2021-10-05T05:05:42","guid":{"rendered":"https:\/\/www.asajacyl.com\/palencia\/?p=8996"},"modified":"2021-10-05T07:05:44","modified_gmt":"2021-10-05T05:05:44","slug":"la-sectorial-de-vacuno-se-reune-para-valorar-la-nueva-ordenacion-de-las-granjas-bovinas","status":"publish","type":"post","link":"https:\/\/www.asajacyl.com\/palencia\/asaja-palencia-informa\/la-sectorial-de-vacuno-se-reune-para-valorar-la-nueva-ordenacion-de-las-granjas-bovinas","title":{"rendered":"La Sectorial de Vacuno se re\u00fane para valorar la nueva ordenaci\u00f3n de las granjas bovinas"},"content":{"rendered":"\n<p>En el d\u00eda de ayer, los miembros de la Sectorial de Vacuno de ASAJA-Palencia se reunieron para valorar el proyecto de Real Decreto por el que se establecen normas b\u00e1sicas de ordenaci\u00f3n de las granjas bovinas.<\/p>\n\n\n\n<p>Este proyecto de Real Decreto se encuentra en fase de consulta p\u00fablica y pretende, entre otras cosas, marcar una serie de obligaciones para las granjas bovinas, a las que divide en tres grupos en funci\u00f3n de su tama\u00f1o. Esta divisi\u00f3n har\u00e1, por ejemplo, seg\u00fan el proyecto actual, que a partir de su aprobaci\u00f3n no se pueda construir una nueva granja de vacas con un n\u00famero superior a 850 Unidades de Ganado Mayor.<\/p>\n\n\n\n<p>Tras discutir punto por punto el contenido de la futura normativa los integrantes de la Sectorial de Vacuno han tratado el incremento insostenible de gastos, como el pienso y la electricidad, el bajo precio que se paga por la leche al ganadero, as\u00ed como la criminalizaci\u00f3n constante que est\u00e1 sufriendo el sector.<\/p>\n\n\n\n<p><\/p>\n","protected":false},"excerpt":{"rendered":"<p>En el d\u00eda de ayer, los miembros de la Sectorial de Vacuno de ASAJA-Palencia se reunieron para valorar el proyecto de Real Decreto por el que se establecen normas b\u00e1sicas de ordenaci\u00f3n de las granjas bovinas. Este proyecto de Real Decreto se encuentra en fase de consulta p\u00fablica y pretende, entre otras cosas, marcar una [&hellip;]<\/p>\n","protected":false},"author":9,"featured_media":7426,"comment_status":"open","ping_status":"open","sticky":false,"template":"","format":"standard","meta":{"footnotes":""},"categories":[9,29,28],"tags":[],"yoast_head":"<!-- This site is optimized with the Yoast SEO plugin v24.5 - https:\/\/yoast.com\/wordpress\/plugins\/seo\/ -->\n<title>La Sectorial de Vacuno se re\u00fane para valorar la nueva ordenaci\u00f3n de las granjas bovinas - ASAJA Palencia<\/title>\n<meta name=\"description\" content=\"En el d\u00eda de ayer, los miembros de la Sectorial de Vacuno de ASAJA-Palencia se reunieron para valorar el proyecto de Real Decreto por el que se establecen\" \/>\n<meta name=\"robots\" content=\"index, follow, max-snippet:-1, max-image-preview:large, max-video-preview:-1\" \/>\n<link rel=\"canonical\" href=\"https:\/\/www.asajacyl.com\/palencia\/asaja-palencia-informa\/la-sectorial-de-vacuno-se-reune-para-valorar-la-nueva-ordenacion-de-las-granjas-bovinas\" \/>\n<meta property=\"og:locale\" content=\"es_ES\" \/>\n<meta property=\"og:type\" content=\"article\" \/>\n<meta property=\"og:title\" content=\"La Sectorial de Vacuno se re\u00fane para valorar la nueva ordenaci\u00f3n de las granjas bovinas - ASAJA Palencia\" \/>\n<meta property=\"og:description\" content=\"En el d\u00eda de ayer, los miembros de la Sectorial de Vacuno de ASAJA-Palencia se reunieron para valorar el proyecto de Real Decreto por el que se establecen\" \/>\n<meta property=\"og:url\" content=\"https:\/\/www.asajacyl.com\/palencia\/asaja-palencia-informa\/la-sectorial-de-vacuno-se-reune-para-valorar-la-nueva-ordenacion-de-las-granjas-bovinas\" \/>\n<meta property=\"og:site_name\" content=\"ASAJA Palencia\" \/>\n<meta property=\"article:published_time\" content=\"2021-10-05T05:05:42+00:00\" \/>\n<meta property=\"article:modified_time\" content=\"2021-10-05T05:05:44+00:00\" \/>\n<meta property=\"og:image\" content=\"https:\/\/www.asajacyl.com\/palencia\/wp-content\/uploads\/sites\/3\/2020\/06\/captura-programa-4-junio.jpg\" \/>\n\t<meta property=\"og:image:width\" content=\"1274\" \/>\n\t<meta property=\"og:image:height\" content=\"673\" \/>\n\t<meta property=\"og:image:type\" content=\"image\/jpeg\" \/>\n<meta name=\"author\" content=\"Administrador\" \/>\n<meta name=\"twitter:card\" content=\"summary_large_image\" \/>\n<meta name=\"twitter:label1\" content=\"Escrito por\" \/>\n\t<meta name=\"twitter:data1\" content=\"Administrador\" \/>\n\t<meta name=\"twitter:label2\" content=\"Tiempo de lectura\" \/>\n\t<meta name=\"twitter:data2\" content=\"1 minuto\" \/>\n<script type=\"application\/ld+json\" class=\"yoast-schema-graph\">{\"@context\":\"https:\/\/schema.org\",\"@graph\":[{\"@type\":\"WebPage\",\"@id\":\"https:\/\/www.asajacyl.com\/palencia\/asaja-palencia-informa\/la-sectorial-de-vacuno-se-reune-para-valorar-la-nueva-ordenacion-de-las-granjas-bovinas\",\"url\":\"https:\/\/www.asajacyl.com\/palencia\/asaja-palencia-informa\/la-sectorial-de-vacuno-se-reune-para-valorar-la-nueva-ordenacion-de-las-granjas-bovinas\",\"name\":\"La Sectorial de Vacuno se re\u00fane para valorar la nueva ordenaci\u00f3n de las granjas bovinas - ASAJA Palencia\",\"isPartOf\":{\"@id\":\"https:\/\/www.asajacyl.com\/palencia\/#website\"},\"primaryImageOfPage\":{\"@id\":\"https:\/\/www.asajacyl.com\/palencia\/asaja-palencia-informa\/la-sectorial-de-vacuno-se-reune-para-valorar-la-nueva-ordenacion-de-las-granjas-bovinas#primaryimage\"},\"image\":{\"@id\":\"https:\/\/www.asajacyl.com\/palencia\/asaja-palencia-informa\/la-sectorial-de-vacuno-se-reune-para-valorar-la-nueva-ordenacion-de-las-granjas-bovinas#primaryimage\"},\"thumbnailUrl\":\"https:\/\/www.asajacyl.com\/palencia\/wp-content\/uploads\/sites\/3\/2020\/06\/captura-programa-4-junio.jpg\",\"datePublished\":\"2021-10-05T05:05:42+00:00\",\"dateModified\":\"2021-10-05T05:05:44+00:00\",\"author\":{\"@id\":\"https:\/\/www.asajacyl.com\/palencia\/#\/schema\/person\/3ab17aeb03527485c317557fae64aab1\"},\"description\":\"En el d\u00eda de ayer, los miembros de la Sectorial de Vacuno de ASAJA-Palencia se reunieron para valorar el proyecto de Real Decreto por el que se establecen\",\"breadcrumb\":{\"@id\":\"https:\/\/www.asajacyl.com\/palencia\/asaja-palencia-informa\/la-sectorial-de-vacuno-se-reune-para-valorar-la-nueva-ordenacion-de-las-granjas-bovinas#breadcrumb\"},\"inLanguage\":\"es\",\"potentialAction\":[{\"@type\":\"ReadAction\",\"target\":[\"https:\/\/www.asajacyl.com\/palencia\/asaja-palencia-informa\/la-sectorial-de-vacuno-se-reune-para-valorar-la-nueva-ordenacion-de-las-granjas-bovinas\"]}]},{\"@type\":\"ImageObject\",\"inLanguage\":\"es\",\"@id\":\"https:\/\/www.asajacyl.com\/palencia\/asaja-palencia-informa\/la-sectorial-de-vacuno-se-reune-para-valorar-la-nueva-ordenacion-de-las-granjas-bovinas#primaryimage\",\"url\":\"https:\/\/www.asajacyl.com\/palencia\/wp-content\/uploads\/sites\/3\/2020\/06\/captura-programa-4-junio.jpg\",\"contentUrl\":\"https:\/\/www.asajacyl.com\/palencia\/wp-content\/uploads\/sites\/3\/2020\/06\/captura-programa-4-junio.jpg\",\"width\":1274,\"height\":673},{\"@type\":\"BreadcrumbList\",\"@id\":\"https:\/\/www.asajacyl.com\/palencia\/asaja-palencia-informa\/la-sectorial-de-vacuno-se-reune-para-valorar-la-nueva-ordenacion-de-las-granjas-bovinas#breadcrumb\",\"itemListElement\":[{\"@type\":\"ListItem\",\"position\":1,\"name\":\"Portada\",\"item\":\"https:\/\/www.asajacyl.com\/palencia\/\"},{\"@type\":\"ListItem\",\"position\":2,\"name\":\"La Sectorial de Vacuno se re\u00fane para valorar la nueva ordenaci\u00f3n de las granjas bovinas\"}]},{\"@type\":\"WebSite\",\"@id\":\"https:\/\/www.asajacyl.com\/palencia\/#website\",\"url\":\"https:\/\/www.asajacyl.com\/palencia\/\",\"name\":\"ASAJA Palencia\",\"description\":\"Otro sitio m\u00e1s de Provincias ASAJA Castilla y Le\u00f3n\",\"potentialAction\":[{\"@type\":\"SearchAction\",\"target\":{\"@type\":\"EntryPoint\",\"urlTemplate\":\"https:\/\/www.asajacyl.com\/palencia\/?s={search_term_string}\"},\"query-input\":{\"@type\":\"PropertyValueSpecification\",\"valueRequired\":true,\"valueName\":\"search_term_string\"}}],\"inLanguage\":\"es\"},{\"@type\":\"Person\",\"@id\":\"https:\/\/www.asajacyl.com\/palencia\/#\/schema\/person\/3ab17aeb03527485c317557fae64aab1\",\"name\":\"Administrador\",\"image\":{\"@type\":\"ImageObject\",\"inLanguage\":\"es\",\"@id\":\"https:\/\/www.asajacyl.com\/palencia\/#\/schema\/person\/image\/\",\"url\":\"https:\/\/secure.gravatar.com\/avatar\/517384810d242ca9e38c180f3c9fb973?s=96&d=mm&r=g\",\"contentUrl\":\"https:\/\/secure.gravatar.com\/avatar\/517384810d242ca9e38c180f3c9fb973?s=96&d=mm&r=g\",\"caption\":\"Administrador\"},\"url\":\"https:\/\/www.asajacyl.com\/palencia\/author\/carlosrm\"}]}<\/script>\n<!-- \/ Yoast SEO plugin. -->","yoast_head_json":{"title":"La Sectorial de Vacuno se re\u00fane para valorar la nueva ordenaci\u00f3n de las granjas bovinas - ASAJA Palencia","description":"En el d\u00eda de ayer, los miembros de la Sectorial de Vacuno de ASAJA-Palencia se reunieron para valorar el proyecto de Real Decreto por el que se establecen","robots":{"index":"index","follow":"follow","max-snippet":"max-snippet:-1","max-image-preview":"max-image-preview:large","max-video-preview":"max-video-preview:-1"},"canonical":"https:\/\/www.asajacyl.com\/palencia\/asaja-palencia-informa\/la-sectorial-de-vacuno-se-reune-para-valorar-la-nueva-ordenacion-de-las-granjas-bovinas","og_locale":"es_ES","og_type":"article","og_title":"La Sectorial de Vacuno se re\u00fane para valorar la nueva ordenaci\u00f3n de las granjas bovinas - ASAJA Palencia","og_description":"En el d\u00eda de ayer, los miembros de la Sectorial de Vacuno de ASAJA-Palencia se reunieron para valorar el proyecto de Real Decreto por el que se establecen","og_url":"https:\/\/www.asajacyl.com\/palencia\/asaja-palencia-informa\/la-sectorial-de-vacuno-se-reune-para-valorar-la-nueva-ordenacion-de-las-granjas-bovinas","og_site_name":"ASAJA Palencia","article_published_time":"2021-10-05T05:05:42+00:00","article_modified_time":"2021-10-05T05:05:44+00:00","og_image":[{"width":1274,"height":673,"url":"https:\/\/www.asajacyl.com\/palencia\/wp-content\/uploads\/sites\/3\/2020\/06\/captura-programa-4-junio.jpg","type":"image\/jpeg"}],"author":"Administrador","twitter_card":"summary_large_image","twitter_misc":{"Escrito por":"Administrador","Tiempo de lectura":"1 minuto"},"schema":{"@context":"https:\/\/schema.org","@graph":[{"@type":"WebPage","@id":"https:\/\/www.asajacyl.com\/palencia\/asaja-palencia-informa\/la-sectorial-de-vacuno-se-reune-para-valorar-la-nueva-ordenacion-de-las-granjas-bovinas","url":"https:\/\/www.asajacyl.com\/palencia\/asaja-palencia-informa\/la-sectorial-de-vacuno-se-reune-para-valorar-la-nueva-ordenacion-de-las-granjas-bovinas","name":"La Sectorial de Vacuno se re\u00fane para valorar la nueva ordenaci\u00f3n de las granjas bovinas - ASAJA Palencia","isPartOf":{"@id":"https:\/\/www.asajacyl.com\/palencia\/#website"},"primaryImageOfPage":{"@id":"https:\/\/www.asajacyl.com\/palencia\/asaja-palencia-informa\/la-sectorial-de-vacuno-se-reune-para-valorar-la-nueva-ordenacion-de-las-granjas-bovinas#primaryimage"},"image":{"@id":"https:\/\/www.asajacyl.com\/palencia\/asaja-palencia-informa\/la-sectorial-de-vacuno-se-reune-para-valorar-la-nueva-ordenacion-de-las-granjas-bovinas#primaryimage"},"thumbnailUrl":"https:\/\/www.asajacyl.com\/palencia\/wp-content\/uploads\/sites\/3\/2020\/06\/captura-programa-4-junio.jpg","datePublished":"2021-10-05T05:05:42+00:00","dateModified":"2021-10-05T05:05:44+00:00","author":{"@id":"https:\/\/www.asajacyl.com\/palencia\/#\/schema\/person\/3ab17aeb03527485c317557fae64aab1"},"description":"En el d\u00eda de ayer, los miembros de la Sectorial de Vacuno de ASAJA-Palencia se reunieron para valorar el proyecto de Real Decreto por el que se establecen","breadcrumb":{"@id":"https:\/\/www.asajacyl.com\/palencia\/asaja-palencia-informa\/la-sectorial-de-vacuno-se-reune-para-valorar-la-nueva-ordenacion-de-las-granjas-bovinas#breadcrumb"},"inLanguage":"es","potentialAction":[{"@type":"ReadAction","target":["https:\/\/www.asajacyl.com\/palencia\/asaja-palencia-informa\/la-sectorial-de-vacuno-se-reune-para-valorar-la-nueva-ordenacion-de-las-granjas-bovinas"]}]},{"@type":"ImageObject","inLanguage":"es","@id":"https:\/\/www.asajacyl.com\/palencia\/asaja-palencia-informa\/la-sectorial-de-vacuno-se-reune-para-valorar-la-nueva-ordenacion-de-las-granjas-bovinas#primaryimage","url":"https:\/\/www.asajacyl.com\/palencia\/wp-content\/uploads\/sites\/3\/2020\/06\/captura-programa-4-junio.jpg","contentUrl":"https:\/\/www.asajacyl.com\/palencia\/wp-content\/uploads\/sites\/3\/2020\/06\/captura-programa-4-junio.jpg","width":1274,"height":673},{"@type":"BreadcrumbList","@id":"https:\/\/www.asajacyl.com\/palencia\/asaja-palencia-informa\/la-sectorial-de-vacuno-se-reune-para-valorar-la-nueva-ordenacion-de-las-granjas-bovinas#breadcrumb","itemListElement":[{"@type":"ListItem","position":1,"name":"Portada","item":"https:\/\/www.asajacyl.com\/palencia\/"},{"@type":"ListItem","position":2,"name":"La Sectorial de Vacuno se re\u00fane para valorar la nueva ordenaci\u00f3n de las granjas bovinas"}]},{"@type":"WebSite","@id":"https:\/\/www.asajacyl.com\/palencia\/#website","url":"https:\/\/www.asajacyl.com\/palencia\/","name":"ASAJA Palencia","description":"Otro sitio m\u00e1s de Provincias ASAJA Castilla y Le\u00f3n","potentialAction":[{"@type":"SearchAction","target":{"@type":"EntryPoint","urlTemplate":"https:\/\/www.asajacyl.com\/palencia\/?s={search_term_string}"},"query-input":{"@type":"PropertyValueSpecification","valueRequired":true,"valueName":"search_term_string"}}],"inLanguage":"es"},{"@type":"Person","@id":"https:\/\/www.asajacyl.com\/palencia\/#\/schema\/person\/3ab17aeb03527485c317557fae64aab1","name":"Administrador","image":{"@type":"ImageObject","inLanguage":"es","@id":"https:\/\/www.asajacyl.com\/palencia\/#\/schema\/person\/image\/","url":"https:\/\/secure.gravatar.com\/avatar\/517384810d242ca9e38c180f3c9fb973?s=96&d=mm&r=g","contentUrl":"https:\/\/secure.gravatar.com\/avatar\/517384810d242ca9e38c180f3c9fb973?s=96&d=mm&r=g","caption":"Administrador"},"url":"https:\/\/www.asajacyl.com\/palencia\/author\/carlosrm"}]}},"_links":{"self":[{"href":"https:\/\/www.asajacyl.com\/palencia\/wp-json\/wp\/v2\/posts\/8996"}],"collection":[{"href":"https:\/\/www.asajacyl.com\/palencia\/wp-json\/wp\/v2\/posts"}],"about":[{"href":"https:\/\/www.asajacyl.com\/palencia\/wp-json\/wp\/v2\/types\/post"}],"author":[{"embeddable":true,"href":"https:\/\/www.asajacyl.com\/palencia\/wp-json\/wp\/v2\/users\/9"}],"replies":[{"embeddable":true,"href":"https:\/\/www.asajacyl.com\/palencia\/wp-json\/wp\/v2\/comments?post=8996"}],"version-history":[{"count":1,"href":"https:\/\/www.asajacyl.com\/palencia\/wp-json\/wp\/v2\/posts\/8996\/revisions"}],"predecessor-version":[{"id":8997,"href":"https:\/\/www.asajacyl.com\/palencia\/wp-json\/wp\/v2\/posts\/8996\/revisions\/8997"}],"wp:featuredmedia":[{"embeddable":true,"href":"https:\/\/www.asajacyl.com\/palencia\/wp-json\/wp\/v2\/media\/7426"}],"wp:attachment":[{"href":"https:\/\/www.asajacyl.com\/palencia\/wp-json\/wp\/v2\/media?parent=8996"}],"wp:term":[{"taxonomy":"category","embeddable":true,"href":"https:\/\/www.asajacyl.com\/palencia\/wp-json\/wp\/v2\/categories?post=8996"},{"taxonomy":"post_tag","embeddable":true,"href":"https:\/\/www.asajacyl.com\/palencia\/wp-json\/wp\/v2\/tags?post=8996"}],"curies":[{"name":"wp","href":"https:\/\/api.w.org\/{rel}","templated":true}]}}