{"id":9024,"date":"2021-10-08T07:21:37","date_gmt":"2021-10-08T05:21:37","guid":{"rendered":"https:\/\/www.asajacyl.com\/palencia\/?p=9024"},"modified":"2021-10-09T02:09:22","modified_gmt":"2021-10-09T00:09:22","slug":"el-control-del-ballico-clave-en-los-cultivos-de-palencia","status":"publish","type":"post","link":"https:\/\/www.asajacyl.com\/palencia\/asaja-palencia-informa\/el-control-del-ballico-clave-en-los-cultivos-de-palencia","title":{"rendered":"El control del ballico, clave en los cultivos de Palencia"},"content":{"rendered":"\n<p>Ayer tuvo lugar una conferencia sobre las formas de controlar el ballico (<em>Lolium rigidum) <\/em>en las explotaciones agrarias de la provincia de Palencia. El ponente fue Rub\u00e9n del Val (Syngenta), experto conocedor de la sanidad vegetal y gran comunicador.<\/p>\n\n\n\n<p>El ballico es una mala hierba que tiene gran cantidad de cera epicuticular, algo que la hace muy resistente a la penetraci\u00f3n de los productos fitosanitarios, capaz de producir unas 3.000 semillas por planta, lo que puede convertir una mera presencia en un grave problema en muy pocas campa\u00f1as.<\/p>\n\n\n\n<p>La sanidad de los cultivos es algo fundamental para la obtenci\u00f3n de una buena cosecha y \u00e9sta se est\u00e1 viendo afectada cada vez m\u00e1s por la paulatina prohibici\u00f3n de materias activas y la prohibici\u00f3n de pr\u00e1cticas tradicionales como la quema de rastrojos. En su intervenci\u00f3n, el ponente dej\u00f3 claro que las herramientas para dominar al ballico eran la rotaci\u00f3n, las pr\u00e1cticas culturales y la aplicaci\u00f3n de herbicidas, siendo todas ellas complementarias y necesarias. Tambi\u00e9n alert\u00f3 de que en la provincia de Palencia se hab\u00edan detectado resistencias a herbicidas en amapola (<em>Papaver rhoeas<\/em>) y amarillas (<em>Sinapis arvensis<\/em>).<\/p>\n","protected":false},"excerpt":{"rendered":"<p>Ayer tuvo lugar una conferencia sobre las formas de controlar el ballico (Lolium rigidum) en las explotaciones agrarias de la provincia de Palencia. El ponente fue Rub\u00e9n del Val (Syngenta), experto conocedor de la sanidad vegetal y gran comunicador. El ballico es una mala hierba que tiene gran cantidad de cera epicuticular, algo que la [&hellip;]<\/p>\n","protected":false},"author":9,"featured_media":9025,"comment_status":"open","ping_status":"open","sticky":false,"template":"","format":"standard","meta":{"footnotes":""},"categories":[9,29,28],"tags":[],"yoast_head":"<!-- This site is optimized with the Yoast SEO plugin v24.5 - https:\/\/yoast.com\/wordpress\/plugins\/seo\/ -->\n<title>El control del ballico, clave en los cultivos de Palencia - ASAJA Palencia<\/title>\n<meta name=\"description\" content=\"Ayer tuvo lugar una conferencia sobre las formas de controlar el ballico (Lolium rigidum) en las explotaciones agrarias de la provincia de Palencia. El\" \/>\n<meta name=\"robots\" content=\"index, follow, max-snippet:-1, max-image-preview:large, max-video-preview:-1\" \/>\n<link rel=\"canonical\" href=\"https:\/\/www.asajacyl.com\/palencia\/asaja-palencia-informa\/el-control-del-ballico-clave-en-los-cultivos-de-palencia\" \/>\n<meta property=\"og:locale\" content=\"es_ES\" \/>\n<meta property=\"og:type\" content=\"article\" \/>\n<meta property=\"og:title\" content=\"El control del ballico, clave en los cultivos de Palencia - ASAJA Palencia\" \/>\n<meta property=\"og:description\" content=\"Ayer tuvo lugar una conferencia sobre las formas de controlar el ballico (Lolium rigidum) en las explotaciones agrarias de la provincia de Palencia. El\" \/>\n<meta property=\"og:url\" content=\"https:\/\/www.asajacyl.com\/palencia\/asaja-palencia-informa\/el-control-del-ballico-clave-en-los-cultivos-de-palencia\" \/>\n<meta property=\"og:site_name\" content=\"ASAJA Palencia\" \/>\n<meta property=\"article:published_time\" content=\"2021-10-08T05:21:37+00:00\" \/>\n<meta property=\"article:modified_time\" content=\"2021-10-09T00:09:22+00:00\" \/>\n<meta property=\"og:image\" content=\"https:\/\/www.asajacyl.com\/palencia\/wp-content\/uploads\/sites\/3\/2021\/10\/IMG_6048.jpg\" \/>\n\t<meta property=\"og:image:width\" content=\"2500\" \/>\n\t<meta property=\"og:image:height\" content=\"1322\" \/>\n\t<meta property=\"og:image:type\" content=\"image\/jpeg\" \/>\n<meta name=\"author\" content=\"Administrador\" \/>\n<meta name=\"twitter:card\" content=\"summary_large_image\" \/>\n<meta name=\"twitter:label1\" content=\"Escrito por\" \/>\n\t<meta name=\"twitter:data1\" content=\"Administrador\" \/>\n\t<meta name=\"twitter:label2\" content=\"Tiempo de lectura\" \/>\n\t<meta name=\"twitter:data2\" content=\"1 minuto\" \/>\n<script type=\"application\/ld+json\" class=\"yoast-schema-graph\">{\"@context\":\"https:\/\/schema.org\",\"@graph\":[{\"@type\":\"WebPage\",\"@id\":\"https:\/\/www.asajacyl.com\/palencia\/asaja-palencia-informa\/el-control-del-ballico-clave-en-los-cultivos-de-palencia\",\"url\":\"https:\/\/www.asajacyl.com\/palencia\/asaja-palencia-informa\/el-control-del-ballico-clave-en-los-cultivos-de-palencia\",\"name\":\"El control del ballico, clave en los cultivos de Palencia - ASAJA Palencia\",\"isPartOf\":{\"@id\":\"https:\/\/www.asajacyl.com\/palencia\/#website\"},\"primaryImageOfPage\":{\"@id\":\"https:\/\/www.asajacyl.com\/palencia\/asaja-palencia-informa\/el-control-del-ballico-clave-en-los-cultivos-de-palencia#primaryimage\"},\"image\":{\"@id\":\"https:\/\/www.asajacyl.com\/palencia\/asaja-palencia-informa\/el-control-del-ballico-clave-en-los-cultivos-de-palencia#primaryimage\"},\"thumbnailUrl\":\"https:\/\/www.asajacyl.com\/palencia\/wp-content\/uploads\/sites\/3\/2021\/10\/IMG_6048.jpg\",\"datePublished\":\"2021-10-08T05:21:37+00:00\",\"dateModified\":\"2021-10-09T00:09:22+00:00\",\"author\":{\"@id\":\"https:\/\/www.asajacyl.com\/palencia\/#\/schema\/person\/3ab17aeb03527485c317557fae64aab1\"},\"description\":\"Ayer tuvo lugar una conferencia sobre las formas de controlar el ballico (Lolium rigidum) en las explotaciones agrarias de la provincia de Palencia. El\",\"breadcrumb\":{\"@id\":\"https:\/\/www.asajacyl.com\/palencia\/asaja-palencia-informa\/el-control-del-ballico-clave-en-los-cultivos-de-palencia#breadcrumb\"},\"inLanguage\":\"es\",\"potentialAction\":[{\"@type\":\"ReadAction\",\"target\":[\"https:\/\/www.asajacyl.com\/palencia\/asaja-palencia-informa\/el-control-del-ballico-clave-en-los-cultivos-de-palencia\"]}]},{\"@type\":\"ImageObject\",\"inLanguage\":\"es\",\"@id\":\"https:\/\/www.asajacyl.com\/palencia\/asaja-palencia-informa\/el-control-del-ballico-clave-en-los-cultivos-de-palencia#primaryimage\",\"url\":\"https:\/\/www.asajacyl.com\/palencia\/wp-content\/uploads\/sites\/3\/2021\/10\/IMG_6048.jpg\",\"contentUrl\":\"https:\/\/www.asajacyl.com\/palencia\/wp-content\/uploads\/sites\/3\/2021\/10\/IMG_6048.jpg\",\"width\":2500,\"height\":1322},{\"@type\":\"BreadcrumbList\",\"@id\":\"https:\/\/www.asajacyl.com\/palencia\/asaja-palencia-informa\/el-control-del-ballico-clave-en-los-cultivos-de-palencia#breadcrumb\",\"itemListElement\":[{\"@type\":\"ListItem\",\"position\":1,\"name\":\"Portada\",\"item\":\"https:\/\/www.asajacyl.com\/palencia\/\"},{\"@type\":\"ListItem\",\"position\":2,\"name\":\"El control del ballico, clave en los cultivos de Palencia\"}]},{\"@type\":\"WebSite\",\"@id\":\"https:\/\/www.asajacyl.com\/palencia\/#website\",\"url\":\"https:\/\/www.asajacyl.com\/palencia\/\",\"name\":\"ASAJA Palencia\",\"description\":\"Otro sitio m\u00e1s de Provincias ASAJA Castilla y Le\u00f3n\",\"potentialAction\":[{\"@type\":\"SearchAction\",\"target\":{\"@type\":\"EntryPoint\",\"urlTemplate\":\"https:\/\/www.asajacyl.com\/palencia\/?s={search_term_string}\"},\"query-input\":{\"@type\":\"PropertyValueSpecification\",\"valueRequired\":true,\"valueName\":\"search_term_string\"}}],\"inLanguage\":\"es\"},{\"@type\":\"Person\",\"@id\":\"https:\/\/www.asajacyl.com\/palencia\/#\/schema\/person\/3ab17aeb03527485c317557fae64aab1\",\"name\":\"Administrador\",\"image\":{\"@type\":\"ImageObject\",\"inLanguage\":\"es\",\"@id\":\"https:\/\/www.asajacyl.com\/palencia\/#\/schema\/person\/image\/\",\"url\":\"https:\/\/secure.gravatar.com\/avatar\/517384810d242ca9e38c180f3c9fb973?s=96&d=mm&r=g\",\"contentUrl\":\"https:\/\/secure.gravatar.com\/avatar\/517384810d242ca9e38c180f3c9fb973?s=96&d=mm&r=g\",\"caption\":\"Administrador\"},\"url\":\"https:\/\/www.asajacyl.com\/palencia\/author\/carlosrm\"}]}<\/script>\n<!-- \/ Yoast SEO plugin. -->","yoast_head_json":{"title":"El control del ballico, clave en los cultivos de Palencia - ASAJA Palencia","description":"Ayer tuvo lugar una conferencia sobre las formas de controlar el ballico (Lolium rigidum) en las explotaciones agrarias de la provincia de Palencia. El","robots":{"index":"index","follow":"follow","max-snippet":"max-snippet:-1","max-image-preview":"max-image-preview:large","max-video-preview":"max-video-preview:-1"},"canonical":"https:\/\/www.asajacyl.com\/palencia\/asaja-palencia-informa\/el-control-del-ballico-clave-en-los-cultivos-de-palencia","og_locale":"es_ES","og_type":"article","og_title":"El control del ballico, clave en los cultivos de Palencia - ASAJA Palencia","og_description":"Ayer tuvo lugar una conferencia sobre las formas de controlar el ballico (Lolium rigidum) en las explotaciones agrarias de la provincia de Palencia. El","og_url":"https:\/\/www.asajacyl.com\/palencia\/asaja-palencia-informa\/el-control-del-ballico-clave-en-los-cultivos-de-palencia","og_site_name":"ASAJA Palencia","article_published_time":"2021-10-08T05:21:37+00:00","article_modified_time":"2021-10-09T00:09:22+00:00","og_image":[{"width":2500,"height":1322,"url":"https:\/\/www.asajacyl.com\/palencia\/wp-content\/uploads\/sites\/3\/2021\/10\/IMG_6048.jpg","type":"image\/jpeg"}],"author":"Administrador","twitter_card":"summary_large_image","twitter_misc":{"Escrito por":"Administrador","Tiempo de lectura":"1 minuto"},"schema":{"@context":"https:\/\/schema.org","@graph":[{"@type":"WebPage","@id":"https:\/\/www.asajacyl.com\/palencia\/asaja-palencia-informa\/el-control-del-ballico-clave-en-los-cultivos-de-palencia","url":"https:\/\/www.asajacyl.com\/palencia\/asaja-palencia-informa\/el-control-del-ballico-clave-en-los-cultivos-de-palencia","name":"El control del ballico, clave en los cultivos de Palencia - ASAJA Palencia","isPartOf":{"@id":"https:\/\/www.asajacyl.com\/palencia\/#website"},"primaryImageOfPage":{"@id":"https:\/\/www.asajacyl.com\/palencia\/asaja-palencia-informa\/el-control-del-ballico-clave-en-los-cultivos-de-palencia#primaryimage"},"image":{"@id":"https:\/\/www.asajacyl.com\/palencia\/asaja-palencia-informa\/el-control-del-ballico-clave-en-los-cultivos-de-palencia#primaryimage"},"thumbnailUrl":"https:\/\/www.asajacyl.com\/palencia\/wp-content\/uploads\/sites\/3\/2021\/10\/IMG_6048.jpg","datePublished":"2021-10-08T05:21:37+00:00","dateModified":"2021-10-09T00:09:22+00:00","author":{"@id":"https:\/\/www.asajacyl.com\/palencia\/#\/schema\/person\/3ab17aeb03527485c317557fae64aab1"},"description":"Ayer tuvo lugar una conferencia sobre las formas de controlar el ballico (Lolium rigidum) en las explotaciones agrarias de la provincia de Palencia. El","breadcrumb":{"@id":"https:\/\/www.asajacyl.com\/palencia\/asaja-palencia-informa\/el-control-del-ballico-clave-en-los-cultivos-de-palencia#breadcrumb"},"inLanguage":"es","potentialAction":[{"@type":"ReadAction","target":["https:\/\/www.asajacyl.com\/palencia\/asaja-palencia-informa\/el-control-del-ballico-clave-en-los-cultivos-de-palencia"]}]},{"@type":"ImageObject","inLanguage":"es","@id":"https:\/\/www.asajacyl.com\/palencia\/asaja-palencia-informa\/el-control-del-ballico-clave-en-los-cultivos-de-palencia#primaryimage","url":"https:\/\/www.asajacyl.com\/palencia\/wp-content\/uploads\/sites\/3\/2021\/10\/IMG_6048.jpg","contentUrl":"https:\/\/www.asajacyl.com\/palencia\/wp-content\/uploads\/sites\/3\/2021\/10\/IMG_6048.jpg","width":2500,"height":1322},{"@type":"BreadcrumbList","@id":"https:\/\/www.asajacyl.com\/palencia\/asaja-palencia-informa\/el-control-del-ballico-clave-en-los-cultivos-de-palencia#breadcrumb","itemListElement":[{"@type":"ListItem","position":1,"name":"Portada","item":"https:\/\/www.asajacyl.com\/palencia\/"},{"@type":"ListItem","position":2,"name":"El control del ballico, clave en los cultivos de Palencia"}]},{"@type":"WebSite","@id":"https:\/\/www.asajacyl.com\/palencia\/#website","url":"https:\/\/www.asajacyl.com\/palencia\/","name":"ASAJA Palencia","description":"Otro sitio m\u00e1s de Provincias ASAJA Castilla y Le\u00f3n","potentialAction":[{"@type":"SearchAction","target":{"@type":"EntryPoint","urlTemplate":"https:\/\/www.asajacyl.com\/palencia\/?s={search_term_string}"},"query-input":{"@type":"PropertyValueSpecification","valueRequired":true,"valueName":"search_term_string"}}],"inLanguage":"es"},{"@type":"Person","@id":"https:\/\/www.asajacyl.com\/palencia\/#\/schema\/person\/3ab17aeb03527485c317557fae64aab1","name":"Administrador","image":{"@type":"ImageObject","inLanguage":"es","@id":"https:\/\/www.asajacyl.com\/palencia\/#\/schema\/person\/image\/","url":"https:\/\/secure.gravatar.com\/avatar\/517384810d242ca9e38c180f3c9fb973?s=96&d=mm&r=g","contentUrl":"https:\/\/secure.gravatar.com\/avatar\/517384810d242ca9e38c180f3c9fb973?s=96&d=mm&r=g","caption":"Administrador"},"url":"https:\/\/www.asajacyl.com\/palencia\/author\/carlosrm"}]}},"_links":{"self":[{"href":"https:\/\/www.asajacyl.com\/palencia\/wp-json\/wp\/v2\/posts\/9024"}],"collection":[{"href":"https:\/\/www.asajacyl.com\/palencia\/wp-json\/wp\/v2\/posts"}],"about":[{"href":"https:\/\/www.asajacyl.com\/palencia\/wp-json\/wp\/v2\/types\/post"}],"author":[{"embeddable":true,"href":"https:\/\/www.asajacyl.com\/palencia\/wp-json\/wp\/v2\/users\/9"}],"replies":[{"embeddable":true,"href":"https:\/\/www.asajacyl.com\/palencia\/wp-json\/wp\/v2\/comments?post=9024"}],"version-history":[{"count":1,"href":"https:\/\/www.asajacyl.com\/palencia\/wp-json\/wp\/v2\/posts\/9024\/revisions"}],"predecessor-version":[{"id":9026,"href":"https:\/\/www.asajacyl.com\/palencia\/wp-json\/wp\/v2\/posts\/9024\/revisions\/9026"}],"wp:featuredmedia":[{"embeddable":true,"href":"https:\/\/www.asajacyl.com\/palencia\/wp-json\/wp\/v2\/media\/9025"}],"wp:attachment":[{"href":"https:\/\/www.asajacyl.com\/palencia\/wp-json\/wp\/v2\/media?parent=9024"}],"wp:term":[{"taxonomy":"category","embeddable":true,"href":"https:\/\/www.asajacyl.com\/palencia\/wp-json\/wp\/v2\/categories?post=9024"},{"taxonomy":"post_tag","embeddable":true,"href":"https:\/\/www.asajacyl.com\/palencia\/wp-json\/wp\/v2\/tags?post=9024"}],"curies":[{"name":"wp","href":"https:\/\/api.w.org\/{rel}","templated":true}]}}