{"id":9048,"date":"2021-10-15T16:52:22","date_gmt":"2021-10-15T14:52:22","guid":{"rendered":"https:\/\/www.asajacyl.com\/palencia\/?p=9048"},"modified":"2021-10-14T06:53:46","modified_gmt":"2021-10-14T04:53:46","slug":"de-la-granja-a-la-mesa-es-hora-de-hacer-caso-a-los-datos-disponibles","status":"publish","type":"post","link":"https:\/\/www.asajacyl.com\/palencia\/asaja-palencia-informa\/de-la-granja-a-la-mesa-es-hora-de-hacer-caso-a-los-datos-disponibles","title":{"rendered":"De la granja a la mesa: Es hora de hacer caso a los datos disponibles"},"content":{"rendered":"\n<p>Todos los actores de la cadena de suministro alimentario respaldan los principios fundamentales de la estrategia \u00abDe la granja a mesa\u00bb y coinciden en que se precisan mejoras continuas y significativas para aportar un planteamiento m\u00e1s sostenible a nuestros sistemas alimentarios. Sin embargo, varios estudios sobre la estrategia \u00abDe la granja a la mesa\u00bb recientemente publicados se\u00f1alan que aplicar las metas que se proponen en su estado actual traer\u00e1 consigo un coste elevado para los agricultores de la UE y afectar\u00e1 a la viabilidad misma de todo el sector agroalimentario europeo.<\/p>\n\n\n\n<p>Ya ha pasado el momento de transmitir mensajes pol\u00edticos sobre esta estrategia y ha llegado la hora de analizar los datos de que disponemos actualmente. En los \u00faltimos meses se han realizado diversos informes y estudios para intentar evaluar y medir los efectos de las metas que fij\u00f3 la Comisi\u00f3n Europea al presentar la estrategia \u00abDe la granja a la mesa\u00bb y la estrategia sobre Biodiversidad en mayo de 2020.<\/p>\n\n\n\n<p>Los distintos estudios que han llevado a cabo el Departamento de Agricultura de EE.UU. (USDA), la <a href=\"https:\/\/hffa-research.com\/wp-content\/uploads\/2021\/05\/HFFA-Research-The-socio-economic-and-environmental-values-of-plant-breeding-in-the-EU.pdf\">consultora HFFA Research<\/a>, el Centro Com\u00fan de Investigaci\u00f3n de la UE (CCI), la Universidad de Kiel y la Universidad y centro de Investigaci\u00f3n de Wageningen (WUR) respectivamente, concluyen que existen diversos efectos, contrapartidas y \u00e1ngulos muertos significativos que los legisladores de la UE (y de otras partes del mundo) deben tomar en consideraci\u00f3n urgentemente. He aqu\u00ed algunos ejemplos:<\/p>\n\n\n\n<ul><li>El <a href=\"https:\/\/op.europa.eu\/en\/publication-detail\/-\/publication\/65064349-f0dd-11eb-a71c-01aa75ed71a1\/language-en\">estudio del CCI<\/a> pronostica que la reducci\u00f3n de entre el 40% y el 60% de las emisiones de GEI provenientes de la agricultura, que se espera gracias a la ejecuci\u00f3n de las metas de la estrategia \u00abDe la granja a la mesa\u00bb, provocar\u00e1 a su vez una externalizaci\u00f3n de la producci\u00f3n agr\u00edcola europea, y de sus emisiones, a pa\u00edses extracomunitarios.<\/li><li>El <a href=\"https:\/\/grain-club.de\/fileadmin\/user_upload\/Dokumente\/Farm_to_fork_Studie_Executive_Summary_EN.pdf\">estudio de la Universidad de Kiel<\/a> concluye que Europea podr\u00eda convertirse en un importador neto de alimentos, lo cual ser\u00eda totalmente contrario al principio de autonom\u00eda estrat\u00e9gica abierta que propugn\u00f3 la Comisi\u00f3n Europea durante la crisis de la COVID-19.<\/li><li>El <a href=\"https:\/\/www.fas.usda.gov\/newsroom\/economic-and-food-security-impacts-eu-farm-fork-strategy\">estudio del USDA<\/a>, por su parte, llega a la conclusi\u00f3n de que las metas que se fijan en la estrategia \u00abDe la granja a la mesa\u00bb podr\u00edan poner en peligro la seguridad alimentaria de 22 millones de personas.<\/li><\/ul>\n\n\n\n<p><strong>\u00bfPor qu\u00e9 no se analizan estos datos en Europa?<\/strong><\/p>\n\n\n\n<p>Todos estos estudios, con metodolog\u00edas diferentes, puntos de estudio diferentes y ciertas limitaciones, son complementarios. Pero todos llegan a la misma conclusi\u00f3n: La producci\u00f3n agr\u00edcola de la UE disminuir\u00e1, en algunas zonas y en determinados productos<br>incluso dr\u00e1sticamente. A tenor del estudio m\u00e1s reciente de la Universidad de Wageningen (WUR), se espera una ca\u00edda de la producci\u00f3n media de entre el 10% y el 20%<sup><strong>[1]<\/strong><\/sup>, debido a los efectos acumulativos de las metas en cuesti\u00f3n, pudiendo ser incluso del 30% en el caso de determinados cultivos.<\/p>\n\n\n\n<p>En cuanto a la producci\u00f3n ganadera, el estudio de la Universidad de Kiel apunta a una reducci\u00f3n media del 20% en la producci\u00f3n de carne de vacuno en la UE, adem\u00e1s de una disminuci\u00f3n del 17% en la producci\u00f3n de carne de cerdo. Por a\u00f1adidura, un documento de pol\u00edtica m\u00e1s exhaustivo, tambi\u00e9n de la WUR y que se publicar\u00e1 pr\u00f3ximamente, confirma una disminuci\u00f3n general en la producci\u00f3n de carne de vacuno, porcino y de leche, que desencadenar\u00e1 un encarecimiento de los precios al consumidor en la UE, pero tambi\u00e9n causar\u00e1 efectos cuestionables en la renta de los ganaderos.<\/p>\n\n\n\n<p>Los datos evidencian inequ\u00edvocamente que se observar\u00e1n efectos en el comercio, la renta de los agricultores y, en \u00faltima instancia, en los precios al consumo. En semejantes condiciones, cambiar el sistema alimentario ser\u00e1 una tarea mucho m\u00e1s ardua, y aplicar impuestos al consumo (tal y como propuso el Parlamento Europeo), podr\u00eda suponer una injusticia social.<\/p>\n\n\n\n<p>Todos los eslabones de la cadena de suministro agroalimentario somos conscientes de los desaf\u00edos medioambientales y clim\u00e1ticos de hoy en d\u00eda. Todos estamos comprometidos a poner nuestro grano de arena para mitigar los efectos negativos del cambio clim\u00e1tico. La producci\u00f3n agr\u00edcola europea, no en vano, es una de las m\u00e1s respetuosas del mundo con los recursos naturales y el medio ambiente. Aun as\u00ed, los productores europeos consideran que con la innovaci\u00f3n y las ayudas pertinentes como pieza central de la pol\u00edtica agr\u00edcola de la UE los agricultores seguir\u00e1n produciendo incluso de forma m\u00e1s sostenible. Entendemos las expectativas de la sociedad y los legisladores en el \u00e1mbito de la producci\u00f3n alimentaria. Sin embargo, imponer \u00abmetas pol\u00edticas que no se sustentan en datos\u00bb provocar\u00e1 efectos perjudiciales para la agricultura europea. Por ello, debemos elaborar pol\u00edticas orientadas a hallar soluciones, fundadas en los datos disponibles y con la innovaci\u00f3n como motor principal.<\/p>\n\n\n\n<p>Por otra parte, para hablar de soluciones, necesitamos entender de la misma manera cu\u00e1les son los desaf\u00edos que tendremos que afrontar al perseguir los objetivos de la estrategia \u00abDe la granja a la mesa\u00bb. Esta comprensi\u00f3n com\u00fan deber\u00eda sustentarse en una evaluaci\u00f3n exhaustiva de los efectos acumulativos realizada por la Comisi\u00f3n Europea. El estudio m\u00e1s reciente de la Universidad de Wageningen, que analiza diferentes supuestos, muestra claramente que analizar las metas de la estrategia \u00abDe la granja a la mesa\u00bb de forma aislada (como la Comisi\u00f3n parece tener la intenci\u00f3n de hacer de ahora en adelante) solo aportar\u00e1 una visi\u00f3n parcial de los efectos acumulativos que soportar\u00e1n realmente los agricultores y actores del sector agroalimentario.<\/p>\n\n\n\n<p>En lo que nos ata\u00f1e, deseamos tanto como la Comisi\u00f3n poner fin a este debate sobre la necesidad de llevar a cabo una evaluaci\u00f3n de los efectos acumulativos. Exigimos una evaluaci\u00f3n exhaustiva, porque queremos comprender d\u00f3nde es probable que aparezcan efectos acumulativos, para poder pasar a hablar de soluciones concretas.<\/p>\n\n\n\n<p>El modelo europeo de producci\u00f3n alimentaria, cuya punta de lanza es la Pol\u00edtica Agr\u00edcola Com\u00fan, es uno de los mayores \u00e9xitos de la Uni\u00f3n Europea. Por ello no terminamos de entender este supuesto intento de retroceder en nuestros progresos e ignorar nuestros logros, mientras nuestros socios comerciales ya empiezan a pensar en c\u00f3mo aprovechar los vac\u00edos y lagunas de producci\u00f3n que se generen en Europa.<\/p>\n\n\n\n<p>Adem\u00e1s, si se cumplen los pron\u00f3sticos de todos los investigadores que han evaluado los efectos de las propuestas actuales de la Comisi\u00f3n, es decir: si disminuye la producci\u00f3n de la UE, las importaciones comunitarias de materias primas e ingredientes para la industria alimentaria incrementar\u00e1n considerablemente, creando una dependencia de la UE respecto a las importaciones necesarias para alimentar a su poblaci\u00f3n. Ello, a su vez, provocar\u00e1 riesgos pol\u00edticos y para la seguridad alimentaria de los consumidores europeos.<\/p>\n\n\n\n<p>Ha llegado la hora de que la Comisi\u00f3n Europea lleve a cabo una evaluaci\u00f3n del impacto integral. El plazo de la estrategia \u00abDe la granja a la mesa\u00bb es inminente. Ocho a\u00f1os no son muchos en el sector agr\u00edcola. El tiempo apremia y necesitamos propuestas concretas para entablar un debate en profundidad sobre las opciones que escogemos: un debate que se sustente en los datos m\u00e1s rigurosos.<\/p>\n\n\n\n<p><strong>[1]<\/strong> Resumen de los resultados del supuesto 4: red. del uso de plaguicidas y nutrientes, 10% retirado de la producci\u00f3n.<\/p>\n\n\n\n<figure class=\"wp-block-image size-large\"><img decoding=\"async\" src=\"https:\/\/www.asajacyl.com\/palencia\/wp-content\/uploads\/sites\/3\/2021\/10\/image-3-1-1024x421.jpg\" alt=\"\" class=\"wp-image-9052\" \/><\/figure>\n\n\n\n<p>Agriculture and Progress: Plataforma europea para la producci\u00f3n agr\u00edcola sostenible<br>Agri-food Chain Coalition: Iniciativa conjunta de la cadena agroalimentaria europea<br>AnimalHealthEurope: Industria europea de medicamentos veterinarios<br>AVEC: Asociaci\u00f3n Europea de transformadores av\u00edcolas y comercio av\u00edcola<br>CEFS: Asociaci\u00f3n europea de fabricantes de az\u00facar<br>CEJA: Consejo europeo de j\u00f3venes agricultores<br>CEMA: Industria europea de maquinaria agr\u00edcola<br>CEPM: Confederaci\u00f3n europea de productores de ma\u00edz<br>CEVI: Confederaci\u00f3n europea de viticultores independientes<br>CIBE: Confederaci\u00f3n internacional de cultivadores de remolacha europeos<br>Clitravi: Centro de enlace de la industria c\u00e1rnica de la Uni\u00f3n Europea<br>COCERAL: Asociaci\u00f3n europea de comercio de cereales, semillas oleaginosas, legumbres, aceite<br>de oliva, aceites y grasas, alimentaci\u00f3n animal y agroalimentaci\u00f3n<br>Copa-Cogeca: Agricultores europeos y Cooperativas agrarias europeas<br>CropLife Europe: Industria europea de la protecci\u00f3n de cultivos<br>EBB: Consejo europeo del biodi\u00e9sel<br>|4E 4DA: Asociaci\u00f3n europea del sector l\u00e1cteo<br>EFFAB: Foro europeo de ganaderos de reproducci\u00f3n<br>ELO: Organizaci\u00f3n europea de propietarios de tierras<br>European Livestock Voice: Plataforma europea de la cadena de suministro ganadero<br>Euro Foie Gras: Federaci\u00f3n europea del foie gras<br>Euroseeds: Sector europeo de las semillas<br>ePURE: Industria europea del etanol renovable<br>UECBV: Comerciantes europeos de productos ganaderos y c\u00e1rnicos<br>FEFAC: Federaci\u00f3n europea de fabricantes de piensos<br>FEFANA: Asociaci\u00f3n europea de ingredientes especiales para piensos y sus mezclas<br>Fertilizers Europe: Productores europeos de fertilizantes<br>IBC: Confederaci\u00f3n internacional de carniceros<\/p>\n\n\n\n<p><\/p>\n","protected":false},"excerpt":{"rendered":"<p>Todos los actores de la cadena de suministro alimentario respaldan los principios fundamentales de la estrategia \u00abDe la granja a mesa\u00bb y coinciden en que se precisan mejoras continuas y significativas para aportar un planteamiento m\u00e1s sostenible a nuestros sistemas alimentarios. Sin embargo, varios estudios sobre la estrategia \u00abDe la granja a la mesa\u00bb recientemente [&hellip;]<\/p>\n","protected":false},"author":9,"featured_media":9051,"comment_status":"open","ping_status":"open","sticky":false,"template":"","format":"standard","meta":{"footnotes":""},"categories":[9,29,28],"tags":[],"yoast_head":"<!-- This site is optimized with the Yoast SEO plugin v24.5 - https:\/\/yoast.com\/wordpress\/plugins\/seo\/ -->\n<title>De la granja a la mesa: Es hora de hacer caso a los datos disponibles - ASAJA Palencia<\/title>\n<meta name=\"description\" content=\"Todos los actores de la cadena de suministro alimentario respaldan los principios fundamentales de la estrategia \u00abDe la granja a mesa\u00bb y coinciden en que\" \/>\n<meta name=\"robots\" content=\"index, follow, max-snippet:-1, max-image-preview:large, max-video-preview:-1\" \/>\n<link rel=\"canonical\" href=\"https:\/\/www.asajacyl.com\/palencia\/asaja-palencia-informa\/de-la-granja-a-la-mesa-es-hora-de-hacer-caso-a-los-datos-disponibles\" \/>\n<meta property=\"og:locale\" content=\"es_ES\" \/>\n<meta property=\"og:type\" content=\"article\" \/>\n<meta property=\"og:title\" content=\"De la granja a la mesa: Es hora de hacer caso a los datos disponibles - ASAJA Palencia\" \/>\n<meta property=\"og:description\" content=\"Todos los actores de la cadena de suministro alimentario respaldan los principios fundamentales de la estrategia \u00abDe la granja a mesa\u00bb y coinciden en que\" \/>\n<meta property=\"og:url\" content=\"https:\/\/www.asajacyl.com\/palencia\/asaja-palencia-informa\/de-la-granja-a-la-mesa-es-hora-de-hacer-caso-a-los-datos-disponibles\" \/>\n<meta property=\"og:site_name\" content=\"ASAJA Palencia\" \/>\n<meta property=\"article:published_time\" content=\"2021-10-15T14:52:22+00:00\" \/>\n<meta property=\"og:image\" content=\"https:\/\/www.asajacyl.com\/palencia\/wp-content\/uploads\/sites\/3\/2021\/10\/image-3.jpg\" \/>\n\t<meta property=\"og:image:width\" content=\"1174\" \/>\n\t<meta property=\"og:image:height\" content=\"483\" \/>\n\t<meta property=\"og:image:type\" content=\"image\/jpeg\" \/>\n<meta name=\"author\" content=\"Administrador\" \/>\n<meta name=\"twitter:card\" content=\"summary_large_image\" \/>\n<meta name=\"twitter:label1\" content=\"Escrito por\" \/>\n\t<meta name=\"twitter:data1\" content=\"Administrador\" \/>\n\t<meta name=\"twitter:label2\" content=\"Tiempo de lectura\" \/>\n\t<meta name=\"twitter:data2\" content=\"7 minutos\" \/>\n<script type=\"application\/ld+json\" class=\"yoast-schema-graph\">{\"@context\":\"https:\/\/schema.org\",\"@graph\":[{\"@type\":\"WebPage\",\"@id\":\"https:\/\/www.asajacyl.com\/palencia\/asaja-palencia-informa\/de-la-granja-a-la-mesa-es-hora-de-hacer-caso-a-los-datos-disponibles\",\"url\":\"https:\/\/www.asajacyl.com\/palencia\/asaja-palencia-informa\/de-la-granja-a-la-mesa-es-hora-de-hacer-caso-a-los-datos-disponibles\",\"name\":\"De la granja a la mesa: Es hora de hacer caso a los datos disponibles - ASAJA Palencia\",\"isPartOf\":{\"@id\":\"https:\/\/www.asajacyl.com\/palencia\/#website\"},\"primaryImageOfPage\":{\"@id\":\"https:\/\/www.asajacyl.com\/palencia\/asaja-palencia-informa\/de-la-granja-a-la-mesa-es-hora-de-hacer-caso-a-los-datos-disponibles#primaryimage\"},\"image\":{\"@id\":\"https:\/\/www.asajacyl.com\/palencia\/asaja-palencia-informa\/de-la-granja-a-la-mesa-es-hora-de-hacer-caso-a-los-datos-disponibles#primaryimage\"},\"thumbnailUrl\":\"https:\/\/www.asajacyl.com\/palencia\/wp-content\/uploads\/sites\/3\/2021\/10\/image-3.jpg\",\"datePublished\":\"2021-10-15T14:52:22+00:00\",\"author\":{\"@id\":\"https:\/\/www.asajacyl.com\/palencia\/#\/schema\/person\/3ab17aeb03527485c317557fae64aab1\"},\"description\":\"Todos los actores de la cadena de suministro alimentario respaldan los principios fundamentales de la estrategia \u00abDe la granja a mesa\u00bb y coinciden en que\",\"breadcrumb\":{\"@id\":\"https:\/\/www.asajacyl.com\/palencia\/asaja-palencia-informa\/de-la-granja-a-la-mesa-es-hora-de-hacer-caso-a-los-datos-disponibles#breadcrumb\"},\"inLanguage\":\"es\",\"potentialAction\":[{\"@type\":\"ReadAction\",\"target\":[\"https:\/\/www.asajacyl.com\/palencia\/asaja-palencia-informa\/de-la-granja-a-la-mesa-es-hora-de-hacer-caso-a-los-datos-disponibles\"]}]},{\"@type\":\"ImageObject\",\"inLanguage\":\"es\",\"@id\":\"https:\/\/www.asajacyl.com\/palencia\/asaja-palencia-informa\/de-la-granja-a-la-mesa-es-hora-de-hacer-caso-a-los-datos-disponibles#primaryimage\",\"url\":\"https:\/\/www.asajacyl.com\/palencia\/wp-content\/uploads\/sites\/3\/2021\/10\/image-3.jpg\",\"contentUrl\":\"https:\/\/www.asajacyl.com\/palencia\/wp-content\/uploads\/sites\/3\/2021\/10\/image-3.jpg\",\"width\":1174,\"height\":483},{\"@type\":\"BreadcrumbList\",\"@id\":\"https:\/\/www.asajacyl.com\/palencia\/asaja-palencia-informa\/de-la-granja-a-la-mesa-es-hora-de-hacer-caso-a-los-datos-disponibles#breadcrumb\",\"itemListElement\":[{\"@type\":\"ListItem\",\"position\":1,\"name\":\"Portada\",\"item\":\"https:\/\/www.asajacyl.com\/palencia\/\"},{\"@type\":\"ListItem\",\"position\":2,\"name\":\"De la granja a la mesa: Es hora de hacer caso a los datos disponibles\"}]},{\"@type\":\"WebSite\",\"@id\":\"https:\/\/www.asajacyl.com\/palencia\/#website\",\"url\":\"https:\/\/www.asajacyl.com\/palencia\/\",\"name\":\"ASAJA Palencia\",\"description\":\"Otro sitio m\u00e1s de Provincias ASAJA Castilla y Le\u00f3n\",\"potentialAction\":[{\"@type\":\"SearchAction\",\"target\":{\"@type\":\"EntryPoint\",\"urlTemplate\":\"https:\/\/www.asajacyl.com\/palencia\/?s={search_term_string}\"},\"query-input\":{\"@type\":\"PropertyValueSpecification\",\"valueRequired\":true,\"valueName\":\"search_term_string\"}}],\"inLanguage\":\"es\"},{\"@type\":\"Person\",\"@id\":\"https:\/\/www.asajacyl.com\/palencia\/#\/schema\/person\/3ab17aeb03527485c317557fae64aab1\",\"name\":\"Administrador\",\"image\":{\"@type\":\"ImageObject\",\"inLanguage\":\"es\",\"@id\":\"https:\/\/www.asajacyl.com\/palencia\/#\/schema\/person\/image\/\",\"url\":\"https:\/\/secure.gravatar.com\/avatar\/517384810d242ca9e38c180f3c9fb973?s=96&d=mm&r=g\",\"contentUrl\":\"https:\/\/secure.gravatar.com\/avatar\/517384810d242ca9e38c180f3c9fb973?s=96&d=mm&r=g\",\"caption\":\"Administrador\"},\"url\":\"https:\/\/www.asajacyl.com\/palencia\/author\/carlosrm\"}]}<\/script>\n<!-- \/ Yoast SEO plugin. -->","yoast_head_json":{"title":"De la granja a la mesa: Es hora de hacer caso a los datos disponibles - ASAJA Palencia","description":"Todos los actores de la cadena de suministro alimentario respaldan los principios fundamentales de la estrategia \u00abDe la granja a mesa\u00bb y coinciden en que","robots":{"index":"index","follow":"follow","max-snippet":"max-snippet:-1","max-image-preview":"max-image-preview:large","max-video-preview":"max-video-preview:-1"},"canonical":"https:\/\/www.asajacyl.com\/palencia\/asaja-palencia-informa\/de-la-granja-a-la-mesa-es-hora-de-hacer-caso-a-los-datos-disponibles","og_locale":"es_ES","og_type":"article","og_title":"De la granja a la mesa: Es hora de hacer caso a los datos disponibles - ASAJA Palencia","og_description":"Todos los actores de la cadena de suministro alimentario respaldan los principios fundamentales de la estrategia \u00abDe la granja a mesa\u00bb y coinciden en que","og_url":"https:\/\/www.asajacyl.com\/palencia\/asaja-palencia-informa\/de-la-granja-a-la-mesa-es-hora-de-hacer-caso-a-los-datos-disponibles","og_site_name":"ASAJA Palencia","article_published_time":"2021-10-15T14:52:22+00:00","og_image":[{"width":1174,"height":483,"url":"https:\/\/www.asajacyl.com\/palencia\/wp-content\/uploads\/sites\/3\/2021\/10\/image-3.jpg","type":"image\/jpeg"}],"author":"Administrador","twitter_card":"summary_large_image","twitter_misc":{"Escrito por":"Administrador","Tiempo de lectura":"7 minutos"},"schema":{"@context":"https:\/\/schema.org","@graph":[{"@type":"WebPage","@id":"https:\/\/www.asajacyl.com\/palencia\/asaja-palencia-informa\/de-la-granja-a-la-mesa-es-hora-de-hacer-caso-a-los-datos-disponibles","url":"https:\/\/www.asajacyl.com\/palencia\/asaja-palencia-informa\/de-la-granja-a-la-mesa-es-hora-de-hacer-caso-a-los-datos-disponibles","name":"De la granja a la mesa: Es hora de hacer caso a los datos disponibles - ASAJA Palencia","isPartOf":{"@id":"https:\/\/www.asajacyl.com\/palencia\/#website"},"primaryImageOfPage":{"@id":"https:\/\/www.asajacyl.com\/palencia\/asaja-palencia-informa\/de-la-granja-a-la-mesa-es-hora-de-hacer-caso-a-los-datos-disponibles#primaryimage"},"image":{"@id":"https:\/\/www.asajacyl.com\/palencia\/asaja-palencia-informa\/de-la-granja-a-la-mesa-es-hora-de-hacer-caso-a-los-datos-disponibles#primaryimage"},"thumbnailUrl":"https:\/\/www.asajacyl.com\/palencia\/wp-content\/uploads\/sites\/3\/2021\/10\/image-3.jpg","datePublished":"2021-10-15T14:52:22+00:00","author":{"@id":"https:\/\/www.asajacyl.com\/palencia\/#\/schema\/person\/3ab17aeb03527485c317557fae64aab1"},"description":"Todos los actores de la cadena de suministro alimentario respaldan los principios fundamentales de la estrategia \u00abDe la granja a mesa\u00bb y coinciden en que","breadcrumb":{"@id":"https:\/\/www.asajacyl.com\/palencia\/asaja-palencia-informa\/de-la-granja-a-la-mesa-es-hora-de-hacer-caso-a-los-datos-disponibles#breadcrumb"},"inLanguage":"es","potentialAction":[{"@type":"ReadAction","target":["https:\/\/www.asajacyl.com\/palencia\/asaja-palencia-informa\/de-la-granja-a-la-mesa-es-hora-de-hacer-caso-a-los-datos-disponibles"]}]},{"@type":"ImageObject","inLanguage":"es","@id":"https:\/\/www.asajacyl.com\/palencia\/asaja-palencia-informa\/de-la-granja-a-la-mesa-es-hora-de-hacer-caso-a-los-datos-disponibles#primaryimage","url":"https:\/\/www.asajacyl.com\/palencia\/wp-content\/uploads\/sites\/3\/2021\/10\/image-3.jpg","contentUrl":"https:\/\/www.asajacyl.com\/palencia\/wp-content\/uploads\/sites\/3\/2021\/10\/image-3.jpg","width":1174,"height":483},{"@type":"BreadcrumbList","@id":"https:\/\/www.asajacyl.com\/palencia\/asaja-palencia-informa\/de-la-granja-a-la-mesa-es-hora-de-hacer-caso-a-los-datos-disponibles#breadcrumb","itemListElement":[{"@type":"ListItem","position":1,"name":"Portada","item":"https:\/\/www.asajacyl.com\/palencia\/"},{"@type":"ListItem","position":2,"name":"De la granja a la mesa: Es hora de hacer caso a los datos disponibles"}]},{"@type":"WebSite","@id":"https:\/\/www.asajacyl.com\/palencia\/#website","url":"https:\/\/www.asajacyl.com\/palencia\/","name":"ASAJA Palencia","description":"Otro sitio m\u00e1s de Provincias ASAJA Castilla y Le\u00f3n","potentialAction":[{"@type":"SearchAction","target":{"@type":"EntryPoint","urlTemplate":"https:\/\/www.asajacyl.com\/palencia\/?s={search_term_string}"},"query-input":{"@type":"PropertyValueSpecification","valueRequired":true,"valueName":"search_term_string"}}],"inLanguage":"es"},{"@type":"Person","@id":"https:\/\/www.asajacyl.com\/palencia\/#\/schema\/person\/3ab17aeb03527485c317557fae64aab1","name":"Administrador","image":{"@type":"ImageObject","inLanguage":"es","@id":"https:\/\/www.asajacyl.com\/palencia\/#\/schema\/person\/image\/","url":"https:\/\/secure.gravatar.com\/avatar\/517384810d242ca9e38c180f3c9fb973?s=96&d=mm&r=g","contentUrl":"https:\/\/secure.gravatar.com\/avatar\/517384810d242ca9e38c180f3c9fb973?s=96&d=mm&r=g","caption":"Administrador"},"url":"https:\/\/www.asajacyl.com\/palencia\/author\/carlosrm"}]}},"_links":{"self":[{"href":"https:\/\/www.asajacyl.com\/palencia\/wp-json\/wp\/v2\/posts\/9048"}],"collection":[{"href":"https:\/\/www.asajacyl.com\/palencia\/wp-json\/wp\/v2\/posts"}],"about":[{"href":"https:\/\/www.asajacyl.com\/palencia\/wp-json\/wp\/v2\/types\/post"}],"author":[{"embeddable":true,"href":"https:\/\/www.asajacyl.com\/palencia\/wp-json\/wp\/v2\/users\/9"}],"replies":[{"embeddable":true,"href":"https:\/\/www.asajacyl.com\/palencia\/wp-json\/wp\/v2\/comments?post=9048"}],"version-history":[{"count":1,"href":"https:\/\/www.asajacyl.com\/palencia\/wp-json\/wp\/v2\/posts\/9048\/revisions"}],"predecessor-version":[{"id":9053,"href":"https:\/\/www.asajacyl.com\/palencia\/wp-json\/wp\/v2\/posts\/9048\/revisions\/9053"}],"wp:featuredmedia":[{"embeddable":true,"href":"https:\/\/www.asajacyl.com\/palencia\/wp-json\/wp\/v2\/media\/9051"}],"wp:attachment":[{"href":"https:\/\/www.asajacyl.com\/palencia\/wp-json\/wp\/v2\/media?parent=9048"}],"wp:term":[{"taxonomy":"category","embeddable":true,"href":"https:\/\/www.asajacyl.com\/palencia\/wp-json\/wp\/v2\/categories?post=9048"},{"taxonomy":"post_tag","embeddable":true,"href":"https:\/\/www.asajacyl.com\/palencia\/wp-json\/wp\/v2\/tags?post=9048"}],"curies":[{"name":"wp","href":"https:\/\/api.w.org\/{rel}","templated":true}]}}