{"id":9073,"date":"2021-10-18T13:25:59","date_gmt":"2021-10-18T11:25:59","guid":{"rendered":"https:\/\/www.asajacyl.com\/palencia\/?p=9073"},"modified":"2021-11-14T11:23:30","modified_gmt":"2021-11-14T10:23:30","slug":"los-cultivadores-de-maiz-se-manifiestan-a-las-puertas-del-ministerio-de-agricultura","status":"publish","type":"post","link":"https:\/\/www.asajacyl.com\/palencia\/asaja-palencia-informa\/los-cultivadores-de-maiz-se-manifiestan-a-las-puertas-del-ministerio-de-agricultura","title":{"rendered":"Los cultivadores de ma\u00edz se manifiestan a las puertas del Ministerio de Agricultura"},"content":{"rendered":"\n<p>Varios centenares de cultivadores de ma\u00edz de ASAJA, se han manifestado frente a las puertas del Ministerio de Agricultura, Pesca y Alimentaci\u00f3n contra el prop\u00f3sito del organismo de imponer severas restricciones para esta producci\u00f3n en el Plan Estrat\u00e9gico nacional para la nueva PAC. <\/p>\n\n\n\n<p>La concentraci\u00f3n, ha reunido a varios centenares de productores, acompa\u00f1ados por los responsables nacional y regional de ASAJA, Pedro Barato y Donaciano Dujo, respectivamente, as\u00ed como por los presidentes provinciales.<\/p>\n\n\n\n<p>Las limitaciones que propone el Ministerio, y en especial la imposici\u00f3n en la condicionalidad reforzada de la rotaci\u00f3n de cultivos a nivel de parcela, adem\u00e1s de pr\u00e1cticas marcadas en los ecoesquemas, se traducir\u00e1n en una reducci\u00f3n brutal de la superficie sembrada de ma\u00edz, cuando no del abandono definitivo en algunas zonas, de una producci\u00f3n en la que nuestro pa\u00eds es deficitario y que estaba arrojando buenos resultados, tanto agron\u00f3micos como de sostenibilidad, en los regad\u00edos de Castilla y Le\u00f3n. Tambi\u00e9n preocupa a los agricultores la falta de soluciones para controlar las plagas que afectan al ma\u00edz, y el alto precio de los abonos.<\/p>\n\n\n\n<figure class=\"wp-block-image size-large\"><img loading=\"lazy\" decoding=\"async\" width=\"1024\" height=\"768\" src=\"https:\/\/www.asajacyl.com\/palencia\/wp-content\/uploads\/sites\/3\/2021\/10\/MANIFESTACION-MAIZ.jpg\" alt=\"\" class=\"wp-image-9074\" srcset=\"https:\/\/www.asajacyl.com\/palencia\/wp-content\/uploads\/sites\/3\/2021\/10\/MANIFESTACION-MAIZ.jpg 1024w, https:\/\/www.asajacyl.com\/palencia\/wp-content\/uploads\/sites\/3\/2021\/10\/MANIFESTACION-MAIZ-300x225.jpg 300w, https:\/\/www.asajacyl.com\/palencia\/wp-content\/uploads\/sites\/3\/2021\/10\/MANIFESTACION-MAIZ-768x576.jpg 768w, https:\/\/www.asajacyl.com\/palencia\/wp-content\/uploads\/sites\/3\/2021\/10\/MANIFESTACION-MAIZ-696x522.jpg 696w, https:\/\/www.asajacyl.com\/palencia\/wp-content\/uploads\/sites\/3\/2021\/10\/MANIFESTACION-MAIZ-560x420.jpg 560w, https:\/\/www.asajacyl.com\/palencia\/wp-content\/uploads\/sites\/3\/2021\/10\/MANIFESTACION-MAIZ-80x60.jpg 80w\" sizes=\"(max-width: 1024px) 100vw, 1024px\" \/><\/figure>\n","protected":false},"excerpt":{"rendered":"<p>Varios centenares de cultivadores de ma\u00edz de ASAJA, se han manifestado frente a las puertas del Ministerio de Agricultura, Pesca y Alimentaci\u00f3n contra el prop\u00f3sito del organismo de imponer severas restricciones para esta producci\u00f3n en el Plan Estrat\u00e9gico nacional para la nueva PAC. La concentraci\u00f3n, ha reunido a varios centenares de productores, acompa\u00f1ados por los [&hellip;]<\/p>\n","protected":false},"author":9,"featured_media":9074,"comment_status":"open","ping_status":"open","sticky":false,"template":"","format":"standard","meta":{"footnotes":""},"categories":[9,29,28],"tags":[],"yoast_head":"<!-- This site is optimized with the Yoast SEO plugin v24.5 - https:\/\/yoast.com\/wordpress\/plugins\/seo\/ -->\n<title>Los cultivadores de ma\u00edz se manifiestan a las puertas del Ministerio de Agricultura - ASAJA Palencia<\/title>\n<meta name=\"description\" content=\"Varios centenares de cultivadores de ma\u00edz de ASAJA, se han manifestado frente a las puertas del Ministerio de Agricultura, Pesca y Alimentaci\u00f3n contra el\" \/>\n<meta name=\"robots\" content=\"index, follow, max-snippet:-1, max-image-preview:large, max-video-preview:-1\" \/>\n<link rel=\"canonical\" href=\"https:\/\/www.asajacyl.com\/palencia\/asaja-palencia-informa\/los-cultivadores-de-maiz-se-manifiestan-a-las-puertas-del-ministerio-de-agricultura\" \/>\n<meta property=\"og:locale\" content=\"es_ES\" \/>\n<meta property=\"og:type\" content=\"article\" \/>\n<meta property=\"og:title\" content=\"Los cultivadores de ma\u00edz se manifiestan a las puertas del Ministerio de Agricultura - ASAJA Palencia\" \/>\n<meta property=\"og:description\" content=\"Varios centenares de cultivadores de ma\u00edz de ASAJA, se han manifestado frente a las puertas del Ministerio de Agricultura, Pesca y Alimentaci\u00f3n contra el\" \/>\n<meta property=\"og:url\" content=\"https:\/\/www.asajacyl.com\/palencia\/asaja-palencia-informa\/los-cultivadores-de-maiz-se-manifiestan-a-las-puertas-del-ministerio-de-agricultura\" \/>\n<meta property=\"og:site_name\" content=\"ASAJA Palencia\" \/>\n<meta property=\"article:published_time\" content=\"2021-10-18T11:25:59+00:00\" \/>\n<meta property=\"article:modified_time\" content=\"2021-11-14T10:23:30+00:00\" \/>\n<meta property=\"og:image\" content=\"https:\/\/www.asajacyl.com\/palencia\/wp-content\/uploads\/sites\/3\/2021\/10\/MANIFESTACION-MAIZ.jpg\" \/>\n\t<meta property=\"og:image:width\" content=\"1024\" \/>\n\t<meta property=\"og:image:height\" content=\"768\" \/>\n\t<meta property=\"og:image:type\" content=\"image\/jpeg\" \/>\n<meta name=\"author\" content=\"Administrador\" \/>\n<meta name=\"twitter:card\" content=\"summary_large_image\" \/>\n<meta name=\"twitter:label1\" content=\"Escrito por\" \/>\n\t<meta name=\"twitter:data1\" content=\"Administrador\" \/>\n\t<meta name=\"twitter:label2\" content=\"Tiempo de lectura\" \/>\n\t<meta name=\"twitter:data2\" content=\"1 minuto\" \/>\n<script type=\"application\/ld+json\" class=\"yoast-schema-graph\">{\"@context\":\"https:\/\/schema.org\",\"@graph\":[{\"@type\":\"WebPage\",\"@id\":\"https:\/\/www.asajacyl.com\/palencia\/asaja-palencia-informa\/los-cultivadores-de-maiz-se-manifiestan-a-las-puertas-del-ministerio-de-agricultura\",\"url\":\"https:\/\/www.asajacyl.com\/palencia\/asaja-palencia-informa\/los-cultivadores-de-maiz-se-manifiestan-a-las-puertas-del-ministerio-de-agricultura\",\"name\":\"Los cultivadores de ma\u00edz se manifiestan a las puertas del Ministerio de Agricultura - ASAJA Palencia\",\"isPartOf\":{\"@id\":\"https:\/\/www.asajacyl.com\/palencia\/#website\"},\"primaryImageOfPage\":{\"@id\":\"https:\/\/www.asajacyl.com\/palencia\/asaja-palencia-informa\/los-cultivadores-de-maiz-se-manifiestan-a-las-puertas-del-ministerio-de-agricultura#primaryimage\"},\"image\":{\"@id\":\"https:\/\/www.asajacyl.com\/palencia\/asaja-palencia-informa\/los-cultivadores-de-maiz-se-manifiestan-a-las-puertas-del-ministerio-de-agricultura#primaryimage\"},\"thumbnailUrl\":\"https:\/\/www.asajacyl.com\/palencia\/wp-content\/uploads\/sites\/3\/2021\/10\/MANIFESTACION-MAIZ.jpg\",\"datePublished\":\"2021-10-18T11:25:59+00:00\",\"dateModified\":\"2021-11-14T10:23:30+00:00\",\"author\":{\"@id\":\"https:\/\/www.asajacyl.com\/palencia\/#\/schema\/person\/3ab17aeb03527485c317557fae64aab1\"},\"description\":\"Varios centenares de cultivadores de ma\u00edz de ASAJA, se han manifestado frente a las puertas del Ministerio de Agricultura, Pesca y Alimentaci\u00f3n contra el\",\"breadcrumb\":{\"@id\":\"https:\/\/www.asajacyl.com\/palencia\/asaja-palencia-informa\/los-cultivadores-de-maiz-se-manifiestan-a-las-puertas-del-ministerio-de-agricultura#breadcrumb\"},\"inLanguage\":\"es\",\"potentialAction\":[{\"@type\":\"ReadAction\",\"target\":[\"https:\/\/www.asajacyl.com\/palencia\/asaja-palencia-informa\/los-cultivadores-de-maiz-se-manifiestan-a-las-puertas-del-ministerio-de-agricultura\"]}]},{\"@type\":\"ImageObject\",\"inLanguage\":\"es\",\"@id\":\"https:\/\/www.asajacyl.com\/palencia\/asaja-palencia-informa\/los-cultivadores-de-maiz-se-manifiestan-a-las-puertas-del-ministerio-de-agricultura#primaryimage\",\"url\":\"https:\/\/www.asajacyl.com\/palencia\/wp-content\/uploads\/sites\/3\/2021\/10\/MANIFESTACION-MAIZ.jpg\",\"contentUrl\":\"https:\/\/www.asajacyl.com\/palencia\/wp-content\/uploads\/sites\/3\/2021\/10\/MANIFESTACION-MAIZ.jpg\",\"width\":1024,\"height\":768},{\"@type\":\"BreadcrumbList\",\"@id\":\"https:\/\/www.asajacyl.com\/palencia\/asaja-palencia-informa\/los-cultivadores-de-maiz-se-manifiestan-a-las-puertas-del-ministerio-de-agricultura#breadcrumb\",\"itemListElement\":[{\"@type\":\"ListItem\",\"position\":1,\"name\":\"Portada\",\"item\":\"https:\/\/www.asajacyl.com\/palencia\/\"},{\"@type\":\"ListItem\",\"position\":2,\"name\":\"Los cultivadores de ma\u00edz se manifiestan a las puertas del Ministerio de Agricultura\"}]},{\"@type\":\"WebSite\",\"@id\":\"https:\/\/www.asajacyl.com\/palencia\/#website\",\"url\":\"https:\/\/www.asajacyl.com\/palencia\/\",\"name\":\"ASAJA Palencia\",\"description\":\"Otro sitio m\u00e1s de Provincias ASAJA Castilla y Le\u00f3n\",\"potentialAction\":[{\"@type\":\"SearchAction\",\"target\":{\"@type\":\"EntryPoint\",\"urlTemplate\":\"https:\/\/www.asajacyl.com\/palencia\/?s={search_term_string}\"},\"query-input\":{\"@type\":\"PropertyValueSpecification\",\"valueRequired\":true,\"valueName\":\"search_term_string\"}}],\"inLanguage\":\"es\"},{\"@type\":\"Person\",\"@id\":\"https:\/\/www.asajacyl.com\/palencia\/#\/schema\/person\/3ab17aeb03527485c317557fae64aab1\",\"name\":\"Administrador\",\"image\":{\"@type\":\"ImageObject\",\"inLanguage\":\"es\",\"@id\":\"https:\/\/www.asajacyl.com\/palencia\/#\/schema\/person\/image\/\",\"url\":\"https:\/\/secure.gravatar.com\/avatar\/517384810d242ca9e38c180f3c9fb973?s=96&d=mm&r=g\",\"contentUrl\":\"https:\/\/secure.gravatar.com\/avatar\/517384810d242ca9e38c180f3c9fb973?s=96&d=mm&r=g\",\"caption\":\"Administrador\"},\"url\":\"https:\/\/www.asajacyl.com\/palencia\/author\/carlosrm\"}]}<\/script>\n<!-- \/ Yoast SEO plugin. -->","yoast_head_json":{"title":"Los cultivadores de ma\u00edz se manifiestan a las puertas del Ministerio de Agricultura - ASAJA Palencia","description":"Varios centenares de cultivadores de ma\u00edz de ASAJA, se han manifestado frente a las puertas del Ministerio de Agricultura, Pesca y Alimentaci\u00f3n contra el","robots":{"index":"index","follow":"follow","max-snippet":"max-snippet:-1","max-image-preview":"max-image-preview:large","max-video-preview":"max-video-preview:-1"},"canonical":"https:\/\/www.asajacyl.com\/palencia\/asaja-palencia-informa\/los-cultivadores-de-maiz-se-manifiestan-a-las-puertas-del-ministerio-de-agricultura","og_locale":"es_ES","og_type":"article","og_title":"Los cultivadores de ma\u00edz se manifiestan a las puertas del Ministerio de Agricultura - ASAJA Palencia","og_description":"Varios centenares de cultivadores de ma\u00edz de ASAJA, se han manifestado frente a las puertas del Ministerio de Agricultura, Pesca y Alimentaci\u00f3n contra el","og_url":"https:\/\/www.asajacyl.com\/palencia\/asaja-palencia-informa\/los-cultivadores-de-maiz-se-manifiestan-a-las-puertas-del-ministerio-de-agricultura","og_site_name":"ASAJA Palencia","article_published_time":"2021-10-18T11:25:59+00:00","article_modified_time":"2021-11-14T10:23:30+00:00","og_image":[{"width":1024,"height":768,"url":"https:\/\/www.asajacyl.com\/palencia\/wp-content\/uploads\/sites\/3\/2021\/10\/MANIFESTACION-MAIZ.jpg","type":"image\/jpeg"}],"author":"Administrador","twitter_card":"summary_large_image","twitter_misc":{"Escrito por":"Administrador","Tiempo de lectura":"1 minuto"},"schema":{"@context":"https:\/\/schema.org","@graph":[{"@type":"WebPage","@id":"https:\/\/www.asajacyl.com\/palencia\/asaja-palencia-informa\/los-cultivadores-de-maiz-se-manifiestan-a-las-puertas-del-ministerio-de-agricultura","url":"https:\/\/www.asajacyl.com\/palencia\/asaja-palencia-informa\/los-cultivadores-de-maiz-se-manifiestan-a-las-puertas-del-ministerio-de-agricultura","name":"Los cultivadores de ma\u00edz se manifiestan a las puertas del Ministerio de Agricultura - ASAJA Palencia","isPartOf":{"@id":"https:\/\/www.asajacyl.com\/palencia\/#website"},"primaryImageOfPage":{"@id":"https:\/\/www.asajacyl.com\/palencia\/asaja-palencia-informa\/los-cultivadores-de-maiz-se-manifiestan-a-las-puertas-del-ministerio-de-agricultura#primaryimage"},"image":{"@id":"https:\/\/www.asajacyl.com\/palencia\/asaja-palencia-informa\/los-cultivadores-de-maiz-se-manifiestan-a-las-puertas-del-ministerio-de-agricultura#primaryimage"},"thumbnailUrl":"https:\/\/www.asajacyl.com\/palencia\/wp-content\/uploads\/sites\/3\/2021\/10\/MANIFESTACION-MAIZ.jpg","datePublished":"2021-10-18T11:25:59+00:00","dateModified":"2021-11-14T10:23:30+00:00","author":{"@id":"https:\/\/www.asajacyl.com\/palencia\/#\/schema\/person\/3ab17aeb03527485c317557fae64aab1"},"description":"Varios centenares de cultivadores de ma\u00edz de ASAJA, se han manifestado frente a las puertas del Ministerio de Agricultura, Pesca y Alimentaci\u00f3n contra el","breadcrumb":{"@id":"https:\/\/www.asajacyl.com\/palencia\/asaja-palencia-informa\/los-cultivadores-de-maiz-se-manifiestan-a-las-puertas-del-ministerio-de-agricultura#breadcrumb"},"inLanguage":"es","potentialAction":[{"@type":"ReadAction","target":["https:\/\/www.asajacyl.com\/palencia\/asaja-palencia-informa\/los-cultivadores-de-maiz-se-manifiestan-a-las-puertas-del-ministerio-de-agricultura"]}]},{"@type":"ImageObject","inLanguage":"es","@id":"https:\/\/www.asajacyl.com\/palencia\/asaja-palencia-informa\/los-cultivadores-de-maiz-se-manifiestan-a-las-puertas-del-ministerio-de-agricultura#primaryimage","url":"https:\/\/www.asajacyl.com\/palencia\/wp-content\/uploads\/sites\/3\/2021\/10\/MANIFESTACION-MAIZ.jpg","contentUrl":"https:\/\/www.asajacyl.com\/palencia\/wp-content\/uploads\/sites\/3\/2021\/10\/MANIFESTACION-MAIZ.jpg","width":1024,"height":768},{"@type":"BreadcrumbList","@id":"https:\/\/www.asajacyl.com\/palencia\/asaja-palencia-informa\/los-cultivadores-de-maiz-se-manifiestan-a-las-puertas-del-ministerio-de-agricultura#breadcrumb","itemListElement":[{"@type":"ListItem","position":1,"name":"Portada","item":"https:\/\/www.asajacyl.com\/palencia\/"},{"@type":"ListItem","position":2,"name":"Los cultivadores de ma\u00edz se manifiestan a las puertas del Ministerio de Agricultura"}]},{"@type":"WebSite","@id":"https:\/\/www.asajacyl.com\/palencia\/#website","url":"https:\/\/www.asajacyl.com\/palencia\/","name":"ASAJA Palencia","description":"Otro sitio m\u00e1s de Provincias ASAJA Castilla y Le\u00f3n","potentialAction":[{"@type":"SearchAction","target":{"@type":"EntryPoint","urlTemplate":"https:\/\/www.asajacyl.com\/palencia\/?s={search_term_string}"},"query-input":{"@type":"PropertyValueSpecification","valueRequired":true,"valueName":"search_term_string"}}],"inLanguage":"es"},{"@type":"Person","@id":"https:\/\/www.asajacyl.com\/palencia\/#\/schema\/person\/3ab17aeb03527485c317557fae64aab1","name":"Administrador","image":{"@type":"ImageObject","inLanguage":"es","@id":"https:\/\/www.asajacyl.com\/palencia\/#\/schema\/person\/image\/","url":"https:\/\/secure.gravatar.com\/avatar\/517384810d242ca9e38c180f3c9fb973?s=96&d=mm&r=g","contentUrl":"https:\/\/secure.gravatar.com\/avatar\/517384810d242ca9e38c180f3c9fb973?s=96&d=mm&r=g","caption":"Administrador"},"url":"https:\/\/www.asajacyl.com\/palencia\/author\/carlosrm"}]}},"_links":{"self":[{"href":"https:\/\/www.asajacyl.com\/palencia\/wp-json\/wp\/v2\/posts\/9073"}],"collection":[{"href":"https:\/\/www.asajacyl.com\/palencia\/wp-json\/wp\/v2\/posts"}],"about":[{"href":"https:\/\/www.asajacyl.com\/palencia\/wp-json\/wp\/v2\/types\/post"}],"author":[{"embeddable":true,"href":"https:\/\/www.asajacyl.com\/palencia\/wp-json\/wp\/v2\/users\/9"}],"replies":[{"embeddable":true,"href":"https:\/\/www.asajacyl.com\/palencia\/wp-json\/wp\/v2\/comments?post=9073"}],"version-history":[{"count":3,"href":"https:\/\/www.asajacyl.com\/palencia\/wp-json\/wp\/v2\/posts\/9073\/revisions"}],"predecessor-version":[{"id":9286,"href":"https:\/\/www.asajacyl.com\/palencia\/wp-json\/wp\/v2\/posts\/9073\/revisions\/9286"}],"wp:featuredmedia":[{"embeddable":true,"href":"https:\/\/www.asajacyl.com\/palencia\/wp-json\/wp\/v2\/media\/9074"}],"wp:attachment":[{"href":"https:\/\/www.asajacyl.com\/palencia\/wp-json\/wp\/v2\/media?parent=9073"}],"wp:term":[{"taxonomy":"category","embeddable":true,"href":"https:\/\/www.asajacyl.com\/palencia\/wp-json\/wp\/v2\/categories?post=9073"},{"taxonomy":"post_tag","embeddable":true,"href":"https:\/\/www.asajacyl.com\/palencia\/wp-json\/wp\/v2\/tags?post=9073"}],"curies":[{"name":"wp","href":"https:\/\/api.w.org\/{rel}","templated":true}]}}