{"id":9076,"date":"2021-10-18T12:34:48","date_gmt":"2021-10-18T10:34:48","guid":{"rendered":"https:\/\/www.asajacyl.com\/palencia\/?p=9076"},"modified":"2021-10-18T12:34:49","modified_gmt":"2021-10-18T10:34:49","slug":"el-sector-agrario-protagonista-en-el-dia-de-la-provincia-de-palencia","status":"publish","type":"post","link":"https:\/\/www.asajacyl.com\/palencia\/asaja-palencia-informa\/el-sector-agrario-protagonista-en-el-dia-de-la-provincia-de-palencia","title":{"rendered":"El sector agrario, protagonista en el d\u00eda de la provincia de Palencia"},"content":{"rendered":"\n<p>La Diputaci\u00f3n Provincial, en la celebraci\u00f3n del d\u00eda de la provincia en Palencia, ha decidido homenajear a los profesionales del campo, agradeciendo el esfuerzo, dedicaci\u00f3n y constancia, durante la crisis sanitaria de la COVID-19, donde han sido protagonistas de numerosas muestras de solidaridad, a favor de la sociedad.<\/p>\n\n\n\n<p>En estos \u00faltimos meses, agricultores y ganaderos no han dejado de trabajar un solo d\u00eda para que no faltara un solo alimento que llevarse a la boca, de igual manera, han colaborado de forma activa, en muchas localidades de la provincia desinfectando las calles de la provincia.<\/p>\n\n\n\n<p>Los profesionales del campo, tambi\u00e9n son protagonistas del mundo rural, donde ejercen su actividad profesional, y son el pasado, presente y futuro de los pueblos. El Presidente de ASAJA-PALENCIA, agradeci\u00f3 este reconocimiento, y reivindico el papel del sector agrario como productor de alimentos de calidad, y a precios asequibles, para cubrir las necesidades de la sociedad.<\/p>\n","protected":false},"excerpt":{"rendered":"<p>La Diputaci\u00f3n Provincial, en la celebraci\u00f3n del d\u00eda de la provincia en Palencia, ha decidido homenajear a los profesionales del campo, agradeciendo el esfuerzo, dedicaci\u00f3n y constancia, durante la crisis sanitaria de la COVID-19, donde han sido protagonistas de numerosas muestras de solidaridad, a favor de la sociedad. En estos \u00faltimos meses, agricultores y ganaderos [&hellip;]<\/p>\n","protected":false},"author":9,"featured_media":9077,"comment_status":"open","ping_status":"open","sticky":false,"template":"","format":"standard","meta":{"footnotes":""},"categories":[9,29,28],"tags":[],"yoast_head":"<!-- This site is optimized with the Yoast SEO plugin v24.5 - https:\/\/yoast.com\/wordpress\/plugins\/seo\/ -->\n<title>El sector agrario, protagonista en el d\u00eda de la provincia de Palencia - ASAJA Palencia<\/title>\n<meta name=\"description\" content=\"La Diputaci\u00f3n Provincial, en la celebraci\u00f3n del d\u00eda de la provincia en Palencia, ha decidido homenajear a los profesionales del campo, agradeciendo el\" \/>\n<meta name=\"robots\" content=\"index, follow, max-snippet:-1, max-image-preview:large, max-video-preview:-1\" \/>\n<link rel=\"canonical\" href=\"https:\/\/www.asajacyl.com\/palencia\/asaja-palencia-informa\/el-sector-agrario-protagonista-en-el-dia-de-la-provincia-de-palencia\" \/>\n<meta property=\"og:locale\" content=\"es_ES\" \/>\n<meta property=\"og:type\" content=\"article\" \/>\n<meta property=\"og:title\" content=\"El sector agrario, protagonista en el d\u00eda de la provincia de Palencia - ASAJA Palencia\" \/>\n<meta property=\"og:description\" content=\"La Diputaci\u00f3n Provincial, en la celebraci\u00f3n del d\u00eda de la provincia en Palencia, ha decidido homenajear a los profesionales del campo, agradeciendo el\" \/>\n<meta property=\"og:url\" content=\"https:\/\/www.asajacyl.com\/palencia\/asaja-palencia-informa\/el-sector-agrario-protagonista-en-el-dia-de-la-provincia-de-palencia\" \/>\n<meta property=\"og:site_name\" content=\"ASAJA Palencia\" \/>\n<meta property=\"article:published_time\" content=\"2021-10-18T10:34:48+00:00\" \/>\n<meta property=\"article:modified_time\" content=\"2021-10-18T10:34:49+00:00\" \/>\n<meta property=\"og:image\" content=\"https:\/\/www.asajacyl.com\/palencia\/wp-content\/uploads\/sites\/3\/2021\/10\/HONORATO-DIA-DE-LA-PROVINCIA.jpg\" \/>\n\t<meta property=\"og:image:width\" content=\"1600\" \/>\n\t<meta property=\"og:image:height\" content=\"1200\" \/>\n\t<meta property=\"og:image:type\" content=\"image\/jpeg\" \/>\n<meta name=\"author\" content=\"Administrador\" \/>\n<meta name=\"twitter:card\" content=\"summary_large_image\" \/>\n<meta name=\"twitter:label1\" content=\"Escrito por\" \/>\n\t<meta name=\"twitter:data1\" content=\"Administrador\" \/>\n\t<meta name=\"twitter:label2\" content=\"Tiempo de lectura\" \/>\n\t<meta name=\"twitter:data2\" content=\"1 minuto\" \/>\n<script type=\"application\/ld+json\" class=\"yoast-schema-graph\">{\"@context\":\"https:\/\/schema.org\",\"@graph\":[{\"@type\":\"WebPage\",\"@id\":\"https:\/\/www.asajacyl.com\/palencia\/asaja-palencia-informa\/el-sector-agrario-protagonista-en-el-dia-de-la-provincia-de-palencia\",\"url\":\"https:\/\/www.asajacyl.com\/palencia\/asaja-palencia-informa\/el-sector-agrario-protagonista-en-el-dia-de-la-provincia-de-palencia\",\"name\":\"El sector agrario, protagonista en el d\u00eda de la provincia de Palencia - ASAJA Palencia\",\"isPartOf\":{\"@id\":\"https:\/\/www.asajacyl.com\/palencia\/#website\"},\"primaryImageOfPage\":{\"@id\":\"https:\/\/www.asajacyl.com\/palencia\/asaja-palencia-informa\/el-sector-agrario-protagonista-en-el-dia-de-la-provincia-de-palencia#primaryimage\"},\"image\":{\"@id\":\"https:\/\/www.asajacyl.com\/palencia\/asaja-palencia-informa\/el-sector-agrario-protagonista-en-el-dia-de-la-provincia-de-palencia#primaryimage\"},\"thumbnailUrl\":\"https:\/\/www.asajacyl.com\/palencia\/wp-content\/uploads\/sites\/3\/2021\/10\/HONORATO-DIA-DE-LA-PROVINCIA.jpg\",\"datePublished\":\"2021-10-18T10:34:48+00:00\",\"dateModified\":\"2021-10-18T10:34:49+00:00\",\"author\":{\"@id\":\"https:\/\/www.asajacyl.com\/palencia\/#\/schema\/person\/3ab17aeb03527485c317557fae64aab1\"},\"description\":\"La Diputaci\u00f3n Provincial, en la celebraci\u00f3n del d\u00eda de la provincia en Palencia, ha decidido homenajear a los profesionales del campo, agradeciendo el\",\"breadcrumb\":{\"@id\":\"https:\/\/www.asajacyl.com\/palencia\/asaja-palencia-informa\/el-sector-agrario-protagonista-en-el-dia-de-la-provincia-de-palencia#breadcrumb\"},\"inLanguage\":\"es\",\"potentialAction\":[{\"@type\":\"ReadAction\",\"target\":[\"https:\/\/www.asajacyl.com\/palencia\/asaja-palencia-informa\/el-sector-agrario-protagonista-en-el-dia-de-la-provincia-de-palencia\"]}]},{\"@type\":\"ImageObject\",\"inLanguage\":\"es\",\"@id\":\"https:\/\/www.asajacyl.com\/palencia\/asaja-palencia-informa\/el-sector-agrario-protagonista-en-el-dia-de-la-provincia-de-palencia#primaryimage\",\"url\":\"https:\/\/www.asajacyl.com\/palencia\/wp-content\/uploads\/sites\/3\/2021\/10\/HONORATO-DIA-DE-LA-PROVINCIA.jpg\",\"contentUrl\":\"https:\/\/www.asajacyl.com\/palencia\/wp-content\/uploads\/sites\/3\/2021\/10\/HONORATO-DIA-DE-LA-PROVINCIA.jpg\",\"width\":1600,\"height\":1200},{\"@type\":\"BreadcrumbList\",\"@id\":\"https:\/\/www.asajacyl.com\/palencia\/asaja-palencia-informa\/el-sector-agrario-protagonista-en-el-dia-de-la-provincia-de-palencia#breadcrumb\",\"itemListElement\":[{\"@type\":\"ListItem\",\"position\":1,\"name\":\"Portada\",\"item\":\"https:\/\/www.asajacyl.com\/palencia\/\"},{\"@type\":\"ListItem\",\"position\":2,\"name\":\"El sector agrario, protagonista en el d\u00eda de la provincia de Palencia\"}]},{\"@type\":\"WebSite\",\"@id\":\"https:\/\/www.asajacyl.com\/palencia\/#website\",\"url\":\"https:\/\/www.asajacyl.com\/palencia\/\",\"name\":\"ASAJA Palencia\",\"description\":\"Otro sitio m\u00e1s de Provincias ASAJA Castilla y Le\u00f3n\",\"potentialAction\":[{\"@type\":\"SearchAction\",\"target\":{\"@type\":\"EntryPoint\",\"urlTemplate\":\"https:\/\/www.asajacyl.com\/palencia\/?s={search_term_string}\"},\"query-input\":{\"@type\":\"PropertyValueSpecification\",\"valueRequired\":true,\"valueName\":\"search_term_string\"}}],\"inLanguage\":\"es\"},{\"@type\":\"Person\",\"@id\":\"https:\/\/www.asajacyl.com\/palencia\/#\/schema\/person\/3ab17aeb03527485c317557fae64aab1\",\"name\":\"Administrador\",\"image\":{\"@type\":\"ImageObject\",\"inLanguage\":\"es\",\"@id\":\"https:\/\/www.asajacyl.com\/palencia\/#\/schema\/person\/image\/\",\"url\":\"https:\/\/secure.gravatar.com\/avatar\/517384810d242ca9e38c180f3c9fb973?s=96&d=mm&r=g\",\"contentUrl\":\"https:\/\/secure.gravatar.com\/avatar\/517384810d242ca9e38c180f3c9fb973?s=96&d=mm&r=g\",\"caption\":\"Administrador\"},\"url\":\"https:\/\/www.asajacyl.com\/palencia\/author\/carlosrm\"}]}<\/script>\n<!-- \/ Yoast SEO plugin. -->","yoast_head_json":{"title":"El sector agrario, protagonista en el d\u00eda de la provincia de Palencia - ASAJA Palencia","description":"La Diputaci\u00f3n Provincial, en la celebraci\u00f3n del d\u00eda de la provincia en Palencia, ha decidido homenajear a los profesionales del campo, agradeciendo el","robots":{"index":"index","follow":"follow","max-snippet":"max-snippet:-1","max-image-preview":"max-image-preview:large","max-video-preview":"max-video-preview:-1"},"canonical":"https:\/\/www.asajacyl.com\/palencia\/asaja-palencia-informa\/el-sector-agrario-protagonista-en-el-dia-de-la-provincia-de-palencia","og_locale":"es_ES","og_type":"article","og_title":"El sector agrario, protagonista en el d\u00eda de la provincia de Palencia - ASAJA Palencia","og_description":"La Diputaci\u00f3n Provincial, en la celebraci\u00f3n del d\u00eda de la provincia en Palencia, ha decidido homenajear a los profesionales del campo, agradeciendo el","og_url":"https:\/\/www.asajacyl.com\/palencia\/asaja-palencia-informa\/el-sector-agrario-protagonista-en-el-dia-de-la-provincia-de-palencia","og_site_name":"ASAJA Palencia","article_published_time":"2021-10-18T10:34:48+00:00","article_modified_time":"2021-10-18T10:34:49+00:00","og_image":[{"width":1600,"height":1200,"url":"https:\/\/www.asajacyl.com\/palencia\/wp-content\/uploads\/sites\/3\/2021\/10\/HONORATO-DIA-DE-LA-PROVINCIA.jpg","type":"image\/jpeg"}],"author":"Administrador","twitter_card":"summary_large_image","twitter_misc":{"Escrito por":"Administrador","Tiempo de lectura":"1 minuto"},"schema":{"@context":"https:\/\/schema.org","@graph":[{"@type":"WebPage","@id":"https:\/\/www.asajacyl.com\/palencia\/asaja-palencia-informa\/el-sector-agrario-protagonista-en-el-dia-de-la-provincia-de-palencia","url":"https:\/\/www.asajacyl.com\/palencia\/asaja-palencia-informa\/el-sector-agrario-protagonista-en-el-dia-de-la-provincia-de-palencia","name":"El sector agrario, protagonista en el d\u00eda de la provincia de Palencia - ASAJA Palencia","isPartOf":{"@id":"https:\/\/www.asajacyl.com\/palencia\/#website"},"primaryImageOfPage":{"@id":"https:\/\/www.asajacyl.com\/palencia\/asaja-palencia-informa\/el-sector-agrario-protagonista-en-el-dia-de-la-provincia-de-palencia#primaryimage"},"image":{"@id":"https:\/\/www.asajacyl.com\/palencia\/asaja-palencia-informa\/el-sector-agrario-protagonista-en-el-dia-de-la-provincia-de-palencia#primaryimage"},"thumbnailUrl":"https:\/\/www.asajacyl.com\/palencia\/wp-content\/uploads\/sites\/3\/2021\/10\/HONORATO-DIA-DE-LA-PROVINCIA.jpg","datePublished":"2021-10-18T10:34:48+00:00","dateModified":"2021-10-18T10:34:49+00:00","author":{"@id":"https:\/\/www.asajacyl.com\/palencia\/#\/schema\/person\/3ab17aeb03527485c317557fae64aab1"},"description":"La Diputaci\u00f3n Provincial, en la celebraci\u00f3n del d\u00eda de la provincia en Palencia, ha decidido homenajear a los profesionales del campo, agradeciendo el","breadcrumb":{"@id":"https:\/\/www.asajacyl.com\/palencia\/asaja-palencia-informa\/el-sector-agrario-protagonista-en-el-dia-de-la-provincia-de-palencia#breadcrumb"},"inLanguage":"es","potentialAction":[{"@type":"ReadAction","target":["https:\/\/www.asajacyl.com\/palencia\/asaja-palencia-informa\/el-sector-agrario-protagonista-en-el-dia-de-la-provincia-de-palencia"]}]},{"@type":"ImageObject","inLanguage":"es","@id":"https:\/\/www.asajacyl.com\/palencia\/asaja-palencia-informa\/el-sector-agrario-protagonista-en-el-dia-de-la-provincia-de-palencia#primaryimage","url":"https:\/\/www.asajacyl.com\/palencia\/wp-content\/uploads\/sites\/3\/2021\/10\/HONORATO-DIA-DE-LA-PROVINCIA.jpg","contentUrl":"https:\/\/www.asajacyl.com\/palencia\/wp-content\/uploads\/sites\/3\/2021\/10\/HONORATO-DIA-DE-LA-PROVINCIA.jpg","width":1600,"height":1200},{"@type":"BreadcrumbList","@id":"https:\/\/www.asajacyl.com\/palencia\/asaja-palencia-informa\/el-sector-agrario-protagonista-en-el-dia-de-la-provincia-de-palencia#breadcrumb","itemListElement":[{"@type":"ListItem","position":1,"name":"Portada","item":"https:\/\/www.asajacyl.com\/palencia\/"},{"@type":"ListItem","position":2,"name":"El sector agrario, protagonista en el d\u00eda de la provincia de Palencia"}]},{"@type":"WebSite","@id":"https:\/\/www.asajacyl.com\/palencia\/#website","url":"https:\/\/www.asajacyl.com\/palencia\/","name":"ASAJA Palencia","description":"Otro sitio m\u00e1s de Provincias ASAJA Castilla y Le\u00f3n","potentialAction":[{"@type":"SearchAction","target":{"@type":"EntryPoint","urlTemplate":"https:\/\/www.asajacyl.com\/palencia\/?s={search_term_string}"},"query-input":{"@type":"PropertyValueSpecification","valueRequired":true,"valueName":"search_term_string"}}],"inLanguage":"es"},{"@type":"Person","@id":"https:\/\/www.asajacyl.com\/palencia\/#\/schema\/person\/3ab17aeb03527485c317557fae64aab1","name":"Administrador","image":{"@type":"ImageObject","inLanguage":"es","@id":"https:\/\/www.asajacyl.com\/palencia\/#\/schema\/person\/image\/","url":"https:\/\/secure.gravatar.com\/avatar\/517384810d242ca9e38c180f3c9fb973?s=96&d=mm&r=g","contentUrl":"https:\/\/secure.gravatar.com\/avatar\/517384810d242ca9e38c180f3c9fb973?s=96&d=mm&r=g","caption":"Administrador"},"url":"https:\/\/www.asajacyl.com\/palencia\/author\/carlosrm"}]}},"_links":{"self":[{"href":"https:\/\/www.asajacyl.com\/palencia\/wp-json\/wp\/v2\/posts\/9076"}],"collection":[{"href":"https:\/\/www.asajacyl.com\/palencia\/wp-json\/wp\/v2\/posts"}],"about":[{"href":"https:\/\/www.asajacyl.com\/palencia\/wp-json\/wp\/v2\/types\/post"}],"author":[{"embeddable":true,"href":"https:\/\/www.asajacyl.com\/palencia\/wp-json\/wp\/v2\/users\/9"}],"replies":[{"embeddable":true,"href":"https:\/\/www.asajacyl.com\/palencia\/wp-json\/wp\/v2\/comments?post=9076"}],"version-history":[{"count":2,"href":"https:\/\/www.asajacyl.com\/palencia\/wp-json\/wp\/v2\/posts\/9076\/revisions"}],"predecessor-version":[{"id":9277,"href":"https:\/\/www.asajacyl.com\/palencia\/wp-json\/wp\/v2\/posts\/9076\/revisions\/9277"}],"wp:featuredmedia":[{"embeddable":true,"href":"https:\/\/www.asajacyl.com\/palencia\/wp-json\/wp\/v2\/media\/9077"}],"wp:attachment":[{"href":"https:\/\/www.asajacyl.com\/palencia\/wp-json\/wp\/v2\/media?parent=9076"}],"wp:term":[{"taxonomy":"category","embeddable":true,"href":"https:\/\/www.asajacyl.com\/palencia\/wp-json\/wp\/v2\/categories?post=9076"},{"taxonomy":"post_tag","embeddable":true,"href":"https:\/\/www.asajacyl.com\/palencia\/wp-json\/wp\/v2\/tags?post=9076"}],"curies":[{"name":"wp","href":"https:\/\/api.w.org\/{rel}","templated":true}]}}