{"id":9087,"date":"2021-10-26T13:05:00","date_gmt":"2021-10-26T11:05:00","guid":{"rendered":"https:\/\/www.asajacyl.com\/palencia\/?p=9087"},"modified":"2021-10-21T13:27:02","modified_gmt":"2021-10-21T11:27:02","slug":"la-junta-pretende-duplicar-la-superficie-de-lenteja-tierra-de-campos","status":"publish","type":"post","link":"https:\/\/www.asajacyl.com\/palencia\/asaja-palencia-informa\/la-junta-pretende-duplicar-la-superficie-de-lenteja-tierra-de-campos","title":{"rendered":"La Junta pretende duplicar la superficie de lenteja Tierra de Campos"},"content":{"rendered":"\n<p>Actualmente, la Indicaci\u00f3n Geogr\u00e1fica Protegida Lenteja de Tierra de Campos ampara a m\u00e1s de 300 agricultores que siembran unas 5.000 hect\u00e1reas distribuidas en las provincias de Le\u00f3n, Palencia, Valladolid y Zamora. En sus veinte a\u00f1os de existencia, esta figura de calidad ha ido convirti\u00e9ndose en un referente de calidad y origen.<\/p>\n\n\n\n<p>El Consejero de Agricultura, Jes\u00fas Julio Carnero, ha querido recordar \u201clas ventajas que una dieta rica en legumbres tiene para las personas. El consumo de lentejas es fuente de prote\u00edna de calidad, saludable y tambi\u00e9n sostenible con el medio ambiente. Son especies adaptadas a las condiciones agroclim\u00e1ticas de Castilla y Le\u00f3n, lo que garantiza una producci\u00f3n incluso en condiciones adversas, resistencia a enfermedades y aporta un valor a\u00f1adido desde el punto de vista ecol\u00f3gico\u201d.<\/p>\n\n\n\n<p>Es muy importante que los consumidores se fijen en la etiqueta que refleja su origen y calidad, como es el caso del sello de la IGP Lenteja de Tierra de Campos. Hay que apostar por lo nuestro.<\/p>\n\n\n\n<p>El Consejo Regulador tiene sede en Mayorga (Valladolid). En la provincia de Palencia, las localidades amparadas por la IGP Lenteja Tierra de Campos son las siguientes:<\/p>\n\n\n\n<p><strong>Campos<\/strong><br>Abarca de Campos<br>Ampudia<br>Autilla del Pino<br>Autillo de Campos<br>Baquer\u00edn de Campos<br>Becerril de Campos<br>Belmonte de Campos<br>Boada de Campos<br>Boadilla de Rioseco<br>Calzada de los Molinos<br>Capillas<br>Carde\u00f1osa de Volpejera<br>Carri\u00f3n de los Condes (al oeste del r\u00edo Carri\u00f3n)<br>Castil de Vela<br>Castromocho<br>Cervatos de la Cueza<br>Cisneros<br>Frechilla<br>Fuentes de Nava<br>Grijota<br>Guaza de Campos<br>Husillos (al oeste del r\u00edo Carri\u00f3n)<br>Mazariegos<br>Mazuecos de Valdeginate<br>Meneses de Campos<br>Monz\u00f3n de Campos (al oeste del r\u00edo Carri\u00f3n)<br>Moratinos<br>Nogal de las Huertas (al oeste del r\u00edo Carri\u00f3n)<br>Palencia (al oeste del r\u00edo Carri\u00f3n)<br>Paredes de Nava<br>Pedraza de Campos<br>Perales<br>Poblaci\u00f3n de Arroyo<br>Pozo de Urama<br>Ribas de Campos (al oeste del r\u00edo Carri\u00f3n)<br>Riberos de la Cueza<br>San Cebri\u00e1n de Campos (al oeste del r\u00edo Carri\u00f3n)<br>San Rom\u00e1n de la Cuba<br>Santa Cecilia del Alcor<br>Torremormoj\u00f3n<br>Valle del Retortillo<br>Villacidaler<br>Villada<br>Villalc\u00f3n<br>Villamart\u00edn de Campos<br>Villamuera de la Cueza<br>Villanueva del Rebollar<br>Villarramiel<br>Villaturde<br>Villaumbrales<br>Viller\u00edas de Campos<br>Villoldo (al oeste del r\u00edo Carri\u00f3n)<\/p>\n\n\n\n<p><strong>El Cerrato<\/strong><br>Due\u00f1as (al oeste del r\u00edo Pisuerga)<br>Villamuriel de Cerrato (al oeste del r\u00edo Pisuerga)<\/p>\n\n\n\n<p><strong>Salda\u00f1a-Valdavia<\/strong><br>Bustillo de la Vega<br>Bustillo del P\u00e1ramo de Carri\u00f3n<br>La Serna (al oeste del r\u00edo Carri\u00f3n)<br>Lagartos<br>Ledigos<br>Pedrosa de la Vega<br>Pino del R\u00edo (al oeste del r\u00edo Carri\u00f3n)<br>Poza de la Vega (al oeste del r\u00edo Carri\u00f3n)<br>Renedo de la Vega<br>Salda\u00f1a (al oeste del r\u00edo Carri\u00f3n)<br>Santerv\u00e1s de la Vega<br>Villaluenga de la Vega<br>Villamoronta<br>Villarrab\u00e9<br>Villota del P\u00e1ramo<\/p>\n","protected":false},"excerpt":{"rendered":"<p>Actualmente, la Indicaci\u00f3n Geogr\u00e1fica Protegida Lenteja de Tierra de Campos ampara a m\u00e1s de 300 agricultores que siembran unas 5.000 hect\u00e1reas distribuidas en las provincias de Le\u00f3n, Palencia, Valladolid y Zamora. En sus veinte a\u00f1os de existencia, esta figura de calidad ha ido convirti\u00e9ndose en un referente de calidad y origen. El Consejero de Agricultura, [&hellip;]<\/p>\n","protected":false},"author":9,"featured_media":9088,"comment_status":"open","ping_status":"open","sticky":false,"template":"","format":"standard","meta":{"footnotes":""},"categories":[9,29,28],"tags":[],"yoast_head":"<!-- This site is optimized with the Yoast SEO plugin v24.5 - https:\/\/yoast.com\/wordpress\/plugins\/seo\/ -->\n<title>La Junta pretende duplicar la superficie de lenteja Tierra de Campos - ASAJA Palencia<\/title>\n<meta name=\"description\" content=\"Actualmente, la Indicaci\u00f3n Geogr\u00e1fica Protegida Lenteja de Tierra de Campos ampara a m\u00e1s de 300 agricultores que siembran unas 5.000 hect\u00e1reas\" \/>\n<meta name=\"robots\" content=\"index, follow, max-snippet:-1, max-image-preview:large, max-video-preview:-1\" \/>\n<link rel=\"canonical\" href=\"https:\/\/www.asajacyl.com\/palencia\/asaja-palencia-informa\/la-junta-pretende-duplicar-la-superficie-de-lenteja-tierra-de-campos\" \/>\n<meta property=\"og:locale\" content=\"es_ES\" \/>\n<meta property=\"og:type\" content=\"article\" \/>\n<meta property=\"og:title\" content=\"La Junta pretende duplicar la superficie de lenteja Tierra de Campos - ASAJA Palencia\" \/>\n<meta property=\"og:description\" content=\"Actualmente, la Indicaci\u00f3n Geogr\u00e1fica Protegida Lenteja de Tierra de Campos ampara a m\u00e1s de 300 agricultores que siembran unas 5.000 hect\u00e1reas\" \/>\n<meta property=\"og:url\" content=\"https:\/\/www.asajacyl.com\/palencia\/asaja-palencia-informa\/la-junta-pretende-duplicar-la-superficie-de-lenteja-tierra-de-campos\" \/>\n<meta property=\"og:site_name\" content=\"ASAJA Palencia\" \/>\n<meta property=\"article:published_time\" content=\"2021-10-26T11:05:00+00:00\" \/>\n<meta property=\"og:image\" content=\"https:\/\/www.asajacyl.com\/palencia\/wp-content\/uploads\/sites\/3\/2021\/10\/LENTEJA-TIERRA-DE-CAMPOS.png\" \/>\n\t<meta property=\"og:image:width\" content=\"430\" \/>\n\t<meta property=\"og:image:height\" content=\"300\" \/>\n\t<meta property=\"og:image:type\" content=\"image\/png\" \/>\n<meta name=\"author\" content=\"Administrador\" \/>\n<meta name=\"twitter:card\" content=\"summary_large_image\" \/>\n<meta name=\"twitter:label1\" content=\"Escrito por\" \/>\n\t<meta name=\"twitter:data1\" content=\"Administrador\" \/>\n\t<meta name=\"twitter:label2\" content=\"Tiempo de lectura\" \/>\n\t<meta name=\"twitter:data2\" content=\"2 minutos\" \/>\n<script type=\"application\/ld+json\" class=\"yoast-schema-graph\">{\"@context\":\"https:\/\/schema.org\",\"@graph\":[{\"@type\":\"WebPage\",\"@id\":\"https:\/\/www.asajacyl.com\/palencia\/asaja-palencia-informa\/la-junta-pretende-duplicar-la-superficie-de-lenteja-tierra-de-campos\",\"url\":\"https:\/\/www.asajacyl.com\/palencia\/asaja-palencia-informa\/la-junta-pretende-duplicar-la-superficie-de-lenteja-tierra-de-campos\",\"name\":\"La Junta pretende duplicar la superficie de lenteja Tierra de Campos - ASAJA Palencia\",\"isPartOf\":{\"@id\":\"https:\/\/www.asajacyl.com\/palencia\/#website\"},\"primaryImageOfPage\":{\"@id\":\"https:\/\/www.asajacyl.com\/palencia\/asaja-palencia-informa\/la-junta-pretende-duplicar-la-superficie-de-lenteja-tierra-de-campos#primaryimage\"},\"image\":{\"@id\":\"https:\/\/www.asajacyl.com\/palencia\/asaja-palencia-informa\/la-junta-pretende-duplicar-la-superficie-de-lenteja-tierra-de-campos#primaryimage\"},\"thumbnailUrl\":\"https:\/\/www.asajacyl.com\/palencia\/wp-content\/uploads\/sites\/3\/2021\/10\/LENTEJA-TIERRA-DE-CAMPOS.png\",\"datePublished\":\"2021-10-26T11:05:00+00:00\",\"author\":{\"@id\":\"https:\/\/www.asajacyl.com\/palencia\/#\/schema\/person\/3ab17aeb03527485c317557fae64aab1\"},\"description\":\"Actualmente, la Indicaci\u00f3n Geogr\u00e1fica Protegida Lenteja de Tierra de Campos ampara a m\u00e1s de 300 agricultores que siembran unas 5.000 hect\u00e1reas\",\"breadcrumb\":{\"@id\":\"https:\/\/www.asajacyl.com\/palencia\/asaja-palencia-informa\/la-junta-pretende-duplicar-la-superficie-de-lenteja-tierra-de-campos#breadcrumb\"},\"inLanguage\":\"es\",\"potentialAction\":[{\"@type\":\"ReadAction\",\"target\":[\"https:\/\/www.asajacyl.com\/palencia\/asaja-palencia-informa\/la-junta-pretende-duplicar-la-superficie-de-lenteja-tierra-de-campos\"]}]},{\"@type\":\"ImageObject\",\"inLanguage\":\"es\",\"@id\":\"https:\/\/www.asajacyl.com\/palencia\/asaja-palencia-informa\/la-junta-pretende-duplicar-la-superficie-de-lenteja-tierra-de-campos#primaryimage\",\"url\":\"https:\/\/www.asajacyl.com\/palencia\/wp-content\/uploads\/sites\/3\/2021\/10\/LENTEJA-TIERRA-DE-CAMPOS.png\",\"contentUrl\":\"https:\/\/www.asajacyl.com\/palencia\/wp-content\/uploads\/sites\/3\/2021\/10\/LENTEJA-TIERRA-DE-CAMPOS.png\",\"width\":430,\"height\":300},{\"@type\":\"BreadcrumbList\",\"@id\":\"https:\/\/www.asajacyl.com\/palencia\/asaja-palencia-informa\/la-junta-pretende-duplicar-la-superficie-de-lenteja-tierra-de-campos#breadcrumb\",\"itemListElement\":[{\"@type\":\"ListItem\",\"position\":1,\"name\":\"Portada\",\"item\":\"https:\/\/www.asajacyl.com\/palencia\/\"},{\"@type\":\"ListItem\",\"position\":2,\"name\":\"La Junta pretende duplicar la superficie de lenteja Tierra de Campos\"}]},{\"@type\":\"WebSite\",\"@id\":\"https:\/\/www.asajacyl.com\/palencia\/#website\",\"url\":\"https:\/\/www.asajacyl.com\/palencia\/\",\"name\":\"ASAJA Palencia\",\"description\":\"Otro sitio m\u00e1s de Provincias ASAJA Castilla y Le\u00f3n\",\"potentialAction\":[{\"@type\":\"SearchAction\",\"target\":{\"@type\":\"EntryPoint\",\"urlTemplate\":\"https:\/\/www.asajacyl.com\/palencia\/?s={search_term_string}\"},\"query-input\":{\"@type\":\"PropertyValueSpecification\",\"valueRequired\":true,\"valueName\":\"search_term_string\"}}],\"inLanguage\":\"es\"},{\"@type\":\"Person\",\"@id\":\"https:\/\/www.asajacyl.com\/palencia\/#\/schema\/person\/3ab17aeb03527485c317557fae64aab1\",\"name\":\"Administrador\",\"image\":{\"@type\":\"ImageObject\",\"inLanguage\":\"es\",\"@id\":\"https:\/\/www.asajacyl.com\/palencia\/#\/schema\/person\/image\/\",\"url\":\"https:\/\/secure.gravatar.com\/avatar\/517384810d242ca9e38c180f3c9fb973?s=96&d=mm&r=g\",\"contentUrl\":\"https:\/\/secure.gravatar.com\/avatar\/517384810d242ca9e38c180f3c9fb973?s=96&d=mm&r=g\",\"caption\":\"Administrador\"},\"url\":\"https:\/\/www.asajacyl.com\/palencia\/author\/carlosrm\"}]}<\/script>\n<!-- \/ Yoast SEO plugin. -->","yoast_head_json":{"title":"La Junta pretende duplicar la superficie de lenteja Tierra de Campos - ASAJA Palencia","description":"Actualmente, la Indicaci\u00f3n Geogr\u00e1fica Protegida Lenteja de Tierra de Campos ampara a m\u00e1s de 300 agricultores que siembran unas 5.000 hect\u00e1reas","robots":{"index":"index","follow":"follow","max-snippet":"max-snippet:-1","max-image-preview":"max-image-preview:large","max-video-preview":"max-video-preview:-1"},"canonical":"https:\/\/www.asajacyl.com\/palencia\/asaja-palencia-informa\/la-junta-pretende-duplicar-la-superficie-de-lenteja-tierra-de-campos","og_locale":"es_ES","og_type":"article","og_title":"La Junta pretende duplicar la superficie de lenteja Tierra de Campos - ASAJA Palencia","og_description":"Actualmente, la Indicaci\u00f3n Geogr\u00e1fica Protegida Lenteja de Tierra de Campos ampara a m\u00e1s de 300 agricultores que siembran unas 5.000 hect\u00e1reas","og_url":"https:\/\/www.asajacyl.com\/palencia\/asaja-palencia-informa\/la-junta-pretende-duplicar-la-superficie-de-lenteja-tierra-de-campos","og_site_name":"ASAJA Palencia","article_published_time":"2021-10-26T11:05:00+00:00","og_image":[{"width":430,"height":300,"url":"https:\/\/www.asajacyl.com\/palencia\/wp-content\/uploads\/sites\/3\/2021\/10\/LENTEJA-TIERRA-DE-CAMPOS.png","type":"image\/png"}],"author":"Administrador","twitter_card":"summary_large_image","twitter_misc":{"Escrito por":"Administrador","Tiempo de lectura":"2 minutos"},"schema":{"@context":"https:\/\/schema.org","@graph":[{"@type":"WebPage","@id":"https:\/\/www.asajacyl.com\/palencia\/asaja-palencia-informa\/la-junta-pretende-duplicar-la-superficie-de-lenteja-tierra-de-campos","url":"https:\/\/www.asajacyl.com\/palencia\/asaja-palencia-informa\/la-junta-pretende-duplicar-la-superficie-de-lenteja-tierra-de-campos","name":"La Junta pretende duplicar la superficie de lenteja Tierra de Campos - ASAJA Palencia","isPartOf":{"@id":"https:\/\/www.asajacyl.com\/palencia\/#website"},"primaryImageOfPage":{"@id":"https:\/\/www.asajacyl.com\/palencia\/asaja-palencia-informa\/la-junta-pretende-duplicar-la-superficie-de-lenteja-tierra-de-campos#primaryimage"},"image":{"@id":"https:\/\/www.asajacyl.com\/palencia\/asaja-palencia-informa\/la-junta-pretende-duplicar-la-superficie-de-lenteja-tierra-de-campos#primaryimage"},"thumbnailUrl":"https:\/\/www.asajacyl.com\/palencia\/wp-content\/uploads\/sites\/3\/2021\/10\/LENTEJA-TIERRA-DE-CAMPOS.png","datePublished":"2021-10-26T11:05:00+00:00","author":{"@id":"https:\/\/www.asajacyl.com\/palencia\/#\/schema\/person\/3ab17aeb03527485c317557fae64aab1"},"description":"Actualmente, la Indicaci\u00f3n Geogr\u00e1fica Protegida Lenteja de Tierra de Campos ampara a m\u00e1s de 300 agricultores que siembran unas 5.000 hect\u00e1reas","breadcrumb":{"@id":"https:\/\/www.asajacyl.com\/palencia\/asaja-palencia-informa\/la-junta-pretende-duplicar-la-superficie-de-lenteja-tierra-de-campos#breadcrumb"},"inLanguage":"es","potentialAction":[{"@type":"ReadAction","target":["https:\/\/www.asajacyl.com\/palencia\/asaja-palencia-informa\/la-junta-pretende-duplicar-la-superficie-de-lenteja-tierra-de-campos"]}]},{"@type":"ImageObject","inLanguage":"es","@id":"https:\/\/www.asajacyl.com\/palencia\/asaja-palencia-informa\/la-junta-pretende-duplicar-la-superficie-de-lenteja-tierra-de-campos#primaryimage","url":"https:\/\/www.asajacyl.com\/palencia\/wp-content\/uploads\/sites\/3\/2021\/10\/LENTEJA-TIERRA-DE-CAMPOS.png","contentUrl":"https:\/\/www.asajacyl.com\/palencia\/wp-content\/uploads\/sites\/3\/2021\/10\/LENTEJA-TIERRA-DE-CAMPOS.png","width":430,"height":300},{"@type":"BreadcrumbList","@id":"https:\/\/www.asajacyl.com\/palencia\/asaja-palencia-informa\/la-junta-pretende-duplicar-la-superficie-de-lenteja-tierra-de-campos#breadcrumb","itemListElement":[{"@type":"ListItem","position":1,"name":"Portada","item":"https:\/\/www.asajacyl.com\/palencia\/"},{"@type":"ListItem","position":2,"name":"La Junta pretende duplicar la superficie de lenteja Tierra de Campos"}]},{"@type":"WebSite","@id":"https:\/\/www.asajacyl.com\/palencia\/#website","url":"https:\/\/www.asajacyl.com\/palencia\/","name":"ASAJA Palencia","description":"Otro sitio m\u00e1s de Provincias ASAJA Castilla y Le\u00f3n","potentialAction":[{"@type":"SearchAction","target":{"@type":"EntryPoint","urlTemplate":"https:\/\/www.asajacyl.com\/palencia\/?s={search_term_string}"},"query-input":{"@type":"PropertyValueSpecification","valueRequired":true,"valueName":"search_term_string"}}],"inLanguage":"es"},{"@type":"Person","@id":"https:\/\/www.asajacyl.com\/palencia\/#\/schema\/person\/3ab17aeb03527485c317557fae64aab1","name":"Administrador","image":{"@type":"ImageObject","inLanguage":"es","@id":"https:\/\/www.asajacyl.com\/palencia\/#\/schema\/person\/image\/","url":"https:\/\/secure.gravatar.com\/avatar\/517384810d242ca9e38c180f3c9fb973?s=96&d=mm&r=g","contentUrl":"https:\/\/secure.gravatar.com\/avatar\/517384810d242ca9e38c180f3c9fb973?s=96&d=mm&r=g","caption":"Administrador"},"url":"https:\/\/www.asajacyl.com\/palencia\/author\/carlosrm"}]}},"_links":{"self":[{"href":"https:\/\/www.asajacyl.com\/palencia\/wp-json\/wp\/v2\/posts\/9087"}],"collection":[{"href":"https:\/\/www.asajacyl.com\/palencia\/wp-json\/wp\/v2\/posts"}],"about":[{"href":"https:\/\/www.asajacyl.com\/palencia\/wp-json\/wp\/v2\/types\/post"}],"author":[{"embeddable":true,"href":"https:\/\/www.asajacyl.com\/palencia\/wp-json\/wp\/v2\/users\/9"}],"replies":[{"embeddable":true,"href":"https:\/\/www.asajacyl.com\/palencia\/wp-json\/wp\/v2\/comments?post=9087"}],"version-history":[{"count":1,"href":"https:\/\/www.asajacyl.com\/palencia\/wp-json\/wp\/v2\/posts\/9087\/revisions"}],"predecessor-version":[{"id":9089,"href":"https:\/\/www.asajacyl.com\/palencia\/wp-json\/wp\/v2\/posts\/9087\/revisions\/9089"}],"wp:featuredmedia":[{"embeddable":true,"href":"https:\/\/www.asajacyl.com\/palencia\/wp-json\/wp\/v2\/media\/9088"}],"wp:attachment":[{"href":"https:\/\/www.asajacyl.com\/palencia\/wp-json\/wp\/v2\/media?parent=9087"}],"wp:term":[{"taxonomy":"category","embeddable":true,"href":"https:\/\/www.asajacyl.com\/palencia\/wp-json\/wp\/v2\/categories?post=9087"},{"taxonomy":"post_tag","embeddable":true,"href":"https:\/\/www.asajacyl.com\/palencia\/wp-json\/wp\/v2\/tags?post=9087"}],"curies":[{"name":"wp","href":"https:\/\/api.w.org\/{rel}","templated":true}]}}