{"id":9090,"date":"2021-10-07T13:11:00","date_gmt":"2021-10-07T11:11:00","guid":{"rendered":"https:\/\/www.asajacyl.com\/palencia\/?p=9090"},"modified":"2021-10-18T13:20:09","modified_gmt":"2021-10-18T11:20:09","slug":"la-subida-de-abono-y-energia-deja-otra-vez-sin-colchon-al-sector","status":"publish","type":"post","link":"https:\/\/www.asajacyl.com\/palencia\/asaja-palencia-informa\/la-subida-de-abono-y-energia-deja-otra-vez-sin-colchon-al-sector","title":{"rendered":"La subida de abono y energ\u00eda deja otra vez sin colch\u00f3n al sector"},"content":{"rendered":"\n<p>Una explotaci\u00f3n de 200 hect\u00e1reas de secano gastar\u00e1 8000 euros m\u00e1s en abono y gas\u00f3leo que el a\u00f1o pasado.<\/p>\n\n\n\n<p>Ya se contaba que, tras una cosecha de cereal y oleaginosas con precios al alza, el hachazo llegar\u00eda por el lado de los costes de la siguiente sementera, pero la escalada de precios de los insumos ha superado todas las previsiones, impulsada por una econom\u00eda en la que la inflaci\u00f3n es ya m\u00e1s realidad que amenaza.<\/p>\n\n\n\n<p>El encarecimiento afecta a todos los costes de producci\u00f3n, siendo el primero en percibirse el de los abonos, al que se han sumado el resto: gas\u00f3leo, electricidad, repuestos, etc.<\/p>\n\n\n\n<p>As\u00ed, para una explotaci\u00f3n de secano media, de unas 200 hect\u00e1reas (sembradas unas 150 ha), respecto al a\u00f1o pasado estar\u00edamos hablando de alrededor de 4500 euros a mayores de coste en abono, y otros 3.650 euros m\u00e1s en gas\u00f3leo. Es decir, para una explotaci\u00f3n cerealista la sementera de 2021 supondr\u00eda 8.140 euros m\u00e1s que la de 2020.<\/p>\n\n\n\n<p>A esta factura de la maquinaria, habr\u00eda que sumar otras, como es la de la electricidad, notable para cualquier nave, pero especialmente para las ganader\u00edas y para los regantes, todav\u00eda esperando a que el Gobierno cumpla con su compromiso y acepte la doble tarifa de riego. Por no mencionar los precios de la tierra, tanto para compra como en renta, que son disparatados, tal como denuncia ASAJA.<\/p>\n\n\n\n<p>La situaci\u00f3n es muy complicada, puesto que todo parece indicar que esta espiral alcista en el sector energ\u00e9tico se va a mantener durante bastantes meses.<\/p>\n","protected":false},"excerpt":{"rendered":"<p>Una explotaci\u00f3n de 200 hect\u00e1reas de secano gastar\u00e1 8000 euros m\u00e1s en abono y gas\u00f3leo que el a\u00f1o pasado. Ya se contaba que, tras una cosecha de cereal y oleaginosas con precios al alza, el hachazo llegar\u00eda por el lado de los costes de la siguiente sementera, pero la escalada de precios de los insumos [&hellip;]<\/p>\n","protected":false},"author":9,"featured_media":8965,"comment_status":"open","ping_status":"open","sticky":false,"template":"","format":"standard","meta":{"footnotes":""},"categories":[9,29,28],"tags":[],"yoast_head":"<!-- This site is optimized with the Yoast SEO plugin v24.5 - https:\/\/yoast.com\/wordpress\/plugins\/seo\/ -->\n<title>La subida de abono y energ\u00eda deja otra vez sin colch\u00f3n al sector - ASAJA Palencia<\/title>\n<meta name=\"description\" content=\"Una explotaci\u00f3n de 200 hect\u00e1reas de secano gastar\u00e1 8000 euros m\u00e1s en abono y gas\u00f3leo que el a\u00f1o pasado. Ya se contaba que, tras una cosecha de cereal y\" \/>\n<meta name=\"robots\" content=\"index, follow, max-snippet:-1, max-image-preview:large, max-video-preview:-1\" \/>\n<link rel=\"canonical\" href=\"https:\/\/www.asajacyl.com\/palencia\/asaja-palencia-informa\/la-subida-de-abono-y-energia-deja-otra-vez-sin-colchon-al-sector\" \/>\n<meta property=\"og:locale\" content=\"es_ES\" \/>\n<meta property=\"og:type\" content=\"article\" \/>\n<meta property=\"og:title\" content=\"La subida de abono y energ\u00eda deja otra vez sin colch\u00f3n al sector - ASAJA Palencia\" \/>\n<meta property=\"og:description\" content=\"Una explotaci\u00f3n de 200 hect\u00e1reas de secano gastar\u00e1 8000 euros m\u00e1s en abono y gas\u00f3leo que el a\u00f1o pasado. Ya se contaba que, tras una cosecha de cereal y\" \/>\n<meta property=\"og:url\" content=\"https:\/\/www.asajacyl.com\/palencia\/asaja-palencia-informa\/la-subida-de-abono-y-energia-deja-otra-vez-sin-colchon-al-sector\" \/>\n<meta property=\"og:site_name\" content=\"ASAJA Palencia\" \/>\n<meta property=\"article:published_time\" content=\"2021-10-07T11:11:00+00:00\" \/>\n<meta property=\"article:modified_time\" content=\"2021-10-18T11:20:09+00:00\" \/>\n<meta property=\"og:image\" content=\"https:\/\/www.asajacyl.com\/palencia\/wp-content\/uploads\/sites\/3\/2021\/09\/20210922_123429-1.jpg\" \/>\n\t<meta property=\"og:image:width\" content=\"2500\" \/>\n\t<meta property=\"og:image:height\" content=\"1875\" \/>\n\t<meta property=\"og:image:type\" content=\"image\/jpeg\" \/>\n<meta name=\"author\" content=\"Administrador\" \/>\n<meta name=\"twitter:card\" content=\"summary_large_image\" \/>\n<meta name=\"twitter:label1\" content=\"Escrito por\" \/>\n\t<meta name=\"twitter:data1\" content=\"Administrador\" \/>\n\t<meta name=\"twitter:label2\" content=\"Tiempo de lectura\" \/>\n\t<meta name=\"twitter:data2\" content=\"2 minutos\" \/>\n<script type=\"application\/ld+json\" class=\"yoast-schema-graph\">{\"@context\":\"https:\/\/schema.org\",\"@graph\":[{\"@type\":\"WebPage\",\"@id\":\"https:\/\/www.asajacyl.com\/palencia\/asaja-palencia-informa\/la-subida-de-abono-y-energia-deja-otra-vez-sin-colchon-al-sector\",\"url\":\"https:\/\/www.asajacyl.com\/palencia\/asaja-palencia-informa\/la-subida-de-abono-y-energia-deja-otra-vez-sin-colchon-al-sector\",\"name\":\"La subida de abono y energ\u00eda deja otra vez sin colch\u00f3n al sector - ASAJA Palencia\",\"isPartOf\":{\"@id\":\"https:\/\/www.asajacyl.com\/palencia\/#website\"},\"primaryImageOfPage\":{\"@id\":\"https:\/\/www.asajacyl.com\/palencia\/asaja-palencia-informa\/la-subida-de-abono-y-energia-deja-otra-vez-sin-colchon-al-sector#primaryimage\"},\"image\":{\"@id\":\"https:\/\/www.asajacyl.com\/palencia\/asaja-palencia-informa\/la-subida-de-abono-y-energia-deja-otra-vez-sin-colchon-al-sector#primaryimage\"},\"thumbnailUrl\":\"https:\/\/www.asajacyl.com\/palencia\/wp-content\/uploads\/sites\/3\/2021\/09\/20210922_123429-1.jpg\",\"datePublished\":\"2021-10-07T11:11:00+00:00\",\"dateModified\":\"2021-10-18T11:20:09+00:00\",\"author\":{\"@id\":\"https:\/\/www.asajacyl.com\/palencia\/#\/schema\/person\/3ab17aeb03527485c317557fae64aab1\"},\"description\":\"Una explotaci\u00f3n de 200 hect\u00e1reas de secano gastar\u00e1 8000 euros m\u00e1s en abono y gas\u00f3leo que el a\u00f1o pasado. Ya se contaba que, tras una cosecha de cereal y\",\"breadcrumb\":{\"@id\":\"https:\/\/www.asajacyl.com\/palencia\/asaja-palencia-informa\/la-subida-de-abono-y-energia-deja-otra-vez-sin-colchon-al-sector#breadcrumb\"},\"inLanguage\":\"es\",\"potentialAction\":[{\"@type\":\"ReadAction\",\"target\":[\"https:\/\/www.asajacyl.com\/palencia\/asaja-palencia-informa\/la-subida-de-abono-y-energia-deja-otra-vez-sin-colchon-al-sector\"]}]},{\"@type\":\"ImageObject\",\"inLanguage\":\"es\",\"@id\":\"https:\/\/www.asajacyl.com\/palencia\/asaja-palencia-informa\/la-subida-de-abono-y-energia-deja-otra-vez-sin-colchon-al-sector#primaryimage\",\"url\":\"https:\/\/www.asajacyl.com\/palencia\/wp-content\/uploads\/sites\/3\/2021\/09\/20210922_123429-1.jpg\",\"contentUrl\":\"https:\/\/www.asajacyl.com\/palencia\/wp-content\/uploads\/sites\/3\/2021\/09\/20210922_123429-1.jpg\",\"width\":2500,\"height\":1875},{\"@type\":\"BreadcrumbList\",\"@id\":\"https:\/\/www.asajacyl.com\/palencia\/asaja-palencia-informa\/la-subida-de-abono-y-energia-deja-otra-vez-sin-colchon-al-sector#breadcrumb\",\"itemListElement\":[{\"@type\":\"ListItem\",\"position\":1,\"name\":\"Portada\",\"item\":\"https:\/\/www.asajacyl.com\/palencia\/\"},{\"@type\":\"ListItem\",\"position\":2,\"name\":\"La subida de abono y energ\u00eda deja otra vez sin colch\u00f3n al sector\"}]},{\"@type\":\"WebSite\",\"@id\":\"https:\/\/www.asajacyl.com\/palencia\/#website\",\"url\":\"https:\/\/www.asajacyl.com\/palencia\/\",\"name\":\"ASAJA Palencia\",\"description\":\"Otro sitio m\u00e1s de Provincias ASAJA Castilla y Le\u00f3n\",\"potentialAction\":[{\"@type\":\"SearchAction\",\"target\":{\"@type\":\"EntryPoint\",\"urlTemplate\":\"https:\/\/www.asajacyl.com\/palencia\/?s={search_term_string}\"},\"query-input\":{\"@type\":\"PropertyValueSpecification\",\"valueRequired\":true,\"valueName\":\"search_term_string\"}}],\"inLanguage\":\"es\"},{\"@type\":\"Person\",\"@id\":\"https:\/\/www.asajacyl.com\/palencia\/#\/schema\/person\/3ab17aeb03527485c317557fae64aab1\",\"name\":\"Administrador\",\"image\":{\"@type\":\"ImageObject\",\"inLanguage\":\"es\",\"@id\":\"https:\/\/www.asajacyl.com\/palencia\/#\/schema\/person\/image\/\",\"url\":\"https:\/\/secure.gravatar.com\/avatar\/517384810d242ca9e38c180f3c9fb973?s=96&d=mm&r=g\",\"contentUrl\":\"https:\/\/secure.gravatar.com\/avatar\/517384810d242ca9e38c180f3c9fb973?s=96&d=mm&r=g\",\"caption\":\"Administrador\"},\"url\":\"https:\/\/www.asajacyl.com\/palencia\/author\/carlosrm\"}]}<\/script>\n<!-- \/ Yoast SEO plugin. -->","yoast_head_json":{"title":"La subida de abono y energ\u00eda deja otra vez sin colch\u00f3n al sector - ASAJA Palencia","description":"Una explotaci\u00f3n de 200 hect\u00e1reas de secano gastar\u00e1 8000 euros m\u00e1s en abono y gas\u00f3leo que el a\u00f1o pasado. Ya se contaba que, tras una cosecha de cereal y","robots":{"index":"index","follow":"follow","max-snippet":"max-snippet:-1","max-image-preview":"max-image-preview:large","max-video-preview":"max-video-preview:-1"},"canonical":"https:\/\/www.asajacyl.com\/palencia\/asaja-palencia-informa\/la-subida-de-abono-y-energia-deja-otra-vez-sin-colchon-al-sector","og_locale":"es_ES","og_type":"article","og_title":"La subida de abono y energ\u00eda deja otra vez sin colch\u00f3n al sector - ASAJA Palencia","og_description":"Una explotaci\u00f3n de 200 hect\u00e1reas de secano gastar\u00e1 8000 euros m\u00e1s en abono y gas\u00f3leo que el a\u00f1o pasado. Ya se contaba que, tras una cosecha de cereal y","og_url":"https:\/\/www.asajacyl.com\/palencia\/asaja-palencia-informa\/la-subida-de-abono-y-energia-deja-otra-vez-sin-colchon-al-sector","og_site_name":"ASAJA Palencia","article_published_time":"2021-10-07T11:11:00+00:00","article_modified_time":"2021-10-18T11:20:09+00:00","og_image":[{"width":2500,"height":1875,"url":"https:\/\/www.asajacyl.com\/palencia\/wp-content\/uploads\/sites\/3\/2021\/09\/20210922_123429-1.jpg","type":"image\/jpeg"}],"author":"Administrador","twitter_card":"summary_large_image","twitter_misc":{"Escrito por":"Administrador","Tiempo de lectura":"2 minutos"},"schema":{"@context":"https:\/\/schema.org","@graph":[{"@type":"WebPage","@id":"https:\/\/www.asajacyl.com\/palencia\/asaja-palencia-informa\/la-subida-de-abono-y-energia-deja-otra-vez-sin-colchon-al-sector","url":"https:\/\/www.asajacyl.com\/palencia\/asaja-palencia-informa\/la-subida-de-abono-y-energia-deja-otra-vez-sin-colchon-al-sector","name":"La subida de abono y energ\u00eda deja otra vez sin colch\u00f3n al sector - ASAJA Palencia","isPartOf":{"@id":"https:\/\/www.asajacyl.com\/palencia\/#website"},"primaryImageOfPage":{"@id":"https:\/\/www.asajacyl.com\/palencia\/asaja-palencia-informa\/la-subida-de-abono-y-energia-deja-otra-vez-sin-colchon-al-sector#primaryimage"},"image":{"@id":"https:\/\/www.asajacyl.com\/palencia\/asaja-palencia-informa\/la-subida-de-abono-y-energia-deja-otra-vez-sin-colchon-al-sector#primaryimage"},"thumbnailUrl":"https:\/\/www.asajacyl.com\/palencia\/wp-content\/uploads\/sites\/3\/2021\/09\/20210922_123429-1.jpg","datePublished":"2021-10-07T11:11:00+00:00","dateModified":"2021-10-18T11:20:09+00:00","author":{"@id":"https:\/\/www.asajacyl.com\/palencia\/#\/schema\/person\/3ab17aeb03527485c317557fae64aab1"},"description":"Una explotaci\u00f3n de 200 hect\u00e1reas de secano gastar\u00e1 8000 euros m\u00e1s en abono y gas\u00f3leo que el a\u00f1o pasado. Ya se contaba que, tras una cosecha de cereal y","breadcrumb":{"@id":"https:\/\/www.asajacyl.com\/palencia\/asaja-palencia-informa\/la-subida-de-abono-y-energia-deja-otra-vez-sin-colchon-al-sector#breadcrumb"},"inLanguage":"es","potentialAction":[{"@type":"ReadAction","target":["https:\/\/www.asajacyl.com\/palencia\/asaja-palencia-informa\/la-subida-de-abono-y-energia-deja-otra-vez-sin-colchon-al-sector"]}]},{"@type":"ImageObject","inLanguage":"es","@id":"https:\/\/www.asajacyl.com\/palencia\/asaja-palencia-informa\/la-subida-de-abono-y-energia-deja-otra-vez-sin-colchon-al-sector#primaryimage","url":"https:\/\/www.asajacyl.com\/palencia\/wp-content\/uploads\/sites\/3\/2021\/09\/20210922_123429-1.jpg","contentUrl":"https:\/\/www.asajacyl.com\/palencia\/wp-content\/uploads\/sites\/3\/2021\/09\/20210922_123429-1.jpg","width":2500,"height":1875},{"@type":"BreadcrumbList","@id":"https:\/\/www.asajacyl.com\/palencia\/asaja-palencia-informa\/la-subida-de-abono-y-energia-deja-otra-vez-sin-colchon-al-sector#breadcrumb","itemListElement":[{"@type":"ListItem","position":1,"name":"Portada","item":"https:\/\/www.asajacyl.com\/palencia\/"},{"@type":"ListItem","position":2,"name":"La subida de abono y energ\u00eda deja otra vez sin colch\u00f3n al sector"}]},{"@type":"WebSite","@id":"https:\/\/www.asajacyl.com\/palencia\/#website","url":"https:\/\/www.asajacyl.com\/palencia\/","name":"ASAJA Palencia","description":"Otro sitio m\u00e1s de Provincias ASAJA Castilla y Le\u00f3n","potentialAction":[{"@type":"SearchAction","target":{"@type":"EntryPoint","urlTemplate":"https:\/\/www.asajacyl.com\/palencia\/?s={search_term_string}"},"query-input":{"@type":"PropertyValueSpecification","valueRequired":true,"valueName":"search_term_string"}}],"inLanguage":"es"},{"@type":"Person","@id":"https:\/\/www.asajacyl.com\/palencia\/#\/schema\/person\/3ab17aeb03527485c317557fae64aab1","name":"Administrador","image":{"@type":"ImageObject","inLanguage":"es","@id":"https:\/\/www.asajacyl.com\/palencia\/#\/schema\/person\/image\/","url":"https:\/\/secure.gravatar.com\/avatar\/517384810d242ca9e38c180f3c9fb973?s=96&d=mm&r=g","contentUrl":"https:\/\/secure.gravatar.com\/avatar\/517384810d242ca9e38c180f3c9fb973?s=96&d=mm&r=g","caption":"Administrador"},"url":"https:\/\/www.asajacyl.com\/palencia\/author\/carlosrm"}]}},"_links":{"self":[{"href":"https:\/\/www.asajacyl.com\/palencia\/wp-json\/wp\/v2\/posts\/9090"}],"collection":[{"href":"https:\/\/www.asajacyl.com\/palencia\/wp-json\/wp\/v2\/posts"}],"about":[{"href":"https:\/\/www.asajacyl.com\/palencia\/wp-json\/wp\/v2\/types\/post"}],"author":[{"embeddable":true,"href":"https:\/\/www.asajacyl.com\/palencia\/wp-json\/wp\/v2\/users\/9"}],"replies":[{"embeddable":true,"href":"https:\/\/www.asajacyl.com\/palencia\/wp-json\/wp\/v2\/comments?post=9090"}],"version-history":[{"count":1,"href":"https:\/\/www.asajacyl.com\/palencia\/wp-json\/wp\/v2\/posts\/9090\/revisions"}],"predecessor-version":[{"id":9091,"href":"https:\/\/www.asajacyl.com\/palencia\/wp-json\/wp\/v2\/posts\/9090\/revisions\/9091"}],"wp:featuredmedia":[{"embeddable":true,"href":"https:\/\/www.asajacyl.com\/palencia\/wp-json\/wp\/v2\/media\/8965"}],"wp:attachment":[{"href":"https:\/\/www.asajacyl.com\/palencia\/wp-json\/wp\/v2\/media?parent=9090"}],"wp:term":[{"taxonomy":"category","embeddable":true,"href":"https:\/\/www.asajacyl.com\/palencia\/wp-json\/wp\/v2\/categories?post=9090"},{"taxonomy":"post_tag","embeddable":true,"href":"https:\/\/www.asajacyl.com\/palencia\/wp-json\/wp\/v2\/tags?post=9090"}],"curies":[{"name":"wp","href":"https:\/\/api.w.org\/{rel}","templated":true}]}}