{"id":9131,"date":"2021-10-25T12:01:00","date_gmt":"2021-10-25T10:01:00","guid":{"rendered":"https:\/\/www.asajacyl.com\/palencia\/?p=9131"},"modified":"2021-10-24T00:31:36","modified_gmt":"2021-10-23T22:31:36","slug":"el-parlamento-europeo-aprueba-la-estrategia-de-la-granja-a-la-mesa","status":"publish","type":"post","link":"https:\/\/www.asajacyl.com\/palencia\/asaja-palencia-informa\/el-parlamento-europeo-aprueba-la-estrategia-de-la-granja-a-la-mesa","title":{"rendered":"El Parlamento Europeo aprueba la estrategia \u00abDe la granja a la mesa\u00bb"},"content":{"rendered":"\n<p>El Parlamento Europeo aprueba la estrategia \u00abDe la Granja a la Mesa\u00bb, que pretende impulsar una producci\u00f3n y consumo de alimentos m\u00e1s sostenible, reduciendo el uso de pesticidas y aumentando la superficie agraria dedicada a cultivos ecol\u00f3gicos. Los diputados respaldaron, con 452 votos a favor, 170 en contra y 76 abstenciones, una resoluci\u00f3n no vinculante sobre esa estrategia, aunque se ha exigido, que cada medida que se adopte tenga un informe de impacto previo.<\/p>\n\n\n\n<p>Los parlamentarios del PPE, acusaron a la Comisi\u00f3n Europea de haber ocultado durante meses un informe que mencionaba el posible impacto negativo para el sector europeo de algunas de las propuestas.<\/p>\n\n\n\n<p>Para asegurar que los productores se puedan ganar la vida produciendo alimentos sostenibles, recomiendan que la Comisi\u00f3n tome medidas para reforzar la posici\u00f3n de agricultores y ganaderos en la cadena alimentaria.<\/p>\n","protected":false},"excerpt":{"rendered":"<p>El Parlamento Europeo aprueba la estrategia \u00abDe la Granja a la Mesa\u00bb, que pretende impulsar una producci\u00f3n y consumo de alimentos m\u00e1s sostenible, reduciendo el uso de pesticidas y aumentando la superficie agraria dedicada a cultivos ecol\u00f3gicos. Los diputados respaldaron, con 452 votos a favor, 170 en contra y 76 abstenciones, una resoluci\u00f3n no vinculante [&hellip;]<\/p>\n","protected":false},"author":9,"featured_media":8267,"comment_status":"open","ping_status":"open","sticky":false,"template":"","format":"standard","meta":{"footnotes":""},"categories":[9,29,28],"tags":[],"yoast_head":"<!-- This site is optimized with the Yoast SEO plugin v24.5 - https:\/\/yoast.com\/wordpress\/plugins\/seo\/ -->\n<title>El Parlamento Europeo aprueba la estrategia &quot;De la granja a la mesa&quot; - ASAJA Palencia<\/title>\n<meta name=\"description\" content=\"El Parlamento Europeo aprueba la estrategia &quot;De la Granja a la Mesa&quot;, que pretende impulsar una producci\u00f3n y consumo de alimentos m\u00e1s sostenible,\" \/>\n<meta name=\"robots\" content=\"index, follow, max-snippet:-1, max-image-preview:large, max-video-preview:-1\" \/>\n<link rel=\"canonical\" href=\"https:\/\/www.asajacyl.com\/palencia\/asaja-palencia-informa\/el-parlamento-europeo-aprueba-la-estrategia-de-la-granja-a-la-mesa\" \/>\n<meta property=\"og:locale\" content=\"es_ES\" \/>\n<meta property=\"og:type\" content=\"article\" \/>\n<meta property=\"og:title\" content=\"El Parlamento Europeo aprueba la estrategia &quot;De la granja a la mesa&quot; - ASAJA Palencia\" \/>\n<meta property=\"og:description\" content=\"El Parlamento Europeo aprueba la estrategia &quot;De la Granja a la Mesa&quot;, que pretende impulsar una producci\u00f3n y consumo de alimentos m\u00e1s sostenible,\" \/>\n<meta property=\"og:url\" content=\"https:\/\/www.asajacyl.com\/palencia\/asaja-palencia-informa\/el-parlamento-europeo-aprueba-la-estrategia-de-la-granja-a-la-mesa\" \/>\n<meta property=\"og:site_name\" content=\"ASAJA Palencia\" \/>\n<meta property=\"article:published_time\" content=\"2021-10-25T10:01:00+00:00\" \/>\n<meta property=\"og:image\" content=\"https:\/\/www.asajacyl.com\/palencia\/wp-content\/uploads\/sites\/3\/2021\/05\/COMISION-EUROPEA.jpg\" \/>\n\t<meta property=\"og:image:width\" content=\"1600\" \/>\n\t<meta property=\"og:image:height\" content=\"900\" \/>\n\t<meta property=\"og:image:type\" content=\"image\/jpeg\" \/>\n<meta name=\"author\" content=\"Administrador\" \/>\n<meta name=\"twitter:card\" content=\"summary_large_image\" \/>\n<meta name=\"twitter:label1\" content=\"Escrito por\" \/>\n\t<meta name=\"twitter:data1\" content=\"Administrador\" \/>\n\t<meta name=\"twitter:label2\" content=\"Tiempo de lectura\" \/>\n\t<meta name=\"twitter:data2\" content=\"1 minuto\" \/>\n<script type=\"application\/ld+json\" class=\"yoast-schema-graph\">{\"@context\":\"https:\/\/schema.org\",\"@graph\":[{\"@type\":\"WebPage\",\"@id\":\"https:\/\/www.asajacyl.com\/palencia\/asaja-palencia-informa\/el-parlamento-europeo-aprueba-la-estrategia-de-la-granja-a-la-mesa\",\"url\":\"https:\/\/www.asajacyl.com\/palencia\/asaja-palencia-informa\/el-parlamento-europeo-aprueba-la-estrategia-de-la-granja-a-la-mesa\",\"name\":\"El Parlamento Europeo aprueba la estrategia \\\"De la granja a la mesa\\\" - ASAJA Palencia\",\"isPartOf\":{\"@id\":\"https:\/\/www.asajacyl.com\/palencia\/#website\"},\"primaryImageOfPage\":{\"@id\":\"https:\/\/www.asajacyl.com\/palencia\/asaja-palencia-informa\/el-parlamento-europeo-aprueba-la-estrategia-de-la-granja-a-la-mesa#primaryimage\"},\"image\":{\"@id\":\"https:\/\/www.asajacyl.com\/palencia\/asaja-palencia-informa\/el-parlamento-europeo-aprueba-la-estrategia-de-la-granja-a-la-mesa#primaryimage\"},\"thumbnailUrl\":\"https:\/\/www.asajacyl.com\/palencia\/wp-content\/uploads\/sites\/3\/2021\/05\/COMISION-EUROPEA.jpg\",\"datePublished\":\"2021-10-25T10:01:00+00:00\",\"author\":{\"@id\":\"https:\/\/www.asajacyl.com\/palencia\/#\/schema\/person\/3ab17aeb03527485c317557fae64aab1\"},\"description\":\"El Parlamento Europeo aprueba la estrategia \\\"De la Granja a la Mesa\\\", que pretende impulsar una producci\u00f3n y consumo de alimentos m\u00e1s sostenible,\",\"breadcrumb\":{\"@id\":\"https:\/\/www.asajacyl.com\/palencia\/asaja-palencia-informa\/el-parlamento-europeo-aprueba-la-estrategia-de-la-granja-a-la-mesa#breadcrumb\"},\"inLanguage\":\"es\",\"potentialAction\":[{\"@type\":\"ReadAction\",\"target\":[\"https:\/\/www.asajacyl.com\/palencia\/asaja-palencia-informa\/el-parlamento-europeo-aprueba-la-estrategia-de-la-granja-a-la-mesa\"]}]},{\"@type\":\"ImageObject\",\"inLanguage\":\"es\",\"@id\":\"https:\/\/www.asajacyl.com\/palencia\/asaja-palencia-informa\/el-parlamento-europeo-aprueba-la-estrategia-de-la-granja-a-la-mesa#primaryimage\",\"url\":\"https:\/\/www.asajacyl.com\/palencia\/wp-content\/uploads\/sites\/3\/2021\/05\/COMISION-EUROPEA.jpg\",\"contentUrl\":\"https:\/\/www.asajacyl.com\/palencia\/wp-content\/uploads\/sites\/3\/2021\/05\/COMISION-EUROPEA.jpg\",\"width\":1600,\"height\":900},{\"@type\":\"BreadcrumbList\",\"@id\":\"https:\/\/www.asajacyl.com\/palencia\/asaja-palencia-informa\/el-parlamento-europeo-aprueba-la-estrategia-de-la-granja-a-la-mesa#breadcrumb\",\"itemListElement\":[{\"@type\":\"ListItem\",\"position\":1,\"name\":\"Portada\",\"item\":\"https:\/\/www.asajacyl.com\/palencia\/\"},{\"@type\":\"ListItem\",\"position\":2,\"name\":\"El Parlamento Europeo aprueba la estrategia \u00abDe la granja a la mesa\u00bb\"}]},{\"@type\":\"WebSite\",\"@id\":\"https:\/\/www.asajacyl.com\/palencia\/#website\",\"url\":\"https:\/\/www.asajacyl.com\/palencia\/\",\"name\":\"ASAJA Palencia\",\"description\":\"Otro sitio m\u00e1s de Provincias ASAJA Castilla y Le\u00f3n\",\"potentialAction\":[{\"@type\":\"SearchAction\",\"target\":{\"@type\":\"EntryPoint\",\"urlTemplate\":\"https:\/\/www.asajacyl.com\/palencia\/?s={search_term_string}\"},\"query-input\":{\"@type\":\"PropertyValueSpecification\",\"valueRequired\":true,\"valueName\":\"search_term_string\"}}],\"inLanguage\":\"es\"},{\"@type\":\"Person\",\"@id\":\"https:\/\/www.asajacyl.com\/palencia\/#\/schema\/person\/3ab17aeb03527485c317557fae64aab1\",\"name\":\"Administrador\",\"image\":{\"@type\":\"ImageObject\",\"inLanguage\":\"es\",\"@id\":\"https:\/\/www.asajacyl.com\/palencia\/#\/schema\/person\/image\/\",\"url\":\"https:\/\/secure.gravatar.com\/avatar\/517384810d242ca9e38c180f3c9fb973?s=96&d=mm&r=g\",\"contentUrl\":\"https:\/\/secure.gravatar.com\/avatar\/517384810d242ca9e38c180f3c9fb973?s=96&d=mm&r=g\",\"caption\":\"Administrador\"},\"url\":\"https:\/\/www.asajacyl.com\/palencia\/author\/carlosrm\"}]}<\/script>\n<!-- \/ Yoast SEO plugin. -->","yoast_head_json":{"title":"El Parlamento Europeo aprueba la estrategia \"De la granja a la mesa\" - ASAJA Palencia","description":"El Parlamento Europeo aprueba la estrategia \"De la Granja a la Mesa\", que pretende impulsar una producci\u00f3n y consumo de alimentos m\u00e1s sostenible,","robots":{"index":"index","follow":"follow","max-snippet":"max-snippet:-1","max-image-preview":"max-image-preview:large","max-video-preview":"max-video-preview:-1"},"canonical":"https:\/\/www.asajacyl.com\/palencia\/asaja-palencia-informa\/el-parlamento-europeo-aprueba-la-estrategia-de-la-granja-a-la-mesa","og_locale":"es_ES","og_type":"article","og_title":"El Parlamento Europeo aprueba la estrategia \"De la granja a la mesa\" - ASAJA Palencia","og_description":"El Parlamento Europeo aprueba la estrategia \"De la Granja a la Mesa\", que pretende impulsar una producci\u00f3n y consumo de alimentos m\u00e1s sostenible,","og_url":"https:\/\/www.asajacyl.com\/palencia\/asaja-palencia-informa\/el-parlamento-europeo-aprueba-la-estrategia-de-la-granja-a-la-mesa","og_site_name":"ASAJA Palencia","article_published_time":"2021-10-25T10:01:00+00:00","og_image":[{"width":1600,"height":900,"url":"https:\/\/www.asajacyl.com\/palencia\/wp-content\/uploads\/sites\/3\/2021\/05\/COMISION-EUROPEA.jpg","type":"image\/jpeg"}],"author":"Administrador","twitter_card":"summary_large_image","twitter_misc":{"Escrito por":"Administrador","Tiempo de lectura":"1 minuto"},"schema":{"@context":"https:\/\/schema.org","@graph":[{"@type":"WebPage","@id":"https:\/\/www.asajacyl.com\/palencia\/asaja-palencia-informa\/el-parlamento-europeo-aprueba-la-estrategia-de-la-granja-a-la-mesa","url":"https:\/\/www.asajacyl.com\/palencia\/asaja-palencia-informa\/el-parlamento-europeo-aprueba-la-estrategia-de-la-granja-a-la-mesa","name":"El Parlamento Europeo aprueba la estrategia \"De la granja a la mesa\" - ASAJA Palencia","isPartOf":{"@id":"https:\/\/www.asajacyl.com\/palencia\/#website"},"primaryImageOfPage":{"@id":"https:\/\/www.asajacyl.com\/palencia\/asaja-palencia-informa\/el-parlamento-europeo-aprueba-la-estrategia-de-la-granja-a-la-mesa#primaryimage"},"image":{"@id":"https:\/\/www.asajacyl.com\/palencia\/asaja-palencia-informa\/el-parlamento-europeo-aprueba-la-estrategia-de-la-granja-a-la-mesa#primaryimage"},"thumbnailUrl":"https:\/\/www.asajacyl.com\/palencia\/wp-content\/uploads\/sites\/3\/2021\/05\/COMISION-EUROPEA.jpg","datePublished":"2021-10-25T10:01:00+00:00","author":{"@id":"https:\/\/www.asajacyl.com\/palencia\/#\/schema\/person\/3ab17aeb03527485c317557fae64aab1"},"description":"El Parlamento Europeo aprueba la estrategia \"De la Granja a la Mesa\", que pretende impulsar una producci\u00f3n y consumo de alimentos m\u00e1s sostenible,","breadcrumb":{"@id":"https:\/\/www.asajacyl.com\/palencia\/asaja-palencia-informa\/el-parlamento-europeo-aprueba-la-estrategia-de-la-granja-a-la-mesa#breadcrumb"},"inLanguage":"es","potentialAction":[{"@type":"ReadAction","target":["https:\/\/www.asajacyl.com\/palencia\/asaja-palencia-informa\/el-parlamento-europeo-aprueba-la-estrategia-de-la-granja-a-la-mesa"]}]},{"@type":"ImageObject","inLanguage":"es","@id":"https:\/\/www.asajacyl.com\/palencia\/asaja-palencia-informa\/el-parlamento-europeo-aprueba-la-estrategia-de-la-granja-a-la-mesa#primaryimage","url":"https:\/\/www.asajacyl.com\/palencia\/wp-content\/uploads\/sites\/3\/2021\/05\/COMISION-EUROPEA.jpg","contentUrl":"https:\/\/www.asajacyl.com\/palencia\/wp-content\/uploads\/sites\/3\/2021\/05\/COMISION-EUROPEA.jpg","width":1600,"height":900},{"@type":"BreadcrumbList","@id":"https:\/\/www.asajacyl.com\/palencia\/asaja-palencia-informa\/el-parlamento-europeo-aprueba-la-estrategia-de-la-granja-a-la-mesa#breadcrumb","itemListElement":[{"@type":"ListItem","position":1,"name":"Portada","item":"https:\/\/www.asajacyl.com\/palencia\/"},{"@type":"ListItem","position":2,"name":"El Parlamento Europeo aprueba la estrategia \u00abDe la granja a la mesa\u00bb"}]},{"@type":"WebSite","@id":"https:\/\/www.asajacyl.com\/palencia\/#website","url":"https:\/\/www.asajacyl.com\/palencia\/","name":"ASAJA Palencia","description":"Otro sitio m\u00e1s de Provincias ASAJA Castilla y Le\u00f3n","potentialAction":[{"@type":"SearchAction","target":{"@type":"EntryPoint","urlTemplate":"https:\/\/www.asajacyl.com\/palencia\/?s={search_term_string}"},"query-input":{"@type":"PropertyValueSpecification","valueRequired":true,"valueName":"search_term_string"}}],"inLanguage":"es"},{"@type":"Person","@id":"https:\/\/www.asajacyl.com\/palencia\/#\/schema\/person\/3ab17aeb03527485c317557fae64aab1","name":"Administrador","image":{"@type":"ImageObject","inLanguage":"es","@id":"https:\/\/www.asajacyl.com\/palencia\/#\/schema\/person\/image\/","url":"https:\/\/secure.gravatar.com\/avatar\/517384810d242ca9e38c180f3c9fb973?s=96&d=mm&r=g","contentUrl":"https:\/\/secure.gravatar.com\/avatar\/517384810d242ca9e38c180f3c9fb973?s=96&d=mm&r=g","caption":"Administrador"},"url":"https:\/\/www.asajacyl.com\/palencia\/author\/carlosrm"}]}},"_links":{"self":[{"href":"https:\/\/www.asajacyl.com\/palencia\/wp-json\/wp\/v2\/posts\/9131"}],"collection":[{"href":"https:\/\/www.asajacyl.com\/palencia\/wp-json\/wp\/v2\/posts"}],"about":[{"href":"https:\/\/www.asajacyl.com\/palencia\/wp-json\/wp\/v2\/types\/post"}],"author":[{"embeddable":true,"href":"https:\/\/www.asajacyl.com\/palencia\/wp-json\/wp\/v2\/users\/9"}],"replies":[{"embeddable":true,"href":"https:\/\/www.asajacyl.com\/palencia\/wp-json\/wp\/v2\/comments?post=9131"}],"version-history":[{"count":1,"href":"https:\/\/www.asajacyl.com\/palencia\/wp-json\/wp\/v2\/posts\/9131\/revisions"}],"predecessor-version":[{"id":9134,"href":"https:\/\/www.asajacyl.com\/palencia\/wp-json\/wp\/v2\/posts\/9131\/revisions\/9134"}],"wp:featuredmedia":[{"embeddable":true,"href":"https:\/\/www.asajacyl.com\/palencia\/wp-json\/wp\/v2\/media\/8267"}],"wp:attachment":[{"href":"https:\/\/www.asajacyl.com\/palencia\/wp-json\/wp\/v2\/media?parent=9131"}],"wp:term":[{"taxonomy":"category","embeddable":true,"href":"https:\/\/www.asajacyl.com\/palencia\/wp-json\/wp\/v2\/categories?post=9131"},{"taxonomy":"post_tag","embeddable":true,"href":"https:\/\/www.asajacyl.com\/palencia\/wp-json\/wp\/v2\/tags?post=9131"}],"curies":[{"name":"wp","href":"https:\/\/api.w.org\/{rel}","templated":true}]}}