{"id":9142,"date":"2021-10-26T07:45:45","date_gmt":"2021-10-26T05:45:45","guid":{"rendered":"https:\/\/www.asajacyl.com\/palencia\/?p=9142"},"modified":"2021-10-26T07:45:55","modified_gmt":"2021-10-26T05:45:55","slug":"asaja-organiza-una-jornada-sobre-las-novedades-de-la-campana-de-contratacion-de-seguros-agrarios","status":"publish","type":"post","link":"https:\/\/www.asajacyl.com\/palencia\/asaja-palencia-informa\/asaja-organiza-una-jornada-sobre-las-novedades-de-la-campana-de-contratacion-de-seguros-agrarios","title":{"rendered":"ASAJA organiza una jornada sobre las novedades de la campa\u00f1a de contrataci\u00f3n de seguros agrarios"},"content":{"rendered":"\n<p>La Asociaci\u00f3n Agraria J\u00f3venes Agricultores ASAJA de Castilla y Le\u00f3n ha organizado hoy en Valladolid una jornada informativa sobre seguros agrarios, coincidiendo con la nueva campa\u00f1a de contrataci\u00f3n. Castilla y Le\u00f3n es la comunidad aut\u00f3noma con m\u00e1s superficie, producci\u00f3n y capital asegurado de toda Espa\u00f1a en cultivos herb\u00e1ceos, y a la vez con mayor porcentaje de aseguramiento -el 80 por ciento cuenta con cobertura, m\u00e1s de diez puntos por encima de la media nacional-, y casi la tercera parte de la contrataci\u00f3n se realiza a trav\u00e9s de las oficinas de ASAJA.<\/p>\n\n\n\n<p>El objetivo para la nueva campa\u00f1a de contrataci\u00f3n, que se intensifica en estas semanas coincidiendo con las principales siembras, es lograr que el seguro se universalice, \u201cporque los costes de la sementera est\u00e1n siendo elevad\u00edsimos, y cualquier siniestro en una regi\u00f3n como la nuestra, tan sometida a bruscos cambios de tiempo, puede hundir la rentabilidad de la explotaci\u00f3n\u201d, ha se\u00f1alado Donaciano Dujo, presidente de la OPA, quien ha a\u00f1adido que \u201csi en Castilla y Le\u00f3n se asegura m\u00e1s que en otras comunidades es porque aqu\u00ed la agricultura es profesional de verdad\u201d.<\/p>\n\n\n\n<p>El responsable de la OPA ha subrayado que, para que el aseguramiento incluya las m\u00e1ximas producciones posibles y que adem\u00e1s sea uniforme en todas las provincias, ya que hoy en d\u00eda presenta disparidad, con Soria, Palencia y Burgos encabezando la contrataci\u00f3n. Por ello hay que lograr que se reconozcan mejores rendimientos en determinadas producciones y comarcas para hacer m\u00e1s atractiva la contrataci\u00f3n, manteniendo unos precios asequibles para todos los agricultores y ganaderos.<\/p>\n\n\n\n<p>En este encuentro de los responsables del \u00e1rea de Seguros Agrarios en las nueve organizaciones provinciales de ASAJA han intervenido expertos como Jos\u00e9 Ignacio Garc\u00eda Barasoain y Jos\u00e9 Antonio Gonz\u00e1lez, director y coordinador, respectivamente, de la Zona Castilla de Agroseguro, as\u00ed como \u00c1lvaro de la Hera Criado, t\u00e9cnico del \u00c1rea de Seguros de ASAJA de Castilla y Le\u00f3n. En sus ponencias han profundizado en las novedades del seguro de ovino y de un cultivo en auge en la comunidad, la colza, cuyo plazo de suscripci\u00f3n precisamente termina este mes de octubre.<\/p>\n","protected":false},"excerpt":{"rendered":"<p>La Asociaci\u00f3n Agraria J\u00f3venes Agricultores ASAJA de Castilla y Le\u00f3n ha organizado hoy en Valladolid una jornada informativa sobre seguros agrarios, coincidiendo con la nueva campa\u00f1a de contrataci\u00f3n. Castilla y Le\u00f3n es la comunidad aut\u00f3noma con m\u00e1s superficie, producci\u00f3n y capital asegurado de toda Espa\u00f1a en cultivos herb\u00e1ceos, y a la vez con mayor porcentaje [&hellip;]<\/p>\n","protected":false},"author":9,"featured_media":9143,"comment_status":"open","ping_status":"open","sticky":false,"template":"","format":"standard","meta":{"footnotes":""},"categories":[9,29,28],"tags":[],"yoast_head":"<!-- This site is optimized with the Yoast SEO plugin v24.5 - https:\/\/yoast.com\/wordpress\/plugins\/seo\/ -->\n<title>ASAJA organiza una jornada sobre las novedades de la campa\u00f1a de contrataci\u00f3n de seguros agrarios - ASAJA Palencia<\/title>\n<meta name=\"description\" content=\"La Asociaci\u00f3n Agraria J\u00f3venes Agricultores ASAJA de Castilla y Le\u00f3n ha organizado hoy en Valladolid una jornada informativa sobre seguros agrarios,\" \/>\n<meta name=\"robots\" content=\"index, follow, max-snippet:-1, max-image-preview:large, max-video-preview:-1\" \/>\n<link rel=\"canonical\" href=\"https:\/\/www.asajacyl.com\/palencia\/asaja-palencia-informa\/asaja-organiza-una-jornada-sobre-las-novedades-de-la-campana-de-contratacion-de-seguros-agrarios\" \/>\n<meta property=\"og:locale\" content=\"es_ES\" \/>\n<meta property=\"og:type\" content=\"article\" \/>\n<meta property=\"og:title\" content=\"ASAJA organiza una jornada sobre las novedades de la campa\u00f1a de contrataci\u00f3n de seguros agrarios - ASAJA Palencia\" \/>\n<meta property=\"og:description\" content=\"La Asociaci\u00f3n Agraria J\u00f3venes Agricultores ASAJA de Castilla y Le\u00f3n ha organizado hoy en Valladolid una jornada informativa sobre seguros agrarios,\" \/>\n<meta property=\"og:url\" content=\"https:\/\/www.asajacyl.com\/palencia\/asaja-palencia-informa\/asaja-organiza-una-jornada-sobre-las-novedades-de-la-campana-de-contratacion-de-seguros-agrarios\" \/>\n<meta property=\"og:site_name\" content=\"ASAJA Palencia\" \/>\n<meta property=\"article:published_time\" content=\"2021-10-26T05:45:45+00:00\" \/>\n<meta property=\"article:modified_time\" content=\"2021-10-26T05:45:55+00:00\" \/>\n<meta property=\"og:image\" content=\"https:\/\/www.asajacyl.com\/palencia\/wp-content\/uploads\/sites\/3\/2021\/10\/seguros-2.jpg\" \/>\n\t<meta property=\"og:image:width\" content=\"2500\" \/>\n\t<meta property=\"og:image:height\" content=\"1307\" \/>\n\t<meta property=\"og:image:type\" content=\"image\/jpeg\" \/>\n<meta name=\"author\" content=\"Administrador\" \/>\n<meta name=\"twitter:card\" content=\"summary_large_image\" \/>\n<meta name=\"twitter:label1\" content=\"Escrito por\" \/>\n\t<meta name=\"twitter:data1\" content=\"Administrador\" \/>\n\t<meta name=\"twitter:label2\" content=\"Tiempo de lectura\" \/>\n\t<meta name=\"twitter:data2\" content=\"2 minutos\" \/>\n<script type=\"application\/ld+json\" class=\"yoast-schema-graph\">{\"@context\":\"https:\/\/schema.org\",\"@graph\":[{\"@type\":\"WebPage\",\"@id\":\"https:\/\/www.asajacyl.com\/palencia\/asaja-palencia-informa\/asaja-organiza-una-jornada-sobre-las-novedades-de-la-campana-de-contratacion-de-seguros-agrarios\",\"url\":\"https:\/\/www.asajacyl.com\/palencia\/asaja-palencia-informa\/asaja-organiza-una-jornada-sobre-las-novedades-de-la-campana-de-contratacion-de-seguros-agrarios\",\"name\":\"ASAJA organiza una jornada sobre las novedades de la campa\u00f1a de contrataci\u00f3n de seguros agrarios - ASAJA Palencia\",\"isPartOf\":{\"@id\":\"https:\/\/www.asajacyl.com\/palencia\/#website\"},\"primaryImageOfPage\":{\"@id\":\"https:\/\/www.asajacyl.com\/palencia\/asaja-palencia-informa\/asaja-organiza-una-jornada-sobre-las-novedades-de-la-campana-de-contratacion-de-seguros-agrarios#primaryimage\"},\"image\":{\"@id\":\"https:\/\/www.asajacyl.com\/palencia\/asaja-palencia-informa\/asaja-organiza-una-jornada-sobre-las-novedades-de-la-campana-de-contratacion-de-seguros-agrarios#primaryimage\"},\"thumbnailUrl\":\"https:\/\/www.asajacyl.com\/palencia\/wp-content\/uploads\/sites\/3\/2021\/10\/seguros-2.jpg\",\"datePublished\":\"2021-10-26T05:45:45+00:00\",\"dateModified\":\"2021-10-26T05:45:55+00:00\",\"author\":{\"@id\":\"https:\/\/www.asajacyl.com\/palencia\/#\/schema\/person\/3ab17aeb03527485c317557fae64aab1\"},\"description\":\"La Asociaci\u00f3n Agraria J\u00f3venes Agricultores ASAJA de Castilla y Le\u00f3n ha organizado hoy en Valladolid una jornada informativa sobre seguros agrarios,\",\"breadcrumb\":{\"@id\":\"https:\/\/www.asajacyl.com\/palencia\/asaja-palencia-informa\/asaja-organiza-una-jornada-sobre-las-novedades-de-la-campana-de-contratacion-de-seguros-agrarios#breadcrumb\"},\"inLanguage\":\"es\",\"potentialAction\":[{\"@type\":\"ReadAction\",\"target\":[\"https:\/\/www.asajacyl.com\/palencia\/asaja-palencia-informa\/asaja-organiza-una-jornada-sobre-las-novedades-de-la-campana-de-contratacion-de-seguros-agrarios\"]}]},{\"@type\":\"ImageObject\",\"inLanguage\":\"es\",\"@id\":\"https:\/\/www.asajacyl.com\/palencia\/asaja-palencia-informa\/asaja-organiza-una-jornada-sobre-las-novedades-de-la-campana-de-contratacion-de-seguros-agrarios#primaryimage\",\"url\":\"https:\/\/www.asajacyl.com\/palencia\/wp-content\/uploads\/sites\/3\/2021\/10\/seguros-2.jpg\",\"contentUrl\":\"https:\/\/www.asajacyl.com\/palencia\/wp-content\/uploads\/sites\/3\/2021\/10\/seguros-2.jpg\",\"width\":2500,\"height\":1307},{\"@type\":\"BreadcrumbList\",\"@id\":\"https:\/\/www.asajacyl.com\/palencia\/asaja-palencia-informa\/asaja-organiza-una-jornada-sobre-las-novedades-de-la-campana-de-contratacion-de-seguros-agrarios#breadcrumb\",\"itemListElement\":[{\"@type\":\"ListItem\",\"position\":1,\"name\":\"Portada\",\"item\":\"https:\/\/www.asajacyl.com\/palencia\/\"},{\"@type\":\"ListItem\",\"position\":2,\"name\":\"ASAJA organiza una jornada sobre las novedades de la campa\u00f1a de contrataci\u00f3n de seguros agrarios\"}]},{\"@type\":\"WebSite\",\"@id\":\"https:\/\/www.asajacyl.com\/palencia\/#website\",\"url\":\"https:\/\/www.asajacyl.com\/palencia\/\",\"name\":\"ASAJA Palencia\",\"description\":\"Otro sitio m\u00e1s de Provincias ASAJA Castilla y Le\u00f3n\",\"potentialAction\":[{\"@type\":\"SearchAction\",\"target\":{\"@type\":\"EntryPoint\",\"urlTemplate\":\"https:\/\/www.asajacyl.com\/palencia\/?s={search_term_string}\"},\"query-input\":{\"@type\":\"PropertyValueSpecification\",\"valueRequired\":true,\"valueName\":\"search_term_string\"}}],\"inLanguage\":\"es\"},{\"@type\":\"Person\",\"@id\":\"https:\/\/www.asajacyl.com\/palencia\/#\/schema\/person\/3ab17aeb03527485c317557fae64aab1\",\"name\":\"Administrador\",\"image\":{\"@type\":\"ImageObject\",\"inLanguage\":\"es\",\"@id\":\"https:\/\/www.asajacyl.com\/palencia\/#\/schema\/person\/image\/\",\"url\":\"https:\/\/secure.gravatar.com\/avatar\/517384810d242ca9e38c180f3c9fb973?s=96&d=mm&r=g\",\"contentUrl\":\"https:\/\/secure.gravatar.com\/avatar\/517384810d242ca9e38c180f3c9fb973?s=96&d=mm&r=g\",\"caption\":\"Administrador\"},\"url\":\"https:\/\/www.asajacyl.com\/palencia\/author\/carlosrm\"}]}<\/script>\n<!-- \/ Yoast SEO plugin. -->","yoast_head_json":{"title":"ASAJA organiza una jornada sobre las novedades de la campa\u00f1a de contrataci\u00f3n de seguros agrarios - ASAJA Palencia","description":"La Asociaci\u00f3n Agraria J\u00f3venes Agricultores ASAJA de Castilla y Le\u00f3n ha organizado hoy en Valladolid una jornada informativa sobre seguros agrarios,","robots":{"index":"index","follow":"follow","max-snippet":"max-snippet:-1","max-image-preview":"max-image-preview:large","max-video-preview":"max-video-preview:-1"},"canonical":"https:\/\/www.asajacyl.com\/palencia\/asaja-palencia-informa\/asaja-organiza-una-jornada-sobre-las-novedades-de-la-campana-de-contratacion-de-seguros-agrarios","og_locale":"es_ES","og_type":"article","og_title":"ASAJA organiza una jornada sobre las novedades de la campa\u00f1a de contrataci\u00f3n de seguros agrarios - ASAJA Palencia","og_description":"La Asociaci\u00f3n Agraria J\u00f3venes Agricultores ASAJA de Castilla y Le\u00f3n ha organizado hoy en Valladolid una jornada informativa sobre seguros agrarios,","og_url":"https:\/\/www.asajacyl.com\/palencia\/asaja-palencia-informa\/asaja-organiza-una-jornada-sobre-las-novedades-de-la-campana-de-contratacion-de-seguros-agrarios","og_site_name":"ASAJA Palencia","article_published_time":"2021-10-26T05:45:45+00:00","article_modified_time":"2021-10-26T05:45:55+00:00","og_image":[{"width":2500,"height":1307,"url":"https:\/\/www.asajacyl.com\/palencia\/wp-content\/uploads\/sites\/3\/2021\/10\/seguros-2.jpg","type":"image\/jpeg"}],"author":"Administrador","twitter_card":"summary_large_image","twitter_misc":{"Escrito por":"Administrador","Tiempo de lectura":"2 minutos"},"schema":{"@context":"https:\/\/schema.org","@graph":[{"@type":"WebPage","@id":"https:\/\/www.asajacyl.com\/palencia\/asaja-palencia-informa\/asaja-organiza-una-jornada-sobre-las-novedades-de-la-campana-de-contratacion-de-seguros-agrarios","url":"https:\/\/www.asajacyl.com\/palencia\/asaja-palencia-informa\/asaja-organiza-una-jornada-sobre-las-novedades-de-la-campana-de-contratacion-de-seguros-agrarios","name":"ASAJA organiza una jornada sobre las novedades de la campa\u00f1a de contrataci\u00f3n de seguros agrarios - ASAJA Palencia","isPartOf":{"@id":"https:\/\/www.asajacyl.com\/palencia\/#website"},"primaryImageOfPage":{"@id":"https:\/\/www.asajacyl.com\/palencia\/asaja-palencia-informa\/asaja-organiza-una-jornada-sobre-las-novedades-de-la-campana-de-contratacion-de-seguros-agrarios#primaryimage"},"image":{"@id":"https:\/\/www.asajacyl.com\/palencia\/asaja-palencia-informa\/asaja-organiza-una-jornada-sobre-las-novedades-de-la-campana-de-contratacion-de-seguros-agrarios#primaryimage"},"thumbnailUrl":"https:\/\/www.asajacyl.com\/palencia\/wp-content\/uploads\/sites\/3\/2021\/10\/seguros-2.jpg","datePublished":"2021-10-26T05:45:45+00:00","dateModified":"2021-10-26T05:45:55+00:00","author":{"@id":"https:\/\/www.asajacyl.com\/palencia\/#\/schema\/person\/3ab17aeb03527485c317557fae64aab1"},"description":"La Asociaci\u00f3n Agraria J\u00f3venes Agricultores ASAJA de Castilla y Le\u00f3n ha organizado hoy en Valladolid una jornada informativa sobre seguros agrarios,","breadcrumb":{"@id":"https:\/\/www.asajacyl.com\/palencia\/asaja-palencia-informa\/asaja-organiza-una-jornada-sobre-las-novedades-de-la-campana-de-contratacion-de-seguros-agrarios#breadcrumb"},"inLanguage":"es","potentialAction":[{"@type":"ReadAction","target":["https:\/\/www.asajacyl.com\/palencia\/asaja-palencia-informa\/asaja-organiza-una-jornada-sobre-las-novedades-de-la-campana-de-contratacion-de-seguros-agrarios"]}]},{"@type":"ImageObject","inLanguage":"es","@id":"https:\/\/www.asajacyl.com\/palencia\/asaja-palencia-informa\/asaja-organiza-una-jornada-sobre-las-novedades-de-la-campana-de-contratacion-de-seguros-agrarios#primaryimage","url":"https:\/\/www.asajacyl.com\/palencia\/wp-content\/uploads\/sites\/3\/2021\/10\/seguros-2.jpg","contentUrl":"https:\/\/www.asajacyl.com\/palencia\/wp-content\/uploads\/sites\/3\/2021\/10\/seguros-2.jpg","width":2500,"height":1307},{"@type":"BreadcrumbList","@id":"https:\/\/www.asajacyl.com\/palencia\/asaja-palencia-informa\/asaja-organiza-una-jornada-sobre-las-novedades-de-la-campana-de-contratacion-de-seguros-agrarios#breadcrumb","itemListElement":[{"@type":"ListItem","position":1,"name":"Portada","item":"https:\/\/www.asajacyl.com\/palencia\/"},{"@type":"ListItem","position":2,"name":"ASAJA organiza una jornada sobre las novedades de la campa\u00f1a de contrataci\u00f3n de seguros agrarios"}]},{"@type":"WebSite","@id":"https:\/\/www.asajacyl.com\/palencia\/#website","url":"https:\/\/www.asajacyl.com\/palencia\/","name":"ASAJA Palencia","description":"Otro sitio m\u00e1s de Provincias ASAJA Castilla y Le\u00f3n","potentialAction":[{"@type":"SearchAction","target":{"@type":"EntryPoint","urlTemplate":"https:\/\/www.asajacyl.com\/palencia\/?s={search_term_string}"},"query-input":{"@type":"PropertyValueSpecification","valueRequired":true,"valueName":"search_term_string"}}],"inLanguage":"es"},{"@type":"Person","@id":"https:\/\/www.asajacyl.com\/palencia\/#\/schema\/person\/3ab17aeb03527485c317557fae64aab1","name":"Administrador","image":{"@type":"ImageObject","inLanguage":"es","@id":"https:\/\/www.asajacyl.com\/palencia\/#\/schema\/person\/image\/","url":"https:\/\/secure.gravatar.com\/avatar\/517384810d242ca9e38c180f3c9fb973?s=96&d=mm&r=g","contentUrl":"https:\/\/secure.gravatar.com\/avatar\/517384810d242ca9e38c180f3c9fb973?s=96&d=mm&r=g","caption":"Administrador"},"url":"https:\/\/www.asajacyl.com\/palencia\/author\/carlosrm"}]}},"_links":{"self":[{"href":"https:\/\/www.asajacyl.com\/palencia\/wp-json\/wp\/v2\/posts\/9142"}],"collection":[{"href":"https:\/\/www.asajacyl.com\/palencia\/wp-json\/wp\/v2\/posts"}],"about":[{"href":"https:\/\/www.asajacyl.com\/palencia\/wp-json\/wp\/v2\/types\/post"}],"author":[{"embeddable":true,"href":"https:\/\/www.asajacyl.com\/palencia\/wp-json\/wp\/v2\/users\/9"}],"replies":[{"embeddable":true,"href":"https:\/\/www.asajacyl.com\/palencia\/wp-json\/wp\/v2\/comments?post=9142"}],"version-history":[{"count":2,"href":"https:\/\/www.asajacyl.com\/palencia\/wp-json\/wp\/v2\/posts\/9142\/revisions"}],"predecessor-version":[{"id":9145,"href":"https:\/\/www.asajacyl.com\/palencia\/wp-json\/wp\/v2\/posts\/9142\/revisions\/9145"}],"wp:featuredmedia":[{"embeddable":true,"href":"https:\/\/www.asajacyl.com\/palencia\/wp-json\/wp\/v2\/media\/9143"}],"wp:attachment":[{"href":"https:\/\/www.asajacyl.com\/palencia\/wp-json\/wp\/v2\/media?parent=9142"}],"wp:term":[{"taxonomy":"category","embeddable":true,"href":"https:\/\/www.asajacyl.com\/palencia\/wp-json\/wp\/v2\/categories?post=9142"},{"taxonomy":"post_tag","embeddable":true,"href":"https:\/\/www.asajacyl.com\/palencia\/wp-json\/wp\/v2\/tags?post=9142"}],"curies":[{"name":"wp","href":"https:\/\/api.w.org\/{rel}","templated":true}]}}