{"id":9151,"date":"2021-10-26T19:02:00","date_gmt":"2021-10-26T17:02:00","guid":{"rendered":"https:\/\/www.asajacyl.com\/palencia\/?p=9151"},"modified":"2021-10-26T19:04:21","modified_gmt":"2021-10-26T17:04:21","slug":"nuevo-ataque-del-ministro-garzon-a-la-agricultura-y-al-medio-rural","status":"publish","type":"post","link":"https:\/\/www.asajacyl.com\/palencia\/asaja-palencia-informa\/nuevo-ataque-del-ministro-garzon-a-la-agricultura-y-al-medio-rural","title":{"rendered":"Nuevo ataque del ministro Garz\u00f3n a la agricultura y al medio rural"},"content":{"rendered":"\n<p>El Ministro Alberto Garz\u00f3n, ha presentado una nueva campa\u00f1a, esta vez denominada \u201cHijos del Az\u00facar\u201d, donde criminaliza al sector y le responsabiliza de la obesidad infantil. <\/p>\n\n\n\n<p>Su persecuci\u00f3n a la agricultura y ganader\u00eda no conoce l\u00edmites, recordemos campa\u00f1as anteriores como \u201cel az\u00facar mata\u201d, el tema del lobo, las pol\u00edticas seguidas contra el consumo de carne, y ahora de nuevo, vuelve a la carga contra el sector azucarero espa\u00f1ol, y el consumo de az\u00facar. <\/p>\n\n\n\n<p>Esta nueva provocaci\u00f3n del Ministro Garz\u00f3n, ha encontrado respuestas contundentes, como la del Consejero de Agricultura Jos\u00e9 Julio Carnero, quien ha recordado que un consumo moderado de az\u00facar es bueno para la salud y el cerebro, a la vez que le pide que deje de hacer pol\u00edticas comunistas, tratando de imponer a las familias la educaci\u00f3n de sus hijos. <\/p>\n\n\n\n<p>De igual manera se ha pronunciado el Presidente de ACOR, Jes\u00fas Posadas, quien manifiesta que esta campa\u00f1a se ha orquestado desde el m\u00e1s absoluto desconocimiento, invitando al Ministro, que conozca la realidad del sector, antes de pronunciarse nuevo de forma tan desafortunada.<\/p>\n","protected":false},"excerpt":{"rendered":"<p>El Ministro Alberto Garz\u00f3n, ha presentado una nueva campa\u00f1a, esta vez denominada \u201cHijos del Az\u00facar\u201d, donde criminaliza al sector y le responsabiliza de la obesidad infantil. Su persecuci\u00f3n a la agricultura y ganader\u00eda no conoce l\u00edmites, recordemos campa\u00f1as anteriores como \u201cel az\u00facar mata\u201d, el tema del lobo, las pol\u00edticas seguidas contra el consumo de carne, [&hellip;]<\/p>\n","protected":false},"author":9,"featured_media":5807,"comment_status":"open","ping_status":"open","sticky":false,"template":"","format":"standard","meta":{"footnotes":""},"categories":[9,29,28],"tags":[],"yoast_head":"<!-- This site is optimized with the Yoast SEO plugin v24.5 - https:\/\/yoast.com\/wordpress\/plugins\/seo\/ -->\n<title>Nuevo ataque del ministro Garz\u00f3n a la agricultura y al medio rural - ASAJA Palencia<\/title>\n<meta name=\"description\" content=\"El Ministro Alberto Garz\u00f3n, ha presentado una nueva campa\u00f1a, esta vez denominada \u201cHijos del Az\u00facar\u201d, donde criminaliza al sector y le responsabiliza de la\" \/>\n<meta name=\"robots\" content=\"index, follow, max-snippet:-1, max-image-preview:large, max-video-preview:-1\" \/>\n<link rel=\"canonical\" href=\"https:\/\/www.asajacyl.com\/palencia\/asaja-palencia-informa\/nuevo-ataque-del-ministro-garzon-a-la-agricultura-y-al-medio-rural\" \/>\n<meta property=\"og:locale\" content=\"es_ES\" \/>\n<meta property=\"og:type\" content=\"article\" \/>\n<meta property=\"og:title\" content=\"Nuevo ataque del ministro Garz\u00f3n a la agricultura y al medio rural - ASAJA Palencia\" \/>\n<meta property=\"og:description\" content=\"El Ministro Alberto Garz\u00f3n, ha presentado una nueva campa\u00f1a, esta vez denominada \u201cHijos del Az\u00facar\u201d, donde criminaliza al sector y le responsabiliza de la\" \/>\n<meta property=\"og:url\" content=\"https:\/\/www.asajacyl.com\/palencia\/asaja-palencia-informa\/nuevo-ataque-del-ministro-garzon-a-la-agricultura-y-al-medio-rural\" \/>\n<meta property=\"og:site_name\" content=\"ASAJA Palencia\" \/>\n<meta property=\"article:published_time\" content=\"2021-10-26T17:02:00+00:00\" \/>\n<meta property=\"article:modified_time\" content=\"2021-10-26T17:04:21+00:00\" \/>\n<meta property=\"og:image\" content=\"https:\/\/www.asajacyl.com\/palencia\/wp-content\/uploads\/sites\/3\/2019\/01\/remolacha1-VALL.jpg\" \/>\n\t<meta property=\"og:image:width\" content=\"1213\" \/>\n\t<meta property=\"og:image:height\" content=\"772\" \/>\n\t<meta property=\"og:image:type\" content=\"image\/jpeg\" \/>\n<meta name=\"author\" content=\"Administrador\" \/>\n<meta name=\"twitter:card\" content=\"summary_large_image\" \/>\n<meta name=\"twitter:label1\" content=\"Escrito por\" \/>\n\t<meta name=\"twitter:data1\" content=\"Administrador\" \/>\n\t<meta name=\"twitter:label2\" content=\"Tiempo de lectura\" \/>\n\t<meta name=\"twitter:data2\" content=\"1 minuto\" \/>\n<script type=\"application\/ld+json\" class=\"yoast-schema-graph\">{\"@context\":\"https:\/\/schema.org\",\"@graph\":[{\"@type\":\"WebPage\",\"@id\":\"https:\/\/www.asajacyl.com\/palencia\/asaja-palencia-informa\/nuevo-ataque-del-ministro-garzon-a-la-agricultura-y-al-medio-rural\",\"url\":\"https:\/\/www.asajacyl.com\/palencia\/asaja-palencia-informa\/nuevo-ataque-del-ministro-garzon-a-la-agricultura-y-al-medio-rural\",\"name\":\"Nuevo ataque del ministro Garz\u00f3n a la agricultura y al medio rural - ASAJA Palencia\",\"isPartOf\":{\"@id\":\"https:\/\/www.asajacyl.com\/palencia\/#website\"},\"primaryImageOfPage\":{\"@id\":\"https:\/\/www.asajacyl.com\/palencia\/asaja-palencia-informa\/nuevo-ataque-del-ministro-garzon-a-la-agricultura-y-al-medio-rural#primaryimage\"},\"image\":{\"@id\":\"https:\/\/www.asajacyl.com\/palencia\/asaja-palencia-informa\/nuevo-ataque-del-ministro-garzon-a-la-agricultura-y-al-medio-rural#primaryimage\"},\"thumbnailUrl\":\"https:\/\/www.asajacyl.com\/palencia\/wp-content\/uploads\/sites\/3\/2019\/01\/remolacha1-VALL.jpg\",\"datePublished\":\"2021-10-26T17:02:00+00:00\",\"dateModified\":\"2021-10-26T17:04:21+00:00\",\"author\":{\"@id\":\"https:\/\/www.asajacyl.com\/palencia\/#\/schema\/person\/3ab17aeb03527485c317557fae64aab1\"},\"description\":\"El Ministro Alberto Garz\u00f3n, ha presentado una nueva campa\u00f1a, esta vez denominada \u201cHijos del Az\u00facar\u201d, donde criminaliza al sector y le responsabiliza de la\",\"breadcrumb\":{\"@id\":\"https:\/\/www.asajacyl.com\/palencia\/asaja-palencia-informa\/nuevo-ataque-del-ministro-garzon-a-la-agricultura-y-al-medio-rural#breadcrumb\"},\"inLanguage\":\"es\",\"potentialAction\":[{\"@type\":\"ReadAction\",\"target\":[\"https:\/\/www.asajacyl.com\/palencia\/asaja-palencia-informa\/nuevo-ataque-del-ministro-garzon-a-la-agricultura-y-al-medio-rural\"]}]},{\"@type\":\"ImageObject\",\"inLanguage\":\"es\",\"@id\":\"https:\/\/www.asajacyl.com\/palencia\/asaja-palencia-informa\/nuevo-ataque-del-ministro-garzon-a-la-agricultura-y-al-medio-rural#primaryimage\",\"url\":\"https:\/\/www.asajacyl.com\/palencia\/wp-content\/uploads\/sites\/3\/2019\/01\/remolacha1-VALL.jpg\",\"contentUrl\":\"https:\/\/www.asajacyl.com\/palencia\/wp-content\/uploads\/sites\/3\/2019\/01\/remolacha1-VALL.jpg\",\"width\":1213,\"height\":772},{\"@type\":\"BreadcrumbList\",\"@id\":\"https:\/\/www.asajacyl.com\/palencia\/asaja-palencia-informa\/nuevo-ataque-del-ministro-garzon-a-la-agricultura-y-al-medio-rural#breadcrumb\",\"itemListElement\":[{\"@type\":\"ListItem\",\"position\":1,\"name\":\"Portada\",\"item\":\"https:\/\/www.asajacyl.com\/palencia\/\"},{\"@type\":\"ListItem\",\"position\":2,\"name\":\"Nuevo ataque del ministro Garz\u00f3n a la agricultura y al medio rural\"}]},{\"@type\":\"WebSite\",\"@id\":\"https:\/\/www.asajacyl.com\/palencia\/#website\",\"url\":\"https:\/\/www.asajacyl.com\/palencia\/\",\"name\":\"ASAJA Palencia\",\"description\":\"Otro sitio m\u00e1s de Provincias ASAJA Castilla y Le\u00f3n\",\"potentialAction\":[{\"@type\":\"SearchAction\",\"target\":{\"@type\":\"EntryPoint\",\"urlTemplate\":\"https:\/\/www.asajacyl.com\/palencia\/?s={search_term_string}\"},\"query-input\":{\"@type\":\"PropertyValueSpecification\",\"valueRequired\":true,\"valueName\":\"search_term_string\"}}],\"inLanguage\":\"es\"},{\"@type\":\"Person\",\"@id\":\"https:\/\/www.asajacyl.com\/palencia\/#\/schema\/person\/3ab17aeb03527485c317557fae64aab1\",\"name\":\"Administrador\",\"image\":{\"@type\":\"ImageObject\",\"inLanguage\":\"es\",\"@id\":\"https:\/\/www.asajacyl.com\/palencia\/#\/schema\/person\/image\/\",\"url\":\"https:\/\/secure.gravatar.com\/avatar\/517384810d242ca9e38c180f3c9fb973?s=96&d=mm&r=g\",\"contentUrl\":\"https:\/\/secure.gravatar.com\/avatar\/517384810d242ca9e38c180f3c9fb973?s=96&d=mm&r=g\",\"caption\":\"Administrador\"},\"url\":\"https:\/\/www.asajacyl.com\/palencia\/author\/carlosrm\"}]}<\/script>\n<!-- \/ Yoast SEO plugin. -->","yoast_head_json":{"title":"Nuevo ataque del ministro Garz\u00f3n a la agricultura y al medio rural - ASAJA Palencia","description":"El Ministro Alberto Garz\u00f3n, ha presentado una nueva campa\u00f1a, esta vez denominada \u201cHijos del Az\u00facar\u201d, donde criminaliza al sector y le responsabiliza de la","robots":{"index":"index","follow":"follow","max-snippet":"max-snippet:-1","max-image-preview":"max-image-preview:large","max-video-preview":"max-video-preview:-1"},"canonical":"https:\/\/www.asajacyl.com\/palencia\/asaja-palencia-informa\/nuevo-ataque-del-ministro-garzon-a-la-agricultura-y-al-medio-rural","og_locale":"es_ES","og_type":"article","og_title":"Nuevo ataque del ministro Garz\u00f3n a la agricultura y al medio rural - ASAJA Palencia","og_description":"El Ministro Alberto Garz\u00f3n, ha presentado una nueva campa\u00f1a, esta vez denominada \u201cHijos del Az\u00facar\u201d, donde criminaliza al sector y le responsabiliza de la","og_url":"https:\/\/www.asajacyl.com\/palencia\/asaja-palencia-informa\/nuevo-ataque-del-ministro-garzon-a-la-agricultura-y-al-medio-rural","og_site_name":"ASAJA Palencia","article_published_time":"2021-10-26T17:02:00+00:00","article_modified_time":"2021-10-26T17:04:21+00:00","og_image":[{"width":1213,"height":772,"url":"https:\/\/www.asajacyl.com\/palencia\/wp-content\/uploads\/sites\/3\/2019\/01\/remolacha1-VALL.jpg","type":"image\/jpeg"}],"author":"Administrador","twitter_card":"summary_large_image","twitter_misc":{"Escrito por":"Administrador","Tiempo de lectura":"1 minuto"},"schema":{"@context":"https:\/\/schema.org","@graph":[{"@type":"WebPage","@id":"https:\/\/www.asajacyl.com\/palencia\/asaja-palencia-informa\/nuevo-ataque-del-ministro-garzon-a-la-agricultura-y-al-medio-rural","url":"https:\/\/www.asajacyl.com\/palencia\/asaja-palencia-informa\/nuevo-ataque-del-ministro-garzon-a-la-agricultura-y-al-medio-rural","name":"Nuevo ataque del ministro Garz\u00f3n a la agricultura y al medio rural - ASAJA Palencia","isPartOf":{"@id":"https:\/\/www.asajacyl.com\/palencia\/#website"},"primaryImageOfPage":{"@id":"https:\/\/www.asajacyl.com\/palencia\/asaja-palencia-informa\/nuevo-ataque-del-ministro-garzon-a-la-agricultura-y-al-medio-rural#primaryimage"},"image":{"@id":"https:\/\/www.asajacyl.com\/palencia\/asaja-palencia-informa\/nuevo-ataque-del-ministro-garzon-a-la-agricultura-y-al-medio-rural#primaryimage"},"thumbnailUrl":"https:\/\/www.asajacyl.com\/palencia\/wp-content\/uploads\/sites\/3\/2019\/01\/remolacha1-VALL.jpg","datePublished":"2021-10-26T17:02:00+00:00","dateModified":"2021-10-26T17:04:21+00:00","author":{"@id":"https:\/\/www.asajacyl.com\/palencia\/#\/schema\/person\/3ab17aeb03527485c317557fae64aab1"},"description":"El Ministro Alberto Garz\u00f3n, ha presentado una nueva campa\u00f1a, esta vez denominada \u201cHijos del Az\u00facar\u201d, donde criminaliza al sector y le responsabiliza de la","breadcrumb":{"@id":"https:\/\/www.asajacyl.com\/palencia\/asaja-palencia-informa\/nuevo-ataque-del-ministro-garzon-a-la-agricultura-y-al-medio-rural#breadcrumb"},"inLanguage":"es","potentialAction":[{"@type":"ReadAction","target":["https:\/\/www.asajacyl.com\/palencia\/asaja-palencia-informa\/nuevo-ataque-del-ministro-garzon-a-la-agricultura-y-al-medio-rural"]}]},{"@type":"ImageObject","inLanguage":"es","@id":"https:\/\/www.asajacyl.com\/palencia\/asaja-palencia-informa\/nuevo-ataque-del-ministro-garzon-a-la-agricultura-y-al-medio-rural#primaryimage","url":"https:\/\/www.asajacyl.com\/palencia\/wp-content\/uploads\/sites\/3\/2019\/01\/remolacha1-VALL.jpg","contentUrl":"https:\/\/www.asajacyl.com\/palencia\/wp-content\/uploads\/sites\/3\/2019\/01\/remolacha1-VALL.jpg","width":1213,"height":772},{"@type":"BreadcrumbList","@id":"https:\/\/www.asajacyl.com\/palencia\/asaja-palencia-informa\/nuevo-ataque-del-ministro-garzon-a-la-agricultura-y-al-medio-rural#breadcrumb","itemListElement":[{"@type":"ListItem","position":1,"name":"Portada","item":"https:\/\/www.asajacyl.com\/palencia\/"},{"@type":"ListItem","position":2,"name":"Nuevo ataque del ministro Garz\u00f3n a la agricultura y al medio rural"}]},{"@type":"WebSite","@id":"https:\/\/www.asajacyl.com\/palencia\/#website","url":"https:\/\/www.asajacyl.com\/palencia\/","name":"ASAJA Palencia","description":"Otro sitio m\u00e1s de Provincias ASAJA Castilla y Le\u00f3n","potentialAction":[{"@type":"SearchAction","target":{"@type":"EntryPoint","urlTemplate":"https:\/\/www.asajacyl.com\/palencia\/?s={search_term_string}"},"query-input":{"@type":"PropertyValueSpecification","valueRequired":true,"valueName":"search_term_string"}}],"inLanguage":"es"},{"@type":"Person","@id":"https:\/\/www.asajacyl.com\/palencia\/#\/schema\/person\/3ab17aeb03527485c317557fae64aab1","name":"Administrador","image":{"@type":"ImageObject","inLanguage":"es","@id":"https:\/\/www.asajacyl.com\/palencia\/#\/schema\/person\/image\/","url":"https:\/\/secure.gravatar.com\/avatar\/517384810d242ca9e38c180f3c9fb973?s=96&d=mm&r=g","contentUrl":"https:\/\/secure.gravatar.com\/avatar\/517384810d242ca9e38c180f3c9fb973?s=96&d=mm&r=g","caption":"Administrador"},"url":"https:\/\/www.asajacyl.com\/palencia\/author\/carlosrm"}]}},"_links":{"self":[{"href":"https:\/\/www.asajacyl.com\/palencia\/wp-json\/wp\/v2\/posts\/9151"}],"collection":[{"href":"https:\/\/www.asajacyl.com\/palencia\/wp-json\/wp\/v2\/posts"}],"about":[{"href":"https:\/\/www.asajacyl.com\/palencia\/wp-json\/wp\/v2\/types\/post"}],"author":[{"embeddable":true,"href":"https:\/\/www.asajacyl.com\/palencia\/wp-json\/wp\/v2\/users\/9"}],"replies":[{"embeddable":true,"href":"https:\/\/www.asajacyl.com\/palencia\/wp-json\/wp\/v2\/comments?post=9151"}],"version-history":[{"count":1,"href":"https:\/\/www.asajacyl.com\/palencia\/wp-json\/wp\/v2\/posts\/9151\/revisions"}],"predecessor-version":[{"id":9152,"href":"https:\/\/www.asajacyl.com\/palencia\/wp-json\/wp\/v2\/posts\/9151\/revisions\/9152"}],"wp:featuredmedia":[{"embeddable":true,"href":"https:\/\/www.asajacyl.com\/palencia\/wp-json\/wp\/v2\/media\/5807"}],"wp:attachment":[{"href":"https:\/\/www.asajacyl.com\/palencia\/wp-json\/wp\/v2\/media?parent=9151"}],"wp:term":[{"taxonomy":"category","embeddable":true,"href":"https:\/\/www.asajacyl.com\/palencia\/wp-json\/wp\/v2\/categories?post=9151"},{"taxonomy":"post_tag","embeddable":true,"href":"https:\/\/www.asajacyl.com\/palencia\/wp-json\/wp\/v2\/tags?post=9151"}],"curies":[{"name":"wp","href":"https:\/\/api.w.org\/{rel}","templated":true}]}}