{"id":9157,"date":"2021-10-27T07:09:40","date_gmt":"2021-10-27T05:09:40","guid":{"rendered":"https:\/\/www.asajacyl.com\/palencia\/?p=9157"},"modified":"2021-10-28T08:48:23","modified_gmt":"2021-10-28T06:48:23","slug":"los-sistemas-carrion-y-pisuerga-presentan-una-reduccion-significativa-de-los-caudales-circulantes","status":"publish","type":"post","link":"https:\/\/www.asajacyl.com\/palencia\/asaja-palencia-informa\/los-sistemas-carrion-y-pisuerga-presentan-una-reduccion-significativa-de-los-caudales-circulantes","title":{"rendered":"Los sistemas Carri\u00f3n y Pisuerga presentan una reducci\u00f3n significativa de los caudales circulantes"},"content":{"rendered":"\n<p>Seg\u00fan el \u00faltimo informe del Plan Especial de Sequ\u00eda del Duero, esta situaci\u00f3n de sequ\u00eda prolongada, es debida a la falta de precipitaciones en los \u00faltimos meses. Una situaci\u00f3n habitualmente conocida como sequ\u00eda meteorol\u00f3gica que evidencia una reducci\u00f3n significativa de los caudales naturales de los r\u00edos, con independencia de los usos y demandas de agua existentes, actualmente garantizados.<\/p>\n\n\n\n<p>Esta situaci\u00f3n de sequ\u00eda prolongada, que afecta principalmente a la zona norte de la cuenca del Duero, junto al sistema Tormes, es compatible con una situaci\u00f3n general de normalidad en la demarcaci\u00f3n en cuanto a las reservas. Un caso excepcional es el del Carri\u00f3n, en el que coinciden una situaci\u00f3n de sequ\u00eda y de bajas reservas de agua (26 hm<sup>3<\/sup> sobre un total de 165 hm<sup>3<\/sup>).<\/p>\n\n\n\n<p>El objetivo general del Plan Especial de Gesti\u00f3n de Sequ\u00edas del Duero es prever estos episodios con el fin de minimizar sus impactos socioecon\u00f3micos y sobre el medio ambiente, para lo que es necesario que los usuarios sigan con atenci\u00f3n la evoluci\u00f3n de los indicadores de sequ\u00eda de cara a planificar sus usos, en especial en un momento en que se est\u00e1 planificando la pr\u00f3xima campa\u00f1a agr\u00edcola.<\/p>\n\n\n\n<div class=\"wp-block-image\"><figure class=\"aligncenter is-resized\"><img loading=\"lazy\" decoding=\"async\" src=\"https:\/\/www.chduero.es\/documents\/20126\/98997\/Septiembre+2021+SEQUIA.jpg\/de9877fd-ee0a-6468-aa1d-38e84310e4de?t=1634189218296&amp;imagePreview=1\" alt=\"\" width=\"923\" height=\"653\" \/><figcaption>Fuente: Confederaci\u00f3n Hidrogr\u00e1fica del Duero<\/figcaption><\/figure><\/div>\n\n\n\n<div class=\"wp-block-image\"><figure class=\"aligncenter is-resized\"><img loading=\"lazy\" decoding=\"async\" src=\"https:\/\/www.chduero.es\/documents\/20126\/98997\/Septiembre+2021+ESCASEZ.jpg\/c3173938-bd05-325b-aa08-e6db04d013e3?t=1634189218622&amp;imagePreview=1\" alt=\"\" width=\"905\" height=\"639\" \/><figcaption>Fuente: Confederaci\u00f3n Hidrogr\u00e1fica del Duero<\/figcaption><\/figure><\/div>\n","protected":false},"excerpt":{"rendered":"<p>Seg\u00fan el \u00faltimo informe del Plan Especial de Sequ\u00eda del Duero, esta situaci\u00f3n de sequ\u00eda prolongada, es debida a la falta de precipitaciones en los \u00faltimos meses. Una situaci\u00f3n habitualmente conocida como sequ\u00eda meteorol\u00f3gica que evidencia una reducci\u00f3n significativa de los caudales naturales de los r\u00edos, con independencia de los usos y demandas de agua [&hellip;]<\/p>\n","protected":false},"author":9,"featured_media":9158,"comment_status":"open","ping_status":"open","sticky":false,"template":"","format":"standard","meta":{"footnotes":""},"categories":[9,29,28],"tags":[],"yoast_head":"<!-- This site is optimized with the Yoast SEO plugin v24.5 - https:\/\/yoast.com\/wordpress\/plugins\/seo\/ -->\n<title>Los sistemas Carri\u00f3n y Pisuerga presentan una reducci\u00f3n significativa de los caudales circulantes - ASAJA Palencia<\/title>\n<meta name=\"description\" content=\"Seg\u00fan el \u00faltimo informe del Plan Especial de Sequ\u00eda del Duero, esta situaci\u00f3n de sequ\u00eda prolongada, es debida a la falta de precipitaciones en los \u00faltimos\" \/>\n<meta name=\"robots\" content=\"index, follow, max-snippet:-1, max-image-preview:large, max-video-preview:-1\" \/>\n<link rel=\"canonical\" href=\"https:\/\/www.asajacyl.com\/palencia\/asaja-palencia-informa\/los-sistemas-carrion-y-pisuerga-presentan-una-reduccion-significativa-de-los-caudales-circulantes\" \/>\n<meta property=\"og:locale\" content=\"es_ES\" \/>\n<meta property=\"og:type\" content=\"article\" \/>\n<meta property=\"og:title\" content=\"Los sistemas Carri\u00f3n y Pisuerga presentan una reducci\u00f3n significativa de los caudales circulantes - ASAJA Palencia\" \/>\n<meta property=\"og:description\" content=\"Seg\u00fan el \u00faltimo informe del Plan Especial de Sequ\u00eda del Duero, esta situaci\u00f3n de sequ\u00eda prolongada, es debida a la falta de precipitaciones en los \u00faltimos\" \/>\n<meta property=\"og:url\" content=\"https:\/\/www.asajacyl.com\/palencia\/asaja-palencia-informa\/los-sistemas-carrion-y-pisuerga-presentan-una-reduccion-significativa-de-los-caudales-circulantes\" \/>\n<meta property=\"og:site_name\" content=\"ASAJA Palencia\" \/>\n<meta property=\"article:published_time\" content=\"2021-10-27T05:09:40+00:00\" \/>\n<meta property=\"article:modified_time\" content=\"2021-10-28T06:48:23+00:00\" \/>\n<meta property=\"og:image\" content=\"https:\/\/www.asajacyl.com\/palencia\/wp-content\/uploads\/sites\/3\/2021\/10\/MAPA-CHD.jpg\" \/>\n\t<meta property=\"og:image:width\" content=\"1000\" \/>\n\t<meta property=\"og:image:height\" content=\"708\" \/>\n\t<meta property=\"og:image:type\" content=\"image\/jpeg\" \/>\n<meta name=\"author\" content=\"Administrador\" \/>\n<meta name=\"twitter:card\" content=\"summary_large_image\" \/>\n<meta name=\"twitter:label1\" content=\"Escrito por\" \/>\n\t<meta name=\"twitter:data1\" content=\"Administrador\" \/>\n\t<meta name=\"twitter:label2\" content=\"Tiempo de lectura\" \/>\n\t<meta name=\"twitter:data2\" content=\"2 minutos\" \/>\n<script type=\"application\/ld+json\" class=\"yoast-schema-graph\">{\"@context\":\"https:\/\/schema.org\",\"@graph\":[{\"@type\":\"WebPage\",\"@id\":\"https:\/\/www.asajacyl.com\/palencia\/asaja-palencia-informa\/los-sistemas-carrion-y-pisuerga-presentan-una-reduccion-significativa-de-los-caudales-circulantes\",\"url\":\"https:\/\/www.asajacyl.com\/palencia\/asaja-palencia-informa\/los-sistemas-carrion-y-pisuerga-presentan-una-reduccion-significativa-de-los-caudales-circulantes\",\"name\":\"Los sistemas Carri\u00f3n y Pisuerga presentan una reducci\u00f3n significativa de los caudales circulantes - ASAJA Palencia\",\"isPartOf\":{\"@id\":\"https:\/\/www.asajacyl.com\/palencia\/#website\"},\"primaryImageOfPage\":{\"@id\":\"https:\/\/www.asajacyl.com\/palencia\/asaja-palencia-informa\/los-sistemas-carrion-y-pisuerga-presentan-una-reduccion-significativa-de-los-caudales-circulantes#primaryimage\"},\"image\":{\"@id\":\"https:\/\/www.asajacyl.com\/palencia\/asaja-palencia-informa\/los-sistemas-carrion-y-pisuerga-presentan-una-reduccion-significativa-de-los-caudales-circulantes#primaryimage\"},\"thumbnailUrl\":\"https:\/\/www.asajacyl.com\/palencia\/wp-content\/uploads\/sites\/3\/2021\/10\/MAPA-CHD.jpg\",\"datePublished\":\"2021-10-27T05:09:40+00:00\",\"dateModified\":\"2021-10-28T06:48:23+00:00\",\"author\":{\"@id\":\"https:\/\/www.asajacyl.com\/palencia\/#\/schema\/person\/3ab17aeb03527485c317557fae64aab1\"},\"description\":\"Seg\u00fan el \u00faltimo informe del Plan Especial de Sequ\u00eda del Duero, esta situaci\u00f3n de sequ\u00eda prolongada, es debida a la falta de precipitaciones en los \u00faltimos\",\"breadcrumb\":{\"@id\":\"https:\/\/www.asajacyl.com\/palencia\/asaja-palencia-informa\/los-sistemas-carrion-y-pisuerga-presentan-una-reduccion-significativa-de-los-caudales-circulantes#breadcrumb\"},\"inLanguage\":\"es\",\"potentialAction\":[{\"@type\":\"ReadAction\",\"target\":[\"https:\/\/www.asajacyl.com\/palencia\/asaja-palencia-informa\/los-sistemas-carrion-y-pisuerga-presentan-una-reduccion-significativa-de-los-caudales-circulantes\"]}]},{\"@type\":\"ImageObject\",\"inLanguage\":\"es\",\"@id\":\"https:\/\/www.asajacyl.com\/palencia\/asaja-palencia-informa\/los-sistemas-carrion-y-pisuerga-presentan-una-reduccion-significativa-de-los-caudales-circulantes#primaryimage\",\"url\":\"https:\/\/www.asajacyl.com\/palencia\/wp-content\/uploads\/sites\/3\/2021\/10\/MAPA-CHD.jpg\",\"contentUrl\":\"https:\/\/www.asajacyl.com\/palencia\/wp-content\/uploads\/sites\/3\/2021\/10\/MAPA-CHD.jpg\",\"width\":1000,\"height\":708},{\"@type\":\"BreadcrumbList\",\"@id\":\"https:\/\/www.asajacyl.com\/palencia\/asaja-palencia-informa\/los-sistemas-carrion-y-pisuerga-presentan-una-reduccion-significativa-de-los-caudales-circulantes#breadcrumb\",\"itemListElement\":[{\"@type\":\"ListItem\",\"position\":1,\"name\":\"Portada\",\"item\":\"https:\/\/www.asajacyl.com\/palencia\/\"},{\"@type\":\"ListItem\",\"position\":2,\"name\":\"Los sistemas Carri\u00f3n y Pisuerga presentan una reducci\u00f3n significativa de los caudales circulantes\"}]},{\"@type\":\"WebSite\",\"@id\":\"https:\/\/www.asajacyl.com\/palencia\/#website\",\"url\":\"https:\/\/www.asajacyl.com\/palencia\/\",\"name\":\"ASAJA Palencia\",\"description\":\"Otro sitio m\u00e1s de Provincias ASAJA Castilla y Le\u00f3n\",\"potentialAction\":[{\"@type\":\"SearchAction\",\"target\":{\"@type\":\"EntryPoint\",\"urlTemplate\":\"https:\/\/www.asajacyl.com\/palencia\/?s={search_term_string}\"},\"query-input\":{\"@type\":\"PropertyValueSpecification\",\"valueRequired\":true,\"valueName\":\"search_term_string\"}}],\"inLanguage\":\"es\"},{\"@type\":\"Person\",\"@id\":\"https:\/\/www.asajacyl.com\/palencia\/#\/schema\/person\/3ab17aeb03527485c317557fae64aab1\",\"name\":\"Administrador\",\"image\":{\"@type\":\"ImageObject\",\"inLanguage\":\"es\",\"@id\":\"https:\/\/www.asajacyl.com\/palencia\/#\/schema\/person\/image\/\",\"url\":\"https:\/\/secure.gravatar.com\/avatar\/517384810d242ca9e38c180f3c9fb973?s=96&d=mm&r=g\",\"contentUrl\":\"https:\/\/secure.gravatar.com\/avatar\/517384810d242ca9e38c180f3c9fb973?s=96&d=mm&r=g\",\"caption\":\"Administrador\"},\"url\":\"https:\/\/www.asajacyl.com\/palencia\/author\/carlosrm\"}]}<\/script>\n<!-- \/ Yoast SEO plugin. -->","yoast_head_json":{"title":"Los sistemas Carri\u00f3n y Pisuerga presentan una reducci\u00f3n significativa de los caudales circulantes - ASAJA Palencia","description":"Seg\u00fan el \u00faltimo informe del Plan Especial de Sequ\u00eda del Duero, esta situaci\u00f3n de sequ\u00eda prolongada, es debida a la falta de precipitaciones en los \u00faltimos","robots":{"index":"index","follow":"follow","max-snippet":"max-snippet:-1","max-image-preview":"max-image-preview:large","max-video-preview":"max-video-preview:-1"},"canonical":"https:\/\/www.asajacyl.com\/palencia\/asaja-palencia-informa\/los-sistemas-carrion-y-pisuerga-presentan-una-reduccion-significativa-de-los-caudales-circulantes","og_locale":"es_ES","og_type":"article","og_title":"Los sistemas Carri\u00f3n y Pisuerga presentan una reducci\u00f3n significativa de los caudales circulantes - ASAJA Palencia","og_description":"Seg\u00fan el \u00faltimo informe del Plan Especial de Sequ\u00eda del Duero, esta situaci\u00f3n de sequ\u00eda prolongada, es debida a la falta de precipitaciones en los \u00faltimos","og_url":"https:\/\/www.asajacyl.com\/palencia\/asaja-palencia-informa\/los-sistemas-carrion-y-pisuerga-presentan-una-reduccion-significativa-de-los-caudales-circulantes","og_site_name":"ASAJA Palencia","article_published_time":"2021-10-27T05:09:40+00:00","article_modified_time":"2021-10-28T06:48:23+00:00","og_image":[{"width":1000,"height":708,"url":"https:\/\/www.asajacyl.com\/palencia\/wp-content\/uploads\/sites\/3\/2021\/10\/MAPA-CHD.jpg","type":"image\/jpeg"}],"author":"Administrador","twitter_card":"summary_large_image","twitter_misc":{"Escrito por":"Administrador","Tiempo de lectura":"2 minutos"},"schema":{"@context":"https:\/\/schema.org","@graph":[{"@type":"WebPage","@id":"https:\/\/www.asajacyl.com\/palencia\/asaja-palencia-informa\/los-sistemas-carrion-y-pisuerga-presentan-una-reduccion-significativa-de-los-caudales-circulantes","url":"https:\/\/www.asajacyl.com\/palencia\/asaja-palencia-informa\/los-sistemas-carrion-y-pisuerga-presentan-una-reduccion-significativa-de-los-caudales-circulantes","name":"Los sistemas Carri\u00f3n y Pisuerga presentan una reducci\u00f3n significativa de los caudales circulantes - ASAJA Palencia","isPartOf":{"@id":"https:\/\/www.asajacyl.com\/palencia\/#website"},"primaryImageOfPage":{"@id":"https:\/\/www.asajacyl.com\/palencia\/asaja-palencia-informa\/los-sistemas-carrion-y-pisuerga-presentan-una-reduccion-significativa-de-los-caudales-circulantes#primaryimage"},"image":{"@id":"https:\/\/www.asajacyl.com\/palencia\/asaja-palencia-informa\/los-sistemas-carrion-y-pisuerga-presentan-una-reduccion-significativa-de-los-caudales-circulantes#primaryimage"},"thumbnailUrl":"https:\/\/www.asajacyl.com\/palencia\/wp-content\/uploads\/sites\/3\/2021\/10\/MAPA-CHD.jpg","datePublished":"2021-10-27T05:09:40+00:00","dateModified":"2021-10-28T06:48:23+00:00","author":{"@id":"https:\/\/www.asajacyl.com\/palencia\/#\/schema\/person\/3ab17aeb03527485c317557fae64aab1"},"description":"Seg\u00fan el \u00faltimo informe del Plan Especial de Sequ\u00eda del Duero, esta situaci\u00f3n de sequ\u00eda prolongada, es debida a la falta de precipitaciones en los \u00faltimos","breadcrumb":{"@id":"https:\/\/www.asajacyl.com\/palencia\/asaja-palencia-informa\/los-sistemas-carrion-y-pisuerga-presentan-una-reduccion-significativa-de-los-caudales-circulantes#breadcrumb"},"inLanguage":"es","potentialAction":[{"@type":"ReadAction","target":["https:\/\/www.asajacyl.com\/palencia\/asaja-palencia-informa\/los-sistemas-carrion-y-pisuerga-presentan-una-reduccion-significativa-de-los-caudales-circulantes"]}]},{"@type":"ImageObject","inLanguage":"es","@id":"https:\/\/www.asajacyl.com\/palencia\/asaja-palencia-informa\/los-sistemas-carrion-y-pisuerga-presentan-una-reduccion-significativa-de-los-caudales-circulantes#primaryimage","url":"https:\/\/www.asajacyl.com\/palencia\/wp-content\/uploads\/sites\/3\/2021\/10\/MAPA-CHD.jpg","contentUrl":"https:\/\/www.asajacyl.com\/palencia\/wp-content\/uploads\/sites\/3\/2021\/10\/MAPA-CHD.jpg","width":1000,"height":708},{"@type":"BreadcrumbList","@id":"https:\/\/www.asajacyl.com\/palencia\/asaja-palencia-informa\/los-sistemas-carrion-y-pisuerga-presentan-una-reduccion-significativa-de-los-caudales-circulantes#breadcrumb","itemListElement":[{"@type":"ListItem","position":1,"name":"Portada","item":"https:\/\/www.asajacyl.com\/palencia\/"},{"@type":"ListItem","position":2,"name":"Los sistemas Carri\u00f3n y Pisuerga presentan una reducci\u00f3n significativa de los caudales circulantes"}]},{"@type":"WebSite","@id":"https:\/\/www.asajacyl.com\/palencia\/#website","url":"https:\/\/www.asajacyl.com\/palencia\/","name":"ASAJA Palencia","description":"Otro sitio m\u00e1s de Provincias ASAJA Castilla y Le\u00f3n","potentialAction":[{"@type":"SearchAction","target":{"@type":"EntryPoint","urlTemplate":"https:\/\/www.asajacyl.com\/palencia\/?s={search_term_string}"},"query-input":{"@type":"PropertyValueSpecification","valueRequired":true,"valueName":"search_term_string"}}],"inLanguage":"es"},{"@type":"Person","@id":"https:\/\/www.asajacyl.com\/palencia\/#\/schema\/person\/3ab17aeb03527485c317557fae64aab1","name":"Administrador","image":{"@type":"ImageObject","inLanguage":"es","@id":"https:\/\/www.asajacyl.com\/palencia\/#\/schema\/person\/image\/","url":"https:\/\/secure.gravatar.com\/avatar\/517384810d242ca9e38c180f3c9fb973?s=96&d=mm&r=g","contentUrl":"https:\/\/secure.gravatar.com\/avatar\/517384810d242ca9e38c180f3c9fb973?s=96&d=mm&r=g","caption":"Administrador"},"url":"https:\/\/www.asajacyl.com\/palencia\/author\/carlosrm"}]}},"_links":{"self":[{"href":"https:\/\/www.asajacyl.com\/palencia\/wp-json\/wp\/v2\/posts\/9157"}],"collection":[{"href":"https:\/\/www.asajacyl.com\/palencia\/wp-json\/wp\/v2\/posts"}],"about":[{"href":"https:\/\/www.asajacyl.com\/palencia\/wp-json\/wp\/v2\/types\/post"}],"author":[{"embeddable":true,"href":"https:\/\/www.asajacyl.com\/palencia\/wp-json\/wp\/v2\/users\/9"}],"replies":[{"embeddable":true,"href":"https:\/\/www.asajacyl.com\/palencia\/wp-json\/wp\/v2\/comments?post=9157"}],"version-history":[{"count":1,"href":"https:\/\/www.asajacyl.com\/palencia\/wp-json\/wp\/v2\/posts\/9157\/revisions"}],"predecessor-version":[{"id":9159,"href":"https:\/\/www.asajacyl.com\/palencia\/wp-json\/wp\/v2\/posts\/9157\/revisions\/9159"}],"wp:featuredmedia":[{"embeddable":true,"href":"https:\/\/www.asajacyl.com\/palencia\/wp-json\/wp\/v2\/media\/9158"}],"wp:attachment":[{"href":"https:\/\/www.asajacyl.com\/palencia\/wp-json\/wp\/v2\/media?parent=9157"}],"wp:term":[{"taxonomy":"category","embeddable":true,"href":"https:\/\/www.asajacyl.com\/palencia\/wp-json\/wp\/v2\/categories?post=9157"},{"taxonomy":"post_tag","embeddable":true,"href":"https:\/\/www.asajacyl.com\/palencia\/wp-json\/wp\/v2\/tags?post=9157"}],"curies":[{"name":"wp","href":"https:\/\/api.w.org\/{rel}","templated":true}]}}