{"id":9161,"date":"2021-10-28T13:06:16","date_gmt":"2021-10-28T11:06:16","guid":{"rendered":"https:\/\/www.asajacyl.com\/palencia\/?p=9161"},"modified":"2021-10-28T13:06:18","modified_gmt":"2021-10-28T11:06:18","slug":"sale-a-informacion-publica-un-nuevo-tramo-de-la-expropiacion-del-ave-palencia-santander","status":"publish","type":"post","link":"https:\/\/www.asajacyl.com\/palencia\/asaja-palencia-informa\/sale-a-informacion-publica-un-nuevo-tramo-de-la-expropiacion-del-ave-palencia-santander","title":{"rendered":"Sale a informaci\u00f3n p\u00fablica un nuevo tramo de la expropiaci\u00f3n del AVE Palencia-Santander"},"content":{"rendered":"\n<p>Se ha publicado en el Bolet\u00edn Oficial del Estado un nuevo tramo dentro de la infraestructura ferroviaria de alta velocidad que se est\u00e1 llevando a cabo entre Palencia y Alar del Rey. En este caso se ha denominado \u00abPalencia-Palencia Norte\u00bb y tendr\u00e1 una longitud de 1,7 kil\u00f3metros que discurrir\u00e1n por el municipio de Palencia, aunque la expropiaci\u00f3n afectar\u00e1 tambi\u00e9n a Monz\u00f3n de Campos porque se realizar\u00e1n vertidos en diversas fincas.<\/p>\n\n\n\n<p>Actualmente ya se han levantado actas de ocupaci\u00f3n en los tramos Palencia Norte-Amusco y Amusco-Osorno, habi\u00e9ndose adjudicado las obras de dichos tramos a SACYR -77.275.850,58 euros (IVA incluido)- y a una Uni\u00f3n Temporal de Empresas -79.257.666,79\u20ac (IVA incluido)- respectivamente. En el caso del tramo Palencia Norte-Amusco el plazo de ejecuci\u00f3n es de 36 meses y en el Amusco-Osorno de 40 meses.<\/p>\n\n\n\n<p>Los afectados por el tercer tramo (Osorno-Calahorra de Boedo) y el cuarto (Calahorra de Boedo-Alar del Rey) est\u00e1n pendiente de recibir la citaci\u00f3n para las actas previas a la ocupaci\u00f3n. A su vez, se realiz\u00f3 un tr\u00e1mite, dentro del tramo Osorno-Calahorra de Boedo, para ocupar temporalmente varias fincas con el fin de mejorar el estudio geot\u00e9cnico. Hace varios meses ASAJA ya realiz\u00f3 dos jornadas informativas en Osorno y Herrera de Pisuerga con el fin de informar a las personas inmersas en este procedimiento de expropiaci\u00f3n forzosa.<\/p>\n\n\n\n<p>ASAJA-Palencia cuenta con la colaboraci\u00f3n de un gabinete experto, con el que cuenta ASAJA-Valencia (AVA), el cual asesorar\u00e1 a aquellos afectados interesados. Se puede obtener m\u00e1s informaci\u00f3n en las oficinas de ASAJA.<\/p>\n","protected":false},"excerpt":{"rendered":"<p>Se ha publicado en el Bolet\u00edn Oficial del Estado un nuevo tramo dentro de la infraestructura ferroviaria de alta velocidad que se est\u00e1 llevando a cabo entre Palencia y Alar del Rey. En este caso se ha denominado \u00abPalencia-Palencia Norte\u00bb y tendr\u00e1 una longitud de 1,7 kil\u00f3metros que discurrir\u00e1n por el municipio de Palencia, aunque [&hellip;]<\/p>\n","protected":false},"author":9,"featured_media":8115,"comment_status":"open","ping_status":"open","sticky":false,"template":"","format":"standard","meta":{"footnotes":""},"categories":[9,29,28],"tags":[],"yoast_head":"<!-- This site is optimized with the Yoast SEO plugin v24.5 - https:\/\/yoast.com\/wordpress\/plugins\/seo\/ -->\n<title>Sale a informaci\u00f3n p\u00fablica un nuevo tramo de la expropiaci\u00f3n del AVE Palencia-Santander - ASAJA Palencia<\/title>\n<meta name=\"description\" content=\"Se ha publicado en el Bolet\u00edn Oficial del Estado un nuevo tramo dentro de la infraestructura ferroviaria de alta velocidad que se est\u00e1 llevando a cabo\" \/>\n<meta name=\"robots\" content=\"index, follow, max-snippet:-1, max-image-preview:large, max-video-preview:-1\" \/>\n<link rel=\"canonical\" href=\"https:\/\/www.asajacyl.com\/palencia\/asaja-palencia-informa\/sale-a-informacion-publica-un-nuevo-tramo-de-la-expropiacion-del-ave-palencia-santander\" \/>\n<meta property=\"og:locale\" content=\"es_ES\" \/>\n<meta property=\"og:type\" content=\"article\" \/>\n<meta property=\"og:title\" content=\"Sale a informaci\u00f3n p\u00fablica un nuevo tramo de la expropiaci\u00f3n del AVE Palencia-Santander - ASAJA Palencia\" \/>\n<meta property=\"og:description\" content=\"Se ha publicado en el Bolet\u00edn Oficial del Estado un nuevo tramo dentro de la infraestructura ferroviaria de alta velocidad que se est\u00e1 llevando a cabo\" \/>\n<meta property=\"og:url\" content=\"https:\/\/www.asajacyl.com\/palencia\/asaja-palencia-informa\/sale-a-informacion-publica-un-nuevo-tramo-de-la-expropiacion-del-ave-palencia-santander\" \/>\n<meta property=\"og:site_name\" content=\"ASAJA Palencia\" \/>\n<meta property=\"article:published_time\" content=\"2021-10-28T11:06:16+00:00\" \/>\n<meta property=\"article:modified_time\" content=\"2021-10-28T11:06:18+00:00\" \/>\n<meta property=\"og:image\" content=\"https:\/\/www.asajacyl.com\/palencia\/wp-content\/uploads\/sites\/3\/2021\/03\/ESTACION-TREN-PALENCIA.jpg\" \/>\n\t<meta property=\"og:image:width\" content=\"879\" \/>\n\t<meta property=\"og:image:height\" content=\"400\" \/>\n\t<meta property=\"og:image:type\" content=\"image\/jpeg\" \/>\n<meta name=\"author\" content=\"Administrador\" \/>\n<meta name=\"twitter:card\" content=\"summary_large_image\" \/>\n<meta name=\"twitter:label1\" content=\"Escrito por\" \/>\n\t<meta name=\"twitter:data1\" content=\"Administrador\" \/>\n\t<meta name=\"twitter:label2\" content=\"Tiempo de lectura\" \/>\n\t<meta name=\"twitter:data2\" content=\"2 minutos\" \/>\n<script type=\"application\/ld+json\" class=\"yoast-schema-graph\">{\"@context\":\"https:\/\/schema.org\",\"@graph\":[{\"@type\":\"WebPage\",\"@id\":\"https:\/\/www.asajacyl.com\/palencia\/asaja-palencia-informa\/sale-a-informacion-publica-un-nuevo-tramo-de-la-expropiacion-del-ave-palencia-santander\",\"url\":\"https:\/\/www.asajacyl.com\/palencia\/asaja-palencia-informa\/sale-a-informacion-publica-un-nuevo-tramo-de-la-expropiacion-del-ave-palencia-santander\",\"name\":\"Sale a informaci\u00f3n p\u00fablica un nuevo tramo de la expropiaci\u00f3n del AVE Palencia-Santander - ASAJA Palencia\",\"isPartOf\":{\"@id\":\"https:\/\/www.asajacyl.com\/palencia\/#website\"},\"primaryImageOfPage\":{\"@id\":\"https:\/\/www.asajacyl.com\/palencia\/asaja-palencia-informa\/sale-a-informacion-publica-un-nuevo-tramo-de-la-expropiacion-del-ave-palencia-santander#primaryimage\"},\"image\":{\"@id\":\"https:\/\/www.asajacyl.com\/palencia\/asaja-palencia-informa\/sale-a-informacion-publica-un-nuevo-tramo-de-la-expropiacion-del-ave-palencia-santander#primaryimage\"},\"thumbnailUrl\":\"https:\/\/www.asajacyl.com\/palencia\/wp-content\/uploads\/sites\/3\/2021\/03\/ESTACION-TREN-PALENCIA.jpg\",\"datePublished\":\"2021-10-28T11:06:16+00:00\",\"dateModified\":\"2021-10-28T11:06:18+00:00\",\"author\":{\"@id\":\"https:\/\/www.asajacyl.com\/palencia\/#\/schema\/person\/3ab17aeb03527485c317557fae64aab1\"},\"description\":\"Se ha publicado en el Bolet\u00edn Oficial del Estado un nuevo tramo dentro de la infraestructura ferroviaria de alta velocidad que se est\u00e1 llevando a cabo\",\"breadcrumb\":{\"@id\":\"https:\/\/www.asajacyl.com\/palencia\/asaja-palencia-informa\/sale-a-informacion-publica-un-nuevo-tramo-de-la-expropiacion-del-ave-palencia-santander#breadcrumb\"},\"inLanguage\":\"es\",\"potentialAction\":[{\"@type\":\"ReadAction\",\"target\":[\"https:\/\/www.asajacyl.com\/palencia\/asaja-palencia-informa\/sale-a-informacion-publica-un-nuevo-tramo-de-la-expropiacion-del-ave-palencia-santander\"]}]},{\"@type\":\"ImageObject\",\"inLanguage\":\"es\",\"@id\":\"https:\/\/www.asajacyl.com\/palencia\/asaja-palencia-informa\/sale-a-informacion-publica-un-nuevo-tramo-de-la-expropiacion-del-ave-palencia-santander#primaryimage\",\"url\":\"https:\/\/www.asajacyl.com\/palencia\/wp-content\/uploads\/sites\/3\/2021\/03\/ESTACION-TREN-PALENCIA.jpg\",\"contentUrl\":\"https:\/\/www.asajacyl.com\/palencia\/wp-content\/uploads\/sites\/3\/2021\/03\/ESTACION-TREN-PALENCIA.jpg\",\"width\":879,\"height\":400},{\"@type\":\"BreadcrumbList\",\"@id\":\"https:\/\/www.asajacyl.com\/palencia\/asaja-palencia-informa\/sale-a-informacion-publica-un-nuevo-tramo-de-la-expropiacion-del-ave-palencia-santander#breadcrumb\",\"itemListElement\":[{\"@type\":\"ListItem\",\"position\":1,\"name\":\"Portada\",\"item\":\"https:\/\/www.asajacyl.com\/palencia\/\"},{\"@type\":\"ListItem\",\"position\":2,\"name\":\"Sale a informaci\u00f3n p\u00fablica un nuevo tramo de la expropiaci\u00f3n del AVE Palencia-Santander\"}]},{\"@type\":\"WebSite\",\"@id\":\"https:\/\/www.asajacyl.com\/palencia\/#website\",\"url\":\"https:\/\/www.asajacyl.com\/palencia\/\",\"name\":\"ASAJA Palencia\",\"description\":\"Otro sitio m\u00e1s de Provincias ASAJA Castilla y Le\u00f3n\",\"potentialAction\":[{\"@type\":\"SearchAction\",\"target\":{\"@type\":\"EntryPoint\",\"urlTemplate\":\"https:\/\/www.asajacyl.com\/palencia\/?s={search_term_string}\"},\"query-input\":{\"@type\":\"PropertyValueSpecification\",\"valueRequired\":true,\"valueName\":\"search_term_string\"}}],\"inLanguage\":\"es\"},{\"@type\":\"Person\",\"@id\":\"https:\/\/www.asajacyl.com\/palencia\/#\/schema\/person\/3ab17aeb03527485c317557fae64aab1\",\"name\":\"Administrador\",\"image\":{\"@type\":\"ImageObject\",\"inLanguage\":\"es\",\"@id\":\"https:\/\/www.asajacyl.com\/palencia\/#\/schema\/person\/image\/\",\"url\":\"https:\/\/secure.gravatar.com\/avatar\/517384810d242ca9e38c180f3c9fb973?s=96&d=mm&r=g\",\"contentUrl\":\"https:\/\/secure.gravatar.com\/avatar\/517384810d242ca9e38c180f3c9fb973?s=96&d=mm&r=g\",\"caption\":\"Administrador\"},\"url\":\"https:\/\/www.asajacyl.com\/palencia\/author\/carlosrm\"}]}<\/script>\n<!-- \/ Yoast SEO plugin. -->","yoast_head_json":{"title":"Sale a informaci\u00f3n p\u00fablica un nuevo tramo de la expropiaci\u00f3n del AVE Palencia-Santander - ASAJA Palencia","description":"Se ha publicado en el Bolet\u00edn Oficial del Estado un nuevo tramo dentro de la infraestructura ferroviaria de alta velocidad que se est\u00e1 llevando a cabo","robots":{"index":"index","follow":"follow","max-snippet":"max-snippet:-1","max-image-preview":"max-image-preview:large","max-video-preview":"max-video-preview:-1"},"canonical":"https:\/\/www.asajacyl.com\/palencia\/asaja-palencia-informa\/sale-a-informacion-publica-un-nuevo-tramo-de-la-expropiacion-del-ave-palencia-santander","og_locale":"es_ES","og_type":"article","og_title":"Sale a informaci\u00f3n p\u00fablica un nuevo tramo de la expropiaci\u00f3n del AVE Palencia-Santander - ASAJA Palencia","og_description":"Se ha publicado en el Bolet\u00edn Oficial del Estado un nuevo tramo dentro de la infraestructura ferroviaria de alta velocidad que se est\u00e1 llevando a cabo","og_url":"https:\/\/www.asajacyl.com\/palencia\/asaja-palencia-informa\/sale-a-informacion-publica-un-nuevo-tramo-de-la-expropiacion-del-ave-palencia-santander","og_site_name":"ASAJA Palencia","article_published_time":"2021-10-28T11:06:16+00:00","article_modified_time":"2021-10-28T11:06:18+00:00","og_image":[{"width":879,"height":400,"url":"https:\/\/www.asajacyl.com\/palencia\/wp-content\/uploads\/sites\/3\/2021\/03\/ESTACION-TREN-PALENCIA.jpg","type":"image\/jpeg"}],"author":"Administrador","twitter_card":"summary_large_image","twitter_misc":{"Escrito por":"Administrador","Tiempo de lectura":"2 minutos"},"schema":{"@context":"https:\/\/schema.org","@graph":[{"@type":"WebPage","@id":"https:\/\/www.asajacyl.com\/palencia\/asaja-palencia-informa\/sale-a-informacion-publica-un-nuevo-tramo-de-la-expropiacion-del-ave-palencia-santander","url":"https:\/\/www.asajacyl.com\/palencia\/asaja-palencia-informa\/sale-a-informacion-publica-un-nuevo-tramo-de-la-expropiacion-del-ave-palencia-santander","name":"Sale a informaci\u00f3n p\u00fablica un nuevo tramo de la expropiaci\u00f3n del AVE Palencia-Santander - ASAJA Palencia","isPartOf":{"@id":"https:\/\/www.asajacyl.com\/palencia\/#website"},"primaryImageOfPage":{"@id":"https:\/\/www.asajacyl.com\/palencia\/asaja-palencia-informa\/sale-a-informacion-publica-un-nuevo-tramo-de-la-expropiacion-del-ave-palencia-santander#primaryimage"},"image":{"@id":"https:\/\/www.asajacyl.com\/palencia\/asaja-palencia-informa\/sale-a-informacion-publica-un-nuevo-tramo-de-la-expropiacion-del-ave-palencia-santander#primaryimage"},"thumbnailUrl":"https:\/\/www.asajacyl.com\/palencia\/wp-content\/uploads\/sites\/3\/2021\/03\/ESTACION-TREN-PALENCIA.jpg","datePublished":"2021-10-28T11:06:16+00:00","dateModified":"2021-10-28T11:06:18+00:00","author":{"@id":"https:\/\/www.asajacyl.com\/palencia\/#\/schema\/person\/3ab17aeb03527485c317557fae64aab1"},"description":"Se ha publicado en el Bolet\u00edn Oficial del Estado un nuevo tramo dentro de la infraestructura ferroviaria de alta velocidad que se est\u00e1 llevando a cabo","breadcrumb":{"@id":"https:\/\/www.asajacyl.com\/palencia\/asaja-palencia-informa\/sale-a-informacion-publica-un-nuevo-tramo-de-la-expropiacion-del-ave-palencia-santander#breadcrumb"},"inLanguage":"es","potentialAction":[{"@type":"ReadAction","target":["https:\/\/www.asajacyl.com\/palencia\/asaja-palencia-informa\/sale-a-informacion-publica-un-nuevo-tramo-de-la-expropiacion-del-ave-palencia-santander"]}]},{"@type":"ImageObject","inLanguage":"es","@id":"https:\/\/www.asajacyl.com\/palencia\/asaja-palencia-informa\/sale-a-informacion-publica-un-nuevo-tramo-de-la-expropiacion-del-ave-palencia-santander#primaryimage","url":"https:\/\/www.asajacyl.com\/palencia\/wp-content\/uploads\/sites\/3\/2021\/03\/ESTACION-TREN-PALENCIA.jpg","contentUrl":"https:\/\/www.asajacyl.com\/palencia\/wp-content\/uploads\/sites\/3\/2021\/03\/ESTACION-TREN-PALENCIA.jpg","width":879,"height":400},{"@type":"BreadcrumbList","@id":"https:\/\/www.asajacyl.com\/palencia\/asaja-palencia-informa\/sale-a-informacion-publica-un-nuevo-tramo-de-la-expropiacion-del-ave-palencia-santander#breadcrumb","itemListElement":[{"@type":"ListItem","position":1,"name":"Portada","item":"https:\/\/www.asajacyl.com\/palencia\/"},{"@type":"ListItem","position":2,"name":"Sale a informaci\u00f3n p\u00fablica un nuevo tramo de la expropiaci\u00f3n del AVE Palencia-Santander"}]},{"@type":"WebSite","@id":"https:\/\/www.asajacyl.com\/palencia\/#website","url":"https:\/\/www.asajacyl.com\/palencia\/","name":"ASAJA Palencia","description":"Otro sitio m\u00e1s de Provincias ASAJA Castilla y Le\u00f3n","potentialAction":[{"@type":"SearchAction","target":{"@type":"EntryPoint","urlTemplate":"https:\/\/www.asajacyl.com\/palencia\/?s={search_term_string}"},"query-input":{"@type":"PropertyValueSpecification","valueRequired":true,"valueName":"search_term_string"}}],"inLanguage":"es"},{"@type":"Person","@id":"https:\/\/www.asajacyl.com\/palencia\/#\/schema\/person\/3ab17aeb03527485c317557fae64aab1","name":"Administrador","image":{"@type":"ImageObject","inLanguage":"es","@id":"https:\/\/www.asajacyl.com\/palencia\/#\/schema\/person\/image\/","url":"https:\/\/secure.gravatar.com\/avatar\/517384810d242ca9e38c180f3c9fb973?s=96&d=mm&r=g","contentUrl":"https:\/\/secure.gravatar.com\/avatar\/517384810d242ca9e38c180f3c9fb973?s=96&d=mm&r=g","caption":"Administrador"},"url":"https:\/\/www.asajacyl.com\/palencia\/author\/carlosrm"}]}},"_links":{"self":[{"href":"https:\/\/www.asajacyl.com\/palencia\/wp-json\/wp\/v2\/posts\/9161"}],"collection":[{"href":"https:\/\/www.asajacyl.com\/palencia\/wp-json\/wp\/v2\/posts"}],"about":[{"href":"https:\/\/www.asajacyl.com\/palencia\/wp-json\/wp\/v2\/types\/post"}],"author":[{"embeddable":true,"href":"https:\/\/www.asajacyl.com\/palencia\/wp-json\/wp\/v2\/users\/9"}],"replies":[{"embeddable":true,"href":"https:\/\/www.asajacyl.com\/palencia\/wp-json\/wp\/v2\/comments?post=9161"}],"version-history":[{"count":3,"href":"https:\/\/www.asajacyl.com\/palencia\/wp-json\/wp\/v2\/posts\/9161\/revisions"}],"predecessor-version":[{"id":9287,"href":"https:\/\/www.asajacyl.com\/palencia\/wp-json\/wp\/v2\/posts\/9161\/revisions\/9287"}],"wp:featuredmedia":[{"embeddable":true,"href":"https:\/\/www.asajacyl.com\/palencia\/wp-json\/wp\/v2\/media\/8115"}],"wp:attachment":[{"href":"https:\/\/www.asajacyl.com\/palencia\/wp-json\/wp\/v2\/media?parent=9161"}],"wp:term":[{"taxonomy":"category","embeddable":true,"href":"https:\/\/www.asajacyl.com\/palencia\/wp-json\/wp\/v2\/categories?post=9161"},{"taxonomy":"post_tag","embeddable":true,"href":"https:\/\/www.asajacyl.com\/palencia\/wp-json\/wp\/v2\/tags?post=9161"}],"curies":[{"name":"wp","href":"https:\/\/api.w.org\/{rel}","templated":true}]}}