{"id":9180,"date":"2021-10-29T12:12:53","date_gmt":"2021-10-29T10:12:53","guid":{"rendered":"https:\/\/www.asajacyl.com\/palencia\/?p=9180"},"modified":"2021-10-29T12:13:52","modified_gmt":"2021-10-29T10:13:52","slug":"el-encarecimiento-de-los-costes-de-produccion-ahoga-al-sector-agrario","status":"publish","type":"post","link":"https:\/\/www.asajacyl.com\/palencia\/asaja-palencia-informa\/el-encarecimiento-de-los-costes-de-produccion-ahoga-al-sector-agrario","title":{"rendered":"El encarecimiento de los costes de producci\u00f3n ahoga al sector agrario"},"content":{"rendered":"\n<p>ASAJA exige al Gobierno medidas de apoyo que amortig\u00fcen las continuas subidas de los insumos agrarios, que en el \u00faltimo a\u00f1o se han incrementado, como es el caso de los fertilizantes, entre un 239 y 307%; la energ\u00eda el\u00e9ctrica un 270% y el gas\u00f3leo agr\u00edcola casi un 73%, dado que el sector agrario no puede fijar los precios que perciben los agricultores y ganaderos y por tanto no puede repercutir dicho encarecimiento.<\/p>\n\n\n\n<p>ASAJA ha realizado un estudio para conocer el incremento real de los costes de producci\u00f3n- insumos y determinar las consecuencias que tiene en el rendimiento de las explotaciones agrarias. El informe refleja que los precios de los fertilizantes se han disparado en el \u00faltimo a\u00f1o entre un 239 -307%; lo que se traduce en la campa\u00f1a m\u00e1s cara de la historia. Suben todos los elementos: f\u00f3sforo, potasio,\u2026pero la mayor subida la registra el nitr\u00f3geno, consecuencia de la crisis energ\u00e9tica mundial.<\/p>\n\n\n\n<figure class=\"wp-block-image size-large\"><img loading=\"lazy\" decoding=\"async\" width=\"1024\" height=\"103\" src=\"https:\/\/www.asajacyl.com\/palencia\/wp-content\/uploads\/sites\/3\/2021\/10\/image-3-1024x103.png\" alt=\"\" class=\"wp-image-9181\" srcset=\"https:\/\/www.asajacyl.com\/palencia\/wp-content\/uploads\/sites\/3\/2021\/10\/image-3-1024x103.png 1024w, https:\/\/www.asajacyl.com\/palencia\/wp-content\/uploads\/sites\/3\/2021\/10\/image-3-300x30.png 300w, https:\/\/www.asajacyl.com\/palencia\/wp-content\/uploads\/sites\/3\/2021\/10\/image-3-768x77.png 768w, https:\/\/www.asajacyl.com\/palencia\/wp-content\/uploads\/sites\/3\/2021\/10\/image-3-696x70.png 696w, https:\/\/www.asajacyl.com\/palencia\/wp-content\/uploads\/sites\/3\/2021\/10\/image-3-1068x107.png 1068w, https:\/\/www.asajacyl.com\/palencia\/wp-content\/uploads\/sites\/3\/2021\/10\/image-3.png 1154w\" sizes=\"(max-width: 1024px) 100vw, 1024px\" \/><\/figure>\n\n\n\n<p>En lo que se refiere a los fitosanitarios cabe destacar la subida del glifosato (Roundup) que ha registrado un encarecimiento del 48%, pasando su coste de los 3,30 euros\/litro en octubre de 2020 a 4,90 euros en octubre de 2021.<\/p>\n\n\n\n<p>Las semillas de cereal tambi\u00e9n registran precios al alza, consecuencia del incremento del precio del cereal y suministros (sacos, bigbags, palets,\u2026).<\/p>\n\n\n\n<figure class=\"wp-block-image size-large\"><img loading=\"lazy\" decoding=\"async\" width=\"1024\" height=\"115\" src=\"https:\/\/www.asajacyl.com\/palencia\/wp-content\/uploads\/sites\/3\/2021\/10\/image-4-1024x115.png\" alt=\"\" class=\"wp-image-9182\" srcset=\"https:\/\/www.asajacyl.com\/palencia\/wp-content\/uploads\/sites\/3\/2021\/10\/image-4-1024x115.png 1024w, https:\/\/www.asajacyl.com\/palencia\/wp-content\/uploads\/sites\/3\/2021\/10\/image-4-300x34.png 300w, https:\/\/www.asajacyl.com\/palencia\/wp-content\/uploads\/sites\/3\/2021\/10\/image-4-768x86.png 768w, https:\/\/www.asajacyl.com\/palencia\/wp-content\/uploads\/sites\/3\/2021\/10\/image-4-696x78.png 696w, https:\/\/www.asajacyl.com\/palencia\/wp-content\/uploads\/sites\/3\/2021\/10\/image-4-1068x121.png 1068w, https:\/\/www.asajacyl.com\/palencia\/wp-content\/uploads\/sites\/3\/2021\/10\/image-4.png 1076w\" sizes=\"(max-width: 1024px) 100vw, 1024px\" \/><\/figure>\n\n\n\n<p>El gas\u00f3leo agr\u00edcola tambi\u00e9n se encarece en el \u00faltimo a\u00f1o y lo ha hace en casi un 73%. La misma tendencia creciente registran los piensos para el ganado cuya subida interanual ha sido de un 27%.<\/p>\n\n\n\n<p>El estudio realizado por ASAJA refleja incrementos en otros costes de producci\u00f3n que afectan directamente a la rentabilidad de las explotaciones agrarias como son los costes salariales. La subida del SMI en los \u00faltimos tres a\u00f1os ha sido del 29,7%, sin incluir las subidas de las cotizaciones a la Seguridad Social. En lo que se refiere a la energ\u00eda el\u00e9ctrica el alza es del 270%; un 46% se han<br>encarecido los pl\u00e1sticos, un 33% el agua y entre un 10-25% lo ha hecho la maquinaria.<br><br>En este escenario de constantes subidas en los costes de producci\u00f3n -en el que los precios de origen no var\u00edan desde hace 20 a\u00f1os- ASAJA, para que las subidas no repercutan en el eslab\u00f3n m\u00e1s d\u00e9bil de la cadena alimentaria \u2013 el agricultor y el ganadero \u2013 solicita al Gobierno medidas urgentes financieras y fiscales, para que as\u00ed el productor puede amortiguar esta situaci\u00f3n.<\/p>\n\n\n\n<p>Cabe recordar que el sector agropecuario supone cerca del 8,4% del PIB, y que durante la pandemia ha dado el Do de pecho, a pesar de las enormes dificultades con las que se ha encontrado, para garantizar la seguridad alimentaria y abastecer de alimentos saludables a la poblaci\u00f3n.<\/p>\n","protected":false},"excerpt":{"rendered":"<p>ASAJA exige al Gobierno medidas de apoyo que amortig\u00fcen las continuas subidas de los insumos agrarios, que en el \u00faltimo a\u00f1o se han incrementado, como es el caso de los fertilizantes, entre un 239 y 307%; la energ\u00eda el\u00e9ctrica un 270% y el gas\u00f3leo agr\u00edcola casi un 73%, dado que el sector agrario no puede [&hellip;]<\/p>\n","protected":false},"author":9,"featured_media":9183,"comment_status":"open","ping_status":"open","sticky":false,"template":"","format":"standard","meta":{"footnotes":""},"categories":[9,29,28],"tags":[],"yoast_head":"<!-- This site is optimized with the Yoast SEO plugin v24.5 - https:\/\/yoast.com\/wordpress\/plugins\/seo\/ -->\n<title>El encarecimiento de los costes de producci\u00f3n ahoga al sector agrario - ASAJA Palencia<\/title>\n<meta name=\"description\" content=\"ASAJA exige al Gobierno medidas de apoyo que amortig\u00fcen las continuas subidas de los insumos agrarios, que en el \u00faltimo a\u00f1o se han incrementado, como es\" \/>\n<meta name=\"robots\" content=\"index, follow, max-snippet:-1, max-image-preview:large, max-video-preview:-1\" \/>\n<link rel=\"canonical\" href=\"https:\/\/www.asajacyl.com\/palencia\/asaja-palencia-informa\/el-encarecimiento-de-los-costes-de-produccion-ahoga-al-sector-agrario\" \/>\n<meta property=\"og:locale\" content=\"es_ES\" \/>\n<meta property=\"og:type\" content=\"article\" \/>\n<meta property=\"og:title\" content=\"El encarecimiento de los costes de producci\u00f3n ahoga al sector agrario - ASAJA Palencia\" \/>\n<meta property=\"og:description\" content=\"ASAJA exige al Gobierno medidas de apoyo que amortig\u00fcen las continuas subidas de los insumos agrarios, que en el \u00faltimo a\u00f1o se han incrementado, como es\" \/>\n<meta property=\"og:url\" content=\"https:\/\/www.asajacyl.com\/palencia\/asaja-palencia-informa\/el-encarecimiento-de-los-costes-de-produccion-ahoga-al-sector-agrario\" \/>\n<meta property=\"og:site_name\" content=\"ASAJA Palencia\" \/>\n<meta property=\"article:published_time\" content=\"2021-10-29T10:12:53+00:00\" \/>\n<meta property=\"article:modified_time\" content=\"2021-10-29T10:13:52+00:00\" \/>\n<meta property=\"og:image\" content=\"https:\/\/www.asajacyl.com\/palencia\/wp-content\/uploads\/sites\/3\/2021\/10\/ABONADO-COLZA.jpg\" \/>\n\t<meta property=\"og:image:width\" content=\"1600\" \/>\n\t<meta property=\"og:image:height\" content=\"900\" \/>\n\t<meta property=\"og:image:type\" content=\"image\/jpeg\" \/>\n<meta name=\"author\" content=\"Administrador\" \/>\n<meta name=\"twitter:card\" content=\"summary_large_image\" \/>\n<meta name=\"twitter:label1\" content=\"Escrito por\" \/>\n\t<meta name=\"twitter:data1\" content=\"Administrador\" \/>\n\t<meta name=\"twitter:label2\" content=\"Tiempo de lectura\" \/>\n\t<meta name=\"twitter:data2\" content=\"3 minutos\" \/>\n<script type=\"application\/ld+json\" class=\"yoast-schema-graph\">{\"@context\":\"https:\/\/schema.org\",\"@graph\":[{\"@type\":\"WebPage\",\"@id\":\"https:\/\/www.asajacyl.com\/palencia\/asaja-palencia-informa\/el-encarecimiento-de-los-costes-de-produccion-ahoga-al-sector-agrario\",\"url\":\"https:\/\/www.asajacyl.com\/palencia\/asaja-palencia-informa\/el-encarecimiento-de-los-costes-de-produccion-ahoga-al-sector-agrario\",\"name\":\"El encarecimiento de los costes de producci\u00f3n ahoga al sector agrario - ASAJA Palencia\",\"isPartOf\":{\"@id\":\"https:\/\/www.asajacyl.com\/palencia\/#website\"},\"primaryImageOfPage\":{\"@id\":\"https:\/\/www.asajacyl.com\/palencia\/asaja-palencia-informa\/el-encarecimiento-de-los-costes-de-produccion-ahoga-al-sector-agrario#primaryimage\"},\"image\":{\"@id\":\"https:\/\/www.asajacyl.com\/palencia\/asaja-palencia-informa\/el-encarecimiento-de-los-costes-de-produccion-ahoga-al-sector-agrario#primaryimage\"},\"thumbnailUrl\":\"https:\/\/www.asajacyl.com\/palencia\/wp-content\/uploads\/sites\/3\/2021\/10\/ABONADO-COLZA.jpg\",\"datePublished\":\"2021-10-29T10:12:53+00:00\",\"dateModified\":\"2021-10-29T10:13:52+00:00\",\"author\":{\"@id\":\"https:\/\/www.asajacyl.com\/palencia\/#\/schema\/person\/3ab17aeb03527485c317557fae64aab1\"},\"description\":\"ASAJA exige al Gobierno medidas de apoyo que amortig\u00fcen las continuas subidas de los insumos agrarios, que en el \u00faltimo a\u00f1o se han incrementado, como es\",\"breadcrumb\":{\"@id\":\"https:\/\/www.asajacyl.com\/palencia\/asaja-palencia-informa\/el-encarecimiento-de-los-costes-de-produccion-ahoga-al-sector-agrario#breadcrumb\"},\"inLanguage\":\"es\",\"potentialAction\":[{\"@type\":\"ReadAction\",\"target\":[\"https:\/\/www.asajacyl.com\/palencia\/asaja-palencia-informa\/el-encarecimiento-de-los-costes-de-produccion-ahoga-al-sector-agrario\"]}]},{\"@type\":\"ImageObject\",\"inLanguage\":\"es\",\"@id\":\"https:\/\/www.asajacyl.com\/palencia\/asaja-palencia-informa\/el-encarecimiento-de-los-costes-de-produccion-ahoga-al-sector-agrario#primaryimage\",\"url\":\"https:\/\/www.asajacyl.com\/palencia\/wp-content\/uploads\/sites\/3\/2021\/10\/ABONADO-COLZA.jpg\",\"contentUrl\":\"https:\/\/www.asajacyl.com\/palencia\/wp-content\/uploads\/sites\/3\/2021\/10\/ABONADO-COLZA.jpg\",\"width\":1600,\"height\":900},{\"@type\":\"BreadcrumbList\",\"@id\":\"https:\/\/www.asajacyl.com\/palencia\/asaja-palencia-informa\/el-encarecimiento-de-los-costes-de-produccion-ahoga-al-sector-agrario#breadcrumb\",\"itemListElement\":[{\"@type\":\"ListItem\",\"position\":1,\"name\":\"Portada\",\"item\":\"https:\/\/www.asajacyl.com\/palencia\/\"},{\"@type\":\"ListItem\",\"position\":2,\"name\":\"El encarecimiento de los costes de producci\u00f3n ahoga al sector agrario\"}]},{\"@type\":\"WebSite\",\"@id\":\"https:\/\/www.asajacyl.com\/palencia\/#website\",\"url\":\"https:\/\/www.asajacyl.com\/palencia\/\",\"name\":\"ASAJA Palencia\",\"description\":\"Otro sitio m\u00e1s de Provincias ASAJA Castilla y Le\u00f3n\",\"potentialAction\":[{\"@type\":\"SearchAction\",\"target\":{\"@type\":\"EntryPoint\",\"urlTemplate\":\"https:\/\/www.asajacyl.com\/palencia\/?s={search_term_string}\"},\"query-input\":{\"@type\":\"PropertyValueSpecification\",\"valueRequired\":true,\"valueName\":\"search_term_string\"}}],\"inLanguage\":\"es\"},{\"@type\":\"Person\",\"@id\":\"https:\/\/www.asajacyl.com\/palencia\/#\/schema\/person\/3ab17aeb03527485c317557fae64aab1\",\"name\":\"Administrador\",\"image\":{\"@type\":\"ImageObject\",\"inLanguage\":\"es\",\"@id\":\"https:\/\/www.asajacyl.com\/palencia\/#\/schema\/person\/image\/\",\"url\":\"https:\/\/secure.gravatar.com\/avatar\/517384810d242ca9e38c180f3c9fb973?s=96&d=mm&r=g\",\"contentUrl\":\"https:\/\/secure.gravatar.com\/avatar\/517384810d242ca9e38c180f3c9fb973?s=96&d=mm&r=g\",\"caption\":\"Administrador\"},\"url\":\"https:\/\/www.asajacyl.com\/palencia\/author\/carlosrm\"}]}<\/script>\n<!-- \/ Yoast SEO plugin. -->","yoast_head_json":{"title":"El encarecimiento de los costes de producci\u00f3n ahoga al sector agrario - ASAJA Palencia","description":"ASAJA exige al Gobierno medidas de apoyo que amortig\u00fcen las continuas subidas de los insumos agrarios, que en el \u00faltimo a\u00f1o se han incrementado, como es","robots":{"index":"index","follow":"follow","max-snippet":"max-snippet:-1","max-image-preview":"max-image-preview:large","max-video-preview":"max-video-preview:-1"},"canonical":"https:\/\/www.asajacyl.com\/palencia\/asaja-palencia-informa\/el-encarecimiento-de-los-costes-de-produccion-ahoga-al-sector-agrario","og_locale":"es_ES","og_type":"article","og_title":"El encarecimiento de los costes de producci\u00f3n ahoga al sector agrario - ASAJA Palencia","og_description":"ASAJA exige al Gobierno medidas de apoyo que amortig\u00fcen las continuas subidas de los insumos agrarios, que en el \u00faltimo a\u00f1o se han incrementado, como es","og_url":"https:\/\/www.asajacyl.com\/palencia\/asaja-palencia-informa\/el-encarecimiento-de-los-costes-de-produccion-ahoga-al-sector-agrario","og_site_name":"ASAJA Palencia","article_published_time":"2021-10-29T10:12:53+00:00","article_modified_time":"2021-10-29T10:13:52+00:00","og_image":[{"width":1600,"height":900,"url":"https:\/\/www.asajacyl.com\/palencia\/wp-content\/uploads\/sites\/3\/2021\/10\/ABONADO-COLZA.jpg","type":"image\/jpeg"}],"author":"Administrador","twitter_card":"summary_large_image","twitter_misc":{"Escrito por":"Administrador","Tiempo de lectura":"3 minutos"},"schema":{"@context":"https:\/\/schema.org","@graph":[{"@type":"WebPage","@id":"https:\/\/www.asajacyl.com\/palencia\/asaja-palencia-informa\/el-encarecimiento-de-los-costes-de-produccion-ahoga-al-sector-agrario","url":"https:\/\/www.asajacyl.com\/palencia\/asaja-palencia-informa\/el-encarecimiento-de-los-costes-de-produccion-ahoga-al-sector-agrario","name":"El encarecimiento de los costes de producci\u00f3n ahoga al sector agrario - ASAJA Palencia","isPartOf":{"@id":"https:\/\/www.asajacyl.com\/palencia\/#website"},"primaryImageOfPage":{"@id":"https:\/\/www.asajacyl.com\/palencia\/asaja-palencia-informa\/el-encarecimiento-de-los-costes-de-produccion-ahoga-al-sector-agrario#primaryimage"},"image":{"@id":"https:\/\/www.asajacyl.com\/palencia\/asaja-palencia-informa\/el-encarecimiento-de-los-costes-de-produccion-ahoga-al-sector-agrario#primaryimage"},"thumbnailUrl":"https:\/\/www.asajacyl.com\/palencia\/wp-content\/uploads\/sites\/3\/2021\/10\/ABONADO-COLZA.jpg","datePublished":"2021-10-29T10:12:53+00:00","dateModified":"2021-10-29T10:13:52+00:00","author":{"@id":"https:\/\/www.asajacyl.com\/palencia\/#\/schema\/person\/3ab17aeb03527485c317557fae64aab1"},"description":"ASAJA exige al Gobierno medidas de apoyo que amortig\u00fcen las continuas subidas de los insumos agrarios, que en el \u00faltimo a\u00f1o se han incrementado, como es","breadcrumb":{"@id":"https:\/\/www.asajacyl.com\/palencia\/asaja-palencia-informa\/el-encarecimiento-de-los-costes-de-produccion-ahoga-al-sector-agrario#breadcrumb"},"inLanguage":"es","potentialAction":[{"@type":"ReadAction","target":["https:\/\/www.asajacyl.com\/palencia\/asaja-palencia-informa\/el-encarecimiento-de-los-costes-de-produccion-ahoga-al-sector-agrario"]}]},{"@type":"ImageObject","inLanguage":"es","@id":"https:\/\/www.asajacyl.com\/palencia\/asaja-palencia-informa\/el-encarecimiento-de-los-costes-de-produccion-ahoga-al-sector-agrario#primaryimage","url":"https:\/\/www.asajacyl.com\/palencia\/wp-content\/uploads\/sites\/3\/2021\/10\/ABONADO-COLZA.jpg","contentUrl":"https:\/\/www.asajacyl.com\/palencia\/wp-content\/uploads\/sites\/3\/2021\/10\/ABONADO-COLZA.jpg","width":1600,"height":900},{"@type":"BreadcrumbList","@id":"https:\/\/www.asajacyl.com\/palencia\/asaja-palencia-informa\/el-encarecimiento-de-los-costes-de-produccion-ahoga-al-sector-agrario#breadcrumb","itemListElement":[{"@type":"ListItem","position":1,"name":"Portada","item":"https:\/\/www.asajacyl.com\/palencia\/"},{"@type":"ListItem","position":2,"name":"El encarecimiento de los costes de producci\u00f3n ahoga al sector agrario"}]},{"@type":"WebSite","@id":"https:\/\/www.asajacyl.com\/palencia\/#website","url":"https:\/\/www.asajacyl.com\/palencia\/","name":"ASAJA Palencia","description":"Otro sitio m\u00e1s de Provincias ASAJA Castilla y Le\u00f3n","potentialAction":[{"@type":"SearchAction","target":{"@type":"EntryPoint","urlTemplate":"https:\/\/www.asajacyl.com\/palencia\/?s={search_term_string}"},"query-input":{"@type":"PropertyValueSpecification","valueRequired":true,"valueName":"search_term_string"}}],"inLanguage":"es"},{"@type":"Person","@id":"https:\/\/www.asajacyl.com\/palencia\/#\/schema\/person\/3ab17aeb03527485c317557fae64aab1","name":"Administrador","image":{"@type":"ImageObject","inLanguage":"es","@id":"https:\/\/www.asajacyl.com\/palencia\/#\/schema\/person\/image\/","url":"https:\/\/secure.gravatar.com\/avatar\/517384810d242ca9e38c180f3c9fb973?s=96&d=mm&r=g","contentUrl":"https:\/\/secure.gravatar.com\/avatar\/517384810d242ca9e38c180f3c9fb973?s=96&d=mm&r=g","caption":"Administrador"},"url":"https:\/\/www.asajacyl.com\/palencia\/author\/carlosrm"}]}},"_links":{"self":[{"href":"https:\/\/www.asajacyl.com\/palencia\/wp-json\/wp\/v2\/posts\/9180"}],"collection":[{"href":"https:\/\/www.asajacyl.com\/palencia\/wp-json\/wp\/v2\/posts"}],"about":[{"href":"https:\/\/www.asajacyl.com\/palencia\/wp-json\/wp\/v2\/types\/post"}],"author":[{"embeddable":true,"href":"https:\/\/www.asajacyl.com\/palencia\/wp-json\/wp\/v2\/users\/9"}],"replies":[{"embeddable":true,"href":"https:\/\/www.asajacyl.com\/palencia\/wp-json\/wp\/v2\/comments?post=9180"}],"version-history":[{"count":1,"href":"https:\/\/www.asajacyl.com\/palencia\/wp-json\/wp\/v2\/posts\/9180\/revisions"}],"predecessor-version":[{"id":9185,"href":"https:\/\/www.asajacyl.com\/palencia\/wp-json\/wp\/v2\/posts\/9180\/revisions\/9185"}],"wp:featuredmedia":[{"embeddable":true,"href":"https:\/\/www.asajacyl.com\/palencia\/wp-json\/wp\/v2\/media\/9183"}],"wp:attachment":[{"href":"https:\/\/www.asajacyl.com\/palencia\/wp-json\/wp\/v2\/media?parent=9180"}],"wp:term":[{"taxonomy":"category","embeddable":true,"href":"https:\/\/www.asajacyl.com\/palencia\/wp-json\/wp\/v2\/categories?post=9180"},{"taxonomy":"post_tag","embeddable":true,"href":"https:\/\/www.asajacyl.com\/palencia\/wp-json\/wp\/v2\/tags?post=9180"}],"curies":[{"name":"wp","href":"https:\/\/api.w.org\/{rel}","templated":true}]}}