{"id":9188,"date":"2021-11-01T01:27:00","date_gmt":"2021-11-01T00:27:00","guid":{"rendered":"https:\/\/www.asajacyl.com\/palencia\/?p=9188"},"modified":"2021-10-31T01:31:06","modified_gmt":"2021-10-30T23:31:06","slug":"los-ganaderos-de-leche-llevaran-su-protesta-a-las-puertas-de-la-industria","status":"publish","type":"post","link":"https:\/\/www.asajacyl.com\/palencia\/asaja-palencia-informa\/los-ganaderos-de-leche-llevaran-su-protesta-a-las-puertas-de-la-industria","title":{"rendered":"Los ganaderos de leche llevar\u00e1n su protesta a las puertas de la industria"},"content":{"rendered":"\n<p>ASAJA y la ALIANZA UPA-COAG continuar\u00e1n con su campa\u00f1a de actos de protesta en defensa de los ganaderos de vacuno de leche de la regi\u00f3n el pr\u00f3ximo 9 de noviembre a las puertas de la f\u00e1brica Lactalis en Zamora.<\/p>\n\n\n\n<div class=\"wp-block-image\"><figure class=\"alignright\"><img decoding=\"async\" src=\"https:\/\/www.asajacyl.com\/wp-content\/uploads\/2021\/10\/redes-protesta-leche-212x300.jpg\" alt=\"\" class=\"wp-image-19391\" \/><\/figure><\/div>\n\n\n\n<p>Esta concentraci\u00f3n se enmarca dentro del calendario de actuaciones cada vez m\u00e1s contundentes que estamos dispuestos a desarrollar si no se revierte la situaci\u00f3n de crisis de precios en origen que convierte la situaci\u00f3n en insostenible y l\u00edmite para los ganaderos.<\/p>\n\n\n\n<p>ASAJA y la ALIANZA UPA-COAG acusan a las empresas l\u00e1cteas de bloquear una mejora del precio de la leche en origen, obteniendo para ellas una gran rentabilidad econ\u00f3mica mientras arruinan a los ganaderos a trav\u00e9s de unos precios miserables.<\/p>\n\n\n\n<p>Ambas organizaciones agrarias denuncian el incremento desorbitado de precios en la alimentaci\u00f3n del ganado y de la energ\u00eda y combustible, sin que los productores puedan trasladar esa subida a los precios que ellos perciben por un producto de primera necesidad y calidad.<\/p>\n\n\n\n<p>Esta situaci\u00f3n l\u00edmite provoca que si&nbsp;de media una explotaci\u00f3n ganadera de Castilla y Le\u00f3n est\u00e1 cobrando por la leche&nbsp;en torno a 33\/34 c\u00e9ntimos por litro, tiene que pagar&nbsp;39 c\u00e9ntimos&nbsp;para producirla y mantener su actividad.<\/p>\n\n\n\n<p>El acto del pr\u00f3ximo d\u00eda 9 de noviembre en Zamora ser\u00e1 el segundo que realizan ASAJA y la ALIANZA UPA-COAG en los \u00faltimos meses en la regi\u00f3n, tras el del pasado 20 de agosto en las calles de Valladolid, que permiti\u00f3 trasladar a la sociedad castellana y leonesa a trav\u00e9s del reparto de leche una imagen como&nbsp; s\u00edmbolo de la lucha de los ganaderos de Castilla y Le\u00f3n por un precio justo para la leche que producen y por la dignidad de este sector.<\/p>\n","protected":false},"excerpt":{"rendered":"<p>ASAJA y la ALIANZA UPA-COAG continuar\u00e1n con su campa\u00f1a de actos de protesta en defensa de los ganaderos de vacuno de leche de la regi\u00f3n el pr\u00f3ximo 9 de noviembre a las puertas de la f\u00e1brica Lactalis en Zamora. Esta concentraci\u00f3n se enmarca dentro del calendario de actuaciones cada vez m\u00e1s contundentes que estamos dispuestos [&hellip;]<\/p>\n","protected":false},"author":9,"featured_media":9189,"comment_status":"open","ping_status":"open","sticky":false,"template":"","format":"standard","meta":{"footnotes":""},"categories":[9,29,28],"tags":[],"yoast_head":"<!-- This site is optimized with the Yoast SEO plugin v24.5 - https:\/\/yoast.com\/wordpress\/plugins\/seo\/ -->\n<title>Los ganaderos de leche llevar\u00e1n su protesta a las puertas de la industria - ASAJA Palencia<\/title>\n<meta name=\"description\" content=\"ASAJA y la ALIANZA UPA-COAG continuar\u00e1n con su campa\u00f1a de actos de protesta en defensa de los ganaderos de vacuno de leche de la regi\u00f3n el pr\u00f3ximo 9 de\" \/>\n<meta name=\"robots\" content=\"index, follow, max-snippet:-1, max-image-preview:large, max-video-preview:-1\" \/>\n<link rel=\"canonical\" href=\"https:\/\/www.asajacyl.com\/palencia\/asaja-palencia-informa\/los-ganaderos-de-leche-llevaran-su-protesta-a-las-puertas-de-la-industria\" \/>\n<meta property=\"og:locale\" content=\"es_ES\" \/>\n<meta property=\"og:type\" content=\"article\" \/>\n<meta property=\"og:title\" content=\"Los ganaderos de leche llevar\u00e1n su protesta a las puertas de la industria - ASAJA Palencia\" \/>\n<meta property=\"og:description\" content=\"ASAJA y la ALIANZA UPA-COAG continuar\u00e1n con su campa\u00f1a de actos de protesta en defensa de los ganaderos de vacuno de leche de la regi\u00f3n el pr\u00f3ximo 9 de\" \/>\n<meta property=\"og:url\" content=\"https:\/\/www.asajacyl.com\/palencia\/asaja-palencia-informa\/los-ganaderos-de-leche-llevaran-su-protesta-a-las-puertas-de-la-industria\" \/>\n<meta property=\"og:site_name\" content=\"ASAJA Palencia\" \/>\n<meta property=\"article:published_time\" content=\"2021-11-01T00:27:00+00:00\" \/>\n<meta property=\"og:image\" content=\"https:\/\/www.asajacyl.com\/palencia\/wp-content\/uploads\/sites\/3\/2021\/10\/MANIFESTACION-LECHE-ZAMORA.jpg\" \/>\n\t<meta property=\"og:image:width\" content=\"1240\" \/>\n\t<meta property=\"og:image:height\" content=\"1754\" \/>\n\t<meta property=\"og:image:type\" content=\"image\/jpeg\" \/>\n<meta name=\"author\" content=\"Administrador\" \/>\n<meta name=\"twitter:card\" content=\"summary_large_image\" \/>\n<meta name=\"twitter:label1\" content=\"Escrito por\" \/>\n\t<meta name=\"twitter:data1\" content=\"Administrador\" \/>\n\t<meta name=\"twitter:label2\" content=\"Tiempo de lectura\" \/>\n\t<meta name=\"twitter:data2\" content=\"2 minutos\" \/>\n<script type=\"application\/ld+json\" class=\"yoast-schema-graph\">{\"@context\":\"https:\/\/schema.org\",\"@graph\":[{\"@type\":\"WebPage\",\"@id\":\"https:\/\/www.asajacyl.com\/palencia\/asaja-palencia-informa\/los-ganaderos-de-leche-llevaran-su-protesta-a-las-puertas-de-la-industria\",\"url\":\"https:\/\/www.asajacyl.com\/palencia\/asaja-palencia-informa\/los-ganaderos-de-leche-llevaran-su-protesta-a-las-puertas-de-la-industria\",\"name\":\"Los ganaderos de leche llevar\u00e1n su protesta a las puertas de la industria - ASAJA Palencia\",\"isPartOf\":{\"@id\":\"https:\/\/www.asajacyl.com\/palencia\/#website\"},\"primaryImageOfPage\":{\"@id\":\"https:\/\/www.asajacyl.com\/palencia\/asaja-palencia-informa\/los-ganaderos-de-leche-llevaran-su-protesta-a-las-puertas-de-la-industria#primaryimage\"},\"image\":{\"@id\":\"https:\/\/www.asajacyl.com\/palencia\/asaja-palencia-informa\/los-ganaderos-de-leche-llevaran-su-protesta-a-las-puertas-de-la-industria#primaryimage\"},\"thumbnailUrl\":\"https:\/\/www.asajacyl.com\/palencia\/wp-content\/uploads\/sites\/3\/2021\/10\/MANIFESTACION-LECHE-ZAMORA.jpg\",\"datePublished\":\"2021-11-01T00:27:00+00:00\",\"author\":{\"@id\":\"https:\/\/www.asajacyl.com\/palencia\/#\/schema\/person\/3ab17aeb03527485c317557fae64aab1\"},\"description\":\"ASAJA y la ALIANZA UPA-COAG continuar\u00e1n con su campa\u00f1a de actos de protesta en defensa de los ganaderos de vacuno de leche de la regi\u00f3n el pr\u00f3ximo 9 de\",\"breadcrumb\":{\"@id\":\"https:\/\/www.asajacyl.com\/palencia\/asaja-palencia-informa\/los-ganaderos-de-leche-llevaran-su-protesta-a-las-puertas-de-la-industria#breadcrumb\"},\"inLanguage\":\"es\",\"potentialAction\":[{\"@type\":\"ReadAction\",\"target\":[\"https:\/\/www.asajacyl.com\/palencia\/asaja-palencia-informa\/los-ganaderos-de-leche-llevaran-su-protesta-a-las-puertas-de-la-industria\"]}]},{\"@type\":\"ImageObject\",\"inLanguage\":\"es\",\"@id\":\"https:\/\/www.asajacyl.com\/palencia\/asaja-palencia-informa\/los-ganaderos-de-leche-llevaran-su-protesta-a-las-puertas-de-la-industria#primaryimage\",\"url\":\"https:\/\/www.asajacyl.com\/palencia\/wp-content\/uploads\/sites\/3\/2021\/10\/MANIFESTACION-LECHE-ZAMORA.jpg\",\"contentUrl\":\"https:\/\/www.asajacyl.com\/palencia\/wp-content\/uploads\/sites\/3\/2021\/10\/MANIFESTACION-LECHE-ZAMORA.jpg\",\"width\":1240,\"height\":1754},{\"@type\":\"BreadcrumbList\",\"@id\":\"https:\/\/www.asajacyl.com\/palencia\/asaja-palencia-informa\/los-ganaderos-de-leche-llevaran-su-protesta-a-las-puertas-de-la-industria#breadcrumb\",\"itemListElement\":[{\"@type\":\"ListItem\",\"position\":1,\"name\":\"Portada\",\"item\":\"https:\/\/www.asajacyl.com\/palencia\/\"},{\"@type\":\"ListItem\",\"position\":2,\"name\":\"Los ganaderos de leche llevar\u00e1n su protesta a las puertas de la industria\"}]},{\"@type\":\"WebSite\",\"@id\":\"https:\/\/www.asajacyl.com\/palencia\/#website\",\"url\":\"https:\/\/www.asajacyl.com\/palencia\/\",\"name\":\"ASAJA Palencia\",\"description\":\"Otro sitio m\u00e1s de Provincias ASAJA Castilla y Le\u00f3n\",\"potentialAction\":[{\"@type\":\"SearchAction\",\"target\":{\"@type\":\"EntryPoint\",\"urlTemplate\":\"https:\/\/www.asajacyl.com\/palencia\/?s={search_term_string}\"},\"query-input\":{\"@type\":\"PropertyValueSpecification\",\"valueRequired\":true,\"valueName\":\"search_term_string\"}}],\"inLanguage\":\"es\"},{\"@type\":\"Person\",\"@id\":\"https:\/\/www.asajacyl.com\/palencia\/#\/schema\/person\/3ab17aeb03527485c317557fae64aab1\",\"name\":\"Administrador\",\"image\":{\"@type\":\"ImageObject\",\"inLanguage\":\"es\",\"@id\":\"https:\/\/www.asajacyl.com\/palencia\/#\/schema\/person\/image\/\",\"url\":\"https:\/\/secure.gravatar.com\/avatar\/517384810d242ca9e38c180f3c9fb973?s=96&d=mm&r=g\",\"contentUrl\":\"https:\/\/secure.gravatar.com\/avatar\/517384810d242ca9e38c180f3c9fb973?s=96&d=mm&r=g\",\"caption\":\"Administrador\"},\"url\":\"https:\/\/www.asajacyl.com\/palencia\/author\/carlosrm\"}]}<\/script>\n<!-- \/ Yoast SEO plugin. -->","yoast_head_json":{"title":"Los ganaderos de leche llevar\u00e1n su protesta a las puertas de la industria - ASAJA Palencia","description":"ASAJA y la ALIANZA UPA-COAG continuar\u00e1n con su campa\u00f1a de actos de protesta en defensa de los ganaderos de vacuno de leche de la regi\u00f3n el pr\u00f3ximo 9 de","robots":{"index":"index","follow":"follow","max-snippet":"max-snippet:-1","max-image-preview":"max-image-preview:large","max-video-preview":"max-video-preview:-1"},"canonical":"https:\/\/www.asajacyl.com\/palencia\/asaja-palencia-informa\/los-ganaderos-de-leche-llevaran-su-protesta-a-las-puertas-de-la-industria","og_locale":"es_ES","og_type":"article","og_title":"Los ganaderos de leche llevar\u00e1n su protesta a las puertas de la industria - ASAJA Palencia","og_description":"ASAJA y la ALIANZA UPA-COAG continuar\u00e1n con su campa\u00f1a de actos de protesta en defensa de los ganaderos de vacuno de leche de la regi\u00f3n el pr\u00f3ximo 9 de","og_url":"https:\/\/www.asajacyl.com\/palencia\/asaja-palencia-informa\/los-ganaderos-de-leche-llevaran-su-protesta-a-las-puertas-de-la-industria","og_site_name":"ASAJA Palencia","article_published_time":"2021-11-01T00:27:00+00:00","og_image":[{"width":1240,"height":1754,"url":"https:\/\/www.asajacyl.com\/palencia\/wp-content\/uploads\/sites\/3\/2021\/10\/MANIFESTACION-LECHE-ZAMORA.jpg","type":"image\/jpeg"}],"author":"Administrador","twitter_card":"summary_large_image","twitter_misc":{"Escrito por":"Administrador","Tiempo de lectura":"2 minutos"},"schema":{"@context":"https:\/\/schema.org","@graph":[{"@type":"WebPage","@id":"https:\/\/www.asajacyl.com\/palencia\/asaja-palencia-informa\/los-ganaderos-de-leche-llevaran-su-protesta-a-las-puertas-de-la-industria","url":"https:\/\/www.asajacyl.com\/palencia\/asaja-palencia-informa\/los-ganaderos-de-leche-llevaran-su-protesta-a-las-puertas-de-la-industria","name":"Los ganaderos de leche llevar\u00e1n su protesta a las puertas de la industria - ASAJA Palencia","isPartOf":{"@id":"https:\/\/www.asajacyl.com\/palencia\/#website"},"primaryImageOfPage":{"@id":"https:\/\/www.asajacyl.com\/palencia\/asaja-palencia-informa\/los-ganaderos-de-leche-llevaran-su-protesta-a-las-puertas-de-la-industria#primaryimage"},"image":{"@id":"https:\/\/www.asajacyl.com\/palencia\/asaja-palencia-informa\/los-ganaderos-de-leche-llevaran-su-protesta-a-las-puertas-de-la-industria#primaryimage"},"thumbnailUrl":"https:\/\/www.asajacyl.com\/palencia\/wp-content\/uploads\/sites\/3\/2021\/10\/MANIFESTACION-LECHE-ZAMORA.jpg","datePublished":"2021-11-01T00:27:00+00:00","author":{"@id":"https:\/\/www.asajacyl.com\/palencia\/#\/schema\/person\/3ab17aeb03527485c317557fae64aab1"},"description":"ASAJA y la ALIANZA UPA-COAG continuar\u00e1n con su campa\u00f1a de actos de protesta en defensa de los ganaderos de vacuno de leche de la regi\u00f3n el pr\u00f3ximo 9 de","breadcrumb":{"@id":"https:\/\/www.asajacyl.com\/palencia\/asaja-palencia-informa\/los-ganaderos-de-leche-llevaran-su-protesta-a-las-puertas-de-la-industria#breadcrumb"},"inLanguage":"es","potentialAction":[{"@type":"ReadAction","target":["https:\/\/www.asajacyl.com\/palencia\/asaja-palencia-informa\/los-ganaderos-de-leche-llevaran-su-protesta-a-las-puertas-de-la-industria"]}]},{"@type":"ImageObject","inLanguage":"es","@id":"https:\/\/www.asajacyl.com\/palencia\/asaja-palencia-informa\/los-ganaderos-de-leche-llevaran-su-protesta-a-las-puertas-de-la-industria#primaryimage","url":"https:\/\/www.asajacyl.com\/palencia\/wp-content\/uploads\/sites\/3\/2021\/10\/MANIFESTACION-LECHE-ZAMORA.jpg","contentUrl":"https:\/\/www.asajacyl.com\/palencia\/wp-content\/uploads\/sites\/3\/2021\/10\/MANIFESTACION-LECHE-ZAMORA.jpg","width":1240,"height":1754},{"@type":"BreadcrumbList","@id":"https:\/\/www.asajacyl.com\/palencia\/asaja-palencia-informa\/los-ganaderos-de-leche-llevaran-su-protesta-a-las-puertas-de-la-industria#breadcrumb","itemListElement":[{"@type":"ListItem","position":1,"name":"Portada","item":"https:\/\/www.asajacyl.com\/palencia\/"},{"@type":"ListItem","position":2,"name":"Los ganaderos de leche llevar\u00e1n su protesta a las puertas de la industria"}]},{"@type":"WebSite","@id":"https:\/\/www.asajacyl.com\/palencia\/#website","url":"https:\/\/www.asajacyl.com\/palencia\/","name":"ASAJA Palencia","description":"Otro sitio m\u00e1s de Provincias ASAJA Castilla y Le\u00f3n","potentialAction":[{"@type":"SearchAction","target":{"@type":"EntryPoint","urlTemplate":"https:\/\/www.asajacyl.com\/palencia\/?s={search_term_string}"},"query-input":{"@type":"PropertyValueSpecification","valueRequired":true,"valueName":"search_term_string"}}],"inLanguage":"es"},{"@type":"Person","@id":"https:\/\/www.asajacyl.com\/palencia\/#\/schema\/person\/3ab17aeb03527485c317557fae64aab1","name":"Administrador","image":{"@type":"ImageObject","inLanguage":"es","@id":"https:\/\/www.asajacyl.com\/palencia\/#\/schema\/person\/image\/","url":"https:\/\/secure.gravatar.com\/avatar\/517384810d242ca9e38c180f3c9fb973?s=96&d=mm&r=g","contentUrl":"https:\/\/secure.gravatar.com\/avatar\/517384810d242ca9e38c180f3c9fb973?s=96&d=mm&r=g","caption":"Administrador"},"url":"https:\/\/www.asajacyl.com\/palencia\/author\/carlosrm"}]}},"_links":{"self":[{"href":"https:\/\/www.asajacyl.com\/palencia\/wp-json\/wp\/v2\/posts\/9188"}],"collection":[{"href":"https:\/\/www.asajacyl.com\/palencia\/wp-json\/wp\/v2\/posts"}],"about":[{"href":"https:\/\/www.asajacyl.com\/palencia\/wp-json\/wp\/v2\/types\/post"}],"author":[{"embeddable":true,"href":"https:\/\/www.asajacyl.com\/palencia\/wp-json\/wp\/v2\/users\/9"}],"replies":[{"embeddable":true,"href":"https:\/\/www.asajacyl.com\/palencia\/wp-json\/wp\/v2\/comments?post=9188"}],"version-history":[{"count":1,"href":"https:\/\/www.asajacyl.com\/palencia\/wp-json\/wp\/v2\/posts\/9188\/revisions"}],"predecessor-version":[{"id":9190,"href":"https:\/\/www.asajacyl.com\/palencia\/wp-json\/wp\/v2\/posts\/9188\/revisions\/9190"}],"wp:featuredmedia":[{"embeddable":true,"href":"https:\/\/www.asajacyl.com\/palencia\/wp-json\/wp\/v2\/media\/9189"}],"wp:attachment":[{"href":"https:\/\/www.asajacyl.com\/palencia\/wp-json\/wp\/v2\/media?parent=9188"}],"wp:term":[{"taxonomy":"category","embeddable":true,"href":"https:\/\/www.asajacyl.com\/palencia\/wp-json\/wp\/v2\/categories?post=9188"},{"taxonomy":"post_tag","embeddable":true,"href":"https:\/\/www.asajacyl.com\/palencia\/wp-json\/wp\/v2\/tags?post=9188"}],"curies":[{"name":"wp","href":"https:\/\/api.w.org\/{rel}","templated":true}]}}