{"id":9193,"date":"2021-11-03T16:49:00","date_gmt":"2021-11-03T15:49:00","guid":{"rendered":"https:\/\/www.asajacyl.com\/palencia\/?p=9193"},"modified":"2021-11-04T12:39:18","modified_gmt":"2021-11-04T11:39:18","slug":"la-comision-de-agricultura-del-parlamento-europeo-vota-a-favor-de-un-enfoque-equilibrado-en-lo-relativo-al-bienestar-animal-en-las-explotaciones","status":"publish","type":"post","link":"https:\/\/www.asajacyl.com\/palencia\/asaja-palencia-informa\/la-comision-de-agricultura-del-parlamento-europeo-vota-a-favor-de-un-enfoque-equilibrado-en-lo-relativo-al-bienestar-animal-en-las-explotaciones","title":{"rendered":"La Comisi\u00f3n de Agricultura del Parlamento Europeo vota a favor de un enfoque equilibrado en lo relativo al bienestar animal en las explotaciones"},"content":{"rendered":"\n<p>La Comisi\u00f3n de Agricultura del Parlamento Europeo ha aprobado hoy por amplia mayor\u00eda su posici\u00f3n sobre el informe de aplicaci\u00f3n relativo al bienestar animal en las explotaciones. El Copa y la Cogeca se congratulan del minucioso trabajo de consulta realizado por su ponente, J\u00e9remy Decerle (FR, Renew), que ha dado lugar a un texto ambicioso y equilibrado que se centra en los medios y las soluciones para apoyar los esfuerzos realizados por los agricultores de la UE en materia de bienestar animal.<\/p>\n\n\n\n<p>En reacci\u00f3n a la votaci\u00f3n final de hoy, Ram\u00f3n Armengol, presidente de la Cogeca, ha declarado: \u00abLos agricultores europeos ya cuentan con las normas m\u00e1s avanzadas en materia de bienestar animal y nos complace ver que el informe de la Comisi\u00f3n de Agricultura del Parlamento ya lo reconoce. Los agricultores y las cooperativas agrarias europeas est\u00e1n dispuestas a ir m\u00e1s all\u00e1 y tenemos en cuenta las exigencias de todas las partes de la sociedad. Para lograr este objetivo, necesitamos una clara armonizaci\u00f3n en materia de medios, instrumentos, base cient\u00edfica y pol\u00edtica comercial. El informe votado hoy hace varias propuestas muy sensatas en este sentido, sin dejar a nadie a la zaga. Apoyamos este enfoque y esperamos que el Parlamento Europeo considere las propuestas votadas hoy de cara a la [futura] votaci\u00f3n del Pleno prevista para el mes de diciembre.\u00bb<\/p>\n\n\n\n<p>El Copa y la Cogeca apoyan la mayor\u00eda de las enmiendas de compromiso que tambi\u00e9n se han votado hoy, empezando por la petici\u00f3n reiterada en numerosas ocasiones de que se tomen decisiones con base cient\u00edfica en lo relativo al bienestar animal y de que se efect\u00faen evaluaciones de impacto antes de que se propongan nuevas iniciativas normativas. Es imperativo que para cualquier nueva disposici\u00f3n se tengan en cuenta los elementos relativos al impacto econ\u00f3mico, medioambiental y social, se prevea un periodo de transici\u00f3n y se contemplen medidas comerciales adecuadas. Como tambi\u00e9n recordaron los eurodiputados con ocasi\u00f3n del voto, los agricultores deben recibir apoyo en la transici\u00f3n y no pueden ser los \u00fanicos de la cadena agroalimentaria en los que recaigan los costes de estas evoluciones.<\/p>\n\n\n\n<p>Para el Copa y la Cogeca, todos los animales de granja de Europa deben contar con unas condiciones de alojamiento acordes a los requisitos espec\u00edficos para su especie concreta y los sistemas de producci\u00f3n considerados, adem\u00e1s de las condiciones clim\u00e1ticas y geogr\u00e1ficas regionales en las que se encuentran las explotaciones.<\/p>\n\n\n\n<p>En cuanto a las consideraciones sobre el etiquetado de bienestar animal que figuran en el informe, el Copa y la Cogeca opinan que un sistema de este tipo tiene tambi\u00e9n que poder ser una herramienta pedag\u00f3gica potente, ya que el conocimiento de los consumidores sobre el bienestar animal se basa a menudo en las expectativas y no en la realidad de los sistemas ganaderos. Los productores europeos ya cumplen normas de producci\u00f3n animal de entre las m\u00e1s rigurosas del mundo, lo cual deber\u00eda valorarse adecuadamente a trav\u00e9s del futuro sistema de etiquetado como parte de un marco normativo robusto y s\u00f3lido, y tambi\u00e9n ponerse de relieve en el contexto del comercio internacional.<\/p>\n\n\n\n<p>El Copa y la Cogeca acogen con satisfacci\u00f3n que se exhorte a la reciprocidad en el seno de los acuerdos comerciales con terceros pa\u00edses en lo que se refiere a las normas de bienestar animal, para lo cual es preciso que haya garant\u00edas y que se incentive su incorporaci\u00f3n a la hora de celebrar y revisar los acuerdos comerciales con terceros pa\u00edses. Los productos de origen animal s\u00f3lo deber\u00edan poder entrar en la UE si se ha comprobado que los animales han sido alojados y sacrificados de forma equivalente a lo establecido en los requisitos legislativos de la UE en materia de bienestar animal.<\/p>\n","protected":false},"excerpt":{"rendered":"<p>La Comisi\u00f3n de Agricultura del Parlamento Europeo ha aprobado hoy por amplia mayor\u00eda su posici\u00f3n sobre el informe de aplicaci\u00f3n relativo al bienestar animal en las explotaciones. El Copa y la Cogeca se congratulan del minucioso trabajo de consulta realizado por su ponente, J\u00e9remy Decerle (FR, Renew), que ha dado lugar a un texto ambicioso [&hellip;]<\/p>\n","protected":false},"author":9,"featured_media":8947,"comment_status":"open","ping_status":"open","sticky":false,"template":"","format":"standard","meta":{"footnotes":""},"categories":[9,29,28],"tags":[],"yoast_head":"<!-- This site is optimized with the Yoast SEO plugin v24.5 - https:\/\/yoast.com\/wordpress\/plugins\/seo\/ -->\n<title>La Comisi\u00f3n de Agricultura del Parlamento Europeo vota a favor de un enfoque equilibrado en lo relativo al bienestar animal en las explotaciones - ASAJA Palencia<\/title>\n<meta name=\"description\" content=\"La Comisi\u00f3n de Agricultura del Parlamento Europeo ha aprobado hoy por amplia mayor\u00eda su posici\u00f3n sobre el informe de aplicaci\u00f3n relativo al bienestar\" \/>\n<meta name=\"robots\" content=\"index, follow, max-snippet:-1, max-image-preview:large, max-video-preview:-1\" \/>\n<link rel=\"canonical\" href=\"https:\/\/www.asajacyl.com\/palencia\/asaja-palencia-informa\/la-comision-de-agricultura-del-parlamento-europeo-vota-a-favor-de-un-enfoque-equilibrado-en-lo-relativo-al-bienestar-animal-en-las-explotaciones\" \/>\n<meta property=\"og:locale\" content=\"es_ES\" \/>\n<meta property=\"og:type\" content=\"article\" \/>\n<meta property=\"og:title\" content=\"La Comisi\u00f3n de Agricultura del Parlamento Europeo vota a favor de un enfoque equilibrado en lo relativo al bienestar animal en las explotaciones - ASAJA Palencia\" \/>\n<meta property=\"og:description\" content=\"La Comisi\u00f3n de Agricultura del Parlamento Europeo ha aprobado hoy por amplia mayor\u00eda su posici\u00f3n sobre el informe de aplicaci\u00f3n relativo al bienestar\" \/>\n<meta property=\"og:url\" content=\"https:\/\/www.asajacyl.com\/palencia\/asaja-palencia-informa\/la-comision-de-agricultura-del-parlamento-europeo-vota-a-favor-de-un-enfoque-equilibrado-en-lo-relativo-al-bienestar-animal-en-las-explotaciones\" \/>\n<meta property=\"og:site_name\" content=\"ASAJA Palencia\" \/>\n<meta property=\"article:published_time\" content=\"2021-11-03T15:49:00+00:00\" \/>\n<meta property=\"article:modified_time\" content=\"2021-11-04T11:39:18+00:00\" \/>\n<meta property=\"og:image\" content=\"https:\/\/www.asajacyl.com\/palencia\/wp-content\/uploads\/sites\/3\/2021\/09\/CABRAS-3.jpg\" \/>\n\t<meta property=\"og:image:width\" content=\"2500\" \/>\n\t<meta property=\"og:image:height\" content=\"1875\" \/>\n\t<meta property=\"og:image:type\" content=\"image\/jpeg\" \/>\n<meta name=\"author\" content=\"Administrador\" \/>\n<meta name=\"twitter:card\" content=\"summary_large_image\" \/>\n<meta name=\"twitter:label1\" content=\"Escrito por\" \/>\n\t<meta name=\"twitter:data1\" content=\"Administrador\" \/>\n\t<meta name=\"twitter:label2\" content=\"Tiempo de lectura\" \/>\n\t<meta name=\"twitter:data2\" content=\"3 minutos\" \/>\n<script type=\"application\/ld+json\" class=\"yoast-schema-graph\">{\"@context\":\"https:\/\/schema.org\",\"@graph\":[{\"@type\":\"WebPage\",\"@id\":\"https:\/\/www.asajacyl.com\/palencia\/asaja-palencia-informa\/la-comision-de-agricultura-del-parlamento-europeo-vota-a-favor-de-un-enfoque-equilibrado-en-lo-relativo-al-bienestar-animal-en-las-explotaciones\",\"url\":\"https:\/\/www.asajacyl.com\/palencia\/asaja-palencia-informa\/la-comision-de-agricultura-del-parlamento-europeo-vota-a-favor-de-un-enfoque-equilibrado-en-lo-relativo-al-bienestar-animal-en-las-explotaciones\",\"name\":\"La Comisi\u00f3n de Agricultura del Parlamento Europeo vota a favor de un enfoque equilibrado en lo relativo al bienestar animal en las explotaciones - ASAJA Palencia\",\"isPartOf\":{\"@id\":\"https:\/\/www.asajacyl.com\/palencia\/#website\"},\"primaryImageOfPage\":{\"@id\":\"https:\/\/www.asajacyl.com\/palencia\/asaja-palencia-informa\/la-comision-de-agricultura-del-parlamento-europeo-vota-a-favor-de-un-enfoque-equilibrado-en-lo-relativo-al-bienestar-animal-en-las-explotaciones#primaryimage\"},\"image\":{\"@id\":\"https:\/\/www.asajacyl.com\/palencia\/asaja-palencia-informa\/la-comision-de-agricultura-del-parlamento-europeo-vota-a-favor-de-un-enfoque-equilibrado-en-lo-relativo-al-bienestar-animal-en-las-explotaciones#primaryimage\"},\"thumbnailUrl\":\"https:\/\/www.asajacyl.com\/palencia\/wp-content\/uploads\/sites\/3\/2021\/09\/CABRAS-3.jpg\",\"datePublished\":\"2021-11-03T15:49:00+00:00\",\"dateModified\":\"2021-11-04T11:39:18+00:00\",\"author\":{\"@id\":\"https:\/\/www.asajacyl.com\/palencia\/#\/schema\/person\/3ab17aeb03527485c317557fae64aab1\"},\"description\":\"La Comisi\u00f3n de Agricultura del Parlamento Europeo ha aprobado hoy por amplia mayor\u00eda su posici\u00f3n sobre el informe de aplicaci\u00f3n relativo al bienestar\",\"breadcrumb\":{\"@id\":\"https:\/\/www.asajacyl.com\/palencia\/asaja-palencia-informa\/la-comision-de-agricultura-del-parlamento-europeo-vota-a-favor-de-un-enfoque-equilibrado-en-lo-relativo-al-bienestar-animal-en-las-explotaciones#breadcrumb\"},\"inLanguage\":\"es\",\"potentialAction\":[{\"@type\":\"ReadAction\",\"target\":[\"https:\/\/www.asajacyl.com\/palencia\/asaja-palencia-informa\/la-comision-de-agricultura-del-parlamento-europeo-vota-a-favor-de-un-enfoque-equilibrado-en-lo-relativo-al-bienestar-animal-en-las-explotaciones\"]}]},{\"@type\":\"ImageObject\",\"inLanguage\":\"es\",\"@id\":\"https:\/\/www.asajacyl.com\/palencia\/asaja-palencia-informa\/la-comision-de-agricultura-del-parlamento-europeo-vota-a-favor-de-un-enfoque-equilibrado-en-lo-relativo-al-bienestar-animal-en-las-explotaciones#primaryimage\",\"url\":\"https:\/\/www.asajacyl.com\/palencia\/wp-content\/uploads\/sites\/3\/2021\/09\/CABRAS-3.jpg\",\"contentUrl\":\"https:\/\/www.asajacyl.com\/palencia\/wp-content\/uploads\/sites\/3\/2021\/09\/CABRAS-3.jpg\",\"width\":2500,\"height\":1875},{\"@type\":\"BreadcrumbList\",\"@id\":\"https:\/\/www.asajacyl.com\/palencia\/asaja-palencia-informa\/la-comision-de-agricultura-del-parlamento-europeo-vota-a-favor-de-un-enfoque-equilibrado-en-lo-relativo-al-bienestar-animal-en-las-explotaciones#breadcrumb\",\"itemListElement\":[{\"@type\":\"ListItem\",\"position\":1,\"name\":\"Portada\",\"item\":\"https:\/\/www.asajacyl.com\/palencia\/\"},{\"@type\":\"ListItem\",\"position\":2,\"name\":\"La Comisi\u00f3n de Agricultura del Parlamento Europeo vota a favor de un enfoque equilibrado en lo relativo al bienestar animal en las explotaciones\"}]},{\"@type\":\"WebSite\",\"@id\":\"https:\/\/www.asajacyl.com\/palencia\/#website\",\"url\":\"https:\/\/www.asajacyl.com\/palencia\/\",\"name\":\"ASAJA Palencia\",\"description\":\"Otro sitio m\u00e1s de Provincias ASAJA Castilla y Le\u00f3n\",\"potentialAction\":[{\"@type\":\"SearchAction\",\"target\":{\"@type\":\"EntryPoint\",\"urlTemplate\":\"https:\/\/www.asajacyl.com\/palencia\/?s={search_term_string}\"},\"query-input\":{\"@type\":\"PropertyValueSpecification\",\"valueRequired\":true,\"valueName\":\"search_term_string\"}}],\"inLanguage\":\"es\"},{\"@type\":\"Person\",\"@id\":\"https:\/\/www.asajacyl.com\/palencia\/#\/schema\/person\/3ab17aeb03527485c317557fae64aab1\",\"name\":\"Administrador\",\"image\":{\"@type\":\"ImageObject\",\"inLanguage\":\"es\",\"@id\":\"https:\/\/www.asajacyl.com\/palencia\/#\/schema\/person\/image\/\",\"url\":\"https:\/\/secure.gravatar.com\/avatar\/517384810d242ca9e38c180f3c9fb973?s=96&d=mm&r=g\",\"contentUrl\":\"https:\/\/secure.gravatar.com\/avatar\/517384810d242ca9e38c180f3c9fb973?s=96&d=mm&r=g\",\"caption\":\"Administrador\"},\"url\":\"https:\/\/www.asajacyl.com\/palencia\/author\/carlosrm\"}]}<\/script>\n<!-- \/ Yoast SEO plugin. -->","yoast_head_json":{"title":"La Comisi\u00f3n de Agricultura del Parlamento Europeo vota a favor de un enfoque equilibrado en lo relativo al bienestar animal en las explotaciones - ASAJA Palencia","description":"La Comisi\u00f3n de Agricultura del Parlamento Europeo ha aprobado hoy por amplia mayor\u00eda su posici\u00f3n sobre el informe de aplicaci\u00f3n relativo al bienestar","robots":{"index":"index","follow":"follow","max-snippet":"max-snippet:-1","max-image-preview":"max-image-preview:large","max-video-preview":"max-video-preview:-1"},"canonical":"https:\/\/www.asajacyl.com\/palencia\/asaja-palencia-informa\/la-comision-de-agricultura-del-parlamento-europeo-vota-a-favor-de-un-enfoque-equilibrado-en-lo-relativo-al-bienestar-animal-en-las-explotaciones","og_locale":"es_ES","og_type":"article","og_title":"La Comisi\u00f3n de Agricultura del Parlamento Europeo vota a favor de un enfoque equilibrado en lo relativo al bienestar animal en las explotaciones - ASAJA Palencia","og_description":"La Comisi\u00f3n de Agricultura del Parlamento Europeo ha aprobado hoy por amplia mayor\u00eda su posici\u00f3n sobre el informe de aplicaci\u00f3n relativo al bienestar","og_url":"https:\/\/www.asajacyl.com\/palencia\/asaja-palencia-informa\/la-comision-de-agricultura-del-parlamento-europeo-vota-a-favor-de-un-enfoque-equilibrado-en-lo-relativo-al-bienestar-animal-en-las-explotaciones","og_site_name":"ASAJA Palencia","article_published_time":"2021-11-03T15:49:00+00:00","article_modified_time":"2021-11-04T11:39:18+00:00","og_image":[{"width":2500,"height":1875,"url":"https:\/\/www.asajacyl.com\/palencia\/wp-content\/uploads\/sites\/3\/2021\/09\/CABRAS-3.jpg","type":"image\/jpeg"}],"author":"Administrador","twitter_card":"summary_large_image","twitter_misc":{"Escrito por":"Administrador","Tiempo de lectura":"3 minutos"},"schema":{"@context":"https:\/\/schema.org","@graph":[{"@type":"WebPage","@id":"https:\/\/www.asajacyl.com\/palencia\/asaja-palencia-informa\/la-comision-de-agricultura-del-parlamento-europeo-vota-a-favor-de-un-enfoque-equilibrado-en-lo-relativo-al-bienestar-animal-en-las-explotaciones","url":"https:\/\/www.asajacyl.com\/palencia\/asaja-palencia-informa\/la-comision-de-agricultura-del-parlamento-europeo-vota-a-favor-de-un-enfoque-equilibrado-en-lo-relativo-al-bienestar-animal-en-las-explotaciones","name":"La Comisi\u00f3n de Agricultura del Parlamento Europeo vota a favor de un enfoque equilibrado en lo relativo al bienestar animal en las explotaciones - ASAJA Palencia","isPartOf":{"@id":"https:\/\/www.asajacyl.com\/palencia\/#website"},"primaryImageOfPage":{"@id":"https:\/\/www.asajacyl.com\/palencia\/asaja-palencia-informa\/la-comision-de-agricultura-del-parlamento-europeo-vota-a-favor-de-un-enfoque-equilibrado-en-lo-relativo-al-bienestar-animal-en-las-explotaciones#primaryimage"},"image":{"@id":"https:\/\/www.asajacyl.com\/palencia\/asaja-palencia-informa\/la-comision-de-agricultura-del-parlamento-europeo-vota-a-favor-de-un-enfoque-equilibrado-en-lo-relativo-al-bienestar-animal-en-las-explotaciones#primaryimage"},"thumbnailUrl":"https:\/\/www.asajacyl.com\/palencia\/wp-content\/uploads\/sites\/3\/2021\/09\/CABRAS-3.jpg","datePublished":"2021-11-03T15:49:00+00:00","dateModified":"2021-11-04T11:39:18+00:00","author":{"@id":"https:\/\/www.asajacyl.com\/palencia\/#\/schema\/person\/3ab17aeb03527485c317557fae64aab1"},"description":"La Comisi\u00f3n de Agricultura del Parlamento Europeo ha aprobado hoy por amplia mayor\u00eda su posici\u00f3n sobre el informe de aplicaci\u00f3n relativo al bienestar","breadcrumb":{"@id":"https:\/\/www.asajacyl.com\/palencia\/asaja-palencia-informa\/la-comision-de-agricultura-del-parlamento-europeo-vota-a-favor-de-un-enfoque-equilibrado-en-lo-relativo-al-bienestar-animal-en-las-explotaciones#breadcrumb"},"inLanguage":"es","potentialAction":[{"@type":"ReadAction","target":["https:\/\/www.asajacyl.com\/palencia\/asaja-palencia-informa\/la-comision-de-agricultura-del-parlamento-europeo-vota-a-favor-de-un-enfoque-equilibrado-en-lo-relativo-al-bienestar-animal-en-las-explotaciones"]}]},{"@type":"ImageObject","inLanguage":"es","@id":"https:\/\/www.asajacyl.com\/palencia\/asaja-palencia-informa\/la-comision-de-agricultura-del-parlamento-europeo-vota-a-favor-de-un-enfoque-equilibrado-en-lo-relativo-al-bienestar-animal-en-las-explotaciones#primaryimage","url":"https:\/\/www.asajacyl.com\/palencia\/wp-content\/uploads\/sites\/3\/2021\/09\/CABRAS-3.jpg","contentUrl":"https:\/\/www.asajacyl.com\/palencia\/wp-content\/uploads\/sites\/3\/2021\/09\/CABRAS-3.jpg","width":2500,"height":1875},{"@type":"BreadcrumbList","@id":"https:\/\/www.asajacyl.com\/palencia\/asaja-palencia-informa\/la-comision-de-agricultura-del-parlamento-europeo-vota-a-favor-de-un-enfoque-equilibrado-en-lo-relativo-al-bienestar-animal-en-las-explotaciones#breadcrumb","itemListElement":[{"@type":"ListItem","position":1,"name":"Portada","item":"https:\/\/www.asajacyl.com\/palencia\/"},{"@type":"ListItem","position":2,"name":"La Comisi\u00f3n de Agricultura del Parlamento Europeo vota a favor de un enfoque equilibrado en lo relativo al bienestar animal en las explotaciones"}]},{"@type":"WebSite","@id":"https:\/\/www.asajacyl.com\/palencia\/#website","url":"https:\/\/www.asajacyl.com\/palencia\/","name":"ASAJA Palencia","description":"Otro sitio m\u00e1s de Provincias ASAJA Castilla y Le\u00f3n","potentialAction":[{"@type":"SearchAction","target":{"@type":"EntryPoint","urlTemplate":"https:\/\/www.asajacyl.com\/palencia\/?s={search_term_string}"},"query-input":{"@type":"PropertyValueSpecification","valueRequired":true,"valueName":"search_term_string"}}],"inLanguage":"es"},{"@type":"Person","@id":"https:\/\/www.asajacyl.com\/palencia\/#\/schema\/person\/3ab17aeb03527485c317557fae64aab1","name":"Administrador","image":{"@type":"ImageObject","inLanguage":"es","@id":"https:\/\/www.asajacyl.com\/palencia\/#\/schema\/person\/image\/","url":"https:\/\/secure.gravatar.com\/avatar\/517384810d242ca9e38c180f3c9fb973?s=96&d=mm&r=g","contentUrl":"https:\/\/secure.gravatar.com\/avatar\/517384810d242ca9e38c180f3c9fb973?s=96&d=mm&r=g","caption":"Administrador"},"url":"https:\/\/www.asajacyl.com\/palencia\/author\/carlosrm"}]}},"_links":{"self":[{"href":"https:\/\/www.asajacyl.com\/palencia\/wp-json\/wp\/v2\/posts\/9193"}],"collection":[{"href":"https:\/\/www.asajacyl.com\/palencia\/wp-json\/wp\/v2\/posts"}],"about":[{"href":"https:\/\/www.asajacyl.com\/palencia\/wp-json\/wp\/v2\/types\/post"}],"author":[{"embeddable":true,"href":"https:\/\/www.asajacyl.com\/palencia\/wp-json\/wp\/v2\/users\/9"}],"replies":[{"embeddable":true,"href":"https:\/\/www.asajacyl.com\/palencia\/wp-json\/wp\/v2\/comments?post=9193"}],"version-history":[{"count":1,"href":"https:\/\/www.asajacyl.com\/palencia\/wp-json\/wp\/v2\/posts\/9193\/revisions"}],"predecessor-version":[{"id":9194,"href":"https:\/\/www.asajacyl.com\/palencia\/wp-json\/wp\/v2\/posts\/9193\/revisions\/9194"}],"wp:featuredmedia":[{"embeddable":true,"href":"https:\/\/www.asajacyl.com\/palencia\/wp-json\/wp\/v2\/media\/8947"}],"wp:attachment":[{"href":"https:\/\/www.asajacyl.com\/palencia\/wp-json\/wp\/v2\/media?parent=9193"}],"wp:term":[{"taxonomy":"category","embeddable":true,"href":"https:\/\/www.asajacyl.com\/palencia\/wp-json\/wp\/v2\/categories?post=9193"},{"taxonomy":"post_tag","embeddable":true,"href":"https:\/\/www.asajacyl.com\/palencia\/wp-json\/wp\/v2\/tags?post=9193"}],"curies":[{"name":"wp","href":"https:\/\/api.w.org\/{rel}","templated":true}]}}