{"id":9201,"date":"2021-11-05T11:11:00","date_gmt":"2021-11-05T10:11:00","guid":{"rendered":"https:\/\/www.asajacyl.com\/palencia\/?p=9201"},"modified":"2021-11-03T12:39:02","modified_gmt":"2021-11-03T11:39:02","slug":"espana-necesita-importar-12-millones-de-toneladas-de-cereal","status":"publish","type":"post","link":"https:\/\/www.asajacyl.com\/palencia\/asaja-palencia-informa\/espana-necesita-importar-12-millones-de-toneladas-de-cereal","title":{"rendered":"Espa\u00f1a necesita importar 12 millones de toneladas de cereal"},"content":{"rendered":"\n<p>Nuestro pa\u00eds es deficitario en la producci\u00f3n de cereal, en concreto tenemos una cosecha de 24 millones de toneladas, y el consumo se sit\u00faa sobre los 36 millones. ASAJA alerta del problema que puede surgir, si no se toman medidas urgentes, para conseguir los 12 millones de toneladas que se precisan para que el mercado espa\u00f1ol no quede desabastecido, y se puedan cubrir las necesidades de los sectores ganaderos, para poder alimentar durante todo el a\u00f1o a la caba\u00f1a espa\u00f1ola.<\/p>\n\n\n\n<p>ASAJA insta al Gobierno de Espa\u00f1a, que tome medidas, para evitar el desabastecimiento del mercado a partir del mes de Marzo. Esta situaci\u00f3n se produce por la escasa producci\u00f3n a nivel mundial, y se agrava como consecuencia del aumento de costes de los transportes, los atascos en las Aduanas y el aumento del coste de materias primas.<\/p>\n\n\n\n<figure class=\"wp-block-image size-large\"><img loading=\"lazy\" decoding=\"async\" width=\"1000\" height=\"570\" src=\"https:\/\/www.asajacyl.com\/palencia\/wp-content\/uploads\/sites\/3\/2020\/07\/trigo.jpg\" alt=\"\" class=\"wp-image-7504\" srcset=\"https:\/\/www.asajacyl.com\/palencia\/wp-content\/uploads\/sites\/3\/2020\/07\/trigo.jpg 1000w, https:\/\/www.asajacyl.com\/palencia\/wp-content\/uploads\/sites\/3\/2020\/07\/trigo-300x171.jpg 300w, https:\/\/www.asajacyl.com\/palencia\/wp-content\/uploads\/sites\/3\/2020\/07\/trigo-768x438.jpg 768w, https:\/\/www.asajacyl.com\/palencia\/wp-content\/uploads\/sites\/3\/2020\/07\/trigo-696x397.jpg 696w, https:\/\/www.asajacyl.com\/palencia\/wp-content\/uploads\/sites\/3\/2020\/07\/trigo-737x420.jpg 737w\" sizes=\"(max-width: 1000px) 100vw, 1000px\" \/><\/figure>\n","protected":false},"excerpt":{"rendered":"<p>Nuestro pa\u00eds es deficitario en la producci\u00f3n de cereal, en concreto tenemos una cosecha de 24 millones de toneladas, y el consumo se sit\u00faa sobre los 36 millones. ASAJA alerta del problema que puede surgir, si no se toman medidas urgentes, para conseguir los 12 millones de toneladas que se precisan para que el mercado [&hellip;]<\/p>\n","protected":false},"author":9,"featured_media":7504,"comment_status":"open","ping_status":"open","sticky":false,"template":"","format":"standard","meta":{"footnotes":""},"categories":[9,29,28],"tags":[],"yoast_head":"<!-- This site is optimized with the Yoast SEO plugin v24.5 - https:\/\/yoast.com\/wordpress\/plugins\/seo\/ -->\n<title>Espa\u00f1a necesita importar 12 millones de toneladas de cereal - ASAJA Palencia<\/title>\n<meta name=\"description\" content=\"Nuestro pa\u00eds es deficitario en la producci\u00f3n de cereal, en concreto tenemos una cosecha de 24 millones de toneladas, y el consumo se sit\u00faa sobre los 36\" \/>\n<meta name=\"robots\" content=\"index, follow, max-snippet:-1, max-image-preview:large, max-video-preview:-1\" \/>\n<link rel=\"canonical\" href=\"https:\/\/www.asajacyl.com\/palencia\/asaja-palencia-informa\/espana-necesita-importar-12-millones-de-toneladas-de-cereal\" \/>\n<meta property=\"og:locale\" content=\"es_ES\" \/>\n<meta property=\"og:type\" content=\"article\" \/>\n<meta property=\"og:title\" content=\"Espa\u00f1a necesita importar 12 millones de toneladas de cereal - ASAJA Palencia\" \/>\n<meta property=\"og:description\" content=\"Nuestro pa\u00eds es deficitario en la producci\u00f3n de cereal, en concreto tenemos una cosecha de 24 millones de toneladas, y el consumo se sit\u00faa sobre los 36\" \/>\n<meta property=\"og:url\" content=\"https:\/\/www.asajacyl.com\/palencia\/asaja-palencia-informa\/espana-necesita-importar-12-millones-de-toneladas-de-cereal\" \/>\n<meta property=\"og:site_name\" content=\"ASAJA Palencia\" \/>\n<meta property=\"article:published_time\" content=\"2021-11-05T10:11:00+00:00\" \/>\n<meta property=\"og:image\" content=\"https:\/\/www.asajacyl.com\/palencia\/wp-content\/uploads\/sites\/3\/2020\/07\/trigo.jpg\" \/>\n\t<meta property=\"og:image:width\" content=\"1000\" \/>\n\t<meta property=\"og:image:height\" content=\"570\" \/>\n\t<meta property=\"og:image:type\" content=\"image\/jpeg\" \/>\n<meta name=\"author\" content=\"Administrador\" \/>\n<meta name=\"twitter:card\" content=\"summary_large_image\" \/>\n<meta name=\"twitter:label1\" content=\"Escrito por\" \/>\n\t<meta name=\"twitter:data1\" content=\"Administrador\" \/>\n\t<meta name=\"twitter:label2\" content=\"Tiempo de lectura\" \/>\n\t<meta name=\"twitter:data2\" content=\"1 minuto\" \/>\n<script type=\"application\/ld+json\" class=\"yoast-schema-graph\">{\"@context\":\"https:\/\/schema.org\",\"@graph\":[{\"@type\":\"WebPage\",\"@id\":\"https:\/\/www.asajacyl.com\/palencia\/asaja-palencia-informa\/espana-necesita-importar-12-millones-de-toneladas-de-cereal\",\"url\":\"https:\/\/www.asajacyl.com\/palencia\/asaja-palencia-informa\/espana-necesita-importar-12-millones-de-toneladas-de-cereal\",\"name\":\"Espa\u00f1a necesita importar 12 millones de toneladas de cereal - ASAJA Palencia\",\"isPartOf\":{\"@id\":\"https:\/\/www.asajacyl.com\/palencia\/#website\"},\"primaryImageOfPage\":{\"@id\":\"https:\/\/www.asajacyl.com\/palencia\/asaja-palencia-informa\/espana-necesita-importar-12-millones-de-toneladas-de-cereal#primaryimage\"},\"image\":{\"@id\":\"https:\/\/www.asajacyl.com\/palencia\/asaja-palencia-informa\/espana-necesita-importar-12-millones-de-toneladas-de-cereal#primaryimage\"},\"thumbnailUrl\":\"https:\/\/www.asajacyl.com\/palencia\/wp-content\/uploads\/sites\/3\/2020\/07\/trigo.jpg\",\"datePublished\":\"2021-11-05T10:11:00+00:00\",\"author\":{\"@id\":\"https:\/\/www.asajacyl.com\/palencia\/#\/schema\/person\/3ab17aeb03527485c317557fae64aab1\"},\"description\":\"Nuestro pa\u00eds es deficitario en la producci\u00f3n de cereal, en concreto tenemos una cosecha de 24 millones de toneladas, y el consumo se sit\u00faa sobre los 36\",\"breadcrumb\":{\"@id\":\"https:\/\/www.asajacyl.com\/palencia\/asaja-palencia-informa\/espana-necesita-importar-12-millones-de-toneladas-de-cereal#breadcrumb\"},\"inLanguage\":\"es\",\"potentialAction\":[{\"@type\":\"ReadAction\",\"target\":[\"https:\/\/www.asajacyl.com\/palencia\/asaja-palencia-informa\/espana-necesita-importar-12-millones-de-toneladas-de-cereal\"]}]},{\"@type\":\"ImageObject\",\"inLanguage\":\"es\",\"@id\":\"https:\/\/www.asajacyl.com\/palencia\/asaja-palencia-informa\/espana-necesita-importar-12-millones-de-toneladas-de-cereal#primaryimage\",\"url\":\"https:\/\/www.asajacyl.com\/palencia\/wp-content\/uploads\/sites\/3\/2020\/07\/trigo.jpg\",\"contentUrl\":\"https:\/\/www.asajacyl.com\/palencia\/wp-content\/uploads\/sites\/3\/2020\/07\/trigo.jpg\",\"width\":1000,\"height\":570},{\"@type\":\"BreadcrumbList\",\"@id\":\"https:\/\/www.asajacyl.com\/palencia\/asaja-palencia-informa\/espana-necesita-importar-12-millones-de-toneladas-de-cereal#breadcrumb\",\"itemListElement\":[{\"@type\":\"ListItem\",\"position\":1,\"name\":\"Portada\",\"item\":\"https:\/\/www.asajacyl.com\/palencia\/\"},{\"@type\":\"ListItem\",\"position\":2,\"name\":\"Espa\u00f1a necesita importar 12 millones de toneladas de cereal\"}]},{\"@type\":\"WebSite\",\"@id\":\"https:\/\/www.asajacyl.com\/palencia\/#website\",\"url\":\"https:\/\/www.asajacyl.com\/palencia\/\",\"name\":\"ASAJA Palencia\",\"description\":\"Otro sitio m\u00e1s de Provincias ASAJA Castilla y Le\u00f3n\",\"potentialAction\":[{\"@type\":\"SearchAction\",\"target\":{\"@type\":\"EntryPoint\",\"urlTemplate\":\"https:\/\/www.asajacyl.com\/palencia\/?s={search_term_string}\"},\"query-input\":{\"@type\":\"PropertyValueSpecification\",\"valueRequired\":true,\"valueName\":\"search_term_string\"}}],\"inLanguage\":\"es\"},{\"@type\":\"Person\",\"@id\":\"https:\/\/www.asajacyl.com\/palencia\/#\/schema\/person\/3ab17aeb03527485c317557fae64aab1\",\"name\":\"Administrador\",\"image\":{\"@type\":\"ImageObject\",\"inLanguage\":\"es\",\"@id\":\"https:\/\/www.asajacyl.com\/palencia\/#\/schema\/person\/image\/\",\"url\":\"https:\/\/secure.gravatar.com\/avatar\/517384810d242ca9e38c180f3c9fb973?s=96&d=mm&r=g\",\"contentUrl\":\"https:\/\/secure.gravatar.com\/avatar\/517384810d242ca9e38c180f3c9fb973?s=96&d=mm&r=g\",\"caption\":\"Administrador\"},\"url\":\"https:\/\/www.asajacyl.com\/palencia\/author\/carlosrm\"}]}<\/script>\n<!-- \/ Yoast SEO plugin. -->","yoast_head_json":{"title":"Espa\u00f1a necesita importar 12 millones de toneladas de cereal - ASAJA Palencia","description":"Nuestro pa\u00eds es deficitario en la producci\u00f3n de cereal, en concreto tenemos una cosecha de 24 millones de toneladas, y el consumo se sit\u00faa sobre los 36","robots":{"index":"index","follow":"follow","max-snippet":"max-snippet:-1","max-image-preview":"max-image-preview:large","max-video-preview":"max-video-preview:-1"},"canonical":"https:\/\/www.asajacyl.com\/palencia\/asaja-palencia-informa\/espana-necesita-importar-12-millones-de-toneladas-de-cereal","og_locale":"es_ES","og_type":"article","og_title":"Espa\u00f1a necesita importar 12 millones de toneladas de cereal - ASAJA Palencia","og_description":"Nuestro pa\u00eds es deficitario en la producci\u00f3n de cereal, en concreto tenemos una cosecha de 24 millones de toneladas, y el consumo se sit\u00faa sobre los 36","og_url":"https:\/\/www.asajacyl.com\/palencia\/asaja-palencia-informa\/espana-necesita-importar-12-millones-de-toneladas-de-cereal","og_site_name":"ASAJA Palencia","article_published_time":"2021-11-05T10:11:00+00:00","og_image":[{"width":1000,"height":570,"url":"https:\/\/www.asajacyl.com\/palencia\/wp-content\/uploads\/sites\/3\/2020\/07\/trigo.jpg","type":"image\/jpeg"}],"author":"Administrador","twitter_card":"summary_large_image","twitter_misc":{"Escrito por":"Administrador","Tiempo de lectura":"1 minuto"},"schema":{"@context":"https:\/\/schema.org","@graph":[{"@type":"WebPage","@id":"https:\/\/www.asajacyl.com\/palencia\/asaja-palencia-informa\/espana-necesita-importar-12-millones-de-toneladas-de-cereal","url":"https:\/\/www.asajacyl.com\/palencia\/asaja-palencia-informa\/espana-necesita-importar-12-millones-de-toneladas-de-cereal","name":"Espa\u00f1a necesita importar 12 millones de toneladas de cereal - ASAJA Palencia","isPartOf":{"@id":"https:\/\/www.asajacyl.com\/palencia\/#website"},"primaryImageOfPage":{"@id":"https:\/\/www.asajacyl.com\/palencia\/asaja-palencia-informa\/espana-necesita-importar-12-millones-de-toneladas-de-cereal#primaryimage"},"image":{"@id":"https:\/\/www.asajacyl.com\/palencia\/asaja-palencia-informa\/espana-necesita-importar-12-millones-de-toneladas-de-cereal#primaryimage"},"thumbnailUrl":"https:\/\/www.asajacyl.com\/palencia\/wp-content\/uploads\/sites\/3\/2020\/07\/trigo.jpg","datePublished":"2021-11-05T10:11:00+00:00","author":{"@id":"https:\/\/www.asajacyl.com\/palencia\/#\/schema\/person\/3ab17aeb03527485c317557fae64aab1"},"description":"Nuestro pa\u00eds es deficitario en la producci\u00f3n de cereal, en concreto tenemos una cosecha de 24 millones de toneladas, y el consumo se sit\u00faa sobre los 36","breadcrumb":{"@id":"https:\/\/www.asajacyl.com\/palencia\/asaja-palencia-informa\/espana-necesita-importar-12-millones-de-toneladas-de-cereal#breadcrumb"},"inLanguage":"es","potentialAction":[{"@type":"ReadAction","target":["https:\/\/www.asajacyl.com\/palencia\/asaja-palencia-informa\/espana-necesita-importar-12-millones-de-toneladas-de-cereal"]}]},{"@type":"ImageObject","inLanguage":"es","@id":"https:\/\/www.asajacyl.com\/palencia\/asaja-palencia-informa\/espana-necesita-importar-12-millones-de-toneladas-de-cereal#primaryimage","url":"https:\/\/www.asajacyl.com\/palencia\/wp-content\/uploads\/sites\/3\/2020\/07\/trigo.jpg","contentUrl":"https:\/\/www.asajacyl.com\/palencia\/wp-content\/uploads\/sites\/3\/2020\/07\/trigo.jpg","width":1000,"height":570},{"@type":"BreadcrumbList","@id":"https:\/\/www.asajacyl.com\/palencia\/asaja-palencia-informa\/espana-necesita-importar-12-millones-de-toneladas-de-cereal#breadcrumb","itemListElement":[{"@type":"ListItem","position":1,"name":"Portada","item":"https:\/\/www.asajacyl.com\/palencia\/"},{"@type":"ListItem","position":2,"name":"Espa\u00f1a necesita importar 12 millones de toneladas de cereal"}]},{"@type":"WebSite","@id":"https:\/\/www.asajacyl.com\/palencia\/#website","url":"https:\/\/www.asajacyl.com\/palencia\/","name":"ASAJA Palencia","description":"Otro sitio m\u00e1s de Provincias ASAJA Castilla y Le\u00f3n","potentialAction":[{"@type":"SearchAction","target":{"@type":"EntryPoint","urlTemplate":"https:\/\/www.asajacyl.com\/palencia\/?s={search_term_string}"},"query-input":{"@type":"PropertyValueSpecification","valueRequired":true,"valueName":"search_term_string"}}],"inLanguage":"es"},{"@type":"Person","@id":"https:\/\/www.asajacyl.com\/palencia\/#\/schema\/person\/3ab17aeb03527485c317557fae64aab1","name":"Administrador","image":{"@type":"ImageObject","inLanguage":"es","@id":"https:\/\/www.asajacyl.com\/palencia\/#\/schema\/person\/image\/","url":"https:\/\/secure.gravatar.com\/avatar\/517384810d242ca9e38c180f3c9fb973?s=96&d=mm&r=g","contentUrl":"https:\/\/secure.gravatar.com\/avatar\/517384810d242ca9e38c180f3c9fb973?s=96&d=mm&r=g","caption":"Administrador"},"url":"https:\/\/www.asajacyl.com\/palencia\/author\/carlosrm"}]}},"_links":{"self":[{"href":"https:\/\/www.asajacyl.com\/palencia\/wp-json\/wp\/v2\/posts\/9201"}],"collection":[{"href":"https:\/\/www.asajacyl.com\/palencia\/wp-json\/wp\/v2\/posts"}],"about":[{"href":"https:\/\/www.asajacyl.com\/palencia\/wp-json\/wp\/v2\/types\/post"}],"author":[{"embeddable":true,"href":"https:\/\/www.asajacyl.com\/palencia\/wp-json\/wp\/v2\/users\/9"}],"replies":[{"embeddable":true,"href":"https:\/\/www.asajacyl.com\/palencia\/wp-json\/wp\/v2\/comments?post=9201"}],"version-history":[{"count":1,"href":"https:\/\/www.asajacyl.com\/palencia\/wp-json\/wp\/v2\/posts\/9201\/revisions"}],"predecessor-version":[{"id":9202,"href":"https:\/\/www.asajacyl.com\/palencia\/wp-json\/wp\/v2\/posts\/9201\/revisions\/9202"}],"wp:featuredmedia":[{"embeddable":true,"href":"https:\/\/www.asajacyl.com\/palencia\/wp-json\/wp\/v2\/media\/7504"}],"wp:attachment":[{"href":"https:\/\/www.asajacyl.com\/palencia\/wp-json\/wp\/v2\/media?parent=9201"}],"wp:term":[{"taxonomy":"category","embeddable":true,"href":"https:\/\/www.asajacyl.com\/palencia\/wp-json\/wp\/v2\/categories?post=9201"},{"taxonomy":"post_tag","embeddable":true,"href":"https:\/\/www.asajacyl.com\/palencia\/wp-json\/wp\/v2\/tags?post=9201"}],"curies":[{"name":"wp","href":"https:\/\/api.w.org\/{rel}","templated":true}]}}