{"id":9203,"date":"2021-11-04T12:39:00","date_gmt":"2021-11-04T11:39:00","guid":{"rendered":"https:\/\/www.asajacyl.com\/palencia\/?p=9203"},"modified":"2021-11-03T12:44:11","modified_gmt":"2021-11-03T11:44:11","slug":"la-audiencia-nacional-admite-a-tramite-el-recurso-de-la-junta-frente-a-la-orden-del-lobo","status":"publish","type":"post","link":"https:\/\/www.asajacyl.com\/palencia\/asaja-palencia-informa\/la-audiencia-nacional-admite-a-tramite-el-recurso-de-la-junta-frente-a-la-orden-del-lobo","title":{"rendered":"La Audiencia Nacional admite a tr\u00e1mite el recurso de la Junta frente a la orden del lobo"},"content":{"rendered":"\n<p>La Audiencia Nacional ha admitido a tr\u00e1mite el recurso de la Junta de Castilla y Le\u00f3n contra la decisi\u00f3n del Ministerio para la Transici\u00f3n Ecol\u00f3gica de incluir el lobo en el listado de especies protegidas (LESPRE).<\/p>\n\n\n\n<p>Con esta actuaci\u00f3n, el gobierno regional trata de evitar el perjuicio para los sectores ganaderos de esta ley, que son los verdaderos perjudicados por la sobreprotecci\u00f3n de una especie en expansi\u00f3n, donde ha pasado de 125 manadas a 175 desde el a\u00f1o 1988.<\/p>\n\n\n\n<p>Adem\u00e1s de la importancia econ\u00f3mica de la ganader\u00eda en nuestra comunidad, conviene recordar que esta actividad es vital para luchar contra el despoblamiento de las zonas rurales. La orden del Ministerio de Teresa Ribera, ha sido publicada sin tener en cuenta la opini\u00f3n de las comunidades de Galicia, Asturias, Cantabria y Castilla y Le\u00f3n, que albergan la casi totalidad de las poblaciones de lobo en Espa\u00f1a.<\/p>\n\n\n\n<figure class=\"wp-block-image size-large\"><img loading=\"lazy\" decoding=\"async\" width=\"1024\" height=\"760\" src=\"https:\/\/www.asajacyl.com\/palencia\/wp-content\/uploads\/sites\/3\/2021\/02\/foto-lobo-valberzoso-1024x760.jpg\" alt=\"\" class=\"wp-image-7984\" srcset=\"https:\/\/www.asajacyl.com\/palencia\/wp-content\/uploads\/sites\/3\/2021\/02\/foto-lobo-valberzoso-1024x760.jpg 1024w, https:\/\/www.asajacyl.com\/palencia\/wp-content\/uploads\/sites\/3\/2021\/02\/foto-lobo-valberzoso-300x223.jpg 300w, https:\/\/www.asajacyl.com\/palencia\/wp-content\/uploads\/sites\/3\/2021\/02\/foto-lobo-valberzoso-768x570.jpg 768w, https:\/\/www.asajacyl.com\/palencia\/wp-content\/uploads\/sites\/3\/2021\/02\/foto-lobo-valberzoso-1536x1139.jpg 1536w, https:\/\/www.asajacyl.com\/palencia\/wp-content\/uploads\/sites\/3\/2021\/02\/foto-lobo-valberzoso-696x516.jpg 696w, https:\/\/www.asajacyl.com\/palencia\/wp-content\/uploads\/sites\/3\/2021\/02\/foto-lobo-valberzoso-485x360.jpg 485w, https:\/\/www.asajacyl.com\/palencia\/wp-content\/uploads\/sites\/3\/2021\/02\/foto-lobo-valberzoso-1068x792.jpg 1068w, https:\/\/www.asajacyl.com\/palencia\/wp-content\/uploads\/sites\/3\/2021\/02\/foto-lobo-valberzoso-566x420.jpg 566w, https:\/\/www.asajacyl.com\/palencia\/wp-content\/uploads\/sites\/3\/2021\/02\/foto-lobo-valberzoso-80x60.jpg 80w, https:\/\/www.asajacyl.com\/palencia\/wp-content\/uploads\/sites\/3\/2021\/02\/foto-lobo-valberzoso.jpg 1599w\" sizes=\"(max-width: 1024px) 100vw, 1024px\" \/><\/figure>\n","protected":false},"excerpt":{"rendered":"<p>La Audiencia Nacional ha admitido a tr\u00e1mite el recurso de la Junta de Castilla y Le\u00f3n contra la decisi\u00f3n del Ministerio para la Transici\u00f3n Ecol\u00f3gica de incluir el lobo en el listado de especies protegidas (LESPRE). Con esta actuaci\u00f3n, el gobierno regional trata de evitar el perjuicio para los sectores ganaderos de esta ley, que [&hellip;]<\/p>\n","protected":false},"author":9,"featured_media":7776,"comment_status":"open","ping_status":"open","sticky":false,"template":"","format":"standard","meta":{"footnotes":""},"categories":[9,29,28],"tags":[],"yoast_head":"<!-- This site is optimized with the Yoast SEO plugin v24.5 - https:\/\/yoast.com\/wordpress\/plugins\/seo\/ -->\n<title>La Audiencia Nacional admite a tr\u00e1mite el recurso de la Junta frente a la orden del lobo - ASAJA Palencia<\/title>\n<meta name=\"description\" content=\"La Audiencia Nacional ha admitido a tr\u00e1mite el recurso de la Junta de Castilla y Le\u00f3n contra la decisi\u00f3n del Ministerio para la Transici\u00f3n Ecol\u00f3gica de\" \/>\n<meta name=\"robots\" content=\"index, follow, max-snippet:-1, max-image-preview:large, max-video-preview:-1\" \/>\n<link rel=\"canonical\" href=\"https:\/\/www.asajacyl.com\/palencia\/asaja-palencia-informa\/la-audiencia-nacional-admite-a-tramite-el-recurso-de-la-junta-frente-a-la-orden-del-lobo\" \/>\n<meta property=\"og:locale\" content=\"es_ES\" \/>\n<meta property=\"og:type\" content=\"article\" \/>\n<meta property=\"og:title\" content=\"La Audiencia Nacional admite a tr\u00e1mite el recurso de la Junta frente a la orden del lobo - ASAJA Palencia\" \/>\n<meta property=\"og:description\" content=\"La Audiencia Nacional ha admitido a tr\u00e1mite el recurso de la Junta de Castilla y Le\u00f3n contra la decisi\u00f3n del Ministerio para la Transici\u00f3n Ecol\u00f3gica de\" \/>\n<meta property=\"og:url\" content=\"https:\/\/www.asajacyl.com\/palencia\/asaja-palencia-informa\/la-audiencia-nacional-admite-a-tramite-el-recurso-de-la-junta-frente-a-la-orden-del-lobo\" \/>\n<meta property=\"og:site_name\" content=\"ASAJA Palencia\" \/>\n<meta property=\"article:published_time\" content=\"2021-11-04T11:39:00+00:00\" \/>\n<meta property=\"og:image\" content=\"https:\/\/www.asajacyl.com\/palencia\/wp-content\/uploads\/sites\/3\/2020\/11\/foto-lobo-valberzoso.jpg\" \/>\n\t<meta property=\"og:image:width\" content=\"1599\" \/>\n\t<meta property=\"og:image:height\" content=\"1186\" \/>\n\t<meta property=\"og:image:type\" content=\"image\/jpeg\" \/>\n<meta name=\"author\" content=\"Administrador\" \/>\n<meta name=\"twitter:card\" content=\"summary_large_image\" \/>\n<meta name=\"twitter:label1\" content=\"Escrito por\" \/>\n\t<meta name=\"twitter:data1\" content=\"Administrador\" \/>\n\t<meta name=\"twitter:label2\" content=\"Tiempo de lectura\" \/>\n\t<meta name=\"twitter:data2\" content=\"1 minuto\" \/>\n<script type=\"application\/ld+json\" class=\"yoast-schema-graph\">{\"@context\":\"https:\/\/schema.org\",\"@graph\":[{\"@type\":\"WebPage\",\"@id\":\"https:\/\/www.asajacyl.com\/palencia\/asaja-palencia-informa\/la-audiencia-nacional-admite-a-tramite-el-recurso-de-la-junta-frente-a-la-orden-del-lobo\",\"url\":\"https:\/\/www.asajacyl.com\/palencia\/asaja-palencia-informa\/la-audiencia-nacional-admite-a-tramite-el-recurso-de-la-junta-frente-a-la-orden-del-lobo\",\"name\":\"La Audiencia Nacional admite a tr\u00e1mite el recurso de la Junta frente a la orden del lobo - ASAJA Palencia\",\"isPartOf\":{\"@id\":\"https:\/\/www.asajacyl.com\/palencia\/#website\"},\"primaryImageOfPage\":{\"@id\":\"https:\/\/www.asajacyl.com\/palencia\/asaja-palencia-informa\/la-audiencia-nacional-admite-a-tramite-el-recurso-de-la-junta-frente-a-la-orden-del-lobo#primaryimage\"},\"image\":{\"@id\":\"https:\/\/www.asajacyl.com\/palencia\/asaja-palencia-informa\/la-audiencia-nacional-admite-a-tramite-el-recurso-de-la-junta-frente-a-la-orden-del-lobo#primaryimage\"},\"thumbnailUrl\":\"https:\/\/www.asajacyl.com\/palencia\/wp-content\/uploads\/sites\/3\/2020\/11\/foto-lobo-valberzoso.jpg\",\"datePublished\":\"2021-11-04T11:39:00+00:00\",\"author\":{\"@id\":\"https:\/\/www.asajacyl.com\/palencia\/#\/schema\/person\/3ab17aeb03527485c317557fae64aab1\"},\"description\":\"La Audiencia Nacional ha admitido a tr\u00e1mite el recurso de la Junta de Castilla y Le\u00f3n contra la decisi\u00f3n del Ministerio para la Transici\u00f3n Ecol\u00f3gica de\",\"breadcrumb\":{\"@id\":\"https:\/\/www.asajacyl.com\/palencia\/asaja-palencia-informa\/la-audiencia-nacional-admite-a-tramite-el-recurso-de-la-junta-frente-a-la-orden-del-lobo#breadcrumb\"},\"inLanguage\":\"es\",\"potentialAction\":[{\"@type\":\"ReadAction\",\"target\":[\"https:\/\/www.asajacyl.com\/palencia\/asaja-palencia-informa\/la-audiencia-nacional-admite-a-tramite-el-recurso-de-la-junta-frente-a-la-orden-del-lobo\"]}]},{\"@type\":\"ImageObject\",\"inLanguage\":\"es\",\"@id\":\"https:\/\/www.asajacyl.com\/palencia\/asaja-palencia-informa\/la-audiencia-nacional-admite-a-tramite-el-recurso-de-la-junta-frente-a-la-orden-del-lobo#primaryimage\",\"url\":\"https:\/\/www.asajacyl.com\/palencia\/wp-content\/uploads\/sites\/3\/2020\/11\/foto-lobo-valberzoso.jpg\",\"contentUrl\":\"https:\/\/www.asajacyl.com\/palencia\/wp-content\/uploads\/sites\/3\/2020\/11\/foto-lobo-valberzoso.jpg\",\"width\":1599,\"height\":1186},{\"@type\":\"BreadcrumbList\",\"@id\":\"https:\/\/www.asajacyl.com\/palencia\/asaja-palencia-informa\/la-audiencia-nacional-admite-a-tramite-el-recurso-de-la-junta-frente-a-la-orden-del-lobo#breadcrumb\",\"itemListElement\":[{\"@type\":\"ListItem\",\"position\":1,\"name\":\"Portada\",\"item\":\"https:\/\/www.asajacyl.com\/palencia\/\"},{\"@type\":\"ListItem\",\"position\":2,\"name\":\"La Audiencia Nacional admite a tr\u00e1mite el recurso de la Junta frente a la orden del lobo\"}]},{\"@type\":\"WebSite\",\"@id\":\"https:\/\/www.asajacyl.com\/palencia\/#website\",\"url\":\"https:\/\/www.asajacyl.com\/palencia\/\",\"name\":\"ASAJA Palencia\",\"description\":\"Otro sitio m\u00e1s de Provincias ASAJA Castilla y Le\u00f3n\",\"potentialAction\":[{\"@type\":\"SearchAction\",\"target\":{\"@type\":\"EntryPoint\",\"urlTemplate\":\"https:\/\/www.asajacyl.com\/palencia\/?s={search_term_string}\"},\"query-input\":{\"@type\":\"PropertyValueSpecification\",\"valueRequired\":true,\"valueName\":\"search_term_string\"}}],\"inLanguage\":\"es\"},{\"@type\":\"Person\",\"@id\":\"https:\/\/www.asajacyl.com\/palencia\/#\/schema\/person\/3ab17aeb03527485c317557fae64aab1\",\"name\":\"Administrador\",\"image\":{\"@type\":\"ImageObject\",\"inLanguage\":\"es\",\"@id\":\"https:\/\/www.asajacyl.com\/palencia\/#\/schema\/person\/image\/\",\"url\":\"https:\/\/secure.gravatar.com\/avatar\/517384810d242ca9e38c180f3c9fb973?s=96&d=mm&r=g\",\"contentUrl\":\"https:\/\/secure.gravatar.com\/avatar\/517384810d242ca9e38c180f3c9fb973?s=96&d=mm&r=g\",\"caption\":\"Administrador\"},\"url\":\"https:\/\/www.asajacyl.com\/palencia\/author\/carlosrm\"}]}<\/script>\n<!-- \/ Yoast SEO plugin. -->","yoast_head_json":{"title":"La Audiencia Nacional admite a tr\u00e1mite el recurso de la Junta frente a la orden del lobo - ASAJA Palencia","description":"La Audiencia Nacional ha admitido a tr\u00e1mite el recurso de la Junta de Castilla y Le\u00f3n contra la decisi\u00f3n del Ministerio para la Transici\u00f3n Ecol\u00f3gica de","robots":{"index":"index","follow":"follow","max-snippet":"max-snippet:-1","max-image-preview":"max-image-preview:large","max-video-preview":"max-video-preview:-1"},"canonical":"https:\/\/www.asajacyl.com\/palencia\/asaja-palencia-informa\/la-audiencia-nacional-admite-a-tramite-el-recurso-de-la-junta-frente-a-la-orden-del-lobo","og_locale":"es_ES","og_type":"article","og_title":"La Audiencia Nacional admite a tr\u00e1mite el recurso de la Junta frente a la orden del lobo - ASAJA Palencia","og_description":"La Audiencia Nacional ha admitido a tr\u00e1mite el recurso de la Junta de Castilla y Le\u00f3n contra la decisi\u00f3n del Ministerio para la Transici\u00f3n Ecol\u00f3gica de","og_url":"https:\/\/www.asajacyl.com\/palencia\/asaja-palencia-informa\/la-audiencia-nacional-admite-a-tramite-el-recurso-de-la-junta-frente-a-la-orden-del-lobo","og_site_name":"ASAJA Palencia","article_published_time":"2021-11-04T11:39:00+00:00","og_image":[{"width":1599,"height":1186,"url":"https:\/\/www.asajacyl.com\/palencia\/wp-content\/uploads\/sites\/3\/2020\/11\/foto-lobo-valberzoso.jpg","type":"image\/jpeg"}],"author":"Administrador","twitter_card":"summary_large_image","twitter_misc":{"Escrito por":"Administrador","Tiempo de lectura":"1 minuto"},"schema":{"@context":"https:\/\/schema.org","@graph":[{"@type":"WebPage","@id":"https:\/\/www.asajacyl.com\/palencia\/asaja-palencia-informa\/la-audiencia-nacional-admite-a-tramite-el-recurso-de-la-junta-frente-a-la-orden-del-lobo","url":"https:\/\/www.asajacyl.com\/palencia\/asaja-palencia-informa\/la-audiencia-nacional-admite-a-tramite-el-recurso-de-la-junta-frente-a-la-orden-del-lobo","name":"La Audiencia Nacional admite a tr\u00e1mite el recurso de la Junta frente a la orden del lobo - ASAJA Palencia","isPartOf":{"@id":"https:\/\/www.asajacyl.com\/palencia\/#website"},"primaryImageOfPage":{"@id":"https:\/\/www.asajacyl.com\/palencia\/asaja-palencia-informa\/la-audiencia-nacional-admite-a-tramite-el-recurso-de-la-junta-frente-a-la-orden-del-lobo#primaryimage"},"image":{"@id":"https:\/\/www.asajacyl.com\/palencia\/asaja-palencia-informa\/la-audiencia-nacional-admite-a-tramite-el-recurso-de-la-junta-frente-a-la-orden-del-lobo#primaryimage"},"thumbnailUrl":"https:\/\/www.asajacyl.com\/palencia\/wp-content\/uploads\/sites\/3\/2020\/11\/foto-lobo-valberzoso.jpg","datePublished":"2021-11-04T11:39:00+00:00","author":{"@id":"https:\/\/www.asajacyl.com\/palencia\/#\/schema\/person\/3ab17aeb03527485c317557fae64aab1"},"description":"La Audiencia Nacional ha admitido a tr\u00e1mite el recurso de la Junta de Castilla y Le\u00f3n contra la decisi\u00f3n del Ministerio para la Transici\u00f3n Ecol\u00f3gica de","breadcrumb":{"@id":"https:\/\/www.asajacyl.com\/palencia\/asaja-palencia-informa\/la-audiencia-nacional-admite-a-tramite-el-recurso-de-la-junta-frente-a-la-orden-del-lobo#breadcrumb"},"inLanguage":"es","potentialAction":[{"@type":"ReadAction","target":["https:\/\/www.asajacyl.com\/palencia\/asaja-palencia-informa\/la-audiencia-nacional-admite-a-tramite-el-recurso-de-la-junta-frente-a-la-orden-del-lobo"]}]},{"@type":"ImageObject","inLanguage":"es","@id":"https:\/\/www.asajacyl.com\/palencia\/asaja-palencia-informa\/la-audiencia-nacional-admite-a-tramite-el-recurso-de-la-junta-frente-a-la-orden-del-lobo#primaryimage","url":"https:\/\/www.asajacyl.com\/palencia\/wp-content\/uploads\/sites\/3\/2020\/11\/foto-lobo-valberzoso.jpg","contentUrl":"https:\/\/www.asajacyl.com\/palencia\/wp-content\/uploads\/sites\/3\/2020\/11\/foto-lobo-valberzoso.jpg","width":1599,"height":1186},{"@type":"BreadcrumbList","@id":"https:\/\/www.asajacyl.com\/palencia\/asaja-palencia-informa\/la-audiencia-nacional-admite-a-tramite-el-recurso-de-la-junta-frente-a-la-orden-del-lobo#breadcrumb","itemListElement":[{"@type":"ListItem","position":1,"name":"Portada","item":"https:\/\/www.asajacyl.com\/palencia\/"},{"@type":"ListItem","position":2,"name":"La Audiencia Nacional admite a tr\u00e1mite el recurso de la Junta frente a la orden del lobo"}]},{"@type":"WebSite","@id":"https:\/\/www.asajacyl.com\/palencia\/#website","url":"https:\/\/www.asajacyl.com\/palencia\/","name":"ASAJA Palencia","description":"Otro sitio m\u00e1s de Provincias ASAJA Castilla y Le\u00f3n","potentialAction":[{"@type":"SearchAction","target":{"@type":"EntryPoint","urlTemplate":"https:\/\/www.asajacyl.com\/palencia\/?s={search_term_string}"},"query-input":{"@type":"PropertyValueSpecification","valueRequired":true,"valueName":"search_term_string"}}],"inLanguage":"es"},{"@type":"Person","@id":"https:\/\/www.asajacyl.com\/palencia\/#\/schema\/person\/3ab17aeb03527485c317557fae64aab1","name":"Administrador","image":{"@type":"ImageObject","inLanguage":"es","@id":"https:\/\/www.asajacyl.com\/palencia\/#\/schema\/person\/image\/","url":"https:\/\/secure.gravatar.com\/avatar\/517384810d242ca9e38c180f3c9fb973?s=96&d=mm&r=g","contentUrl":"https:\/\/secure.gravatar.com\/avatar\/517384810d242ca9e38c180f3c9fb973?s=96&d=mm&r=g","caption":"Administrador"},"url":"https:\/\/www.asajacyl.com\/palencia\/author\/carlosrm"}]}},"_links":{"self":[{"href":"https:\/\/www.asajacyl.com\/palencia\/wp-json\/wp\/v2\/posts\/9203"}],"collection":[{"href":"https:\/\/www.asajacyl.com\/palencia\/wp-json\/wp\/v2\/posts"}],"about":[{"href":"https:\/\/www.asajacyl.com\/palencia\/wp-json\/wp\/v2\/types\/post"}],"author":[{"embeddable":true,"href":"https:\/\/www.asajacyl.com\/palencia\/wp-json\/wp\/v2\/users\/9"}],"replies":[{"embeddable":true,"href":"https:\/\/www.asajacyl.com\/palencia\/wp-json\/wp\/v2\/comments?post=9203"}],"version-history":[{"count":1,"href":"https:\/\/www.asajacyl.com\/palencia\/wp-json\/wp\/v2\/posts\/9203\/revisions"}],"predecessor-version":[{"id":9204,"href":"https:\/\/www.asajacyl.com\/palencia\/wp-json\/wp\/v2\/posts\/9203\/revisions\/9204"}],"wp:featuredmedia":[{"embeddable":true,"href":"https:\/\/www.asajacyl.com\/palencia\/wp-json\/wp\/v2\/media\/7776"}],"wp:attachment":[{"href":"https:\/\/www.asajacyl.com\/palencia\/wp-json\/wp\/v2\/media?parent=9203"}],"wp:term":[{"taxonomy":"category","embeddable":true,"href":"https:\/\/www.asajacyl.com\/palencia\/wp-json\/wp\/v2\/categories?post=9203"},{"taxonomy":"post_tag","embeddable":true,"href":"https:\/\/www.asajacyl.com\/palencia\/wp-json\/wp\/v2\/tags?post=9203"}],"curies":[{"name":"wp","href":"https:\/\/api.w.org\/{rel}","templated":true}]}}