{"id":9209,"date":"2021-11-03T18:44:58","date_gmt":"2021-11-03T17:44:58","guid":{"rendered":"https:\/\/www.asajacyl.com\/palencia\/?p=9209"},"modified":"2021-11-03T18:44:59","modified_gmt":"2021-11-03T17:44:59","slug":"costes-disparados-y-precios-de-ruina-los-ganaderos-lacteos-espanoles-endureceran-las-protestas","status":"publish","type":"post","link":"https:\/\/www.asajacyl.com\/palencia\/asaja-palencia-informa\/costes-disparados-y-precios-de-ruina-los-ganaderos-lacteos-espanoles-endureceran-las-protestas","title":{"rendered":"Costes disparados y precios de ruina: Los ganaderos l\u00e1cteos espa\u00f1oles endurecer\u00e1n las protestas"},"content":{"rendered":"\n<p>Los ganaderos de leche espa\u00f1oles siguen con el agua al cuello. Los m\u00faltiples costes que deben afrontar para cuidar a sus vacas y producir su leche se han disparado en los \u00faltimos meses, y el precio que obtienen por la leche no les permite obtener la m\u00ednima rentabilidad necesaria para seguir adelante. Por todo ello, se est\u00e1 produciendo un cierre masivo de granjas l\u00e1cteas en Espa\u00f1a: en seis a\u00f1os han cerrado 6.000 ganaderos. En la actualidad quedan poco m\u00e1s de 11.500.<\/p>\n\n\n\n<p>Ante esta situaci\u00f3n, las organizaciones ASAJA, COAG y UPA han lanzado un proceso nacional de movilizaciones cuyas primeras citas se han concretado en Galicia, Castilla y Le\u00f3n, Andaluc\u00eda y Cantabria. El objetivo de las protestas es exigir a las industrias l\u00e1cteas y a la gran distribuci\u00f3n que reconozcan la subida de costes y dejen de \u201cpresionar y ahogar\u201d al primer eslab\u00f3n de la cadena.<\/p>\n\n\n\n<p>\u201cHay que reforzar los controles para que la Ley de Cadena Alimentaria se aplique de forma eficaz. Las industrias l\u00e1cteas siguen teniendo la sart\u00e9n por el mango e imponen condiciones inasumibles a los ganaderos\u201d, denuncian desde ASAJA, COAG y UPA. \u201cPor ese motivo vamos a volver a alzar la voz, para exigir a todos: Administraciones, industrias y cadenas de la distribuci\u00f3n que entiendan y se hagan cargo de la situaci\u00f3n que atraviesa el sector\u201d.<\/p>\n\n\n\n<p>Los organizaciones de ganaderos se movilizar\u00e1n delante de las industrias que a su juicio est\u00e1n impidiendo que los precios de la leche suban en el campo, como en Francia, Alemania o Italia. Las OPAs tambi\u00e9n barajan lanzar un boicot a las marcas de referencia que en su opini\u00f3n est\u00e1n bloqueando la subida de precios y el cumplimiento de la cadena de valor. ASAJA, COAG y UPA apuntan \u201clas dos grandes industrias l\u00e1cteas que controlan y manejan el sector l\u00e1cteo espa\u00f1ol\u201d.<\/p>\n\n\n\n<p>Las OPAs han pedido al Ministerio de Agricultura que \u201cno se deje ningunear\u201d por las industrias l\u00e1cteas, en especial por las francesas, \u201cque solo vienen a Espa\u00f1a a esquilmar un ya muy diezmado sector l\u00e1cteo\u201d. \u201cLa Ley se debe aplicar. Se est\u00e1n quedando con nuestro sudor y con las subidas de precio insuficientes de la distribuci\u00f3n. No tienen escr\u00fapulos\u201d, recalcan.<\/p>\n\n\n\n<p>La subida de los cereales, de la electricidad (necesaria para el orde\u00f1o y la refrigeraci\u00f3n de la leche), de los combustibles y el bajo precio que las industrias pagan a los productores han conformado una tormenta perfecta para los ganaderos ante la que el sector \u201cno se quedar\u00e1 callado ni impasible\u201d.<\/p>\n\n\n\n<p>Protestas convocadas:<br>\u2022 Galicia. Lactalis (Villalba &#8211; Lugo), 11 de noviembre. CAPSA (Outeiro de Rei &#8211; Lugo), 11 de noviembre<br>\u2022 Castilla y Le\u00f3n. Frente a Lactalis Zamora. 9 de noviembre<br>\u2022 Andaluc\u00eda. Frente a Lactalis Granada. 11 de noviembre<br>\u2022 Cantabria. Tractorada. \u00daltima semana de noviembre<\/p>\n\n\n\n<figure class=\"wp-block-image size-large\"><img loading=\"lazy\" decoding=\"async\" width=\"724\" height=\"1024\" src=\"https:\/\/www.asajacyl.com\/palencia\/wp-content\/uploads\/sites\/3\/2021\/10\/MANIFESTACION-LECHE-ZAMORA-724x1024.jpg\" alt=\"\" class=\"wp-image-9189\" srcset=\"https:\/\/www.asajacyl.com\/palencia\/wp-content\/uploads\/sites\/3\/2021\/10\/MANIFESTACION-LECHE-ZAMORA-724x1024.jpg 724w, https:\/\/www.asajacyl.com\/palencia\/wp-content\/uploads\/sites\/3\/2021\/10\/MANIFESTACION-LECHE-ZAMORA-212x300.jpg 212w, https:\/\/www.asajacyl.com\/palencia\/wp-content\/uploads\/sites\/3\/2021\/10\/MANIFESTACION-LECHE-ZAMORA-768x1086.jpg 768w, https:\/\/www.asajacyl.com\/palencia\/wp-content\/uploads\/sites\/3\/2021\/10\/MANIFESTACION-LECHE-ZAMORA-1086x1536.jpg 1086w, https:\/\/www.asajacyl.com\/palencia\/wp-content\/uploads\/sites\/3\/2021\/10\/MANIFESTACION-LECHE-ZAMORA-696x985.jpg 696w, https:\/\/www.asajacyl.com\/palencia\/wp-content\/uploads\/sites\/3\/2021\/10\/MANIFESTACION-LECHE-ZAMORA-1068x1511.jpg 1068w, https:\/\/www.asajacyl.com\/palencia\/wp-content\/uploads\/sites\/3\/2021\/10\/MANIFESTACION-LECHE-ZAMORA-297x420.jpg 297w, https:\/\/www.asajacyl.com\/palencia\/wp-content\/uploads\/sites\/3\/2021\/10\/MANIFESTACION-LECHE-ZAMORA.jpg 1240w\" sizes=\"(max-width: 724px) 100vw, 724px\" \/><\/figure>\n","protected":false},"excerpt":{"rendered":"<p>Los ganaderos de leche espa\u00f1oles siguen con el agua al cuello. Los m\u00faltiples costes que deben afrontar para cuidar a sus vacas y producir su leche se han disparado en los \u00faltimos meses, y el precio que obtienen por la leche no les permite obtener la m\u00ednima rentabilidad necesaria para seguir adelante. Por todo ello, [&hellip;]<\/p>\n","protected":false},"author":9,"featured_media":9189,"comment_status":"open","ping_status":"open","sticky":false,"template":"","format":"standard","meta":{"footnotes":""},"categories":[9,29,28],"tags":[],"yoast_head":"<!-- This site is optimized with the Yoast SEO plugin v24.5 - https:\/\/yoast.com\/wordpress\/plugins\/seo\/ -->\n<title>Costes disparados y precios de ruina: Los ganaderos l\u00e1cteos espa\u00f1oles endurecer\u00e1n las protestas - ASAJA Palencia<\/title>\n<meta name=\"description\" content=\"Los ganaderos de leche espa\u00f1oles siguen con el agua al cuello. Los m\u00faltiples costes que deben afrontar para cuidar a sus vacas y producir su leche se han\" \/>\n<meta name=\"robots\" content=\"index, follow, max-snippet:-1, max-image-preview:large, max-video-preview:-1\" \/>\n<link rel=\"canonical\" href=\"https:\/\/www.asajacyl.com\/palencia\/asaja-palencia-informa\/costes-disparados-y-precios-de-ruina-los-ganaderos-lacteos-espanoles-endureceran-las-protestas\" \/>\n<meta property=\"og:locale\" content=\"es_ES\" \/>\n<meta property=\"og:type\" content=\"article\" \/>\n<meta property=\"og:title\" content=\"Costes disparados y precios de ruina: Los ganaderos l\u00e1cteos espa\u00f1oles endurecer\u00e1n las protestas - ASAJA Palencia\" \/>\n<meta property=\"og:description\" content=\"Los ganaderos de leche espa\u00f1oles siguen con el agua al cuello. Los m\u00faltiples costes que deben afrontar para cuidar a sus vacas y producir su leche se han\" \/>\n<meta property=\"og:url\" content=\"https:\/\/www.asajacyl.com\/palencia\/asaja-palencia-informa\/costes-disparados-y-precios-de-ruina-los-ganaderos-lacteos-espanoles-endureceran-las-protestas\" \/>\n<meta property=\"og:site_name\" content=\"ASAJA Palencia\" \/>\n<meta property=\"article:published_time\" content=\"2021-11-03T17:44:58+00:00\" \/>\n<meta property=\"article:modified_time\" content=\"2021-11-03T17:44:59+00:00\" \/>\n<meta property=\"og:image\" content=\"https:\/\/www.asajacyl.com\/palencia\/wp-content\/uploads\/sites\/3\/2021\/10\/MANIFESTACION-LECHE-ZAMORA.jpg\" \/>\n\t<meta property=\"og:image:width\" content=\"1240\" \/>\n\t<meta property=\"og:image:height\" content=\"1754\" \/>\n\t<meta property=\"og:image:type\" content=\"image\/jpeg\" \/>\n<meta name=\"author\" content=\"Administrador\" \/>\n<meta name=\"twitter:card\" content=\"summary_large_image\" \/>\n<meta name=\"twitter:label1\" content=\"Escrito por\" \/>\n\t<meta name=\"twitter:data1\" content=\"Administrador\" \/>\n\t<meta name=\"twitter:label2\" content=\"Tiempo de lectura\" \/>\n\t<meta name=\"twitter:data2\" content=\"3 minutos\" \/>\n<script type=\"application\/ld+json\" class=\"yoast-schema-graph\">{\"@context\":\"https:\/\/schema.org\",\"@graph\":[{\"@type\":\"WebPage\",\"@id\":\"https:\/\/www.asajacyl.com\/palencia\/asaja-palencia-informa\/costes-disparados-y-precios-de-ruina-los-ganaderos-lacteos-espanoles-endureceran-las-protestas\",\"url\":\"https:\/\/www.asajacyl.com\/palencia\/asaja-palencia-informa\/costes-disparados-y-precios-de-ruina-los-ganaderos-lacteos-espanoles-endureceran-las-protestas\",\"name\":\"Costes disparados y precios de ruina: Los ganaderos l\u00e1cteos espa\u00f1oles endurecer\u00e1n las protestas - ASAJA Palencia\",\"isPartOf\":{\"@id\":\"https:\/\/www.asajacyl.com\/palencia\/#website\"},\"primaryImageOfPage\":{\"@id\":\"https:\/\/www.asajacyl.com\/palencia\/asaja-palencia-informa\/costes-disparados-y-precios-de-ruina-los-ganaderos-lacteos-espanoles-endureceran-las-protestas#primaryimage\"},\"image\":{\"@id\":\"https:\/\/www.asajacyl.com\/palencia\/asaja-palencia-informa\/costes-disparados-y-precios-de-ruina-los-ganaderos-lacteos-espanoles-endureceran-las-protestas#primaryimage\"},\"thumbnailUrl\":\"https:\/\/www.asajacyl.com\/palencia\/wp-content\/uploads\/sites\/3\/2021\/10\/MANIFESTACION-LECHE-ZAMORA.jpg\",\"datePublished\":\"2021-11-03T17:44:58+00:00\",\"dateModified\":\"2021-11-03T17:44:59+00:00\",\"author\":{\"@id\":\"https:\/\/www.asajacyl.com\/palencia\/#\/schema\/person\/3ab17aeb03527485c317557fae64aab1\"},\"description\":\"Los ganaderos de leche espa\u00f1oles siguen con el agua al cuello. Los m\u00faltiples costes que deben afrontar para cuidar a sus vacas y producir su leche se han\",\"breadcrumb\":{\"@id\":\"https:\/\/www.asajacyl.com\/palencia\/asaja-palencia-informa\/costes-disparados-y-precios-de-ruina-los-ganaderos-lacteos-espanoles-endureceran-las-protestas#breadcrumb\"},\"inLanguage\":\"es\",\"potentialAction\":[{\"@type\":\"ReadAction\",\"target\":[\"https:\/\/www.asajacyl.com\/palencia\/asaja-palencia-informa\/costes-disparados-y-precios-de-ruina-los-ganaderos-lacteos-espanoles-endureceran-las-protestas\"]}]},{\"@type\":\"ImageObject\",\"inLanguage\":\"es\",\"@id\":\"https:\/\/www.asajacyl.com\/palencia\/asaja-palencia-informa\/costes-disparados-y-precios-de-ruina-los-ganaderos-lacteos-espanoles-endureceran-las-protestas#primaryimage\",\"url\":\"https:\/\/www.asajacyl.com\/palencia\/wp-content\/uploads\/sites\/3\/2021\/10\/MANIFESTACION-LECHE-ZAMORA.jpg\",\"contentUrl\":\"https:\/\/www.asajacyl.com\/palencia\/wp-content\/uploads\/sites\/3\/2021\/10\/MANIFESTACION-LECHE-ZAMORA.jpg\",\"width\":1240,\"height\":1754},{\"@type\":\"BreadcrumbList\",\"@id\":\"https:\/\/www.asajacyl.com\/palencia\/asaja-palencia-informa\/costes-disparados-y-precios-de-ruina-los-ganaderos-lacteos-espanoles-endureceran-las-protestas#breadcrumb\",\"itemListElement\":[{\"@type\":\"ListItem\",\"position\":1,\"name\":\"Portada\",\"item\":\"https:\/\/www.asajacyl.com\/palencia\/\"},{\"@type\":\"ListItem\",\"position\":2,\"name\":\"Costes disparados y precios de ruina: Los ganaderos l\u00e1cteos espa\u00f1oles endurecer\u00e1n las protestas\"}]},{\"@type\":\"WebSite\",\"@id\":\"https:\/\/www.asajacyl.com\/palencia\/#website\",\"url\":\"https:\/\/www.asajacyl.com\/palencia\/\",\"name\":\"ASAJA Palencia\",\"description\":\"Otro sitio m\u00e1s de Provincias ASAJA Castilla y Le\u00f3n\",\"potentialAction\":[{\"@type\":\"SearchAction\",\"target\":{\"@type\":\"EntryPoint\",\"urlTemplate\":\"https:\/\/www.asajacyl.com\/palencia\/?s={search_term_string}\"},\"query-input\":{\"@type\":\"PropertyValueSpecification\",\"valueRequired\":true,\"valueName\":\"search_term_string\"}}],\"inLanguage\":\"es\"},{\"@type\":\"Person\",\"@id\":\"https:\/\/www.asajacyl.com\/palencia\/#\/schema\/person\/3ab17aeb03527485c317557fae64aab1\",\"name\":\"Administrador\",\"image\":{\"@type\":\"ImageObject\",\"inLanguage\":\"es\",\"@id\":\"https:\/\/www.asajacyl.com\/palencia\/#\/schema\/person\/image\/\",\"url\":\"https:\/\/secure.gravatar.com\/avatar\/517384810d242ca9e38c180f3c9fb973?s=96&d=mm&r=g\",\"contentUrl\":\"https:\/\/secure.gravatar.com\/avatar\/517384810d242ca9e38c180f3c9fb973?s=96&d=mm&r=g\",\"caption\":\"Administrador\"},\"url\":\"https:\/\/www.asajacyl.com\/palencia\/author\/carlosrm\"}]}<\/script>\n<!-- \/ Yoast SEO plugin. -->","yoast_head_json":{"title":"Costes disparados y precios de ruina: Los ganaderos l\u00e1cteos espa\u00f1oles endurecer\u00e1n las protestas - ASAJA Palencia","description":"Los ganaderos de leche espa\u00f1oles siguen con el agua al cuello. Los m\u00faltiples costes que deben afrontar para cuidar a sus vacas y producir su leche se han","robots":{"index":"index","follow":"follow","max-snippet":"max-snippet:-1","max-image-preview":"max-image-preview:large","max-video-preview":"max-video-preview:-1"},"canonical":"https:\/\/www.asajacyl.com\/palencia\/asaja-palencia-informa\/costes-disparados-y-precios-de-ruina-los-ganaderos-lacteos-espanoles-endureceran-las-protestas","og_locale":"es_ES","og_type":"article","og_title":"Costes disparados y precios de ruina: Los ganaderos l\u00e1cteos espa\u00f1oles endurecer\u00e1n las protestas - ASAJA Palencia","og_description":"Los ganaderos de leche espa\u00f1oles siguen con el agua al cuello. Los m\u00faltiples costes que deben afrontar para cuidar a sus vacas y producir su leche se han","og_url":"https:\/\/www.asajacyl.com\/palencia\/asaja-palencia-informa\/costes-disparados-y-precios-de-ruina-los-ganaderos-lacteos-espanoles-endureceran-las-protestas","og_site_name":"ASAJA Palencia","article_published_time":"2021-11-03T17:44:58+00:00","article_modified_time":"2021-11-03T17:44:59+00:00","og_image":[{"width":1240,"height":1754,"url":"https:\/\/www.asajacyl.com\/palencia\/wp-content\/uploads\/sites\/3\/2021\/10\/MANIFESTACION-LECHE-ZAMORA.jpg","type":"image\/jpeg"}],"author":"Administrador","twitter_card":"summary_large_image","twitter_misc":{"Escrito por":"Administrador","Tiempo de lectura":"3 minutos"},"schema":{"@context":"https:\/\/schema.org","@graph":[{"@type":"WebPage","@id":"https:\/\/www.asajacyl.com\/palencia\/asaja-palencia-informa\/costes-disparados-y-precios-de-ruina-los-ganaderos-lacteos-espanoles-endureceran-las-protestas","url":"https:\/\/www.asajacyl.com\/palencia\/asaja-palencia-informa\/costes-disparados-y-precios-de-ruina-los-ganaderos-lacteos-espanoles-endureceran-las-protestas","name":"Costes disparados y precios de ruina: Los ganaderos l\u00e1cteos espa\u00f1oles endurecer\u00e1n las protestas - ASAJA Palencia","isPartOf":{"@id":"https:\/\/www.asajacyl.com\/palencia\/#website"},"primaryImageOfPage":{"@id":"https:\/\/www.asajacyl.com\/palencia\/asaja-palencia-informa\/costes-disparados-y-precios-de-ruina-los-ganaderos-lacteos-espanoles-endureceran-las-protestas#primaryimage"},"image":{"@id":"https:\/\/www.asajacyl.com\/palencia\/asaja-palencia-informa\/costes-disparados-y-precios-de-ruina-los-ganaderos-lacteos-espanoles-endureceran-las-protestas#primaryimage"},"thumbnailUrl":"https:\/\/www.asajacyl.com\/palencia\/wp-content\/uploads\/sites\/3\/2021\/10\/MANIFESTACION-LECHE-ZAMORA.jpg","datePublished":"2021-11-03T17:44:58+00:00","dateModified":"2021-11-03T17:44:59+00:00","author":{"@id":"https:\/\/www.asajacyl.com\/palencia\/#\/schema\/person\/3ab17aeb03527485c317557fae64aab1"},"description":"Los ganaderos de leche espa\u00f1oles siguen con el agua al cuello. Los m\u00faltiples costes que deben afrontar para cuidar a sus vacas y producir su leche se han","breadcrumb":{"@id":"https:\/\/www.asajacyl.com\/palencia\/asaja-palencia-informa\/costes-disparados-y-precios-de-ruina-los-ganaderos-lacteos-espanoles-endureceran-las-protestas#breadcrumb"},"inLanguage":"es","potentialAction":[{"@type":"ReadAction","target":["https:\/\/www.asajacyl.com\/palencia\/asaja-palencia-informa\/costes-disparados-y-precios-de-ruina-los-ganaderos-lacteos-espanoles-endureceran-las-protestas"]}]},{"@type":"ImageObject","inLanguage":"es","@id":"https:\/\/www.asajacyl.com\/palencia\/asaja-palencia-informa\/costes-disparados-y-precios-de-ruina-los-ganaderos-lacteos-espanoles-endureceran-las-protestas#primaryimage","url":"https:\/\/www.asajacyl.com\/palencia\/wp-content\/uploads\/sites\/3\/2021\/10\/MANIFESTACION-LECHE-ZAMORA.jpg","contentUrl":"https:\/\/www.asajacyl.com\/palencia\/wp-content\/uploads\/sites\/3\/2021\/10\/MANIFESTACION-LECHE-ZAMORA.jpg","width":1240,"height":1754},{"@type":"BreadcrumbList","@id":"https:\/\/www.asajacyl.com\/palencia\/asaja-palencia-informa\/costes-disparados-y-precios-de-ruina-los-ganaderos-lacteos-espanoles-endureceran-las-protestas#breadcrumb","itemListElement":[{"@type":"ListItem","position":1,"name":"Portada","item":"https:\/\/www.asajacyl.com\/palencia\/"},{"@type":"ListItem","position":2,"name":"Costes disparados y precios de ruina: Los ganaderos l\u00e1cteos espa\u00f1oles endurecer\u00e1n las protestas"}]},{"@type":"WebSite","@id":"https:\/\/www.asajacyl.com\/palencia\/#website","url":"https:\/\/www.asajacyl.com\/palencia\/","name":"ASAJA Palencia","description":"Otro sitio m\u00e1s de Provincias ASAJA Castilla y Le\u00f3n","potentialAction":[{"@type":"SearchAction","target":{"@type":"EntryPoint","urlTemplate":"https:\/\/www.asajacyl.com\/palencia\/?s={search_term_string}"},"query-input":{"@type":"PropertyValueSpecification","valueRequired":true,"valueName":"search_term_string"}}],"inLanguage":"es"},{"@type":"Person","@id":"https:\/\/www.asajacyl.com\/palencia\/#\/schema\/person\/3ab17aeb03527485c317557fae64aab1","name":"Administrador","image":{"@type":"ImageObject","inLanguage":"es","@id":"https:\/\/www.asajacyl.com\/palencia\/#\/schema\/person\/image\/","url":"https:\/\/secure.gravatar.com\/avatar\/517384810d242ca9e38c180f3c9fb973?s=96&d=mm&r=g","contentUrl":"https:\/\/secure.gravatar.com\/avatar\/517384810d242ca9e38c180f3c9fb973?s=96&d=mm&r=g","caption":"Administrador"},"url":"https:\/\/www.asajacyl.com\/palencia\/author\/carlosrm"}]}},"_links":{"self":[{"href":"https:\/\/www.asajacyl.com\/palencia\/wp-json\/wp\/v2\/posts\/9209"}],"collection":[{"href":"https:\/\/www.asajacyl.com\/palencia\/wp-json\/wp\/v2\/posts"}],"about":[{"href":"https:\/\/www.asajacyl.com\/palencia\/wp-json\/wp\/v2\/types\/post"}],"author":[{"embeddable":true,"href":"https:\/\/www.asajacyl.com\/palencia\/wp-json\/wp\/v2\/users\/9"}],"replies":[{"embeddable":true,"href":"https:\/\/www.asajacyl.com\/palencia\/wp-json\/wp\/v2\/comments?post=9209"}],"version-history":[{"count":1,"href":"https:\/\/www.asajacyl.com\/palencia\/wp-json\/wp\/v2\/posts\/9209\/revisions"}],"predecessor-version":[{"id":9210,"href":"https:\/\/www.asajacyl.com\/palencia\/wp-json\/wp\/v2\/posts\/9209\/revisions\/9210"}],"wp:featuredmedia":[{"embeddable":true,"href":"https:\/\/www.asajacyl.com\/palencia\/wp-json\/wp\/v2\/media\/9189"}],"wp:attachment":[{"href":"https:\/\/www.asajacyl.com\/palencia\/wp-json\/wp\/v2\/media?parent=9209"}],"wp:term":[{"taxonomy":"category","embeddable":true,"href":"https:\/\/www.asajacyl.com\/palencia\/wp-json\/wp\/v2\/categories?post=9209"},{"taxonomy":"post_tag","embeddable":true,"href":"https:\/\/www.asajacyl.com\/palencia\/wp-json\/wp\/v2\/tags?post=9209"}],"curies":[{"name":"wp","href":"https:\/\/api.w.org\/{rel}","templated":true}]}}