{"id":9229,"date":"2021-11-08T18:25:06","date_gmt":"2021-11-08T17:25:06","guid":{"rendered":"https:\/\/www.asajacyl.com\/palencia\/?p=9229"},"modified":"2021-11-10T09:04:16","modified_gmt":"2021-11-10T08:04:16","slug":"ya-se-conocen-los-ganadores-de-los-concursos-de-asaja-para-ninos-y-jovenes-2","status":"publish","type":"post","link":"https:\/\/www.asajacyl.com\/palencia\/asaja-palencia-informa\/ya-se-conocen-los-ganadores-de-los-concursos-de-asaja-para-ninos-y-jovenes-2","title":{"rendered":"Dos premiadas palentinas en los concursos de ASAJA Castilla y Le\u00f3n"},"content":{"rendered":"\n<p>Ya se han fallado el XXIII Concurso Infantil de Pintura del Medio Rural \u201cAs\u00ed es mi pueblo\u201d y el XIII Concurso de Fotograf\u00eda Juvenil \u201cMi pueblo, mi gente\u201d, organizados por ASAJA de Castilla y Le\u00f3n con el patrocinio de la Fundaci\u00f3n de Castilla y Le\u00f3n. El jurado, reunido hoy en la sede de las Cortes auton\u00f3micas, ha estado formado por su presidente, Luis Fuentes Rodr\u00edguez; el dibujante y humorista gr\u00e1fico de ABC Jos\u00e9 Mar\u00eda Nieto; el fot\u00f3grafo Francisco de las Heras, y Donaciano Dujo, presidente de ASAJA de Castilla y Le\u00f3n.<\/p>\n\n\n\n<p>Con el concurso de pintura \u201cAs\u00ed es mi pueblo\u201d se busca que los ni\u00f1os del medio rural de Castilla y Le\u00f3n muestren sobre el papel el d\u00eda a d\u00eda de los pueblos de nuestra regi\u00f3n, dibujando motivos agrarios y ganaderos, paisajes, personas o cualquier otro aspecto cotidiano de la vida rural. El objetivo del concurso \u201cMi pueblo, mi gente\u201d es que los m\u00e1s j\u00f3venes plasmen en fotograf\u00edas diferentes aspectos de la vida en los pueblos en los que residen o veranean, convirtiendo as\u00ed a los adolescentes \u201creporteros\u201d del d\u00eda a d\u00eda rural. Con este certamen, a ASAJA invita a los m\u00e1s j\u00f3venes a valorar los pueblos e implicarse en la construcci\u00f3n del futuro rural.<\/p>\n\n\n\n<p>Los premiados en el concurso de pintura infantil \u201cAs\u00ed es mi pueblo\u201d han sido:<\/p>\n\n\n\n<p>Primera categor\u00eda (hasta 6 a\u00f1os de edad)<br>1\u00ba Irene Mu\u00f1oz Alfageme, de 5 a\u00f1os, de Tiedra, Valladolid<br>2\u00ba Diego Lavandera Garc\u00eda, de 4 a\u00f1os, de La Carretera de Otero, Le\u00f3n<br>Acc\u00e9sit: Izadi L\u00f3pez Alonso, de 2 a\u00f1os, de Miraveche, Burgos<\/p>\n\n\n\n<p>Segunda categor\u00eda (de 7 a 9 a\u00f1os de edad)<br>1\u00ba Pablo Garc\u00eda Guti\u00e9rrez, de 8 a\u00f1os, de Mingorr\u00eda, \u00c1vila<br>2\u00ba Naira Moreno Ortega, de 9 a\u00f1os, de Palencia<br>Acc\u00e9sit. Ana Herrero S\u00e1nchez, de 9 a\u00f1os, de Cabezuela, Segovia<\/p>\n\n\n\n<p>Tercera categor\u00eda (de 10 a 12 a\u00f1os)<br>1\u00ba Adriana Mart\u00ednez Malaima, de 11 a\u00f1os, de Miraveche, Burgos<br>2\u00ba Luc\u00eda Arranz Garc\u00e9s, de 12 a\u00f1os, de Soria<br>Acc\u00e9sit, \u00c1ngela Ram\u00edrez Nieto, de 10 a\u00f1os, de Ayll\u00f3n, Segovia<\/p>\n\n\n\n<p>Los autores de las fotograf\u00edas premiadas en el concurso \u201cMi pueblo, mi gente\u201d han sido:<\/p>\n\n\n\n<p>Primer premio<br>Sara Ruiz Fuente, 14 a\u00f1os, La Vid de Ojeda, Palencia<\/p>\n\n\n\n<p>Acc\u00e9sit<br>Paula Gonz\u00e1lez Carretero, 13 a\u00f1os, Valladolid<\/p>\n\n\n\n<p>Los ni\u00f1os galardonados en el concurso de dibujo recibir\u00e1n diferentes regalos, consistentes en material de pintura, tabletas, lotes de libros y juegos educativos. Respecto al concurso de fotograf\u00eda, los premios son econ\u00f3micos (180 y 120 euros, respectivamente, primer premio y el acc\u00e9sit). Adem\u00e1s, todos los participantes recibir\u00e1n un peque\u00f1o obsequio en agradecimiento a su participaci\u00f3n.<\/p>\n\n\n\n<figure class=\"wp-block-image size-large is-resized\"><img loading=\"lazy\" decoding=\"async\" src=\"https:\/\/www.asajacyl.com\/palencia\/wp-content\/uploads\/sites\/3\/2021\/11\/Attachment-1-1024x726.jpeg\" alt=\"\" class=\"wp-image-9235\" width=\"1024\" height=\"726\" srcset=\"https:\/\/www.asajacyl.com\/palencia\/wp-content\/uploads\/sites\/3\/2021\/11\/Attachment-1-1024x726.jpeg 1024w, https:\/\/www.asajacyl.com\/palencia\/wp-content\/uploads\/sites\/3\/2021\/11\/Attachment-1-300x213.jpeg 300w, https:\/\/www.asajacyl.com\/palencia\/wp-content\/uploads\/sites\/3\/2021\/11\/Attachment-1-768x544.jpeg 768w, https:\/\/www.asajacyl.com\/palencia\/wp-content\/uploads\/sites\/3\/2021\/11\/Attachment-1-696x493.jpeg 696w, https:\/\/www.asajacyl.com\/palencia\/wp-content\/uploads\/sites\/3\/2021\/11\/Attachment-1-1068x757.jpeg 1068w, https:\/\/www.asajacyl.com\/palencia\/wp-content\/uploads\/sites\/3\/2021\/11\/Attachment-1-593x420.jpeg 593w, https:\/\/www.asajacyl.com\/palencia\/wp-content\/uploads\/sites\/3\/2021\/11\/Attachment-1.jpeg 1280w\" sizes=\"(max-width: 1024px) 100vw, 1024px\" \/><figcaption>Composici\u00f3n realizada por Naira Moreno Ortega, de 9 a\u00f1os, de Palencia.<\/figcaption><\/figure>\n\n\n\n<figure class=\"wp-block-image size-large\"><img loading=\"lazy\" decoding=\"async\" width=\"1024\" height=\"514\" src=\"https:\/\/www.asajacyl.com\/palencia\/wp-content\/uploads\/sites\/3\/2021\/11\/Attachment-1-1-1024x514.jpeg\" alt=\"\" class=\"wp-image-9236\" srcset=\"https:\/\/www.asajacyl.com\/palencia\/wp-content\/uploads\/sites\/3\/2021\/11\/Attachment-1-1-1024x514.jpeg 1024w, https:\/\/www.asajacyl.com\/palencia\/wp-content\/uploads\/sites\/3\/2021\/11\/Attachment-1-1-300x151.jpeg 300w, https:\/\/www.asajacyl.com\/palencia\/wp-content\/uploads\/sites\/3\/2021\/11\/Attachment-1-1-768x386.jpeg 768w, https:\/\/www.asajacyl.com\/palencia\/wp-content\/uploads\/sites\/3\/2021\/11\/Attachment-1-1-1536x771.jpeg 1536w, https:\/\/www.asajacyl.com\/palencia\/wp-content\/uploads\/sites\/3\/2021\/11\/Attachment-1-1-2048x1028.jpeg 2048w, https:\/\/www.asajacyl.com\/palencia\/wp-content\/uploads\/sites\/3\/2021\/11\/Attachment-1-1-696x349.jpeg 696w, https:\/\/www.asajacyl.com\/palencia\/wp-content\/uploads\/sites\/3\/2021\/11\/Attachment-1-1-1068x536.jpeg 1068w, https:\/\/www.asajacyl.com\/palencia\/wp-content\/uploads\/sites\/3\/2021\/11\/Attachment-1-1-1920x964.jpeg 1920w, https:\/\/www.asajacyl.com\/palencia\/wp-content\/uploads\/sites\/3\/2021\/11\/Attachment-1-1-837x420.jpeg 837w\" sizes=\"(max-width: 1024px) 100vw, 1024px\" \/><figcaption>Fotograf\u00eda realizada por Sara Ruiz Fuente, de 14 a\u00f1os, de La Vid de Ojeda.<\/figcaption><\/figure>\n","protected":false},"excerpt":{"rendered":"<p>Ya se han fallado el XXIII Concurso Infantil de Pintura del Medio Rural \u201cAs\u00ed es mi pueblo\u201d y el XIII Concurso de Fotograf\u00eda Juvenil \u201cMi pueblo, mi gente\u201d, organizados por ASAJA de Castilla y Le\u00f3n con el patrocinio de la Fundaci\u00f3n de Castilla y Le\u00f3n. El jurado, reunido hoy en la sede de las Cortes [&hellip;]<\/p>\n","protected":false},"author":9,"featured_media":9230,"comment_status":"open","ping_status":"open","sticky":false,"template":"","format":"standard","meta":{"footnotes":""},"categories":[9,29,28],"tags":[],"yoast_head":"<!-- This site is optimized with the Yoast SEO plugin v24.5 - https:\/\/yoast.com\/wordpress\/plugins\/seo\/ -->\n<title>Dos premiadas palentinas en los concursos de ASAJA Castilla y Le\u00f3n - ASAJA Palencia<\/title>\n<meta name=\"description\" content=\"Ya se han fallado el XXIII Concurso Infantil de Pintura del Medio Rural \u201cAs\u00ed es mi pueblo\u201d y el XIII Concurso de Fotograf\u00eda Juvenil \u201cMi pueblo, mi gente\u201d,\" \/>\n<meta name=\"robots\" content=\"index, follow, max-snippet:-1, max-image-preview:large, max-video-preview:-1\" \/>\n<link rel=\"canonical\" href=\"https:\/\/www.asajacyl.com\/palencia\/asaja-palencia-informa\/ya-se-conocen-los-ganadores-de-los-concursos-de-asaja-para-ninos-y-jovenes-2\" \/>\n<meta property=\"og:locale\" content=\"es_ES\" \/>\n<meta property=\"og:type\" content=\"article\" \/>\n<meta property=\"og:title\" content=\"Dos premiadas palentinas en los concursos de ASAJA Castilla y Le\u00f3n - ASAJA Palencia\" \/>\n<meta property=\"og:description\" content=\"Ya se han fallado el XXIII Concurso Infantil de Pintura del Medio Rural \u201cAs\u00ed es mi pueblo\u201d y el XIII Concurso de Fotograf\u00eda Juvenil \u201cMi pueblo, mi gente\u201d,\" \/>\n<meta property=\"og:url\" content=\"https:\/\/www.asajacyl.com\/palencia\/asaja-palencia-informa\/ya-se-conocen-los-ganadores-de-los-concursos-de-asaja-para-ninos-y-jovenes-2\" \/>\n<meta property=\"og:site_name\" content=\"ASAJA Palencia\" \/>\n<meta property=\"article:published_time\" content=\"2021-11-08T17:25:06+00:00\" \/>\n<meta property=\"article:modified_time\" content=\"2021-11-10T08:04:16+00:00\" \/>\n<meta property=\"og:image\" content=\"https:\/\/www.asajacyl.com\/palencia\/wp-content\/uploads\/sites\/3\/2021\/11\/JURADO-PREMIOS.jpg\" \/>\n\t<meta property=\"og:image:width\" content=\"2048\" \/>\n\t<meta property=\"og:image:height\" content=\"1349\" \/>\n\t<meta property=\"og:image:type\" content=\"image\/jpeg\" \/>\n<meta name=\"author\" content=\"Administrador\" \/>\n<meta name=\"twitter:card\" content=\"summary_large_image\" \/>\n<meta name=\"twitter:label1\" content=\"Escrito por\" \/>\n\t<meta name=\"twitter:data1\" content=\"Administrador\" \/>\n\t<meta name=\"twitter:label2\" content=\"Tiempo de lectura\" \/>\n\t<meta name=\"twitter:data2\" content=\"3 minutos\" \/>\n<script type=\"application\/ld+json\" class=\"yoast-schema-graph\">{\"@context\":\"https:\/\/schema.org\",\"@graph\":[{\"@type\":\"WebPage\",\"@id\":\"https:\/\/www.asajacyl.com\/palencia\/asaja-palencia-informa\/ya-se-conocen-los-ganadores-de-los-concursos-de-asaja-para-ninos-y-jovenes-2\",\"url\":\"https:\/\/www.asajacyl.com\/palencia\/asaja-palencia-informa\/ya-se-conocen-los-ganadores-de-los-concursos-de-asaja-para-ninos-y-jovenes-2\",\"name\":\"Dos premiadas palentinas en los concursos de ASAJA Castilla y Le\u00f3n - ASAJA Palencia\",\"isPartOf\":{\"@id\":\"https:\/\/www.asajacyl.com\/palencia\/#website\"},\"primaryImageOfPage\":{\"@id\":\"https:\/\/www.asajacyl.com\/palencia\/asaja-palencia-informa\/ya-se-conocen-los-ganadores-de-los-concursos-de-asaja-para-ninos-y-jovenes-2#primaryimage\"},\"image\":{\"@id\":\"https:\/\/www.asajacyl.com\/palencia\/asaja-palencia-informa\/ya-se-conocen-los-ganadores-de-los-concursos-de-asaja-para-ninos-y-jovenes-2#primaryimage\"},\"thumbnailUrl\":\"https:\/\/www.asajacyl.com\/palencia\/wp-content\/uploads\/sites\/3\/2021\/11\/JURADO-PREMIOS.jpg\",\"datePublished\":\"2021-11-08T17:25:06+00:00\",\"dateModified\":\"2021-11-10T08:04:16+00:00\",\"author\":{\"@id\":\"https:\/\/www.asajacyl.com\/palencia\/#\/schema\/person\/3ab17aeb03527485c317557fae64aab1\"},\"description\":\"Ya se han fallado el XXIII Concurso Infantil de Pintura del Medio Rural \u201cAs\u00ed es mi pueblo\u201d y el XIII Concurso de Fotograf\u00eda Juvenil \u201cMi pueblo, mi gente\u201d,\",\"breadcrumb\":{\"@id\":\"https:\/\/www.asajacyl.com\/palencia\/asaja-palencia-informa\/ya-se-conocen-los-ganadores-de-los-concursos-de-asaja-para-ninos-y-jovenes-2#breadcrumb\"},\"inLanguage\":\"es\",\"potentialAction\":[{\"@type\":\"ReadAction\",\"target\":[\"https:\/\/www.asajacyl.com\/palencia\/asaja-palencia-informa\/ya-se-conocen-los-ganadores-de-los-concursos-de-asaja-para-ninos-y-jovenes-2\"]}]},{\"@type\":\"ImageObject\",\"inLanguage\":\"es\",\"@id\":\"https:\/\/www.asajacyl.com\/palencia\/asaja-palencia-informa\/ya-se-conocen-los-ganadores-de-los-concursos-de-asaja-para-ninos-y-jovenes-2#primaryimage\",\"url\":\"https:\/\/www.asajacyl.com\/palencia\/wp-content\/uploads\/sites\/3\/2021\/11\/JURADO-PREMIOS.jpg\",\"contentUrl\":\"https:\/\/www.asajacyl.com\/palencia\/wp-content\/uploads\/sites\/3\/2021\/11\/JURADO-PREMIOS.jpg\",\"width\":2048,\"height\":1349},{\"@type\":\"BreadcrumbList\",\"@id\":\"https:\/\/www.asajacyl.com\/palencia\/asaja-palencia-informa\/ya-se-conocen-los-ganadores-de-los-concursos-de-asaja-para-ninos-y-jovenes-2#breadcrumb\",\"itemListElement\":[{\"@type\":\"ListItem\",\"position\":1,\"name\":\"Portada\",\"item\":\"https:\/\/www.asajacyl.com\/palencia\/\"},{\"@type\":\"ListItem\",\"position\":2,\"name\":\"Dos premiadas palentinas en los concursos de ASAJA Castilla y Le\u00f3n\"}]},{\"@type\":\"WebSite\",\"@id\":\"https:\/\/www.asajacyl.com\/palencia\/#website\",\"url\":\"https:\/\/www.asajacyl.com\/palencia\/\",\"name\":\"ASAJA Palencia\",\"description\":\"Otro sitio m\u00e1s de Provincias ASAJA Castilla y Le\u00f3n\",\"potentialAction\":[{\"@type\":\"SearchAction\",\"target\":{\"@type\":\"EntryPoint\",\"urlTemplate\":\"https:\/\/www.asajacyl.com\/palencia\/?s={search_term_string}\"},\"query-input\":{\"@type\":\"PropertyValueSpecification\",\"valueRequired\":true,\"valueName\":\"search_term_string\"}}],\"inLanguage\":\"es\"},{\"@type\":\"Person\",\"@id\":\"https:\/\/www.asajacyl.com\/palencia\/#\/schema\/person\/3ab17aeb03527485c317557fae64aab1\",\"name\":\"Administrador\",\"image\":{\"@type\":\"ImageObject\",\"inLanguage\":\"es\",\"@id\":\"https:\/\/www.asajacyl.com\/palencia\/#\/schema\/person\/image\/\",\"url\":\"https:\/\/secure.gravatar.com\/avatar\/517384810d242ca9e38c180f3c9fb973?s=96&d=mm&r=g\",\"contentUrl\":\"https:\/\/secure.gravatar.com\/avatar\/517384810d242ca9e38c180f3c9fb973?s=96&d=mm&r=g\",\"caption\":\"Administrador\"},\"url\":\"https:\/\/www.asajacyl.com\/palencia\/author\/carlosrm\"}]}<\/script>\n<!-- \/ Yoast SEO plugin. -->","yoast_head_json":{"title":"Dos premiadas palentinas en los concursos de ASAJA Castilla y Le\u00f3n - ASAJA Palencia","description":"Ya se han fallado el XXIII Concurso Infantil de Pintura del Medio Rural \u201cAs\u00ed es mi pueblo\u201d y el XIII Concurso de Fotograf\u00eda Juvenil \u201cMi pueblo, mi gente\u201d,","robots":{"index":"index","follow":"follow","max-snippet":"max-snippet:-1","max-image-preview":"max-image-preview:large","max-video-preview":"max-video-preview:-1"},"canonical":"https:\/\/www.asajacyl.com\/palencia\/asaja-palencia-informa\/ya-se-conocen-los-ganadores-de-los-concursos-de-asaja-para-ninos-y-jovenes-2","og_locale":"es_ES","og_type":"article","og_title":"Dos premiadas palentinas en los concursos de ASAJA Castilla y Le\u00f3n - ASAJA Palencia","og_description":"Ya se han fallado el XXIII Concurso Infantil de Pintura del Medio Rural \u201cAs\u00ed es mi pueblo\u201d y el XIII Concurso de Fotograf\u00eda Juvenil \u201cMi pueblo, mi gente\u201d,","og_url":"https:\/\/www.asajacyl.com\/palencia\/asaja-palencia-informa\/ya-se-conocen-los-ganadores-de-los-concursos-de-asaja-para-ninos-y-jovenes-2","og_site_name":"ASAJA Palencia","article_published_time":"2021-11-08T17:25:06+00:00","article_modified_time":"2021-11-10T08:04:16+00:00","og_image":[{"width":2048,"height":1349,"url":"https:\/\/www.asajacyl.com\/palencia\/wp-content\/uploads\/sites\/3\/2021\/11\/JURADO-PREMIOS.jpg","type":"image\/jpeg"}],"author":"Administrador","twitter_card":"summary_large_image","twitter_misc":{"Escrito por":"Administrador","Tiempo de lectura":"3 minutos"},"schema":{"@context":"https:\/\/schema.org","@graph":[{"@type":"WebPage","@id":"https:\/\/www.asajacyl.com\/palencia\/asaja-palencia-informa\/ya-se-conocen-los-ganadores-de-los-concursos-de-asaja-para-ninos-y-jovenes-2","url":"https:\/\/www.asajacyl.com\/palencia\/asaja-palencia-informa\/ya-se-conocen-los-ganadores-de-los-concursos-de-asaja-para-ninos-y-jovenes-2","name":"Dos premiadas palentinas en los concursos de ASAJA Castilla y Le\u00f3n - ASAJA Palencia","isPartOf":{"@id":"https:\/\/www.asajacyl.com\/palencia\/#website"},"primaryImageOfPage":{"@id":"https:\/\/www.asajacyl.com\/palencia\/asaja-palencia-informa\/ya-se-conocen-los-ganadores-de-los-concursos-de-asaja-para-ninos-y-jovenes-2#primaryimage"},"image":{"@id":"https:\/\/www.asajacyl.com\/palencia\/asaja-palencia-informa\/ya-se-conocen-los-ganadores-de-los-concursos-de-asaja-para-ninos-y-jovenes-2#primaryimage"},"thumbnailUrl":"https:\/\/www.asajacyl.com\/palencia\/wp-content\/uploads\/sites\/3\/2021\/11\/JURADO-PREMIOS.jpg","datePublished":"2021-11-08T17:25:06+00:00","dateModified":"2021-11-10T08:04:16+00:00","author":{"@id":"https:\/\/www.asajacyl.com\/palencia\/#\/schema\/person\/3ab17aeb03527485c317557fae64aab1"},"description":"Ya se han fallado el XXIII Concurso Infantil de Pintura del Medio Rural \u201cAs\u00ed es mi pueblo\u201d y el XIII Concurso de Fotograf\u00eda Juvenil \u201cMi pueblo, mi gente\u201d,","breadcrumb":{"@id":"https:\/\/www.asajacyl.com\/palencia\/asaja-palencia-informa\/ya-se-conocen-los-ganadores-de-los-concursos-de-asaja-para-ninos-y-jovenes-2#breadcrumb"},"inLanguage":"es","potentialAction":[{"@type":"ReadAction","target":["https:\/\/www.asajacyl.com\/palencia\/asaja-palencia-informa\/ya-se-conocen-los-ganadores-de-los-concursos-de-asaja-para-ninos-y-jovenes-2"]}]},{"@type":"ImageObject","inLanguage":"es","@id":"https:\/\/www.asajacyl.com\/palencia\/asaja-palencia-informa\/ya-se-conocen-los-ganadores-de-los-concursos-de-asaja-para-ninos-y-jovenes-2#primaryimage","url":"https:\/\/www.asajacyl.com\/palencia\/wp-content\/uploads\/sites\/3\/2021\/11\/JURADO-PREMIOS.jpg","contentUrl":"https:\/\/www.asajacyl.com\/palencia\/wp-content\/uploads\/sites\/3\/2021\/11\/JURADO-PREMIOS.jpg","width":2048,"height":1349},{"@type":"BreadcrumbList","@id":"https:\/\/www.asajacyl.com\/palencia\/asaja-palencia-informa\/ya-se-conocen-los-ganadores-de-los-concursos-de-asaja-para-ninos-y-jovenes-2#breadcrumb","itemListElement":[{"@type":"ListItem","position":1,"name":"Portada","item":"https:\/\/www.asajacyl.com\/palencia\/"},{"@type":"ListItem","position":2,"name":"Dos premiadas palentinas en los concursos de ASAJA Castilla y Le\u00f3n"}]},{"@type":"WebSite","@id":"https:\/\/www.asajacyl.com\/palencia\/#website","url":"https:\/\/www.asajacyl.com\/palencia\/","name":"ASAJA Palencia","description":"Otro sitio m\u00e1s de Provincias ASAJA Castilla y Le\u00f3n","potentialAction":[{"@type":"SearchAction","target":{"@type":"EntryPoint","urlTemplate":"https:\/\/www.asajacyl.com\/palencia\/?s={search_term_string}"},"query-input":{"@type":"PropertyValueSpecification","valueRequired":true,"valueName":"search_term_string"}}],"inLanguage":"es"},{"@type":"Person","@id":"https:\/\/www.asajacyl.com\/palencia\/#\/schema\/person\/3ab17aeb03527485c317557fae64aab1","name":"Administrador","image":{"@type":"ImageObject","inLanguage":"es","@id":"https:\/\/www.asajacyl.com\/palencia\/#\/schema\/person\/image\/","url":"https:\/\/secure.gravatar.com\/avatar\/517384810d242ca9e38c180f3c9fb973?s=96&d=mm&r=g","contentUrl":"https:\/\/secure.gravatar.com\/avatar\/517384810d242ca9e38c180f3c9fb973?s=96&d=mm&r=g","caption":"Administrador"},"url":"https:\/\/www.asajacyl.com\/palencia\/author\/carlosrm"}]}},"_links":{"self":[{"href":"https:\/\/www.asajacyl.com\/palencia\/wp-json\/wp\/v2\/posts\/9229"}],"collection":[{"href":"https:\/\/www.asajacyl.com\/palencia\/wp-json\/wp\/v2\/posts"}],"about":[{"href":"https:\/\/www.asajacyl.com\/palencia\/wp-json\/wp\/v2\/types\/post"}],"author":[{"embeddable":true,"href":"https:\/\/www.asajacyl.com\/palencia\/wp-json\/wp\/v2\/users\/9"}],"replies":[{"embeddable":true,"href":"https:\/\/www.asajacyl.com\/palencia\/wp-json\/wp\/v2\/comments?post=9229"}],"version-history":[{"count":3,"href":"https:\/\/www.asajacyl.com\/palencia\/wp-json\/wp\/v2\/posts\/9229\/revisions"}],"predecessor-version":[{"id":9246,"href":"https:\/\/www.asajacyl.com\/palencia\/wp-json\/wp\/v2\/posts\/9229\/revisions\/9246"}],"wp:featuredmedia":[{"embeddable":true,"href":"https:\/\/www.asajacyl.com\/palencia\/wp-json\/wp\/v2\/media\/9230"}],"wp:attachment":[{"href":"https:\/\/www.asajacyl.com\/palencia\/wp-json\/wp\/v2\/media?parent=9229"}],"wp:term":[{"taxonomy":"category","embeddable":true,"href":"https:\/\/www.asajacyl.com\/palencia\/wp-json\/wp\/v2\/categories?post=9229"},{"taxonomy":"post_tag","embeddable":true,"href":"https:\/\/www.asajacyl.com\/palencia\/wp-json\/wp\/v2\/tags?post=9229"}],"curies":[{"name":"wp","href":"https:\/\/api.w.org\/{rel}","templated":true}]}}