{"id":9238,"date":"2021-11-10T08:31:13","date_gmt":"2021-11-10T07:31:13","guid":{"rendered":"https:\/\/www.asajacyl.com\/palencia\/?p=9238"},"modified":"2021-11-10T08:33:34","modified_gmt":"2021-11-10T07:33:34","slug":"los-ganaderos-estallan-y-avisan-sin-precios-dignos-no-habra-ni-explotaciones-ni-leche","status":"publish","type":"post","link":"https:\/\/www.asajacyl.com\/palencia\/asaja-palencia-informa\/los-ganaderos-estallan-y-avisan-sin-precios-dignos-no-habra-ni-explotaciones-ni-leche","title":{"rendered":"Los ganaderos estallan y avisan: sin precios dignos no habr\u00e1 ni explotaciones, ni leche"},"content":{"rendered":"\n<p>\u201cDignidad y respeto para el sector ganadero. \u00a1Precios justos para la leche YA!\u201d. As\u00ed rezaba la pancarta que ha reunido hoy a cerca de 250 ganaderos de Castilla y Le\u00f3n, con una nutrida representaci\u00f3n de la provincia de Palencia, en la protesta convocada a las puertas de la industria Lactalis, en Zamora.<\/p>\n\n\n\n<p>La convocatoria forma parte de la campa\u00f1a de actos de protesta programados a nivel nacional por las organizaciones agrarias de \u00e1mbito estatal, ASAJA y la Alianza Upa-Coag.<\/p>\n\n\n\n<p>El continuo atornillamiento de las industrias, que siguen ancladas en los 34 c\u00e9ntimos por litro de leche, cuando los costes de producci\u00f3n m\u00ednimos ascienden a 40 c\u00e9ntimos, est\u00e1 estrangulando la rentabilidad de las apenas 850 granjas de vacuno l\u00e1cteo que quedan en Castilla y Le\u00f3n; un n\u00famero en continuo descenso, ya que solo hace seis a\u00f1os hab\u00eda m\u00e1s de 1.500 explotaciones. Si desde hace ya meses denunciaba ASAJA que el ganadero espa\u00f1ol percib\u00eda menos por la leche que la media pagada en al Uni\u00f3n Europea, la situaci\u00f3n en las \u00faltimas semanas ha empeorado hasta l\u00edmites insoportables, con la escalada brutal del precio de los piensos (con subidas del 30%) , gas\u00f3leo (subidas del 100%) y el resto de los insumos, en especial la electricidad, necesaria para el orde\u00f1o y la refrigeraci\u00f3n de la leche (con subidas de hasta un 270%).<\/p>\n\n\n\n<figure class=\"wp-block-image size-large\"><img loading=\"lazy\" decoding=\"async\" width=\"2016\" height=\"1134\" src=\"https:\/\/www.asajacyl.com\/palencia\/wp-content\/uploads\/sites\/3\/2021\/11\/IMG_5635-edited.jpg\" alt=\"\" class=\"wp-image-9240\" srcset=\"https:\/\/www.asajacyl.com\/palencia\/wp-content\/uploads\/sites\/3\/2021\/11\/IMG_5635-edited.jpg 2016w, https:\/\/www.asajacyl.com\/palencia\/wp-content\/uploads\/sites\/3\/2021\/11\/IMG_5635-edited-300x169.jpg 300w, https:\/\/www.asajacyl.com\/palencia\/wp-content\/uploads\/sites\/3\/2021\/11\/IMG_5635-edited-1024x576.jpg 1024w, https:\/\/www.asajacyl.com\/palencia\/wp-content\/uploads\/sites\/3\/2021\/11\/IMG_5635-edited-768x432.jpg 768w, https:\/\/www.asajacyl.com\/palencia\/wp-content\/uploads\/sites\/3\/2021\/11\/IMG_5635-edited-1536x864.jpg 1536w, https:\/\/www.asajacyl.com\/palencia\/wp-content\/uploads\/sites\/3\/2021\/11\/IMG_5635-edited-696x392.jpg 696w, https:\/\/www.asajacyl.com\/palencia\/wp-content\/uploads\/sites\/3\/2021\/11\/IMG_5635-edited-1068x601.jpg 1068w, https:\/\/www.asajacyl.com\/palencia\/wp-content\/uploads\/sites\/3\/2021\/11\/IMG_5635-edited-1920x1080.jpg 1920w, https:\/\/www.asajacyl.com\/palencia\/wp-content\/uploads\/sites\/3\/2021\/11\/IMG_5635-edited-747x420.jpg 747w\" sizes=\"(max-width: 2016px) 100vw, 2016px\" \/><figcaption>El ganadero palentino de vacuno de leche, Roberto Fern\u00e1ndez, de Dehesa de Romanos, dirigi\u00e9ndose a los medios de comunicaci\u00f3n.<\/figcaption><\/figure>\n\n\n\n<p>\u201cHoy los ganaderos, trabajando, se est\u00e1n arruinando. En cada litro de leche pierden 6 c\u00e9ntimos, lo que significa para una explotaci\u00f3n media unas p\u00e9rdidas de 60.000 euros anuales, o 5.000 al mes\u201d, ha denunciado Donaciano Dujo, presidente de ASAJA Castilla y Le\u00f3n.<\/p>\n\n\n\n<p>ASAJA exige a las industrias que paguen con dignidad, y por supuesto siempre por encima de los costes de producci\u00f3n. En este sentido, ASAJA reclama la actuaci\u00f3n del gobierno nacional para controlar unos costes de producci\u00f3n disparados e imposibles de asumir por el sector. Adem\u00e1s, la OPA pide a la distribuci\u00f3n que no utilice la leche como producto reclamo con precios por debajo de costes, as\u00ed como solicita el apoyo del consumidor, adquiriendo producto nacional y a precios sostenibles, no a gangas que significan la ruina del ganadero.<\/p>\n\n\n\n<figure class=\"wp-block-image size-large\"><img loading=\"lazy\" decoding=\"async\" width=\"1024\" height=\"768\" src=\"https:\/\/www.asajacyl.com\/palencia\/wp-content\/uploads\/sites\/3\/2021\/11\/IMG_5641-1024x768.jpg\" alt=\"\" class=\"wp-image-9241\" srcset=\"https:\/\/www.asajacyl.com\/palencia\/wp-content\/uploads\/sites\/3\/2021\/11\/IMG_5641-1024x768.jpg 1024w, https:\/\/www.asajacyl.com\/palencia\/wp-content\/uploads\/sites\/3\/2021\/11\/IMG_5641-300x225.jpg 300w, https:\/\/www.asajacyl.com\/palencia\/wp-content\/uploads\/sites\/3\/2021\/11\/IMG_5641-768x576.jpg 768w, https:\/\/www.asajacyl.com\/palencia\/wp-content\/uploads\/sites\/3\/2021\/11\/IMG_5641-1536x1152.jpg 1536w, https:\/\/www.asajacyl.com\/palencia\/wp-content\/uploads\/sites\/3\/2021\/11\/IMG_5641-696x522.jpg 696w, https:\/\/www.asajacyl.com\/palencia\/wp-content\/uploads\/sites\/3\/2021\/11\/IMG_5641-1068x801.jpg 1068w, https:\/\/www.asajacyl.com\/palencia\/wp-content\/uploads\/sites\/3\/2021\/11\/IMG_5641-1920x1440.jpg 1920w, https:\/\/www.asajacyl.com\/palencia\/wp-content\/uploads\/sites\/3\/2021\/11\/IMG_5641-560x420.jpg 560w, https:\/\/www.asajacyl.com\/palencia\/wp-content\/uploads\/sites\/3\/2021\/11\/IMG_5641-80x60.jpg 80w, https:\/\/www.asajacyl.com\/palencia\/wp-content\/uploads\/sites\/3\/2021\/11\/IMG_5641.jpg 2016w\" sizes=\"(max-width: 1024px) 100vw, 1024px\" \/><figcaption>Varios ganaderos de Palencia en los momentos previos al inicio de la concentraci\u00f3n.<\/figcaption><\/figure>\n\n\n\n<p>Por \u00faltimo, el presidente de ASAJA considera que el Gobierno tiene que tomar cartas en el asunto de los costes de producci\u00f3n, \u201cporque hoy por hoy el sector tiene que hipotecarse para poder sacar adelante las explotaciones. Trabajamos sin ninguna red ni garant\u00eda, y eso puede ser para muchos un pasaporte para la ruina. El Gobierno tiene que mover ficha, porque no se trata solo de nuestro trabajo, sino de garantizar la alimentaci\u00f3n de la poblaci\u00f3n, con productos de primera necesidad, como es la leche\u201d.<\/p>\n\n\n\n<p>Las protestas de los ganaderos -que ya comenzaron el verano pasado, con un acto en Valladolid- no cesar\u00e1n si no revierte esta situaci\u00f3n l\u00edmite de precios insostenibles. Tras la protesta de Zamora, ha habido citas en Galicia y Cantabria, y adem\u00e1s est\u00e1 anunciada una tractorada en Galicia a finales de noviembre.<\/p>\n","protected":false},"excerpt":{"rendered":"<p>\u201cDignidad y respeto para el sector ganadero. \u00a1Precios justos para la leche YA!\u201d. As\u00ed rezaba la pancarta que ha reunido hoy a cerca de 250 ganaderos de Castilla y Le\u00f3n, con una nutrida representaci\u00f3n de la provincia de Palencia, en la protesta convocada a las puertas de la industria Lactalis, en Zamora. La convocatoria forma [&hellip;]<\/p>\n","protected":false},"author":9,"featured_media":9241,"comment_status":"open","ping_status":"open","sticky":false,"template":"","format":"standard","meta":{"footnotes":""},"categories":[9,29,28],"tags":[],"yoast_head":"<!-- This site is optimized with the Yoast SEO plugin v24.5 - https:\/\/yoast.com\/wordpress\/plugins\/seo\/ -->\n<title>Los ganaderos estallan y avisan: sin precios dignos no habr\u00e1 ni explotaciones, ni leche - ASAJA Palencia<\/title>\n<meta name=\"description\" content=\"\u201cDignidad y respeto para el sector ganadero. \u00a1Precios justos para la leche YA!\u201d. As\u00ed rezaba la pancarta que ha reunido hoy a cerca de 250 ganaderos de\" \/>\n<meta name=\"robots\" content=\"index, follow, max-snippet:-1, max-image-preview:large, max-video-preview:-1\" \/>\n<link rel=\"canonical\" href=\"https:\/\/www.asajacyl.com\/palencia\/asaja-palencia-informa\/los-ganaderos-estallan-y-avisan-sin-precios-dignos-no-habra-ni-explotaciones-ni-leche\" \/>\n<meta property=\"og:locale\" content=\"es_ES\" \/>\n<meta property=\"og:type\" content=\"article\" \/>\n<meta property=\"og:title\" content=\"Los ganaderos estallan y avisan: sin precios dignos no habr\u00e1 ni explotaciones, ni leche - ASAJA Palencia\" \/>\n<meta property=\"og:description\" content=\"\u201cDignidad y respeto para el sector ganadero. \u00a1Precios justos para la leche YA!\u201d. As\u00ed rezaba la pancarta que ha reunido hoy a cerca de 250 ganaderos de\" \/>\n<meta property=\"og:url\" content=\"https:\/\/www.asajacyl.com\/palencia\/asaja-palencia-informa\/los-ganaderos-estallan-y-avisan-sin-precios-dignos-no-habra-ni-explotaciones-ni-leche\" \/>\n<meta property=\"og:site_name\" content=\"ASAJA Palencia\" \/>\n<meta property=\"article:published_time\" content=\"2021-11-10T07:31:13+00:00\" \/>\n<meta property=\"article:modified_time\" content=\"2021-11-10T07:33:34+00:00\" \/>\n<meta property=\"og:image\" content=\"https:\/\/www.asajacyl.com\/palencia\/wp-content\/uploads\/sites\/3\/2021\/11\/IMG_5641.jpg\" \/>\n\t<meta property=\"og:image:width\" content=\"2016\" \/>\n\t<meta property=\"og:image:height\" content=\"1512\" \/>\n\t<meta property=\"og:image:type\" content=\"image\/jpeg\" \/>\n<meta name=\"author\" content=\"Administrador\" \/>\n<meta name=\"twitter:card\" content=\"summary_large_image\" \/>\n<meta name=\"twitter:label1\" content=\"Escrito por\" \/>\n\t<meta name=\"twitter:data1\" content=\"Administrador\" \/>\n\t<meta name=\"twitter:label2\" content=\"Tiempo de lectura\" \/>\n\t<meta name=\"twitter:data2\" content=\"3 minutos\" \/>\n<script type=\"application\/ld+json\" class=\"yoast-schema-graph\">{\"@context\":\"https:\/\/schema.org\",\"@graph\":[{\"@type\":\"WebPage\",\"@id\":\"https:\/\/www.asajacyl.com\/palencia\/asaja-palencia-informa\/los-ganaderos-estallan-y-avisan-sin-precios-dignos-no-habra-ni-explotaciones-ni-leche\",\"url\":\"https:\/\/www.asajacyl.com\/palencia\/asaja-palencia-informa\/los-ganaderos-estallan-y-avisan-sin-precios-dignos-no-habra-ni-explotaciones-ni-leche\",\"name\":\"Los ganaderos estallan y avisan: sin precios dignos no habr\u00e1 ni explotaciones, ni leche - ASAJA Palencia\",\"isPartOf\":{\"@id\":\"https:\/\/www.asajacyl.com\/palencia\/#website\"},\"primaryImageOfPage\":{\"@id\":\"https:\/\/www.asajacyl.com\/palencia\/asaja-palencia-informa\/los-ganaderos-estallan-y-avisan-sin-precios-dignos-no-habra-ni-explotaciones-ni-leche#primaryimage\"},\"image\":{\"@id\":\"https:\/\/www.asajacyl.com\/palencia\/asaja-palencia-informa\/los-ganaderos-estallan-y-avisan-sin-precios-dignos-no-habra-ni-explotaciones-ni-leche#primaryimage\"},\"thumbnailUrl\":\"https:\/\/www.asajacyl.com\/palencia\/wp-content\/uploads\/sites\/3\/2021\/11\/IMG_5641.jpg\",\"datePublished\":\"2021-11-10T07:31:13+00:00\",\"dateModified\":\"2021-11-10T07:33:34+00:00\",\"author\":{\"@id\":\"https:\/\/www.asajacyl.com\/palencia\/#\/schema\/person\/3ab17aeb03527485c317557fae64aab1\"},\"description\":\"\u201cDignidad y respeto para el sector ganadero. \u00a1Precios justos para la leche YA!\u201d. As\u00ed rezaba la pancarta que ha reunido hoy a cerca de 250 ganaderos de\",\"breadcrumb\":{\"@id\":\"https:\/\/www.asajacyl.com\/palencia\/asaja-palencia-informa\/los-ganaderos-estallan-y-avisan-sin-precios-dignos-no-habra-ni-explotaciones-ni-leche#breadcrumb\"},\"inLanguage\":\"es\",\"potentialAction\":[{\"@type\":\"ReadAction\",\"target\":[\"https:\/\/www.asajacyl.com\/palencia\/asaja-palencia-informa\/los-ganaderos-estallan-y-avisan-sin-precios-dignos-no-habra-ni-explotaciones-ni-leche\"]}]},{\"@type\":\"ImageObject\",\"inLanguage\":\"es\",\"@id\":\"https:\/\/www.asajacyl.com\/palencia\/asaja-palencia-informa\/los-ganaderos-estallan-y-avisan-sin-precios-dignos-no-habra-ni-explotaciones-ni-leche#primaryimage\",\"url\":\"https:\/\/www.asajacyl.com\/palencia\/wp-content\/uploads\/sites\/3\/2021\/11\/IMG_5641.jpg\",\"contentUrl\":\"https:\/\/www.asajacyl.com\/palencia\/wp-content\/uploads\/sites\/3\/2021\/11\/IMG_5641.jpg\",\"width\":2016,\"height\":1512},{\"@type\":\"BreadcrumbList\",\"@id\":\"https:\/\/www.asajacyl.com\/palencia\/asaja-palencia-informa\/los-ganaderos-estallan-y-avisan-sin-precios-dignos-no-habra-ni-explotaciones-ni-leche#breadcrumb\",\"itemListElement\":[{\"@type\":\"ListItem\",\"position\":1,\"name\":\"Portada\",\"item\":\"https:\/\/www.asajacyl.com\/palencia\/\"},{\"@type\":\"ListItem\",\"position\":2,\"name\":\"Los ganaderos estallan y avisan: sin precios dignos no habr\u00e1 ni explotaciones, ni leche\"}]},{\"@type\":\"WebSite\",\"@id\":\"https:\/\/www.asajacyl.com\/palencia\/#website\",\"url\":\"https:\/\/www.asajacyl.com\/palencia\/\",\"name\":\"ASAJA Palencia\",\"description\":\"Otro sitio m\u00e1s de Provincias ASAJA Castilla y Le\u00f3n\",\"potentialAction\":[{\"@type\":\"SearchAction\",\"target\":{\"@type\":\"EntryPoint\",\"urlTemplate\":\"https:\/\/www.asajacyl.com\/palencia\/?s={search_term_string}\"},\"query-input\":{\"@type\":\"PropertyValueSpecification\",\"valueRequired\":true,\"valueName\":\"search_term_string\"}}],\"inLanguage\":\"es\"},{\"@type\":\"Person\",\"@id\":\"https:\/\/www.asajacyl.com\/palencia\/#\/schema\/person\/3ab17aeb03527485c317557fae64aab1\",\"name\":\"Administrador\",\"image\":{\"@type\":\"ImageObject\",\"inLanguage\":\"es\",\"@id\":\"https:\/\/www.asajacyl.com\/palencia\/#\/schema\/person\/image\/\",\"url\":\"https:\/\/secure.gravatar.com\/avatar\/517384810d242ca9e38c180f3c9fb973?s=96&d=mm&r=g\",\"contentUrl\":\"https:\/\/secure.gravatar.com\/avatar\/517384810d242ca9e38c180f3c9fb973?s=96&d=mm&r=g\",\"caption\":\"Administrador\"},\"url\":\"https:\/\/www.asajacyl.com\/palencia\/author\/carlosrm\"}]}<\/script>\n<!-- \/ Yoast SEO plugin. -->","yoast_head_json":{"title":"Los ganaderos estallan y avisan: sin precios dignos no habr\u00e1 ni explotaciones, ni leche - ASAJA Palencia","description":"\u201cDignidad y respeto para el sector ganadero. \u00a1Precios justos para la leche YA!\u201d. As\u00ed rezaba la pancarta que ha reunido hoy a cerca de 250 ganaderos de","robots":{"index":"index","follow":"follow","max-snippet":"max-snippet:-1","max-image-preview":"max-image-preview:large","max-video-preview":"max-video-preview:-1"},"canonical":"https:\/\/www.asajacyl.com\/palencia\/asaja-palencia-informa\/los-ganaderos-estallan-y-avisan-sin-precios-dignos-no-habra-ni-explotaciones-ni-leche","og_locale":"es_ES","og_type":"article","og_title":"Los ganaderos estallan y avisan: sin precios dignos no habr\u00e1 ni explotaciones, ni leche - ASAJA Palencia","og_description":"\u201cDignidad y respeto para el sector ganadero. \u00a1Precios justos para la leche YA!\u201d. As\u00ed rezaba la pancarta que ha reunido hoy a cerca de 250 ganaderos de","og_url":"https:\/\/www.asajacyl.com\/palencia\/asaja-palencia-informa\/los-ganaderos-estallan-y-avisan-sin-precios-dignos-no-habra-ni-explotaciones-ni-leche","og_site_name":"ASAJA Palencia","article_published_time":"2021-11-10T07:31:13+00:00","article_modified_time":"2021-11-10T07:33:34+00:00","og_image":[{"width":2016,"height":1512,"url":"https:\/\/www.asajacyl.com\/palencia\/wp-content\/uploads\/sites\/3\/2021\/11\/IMG_5641.jpg","type":"image\/jpeg"}],"author":"Administrador","twitter_card":"summary_large_image","twitter_misc":{"Escrito por":"Administrador","Tiempo de lectura":"3 minutos"},"schema":{"@context":"https:\/\/schema.org","@graph":[{"@type":"WebPage","@id":"https:\/\/www.asajacyl.com\/palencia\/asaja-palencia-informa\/los-ganaderos-estallan-y-avisan-sin-precios-dignos-no-habra-ni-explotaciones-ni-leche","url":"https:\/\/www.asajacyl.com\/palencia\/asaja-palencia-informa\/los-ganaderos-estallan-y-avisan-sin-precios-dignos-no-habra-ni-explotaciones-ni-leche","name":"Los ganaderos estallan y avisan: sin precios dignos no habr\u00e1 ni explotaciones, ni leche - ASAJA Palencia","isPartOf":{"@id":"https:\/\/www.asajacyl.com\/palencia\/#website"},"primaryImageOfPage":{"@id":"https:\/\/www.asajacyl.com\/palencia\/asaja-palencia-informa\/los-ganaderos-estallan-y-avisan-sin-precios-dignos-no-habra-ni-explotaciones-ni-leche#primaryimage"},"image":{"@id":"https:\/\/www.asajacyl.com\/palencia\/asaja-palencia-informa\/los-ganaderos-estallan-y-avisan-sin-precios-dignos-no-habra-ni-explotaciones-ni-leche#primaryimage"},"thumbnailUrl":"https:\/\/www.asajacyl.com\/palencia\/wp-content\/uploads\/sites\/3\/2021\/11\/IMG_5641.jpg","datePublished":"2021-11-10T07:31:13+00:00","dateModified":"2021-11-10T07:33:34+00:00","author":{"@id":"https:\/\/www.asajacyl.com\/palencia\/#\/schema\/person\/3ab17aeb03527485c317557fae64aab1"},"description":"\u201cDignidad y respeto para el sector ganadero. \u00a1Precios justos para la leche YA!\u201d. As\u00ed rezaba la pancarta que ha reunido hoy a cerca de 250 ganaderos de","breadcrumb":{"@id":"https:\/\/www.asajacyl.com\/palencia\/asaja-palencia-informa\/los-ganaderos-estallan-y-avisan-sin-precios-dignos-no-habra-ni-explotaciones-ni-leche#breadcrumb"},"inLanguage":"es","potentialAction":[{"@type":"ReadAction","target":["https:\/\/www.asajacyl.com\/palencia\/asaja-palencia-informa\/los-ganaderos-estallan-y-avisan-sin-precios-dignos-no-habra-ni-explotaciones-ni-leche"]}]},{"@type":"ImageObject","inLanguage":"es","@id":"https:\/\/www.asajacyl.com\/palencia\/asaja-palencia-informa\/los-ganaderos-estallan-y-avisan-sin-precios-dignos-no-habra-ni-explotaciones-ni-leche#primaryimage","url":"https:\/\/www.asajacyl.com\/palencia\/wp-content\/uploads\/sites\/3\/2021\/11\/IMG_5641.jpg","contentUrl":"https:\/\/www.asajacyl.com\/palencia\/wp-content\/uploads\/sites\/3\/2021\/11\/IMG_5641.jpg","width":2016,"height":1512},{"@type":"BreadcrumbList","@id":"https:\/\/www.asajacyl.com\/palencia\/asaja-palencia-informa\/los-ganaderos-estallan-y-avisan-sin-precios-dignos-no-habra-ni-explotaciones-ni-leche#breadcrumb","itemListElement":[{"@type":"ListItem","position":1,"name":"Portada","item":"https:\/\/www.asajacyl.com\/palencia\/"},{"@type":"ListItem","position":2,"name":"Los ganaderos estallan y avisan: sin precios dignos no habr\u00e1 ni explotaciones, ni leche"}]},{"@type":"WebSite","@id":"https:\/\/www.asajacyl.com\/palencia\/#website","url":"https:\/\/www.asajacyl.com\/palencia\/","name":"ASAJA Palencia","description":"Otro sitio m\u00e1s de Provincias ASAJA Castilla y Le\u00f3n","potentialAction":[{"@type":"SearchAction","target":{"@type":"EntryPoint","urlTemplate":"https:\/\/www.asajacyl.com\/palencia\/?s={search_term_string}"},"query-input":{"@type":"PropertyValueSpecification","valueRequired":true,"valueName":"search_term_string"}}],"inLanguage":"es"},{"@type":"Person","@id":"https:\/\/www.asajacyl.com\/palencia\/#\/schema\/person\/3ab17aeb03527485c317557fae64aab1","name":"Administrador","image":{"@type":"ImageObject","inLanguage":"es","@id":"https:\/\/www.asajacyl.com\/palencia\/#\/schema\/person\/image\/","url":"https:\/\/secure.gravatar.com\/avatar\/517384810d242ca9e38c180f3c9fb973?s=96&d=mm&r=g","contentUrl":"https:\/\/secure.gravatar.com\/avatar\/517384810d242ca9e38c180f3c9fb973?s=96&d=mm&r=g","caption":"Administrador"},"url":"https:\/\/www.asajacyl.com\/palencia\/author\/carlosrm"}]}},"_links":{"self":[{"href":"https:\/\/www.asajacyl.com\/palencia\/wp-json\/wp\/v2\/posts\/9238"}],"collection":[{"href":"https:\/\/www.asajacyl.com\/palencia\/wp-json\/wp\/v2\/posts"}],"about":[{"href":"https:\/\/www.asajacyl.com\/palencia\/wp-json\/wp\/v2\/types\/post"}],"author":[{"embeddable":true,"href":"https:\/\/www.asajacyl.com\/palencia\/wp-json\/wp\/v2\/users\/9"}],"replies":[{"embeddable":true,"href":"https:\/\/www.asajacyl.com\/palencia\/wp-json\/wp\/v2\/comments?post=9238"}],"version-history":[{"count":3,"href":"https:\/\/www.asajacyl.com\/palencia\/wp-json\/wp\/v2\/posts\/9238\/revisions"}],"predecessor-version":[{"id":9260,"href":"https:\/\/www.asajacyl.com\/palencia\/wp-json\/wp\/v2\/posts\/9238\/revisions\/9260"}],"wp:featuredmedia":[{"embeddable":true,"href":"https:\/\/www.asajacyl.com\/palencia\/wp-json\/wp\/v2\/media\/9241"}],"wp:attachment":[{"href":"https:\/\/www.asajacyl.com\/palencia\/wp-json\/wp\/v2\/media?parent=9238"}],"wp:term":[{"taxonomy":"category","embeddable":true,"href":"https:\/\/www.asajacyl.com\/palencia\/wp-json\/wp\/v2\/categories?post=9238"},{"taxonomy":"post_tag","embeddable":true,"href":"https:\/\/www.asajacyl.com\/palencia\/wp-json\/wp\/v2\/tags?post=9238"}],"curies":[{"name":"wp","href":"https:\/\/api.w.org\/{rel}","templated":true}]}}