{"id":9247,"date":"2021-11-11T10:27:00","date_gmt":"2021-11-11T09:27:00","guid":{"rendered":"https:\/\/www.asajacyl.com\/palencia\/?p=9247"},"modified":"2021-11-10T12:07:38","modified_gmt":"2021-11-10T11:07:38","slug":"asaja-imparte-un-curso-de-formacion-en-cascon-de-la-nava","status":"publish","type":"post","link":"https:\/\/www.asajacyl.com\/palencia\/asaja-palencia-informa\/asaja-imparte-un-curso-de-formacion-en-cascon-de-la-nava","title":{"rendered":"ASAJA imparte un curso de formaci\u00f3n en Casc\u00f3n de la Nava"},"content":{"rendered":"\n<p>Se trata del curso \u201cBienestar animal en el transporte de animales vivos\u201d, que cuenta con 20 horas lectivas, donde participan 22 alumnos.<\/p>\n\n\n\n<p>El objetivo del curso es adquirir los fundamentos de buenas pr\u00e1cticas durante el transporte de animales, incluida la carga, descarga y manipulaci\u00f3n, de modo que se asegure un nivel de bienestar de los animales conforme regula la legislaci\u00f3n vigente.<\/p>\n\n\n\n<p>Los alumnos que superen el curso, obtendr\u00e1n la cualificaci\u00f3n necesaria para solicitar el certificado para el transporte de animales vivos.<\/p>\n\n\n\n<div class=\"wp-block-image\"><figure class=\"aligncenter size-large\"><img loading=\"lazy\" decoding=\"async\" width=\"679\" height=\"355\" src=\"https:\/\/www.asajacyl.com\/palencia\/wp-content\/uploads\/sites\/3\/2021\/11\/image-1.jpg\" alt=\"\" class=\"wp-image-9248\" srcset=\"https:\/\/www.asajacyl.com\/palencia\/wp-content\/uploads\/sites\/3\/2021\/11\/image-1.jpg 679w, https:\/\/www.asajacyl.com\/palencia\/wp-content\/uploads\/sites\/3\/2021\/11\/image-1-300x157.jpg 300w\" sizes=\"(max-width: 679px) 100vw, 679px\" \/><\/figure><\/div>\n","protected":false},"excerpt":{"rendered":"<p>Se trata del curso \u201cBienestar animal en el transporte de animales vivos\u201d, que cuenta con 20 horas lectivas, donde participan 22 alumnos. El objetivo del curso es adquirir los fundamentos de buenas pr\u00e1cticas durante el transporte de animales, incluida la carga, descarga y manipulaci\u00f3n, de modo que se asegure un nivel de bienestar de los [&hellip;]<\/p>\n","protected":false},"author":9,"featured_media":9248,"comment_status":"open","ping_status":"open","sticky":false,"template":"","format":"standard","meta":{"footnotes":""},"categories":[9,29,28],"tags":[],"yoast_head":"<!-- This site is optimized with the Yoast SEO plugin v24.5 - https:\/\/yoast.com\/wordpress\/plugins\/seo\/ -->\n<title>ASAJA imparte un curso de formaci\u00f3n en Casc\u00f3n de la Nava - ASAJA Palencia<\/title>\n<meta name=\"description\" content=\"Se trata del curso \u201cBienestar animal en el transporte de animales vivos\u201d, que cuenta con 20 horas lectivas, donde participan 22 alumnos. El objetivo del\" \/>\n<meta name=\"robots\" content=\"index, follow, max-snippet:-1, max-image-preview:large, max-video-preview:-1\" \/>\n<link rel=\"canonical\" href=\"https:\/\/www.asajacyl.com\/palencia\/asaja-palencia-informa\/asaja-imparte-un-curso-de-formacion-en-cascon-de-la-nava\" \/>\n<meta property=\"og:locale\" content=\"es_ES\" \/>\n<meta property=\"og:type\" content=\"article\" \/>\n<meta property=\"og:title\" content=\"ASAJA imparte un curso de formaci\u00f3n en Casc\u00f3n de la Nava - ASAJA Palencia\" \/>\n<meta property=\"og:description\" content=\"Se trata del curso \u201cBienestar animal en el transporte de animales vivos\u201d, que cuenta con 20 horas lectivas, donde participan 22 alumnos. El objetivo del\" \/>\n<meta property=\"og:url\" content=\"https:\/\/www.asajacyl.com\/palencia\/asaja-palencia-informa\/asaja-imparte-un-curso-de-formacion-en-cascon-de-la-nava\" \/>\n<meta property=\"og:site_name\" content=\"ASAJA Palencia\" \/>\n<meta property=\"article:published_time\" content=\"2021-11-11T09:27:00+00:00\" \/>\n<meta property=\"og:image\" content=\"https:\/\/www.asajacyl.com\/palencia\/wp-content\/uploads\/sites\/3\/2021\/11\/image-1.jpg\" \/>\n\t<meta property=\"og:image:width\" content=\"679\" \/>\n\t<meta property=\"og:image:height\" content=\"355\" \/>\n\t<meta property=\"og:image:type\" content=\"image\/jpeg\" \/>\n<meta name=\"author\" content=\"Administrador\" \/>\n<meta name=\"twitter:card\" content=\"summary_large_image\" \/>\n<meta name=\"twitter:label1\" content=\"Escrito por\" \/>\n\t<meta name=\"twitter:data1\" content=\"Administrador\" \/>\n\t<meta name=\"twitter:label2\" content=\"Tiempo de lectura\" \/>\n\t<meta name=\"twitter:data2\" content=\"1 minuto\" \/>\n<script type=\"application\/ld+json\" class=\"yoast-schema-graph\">{\"@context\":\"https:\/\/schema.org\",\"@graph\":[{\"@type\":\"WebPage\",\"@id\":\"https:\/\/www.asajacyl.com\/palencia\/asaja-palencia-informa\/asaja-imparte-un-curso-de-formacion-en-cascon-de-la-nava\",\"url\":\"https:\/\/www.asajacyl.com\/palencia\/asaja-palencia-informa\/asaja-imparte-un-curso-de-formacion-en-cascon-de-la-nava\",\"name\":\"ASAJA imparte un curso de formaci\u00f3n en Casc\u00f3n de la Nava - ASAJA Palencia\",\"isPartOf\":{\"@id\":\"https:\/\/www.asajacyl.com\/palencia\/#website\"},\"primaryImageOfPage\":{\"@id\":\"https:\/\/www.asajacyl.com\/palencia\/asaja-palencia-informa\/asaja-imparte-un-curso-de-formacion-en-cascon-de-la-nava#primaryimage\"},\"image\":{\"@id\":\"https:\/\/www.asajacyl.com\/palencia\/asaja-palencia-informa\/asaja-imparte-un-curso-de-formacion-en-cascon-de-la-nava#primaryimage\"},\"thumbnailUrl\":\"https:\/\/www.asajacyl.com\/palencia\/wp-content\/uploads\/sites\/3\/2021\/11\/image-1.jpg\",\"datePublished\":\"2021-11-11T09:27:00+00:00\",\"author\":{\"@id\":\"https:\/\/www.asajacyl.com\/palencia\/#\/schema\/person\/3ab17aeb03527485c317557fae64aab1\"},\"description\":\"Se trata del curso \u201cBienestar animal en el transporte de animales vivos\u201d, que cuenta con 20 horas lectivas, donde participan 22 alumnos. El objetivo del\",\"breadcrumb\":{\"@id\":\"https:\/\/www.asajacyl.com\/palencia\/asaja-palencia-informa\/asaja-imparte-un-curso-de-formacion-en-cascon-de-la-nava#breadcrumb\"},\"inLanguage\":\"es\",\"potentialAction\":[{\"@type\":\"ReadAction\",\"target\":[\"https:\/\/www.asajacyl.com\/palencia\/asaja-palencia-informa\/asaja-imparte-un-curso-de-formacion-en-cascon-de-la-nava\"]}]},{\"@type\":\"ImageObject\",\"inLanguage\":\"es\",\"@id\":\"https:\/\/www.asajacyl.com\/palencia\/asaja-palencia-informa\/asaja-imparte-un-curso-de-formacion-en-cascon-de-la-nava#primaryimage\",\"url\":\"https:\/\/www.asajacyl.com\/palencia\/wp-content\/uploads\/sites\/3\/2021\/11\/image-1.jpg\",\"contentUrl\":\"https:\/\/www.asajacyl.com\/palencia\/wp-content\/uploads\/sites\/3\/2021\/11\/image-1.jpg\",\"width\":679,\"height\":355},{\"@type\":\"BreadcrumbList\",\"@id\":\"https:\/\/www.asajacyl.com\/palencia\/asaja-palencia-informa\/asaja-imparte-un-curso-de-formacion-en-cascon-de-la-nava#breadcrumb\",\"itemListElement\":[{\"@type\":\"ListItem\",\"position\":1,\"name\":\"Portada\",\"item\":\"https:\/\/www.asajacyl.com\/palencia\/\"},{\"@type\":\"ListItem\",\"position\":2,\"name\":\"ASAJA imparte un curso de formaci\u00f3n en Casc\u00f3n de la Nava\"}]},{\"@type\":\"WebSite\",\"@id\":\"https:\/\/www.asajacyl.com\/palencia\/#website\",\"url\":\"https:\/\/www.asajacyl.com\/palencia\/\",\"name\":\"ASAJA Palencia\",\"description\":\"Otro sitio m\u00e1s de Provincias ASAJA Castilla y Le\u00f3n\",\"potentialAction\":[{\"@type\":\"SearchAction\",\"target\":{\"@type\":\"EntryPoint\",\"urlTemplate\":\"https:\/\/www.asajacyl.com\/palencia\/?s={search_term_string}\"},\"query-input\":{\"@type\":\"PropertyValueSpecification\",\"valueRequired\":true,\"valueName\":\"search_term_string\"}}],\"inLanguage\":\"es\"},{\"@type\":\"Person\",\"@id\":\"https:\/\/www.asajacyl.com\/palencia\/#\/schema\/person\/3ab17aeb03527485c317557fae64aab1\",\"name\":\"Administrador\",\"image\":{\"@type\":\"ImageObject\",\"inLanguage\":\"es\",\"@id\":\"https:\/\/www.asajacyl.com\/palencia\/#\/schema\/person\/image\/\",\"url\":\"https:\/\/secure.gravatar.com\/avatar\/517384810d242ca9e38c180f3c9fb973?s=96&d=mm&r=g\",\"contentUrl\":\"https:\/\/secure.gravatar.com\/avatar\/517384810d242ca9e38c180f3c9fb973?s=96&d=mm&r=g\",\"caption\":\"Administrador\"},\"url\":\"https:\/\/www.asajacyl.com\/palencia\/author\/carlosrm\"}]}<\/script>\n<!-- \/ Yoast SEO plugin. -->","yoast_head_json":{"title":"ASAJA imparte un curso de formaci\u00f3n en Casc\u00f3n de la Nava - ASAJA Palencia","description":"Se trata del curso \u201cBienestar animal en el transporte de animales vivos\u201d, que cuenta con 20 horas lectivas, donde participan 22 alumnos. El objetivo del","robots":{"index":"index","follow":"follow","max-snippet":"max-snippet:-1","max-image-preview":"max-image-preview:large","max-video-preview":"max-video-preview:-1"},"canonical":"https:\/\/www.asajacyl.com\/palencia\/asaja-palencia-informa\/asaja-imparte-un-curso-de-formacion-en-cascon-de-la-nava","og_locale":"es_ES","og_type":"article","og_title":"ASAJA imparte un curso de formaci\u00f3n en Casc\u00f3n de la Nava - ASAJA Palencia","og_description":"Se trata del curso \u201cBienestar animal en el transporte de animales vivos\u201d, que cuenta con 20 horas lectivas, donde participan 22 alumnos. El objetivo del","og_url":"https:\/\/www.asajacyl.com\/palencia\/asaja-palencia-informa\/asaja-imparte-un-curso-de-formacion-en-cascon-de-la-nava","og_site_name":"ASAJA Palencia","article_published_time":"2021-11-11T09:27:00+00:00","og_image":[{"width":679,"height":355,"url":"https:\/\/www.asajacyl.com\/palencia\/wp-content\/uploads\/sites\/3\/2021\/11\/image-1.jpg","type":"image\/jpeg"}],"author":"Administrador","twitter_card":"summary_large_image","twitter_misc":{"Escrito por":"Administrador","Tiempo de lectura":"1 minuto"},"schema":{"@context":"https:\/\/schema.org","@graph":[{"@type":"WebPage","@id":"https:\/\/www.asajacyl.com\/palencia\/asaja-palencia-informa\/asaja-imparte-un-curso-de-formacion-en-cascon-de-la-nava","url":"https:\/\/www.asajacyl.com\/palencia\/asaja-palencia-informa\/asaja-imparte-un-curso-de-formacion-en-cascon-de-la-nava","name":"ASAJA imparte un curso de formaci\u00f3n en Casc\u00f3n de la Nava - ASAJA Palencia","isPartOf":{"@id":"https:\/\/www.asajacyl.com\/palencia\/#website"},"primaryImageOfPage":{"@id":"https:\/\/www.asajacyl.com\/palencia\/asaja-palencia-informa\/asaja-imparte-un-curso-de-formacion-en-cascon-de-la-nava#primaryimage"},"image":{"@id":"https:\/\/www.asajacyl.com\/palencia\/asaja-palencia-informa\/asaja-imparte-un-curso-de-formacion-en-cascon-de-la-nava#primaryimage"},"thumbnailUrl":"https:\/\/www.asajacyl.com\/palencia\/wp-content\/uploads\/sites\/3\/2021\/11\/image-1.jpg","datePublished":"2021-11-11T09:27:00+00:00","author":{"@id":"https:\/\/www.asajacyl.com\/palencia\/#\/schema\/person\/3ab17aeb03527485c317557fae64aab1"},"description":"Se trata del curso \u201cBienestar animal en el transporte de animales vivos\u201d, que cuenta con 20 horas lectivas, donde participan 22 alumnos. El objetivo del","breadcrumb":{"@id":"https:\/\/www.asajacyl.com\/palencia\/asaja-palencia-informa\/asaja-imparte-un-curso-de-formacion-en-cascon-de-la-nava#breadcrumb"},"inLanguage":"es","potentialAction":[{"@type":"ReadAction","target":["https:\/\/www.asajacyl.com\/palencia\/asaja-palencia-informa\/asaja-imparte-un-curso-de-formacion-en-cascon-de-la-nava"]}]},{"@type":"ImageObject","inLanguage":"es","@id":"https:\/\/www.asajacyl.com\/palencia\/asaja-palencia-informa\/asaja-imparte-un-curso-de-formacion-en-cascon-de-la-nava#primaryimage","url":"https:\/\/www.asajacyl.com\/palencia\/wp-content\/uploads\/sites\/3\/2021\/11\/image-1.jpg","contentUrl":"https:\/\/www.asajacyl.com\/palencia\/wp-content\/uploads\/sites\/3\/2021\/11\/image-1.jpg","width":679,"height":355},{"@type":"BreadcrumbList","@id":"https:\/\/www.asajacyl.com\/palencia\/asaja-palencia-informa\/asaja-imparte-un-curso-de-formacion-en-cascon-de-la-nava#breadcrumb","itemListElement":[{"@type":"ListItem","position":1,"name":"Portada","item":"https:\/\/www.asajacyl.com\/palencia\/"},{"@type":"ListItem","position":2,"name":"ASAJA imparte un curso de formaci\u00f3n en Casc\u00f3n de la Nava"}]},{"@type":"WebSite","@id":"https:\/\/www.asajacyl.com\/palencia\/#website","url":"https:\/\/www.asajacyl.com\/palencia\/","name":"ASAJA Palencia","description":"Otro sitio m\u00e1s de Provincias ASAJA Castilla y Le\u00f3n","potentialAction":[{"@type":"SearchAction","target":{"@type":"EntryPoint","urlTemplate":"https:\/\/www.asajacyl.com\/palencia\/?s={search_term_string}"},"query-input":{"@type":"PropertyValueSpecification","valueRequired":true,"valueName":"search_term_string"}}],"inLanguage":"es"},{"@type":"Person","@id":"https:\/\/www.asajacyl.com\/palencia\/#\/schema\/person\/3ab17aeb03527485c317557fae64aab1","name":"Administrador","image":{"@type":"ImageObject","inLanguage":"es","@id":"https:\/\/www.asajacyl.com\/palencia\/#\/schema\/person\/image\/","url":"https:\/\/secure.gravatar.com\/avatar\/517384810d242ca9e38c180f3c9fb973?s=96&d=mm&r=g","contentUrl":"https:\/\/secure.gravatar.com\/avatar\/517384810d242ca9e38c180f3c9fb973?s=96&d=mm&r=g","caption":"Administrador"},"url":"https:\/\/www.asajacyl.com\/palencia\/author\/carlosrm"}]}},"_links":{"self":[{"href":"https:\/\/www.asajacyl.com\/palencia\/wp-json\/wp\/v2\/posts\/9247"}],"collection":[{"href":"https:\/\/www.asajacyl.com\/palencia\/wp-json\/wp\/v2\/posts"}],"about":[{"href":"https:\/\/www.asajacyl.com\/palencia\/wp-json\/wp\/v2\/types\/post"}],"author":[{"embeddable":true,"href":"https:\/\/www.asajacyl.com\/palencia\/wp-json\/wp\/v2\/users\/9"}],"replies":[{"embeddable":true,"href":"https:\/\/www.asajacyl.com\/palencia\/wp-json\/wp\/v2\/comments?post=9247"}],"version-history":[{"count":2,"href":"https:\/\/www.asajacyl.com\/palencia\/wp-json\/wp\/v2\/posts\/9247\/revisions"}],"predecessor-version":[{"id":9262,"href":"https:\/\/www.asajacyl.com\/palencia\/wp-json\/wp\/v2\/posts\/9247\/revisions\/9262"}],"wp:featuredmedia":[{"embeddable":true,"href":"https:\/\/www.asajacyl.com\/palencia\/wp-json\/wp\/v2\/media\/9248"}],"wp:attachment":[{"href":"https:\/\/www.asajacyl.com\/palencia\/wp-json\/wp\/v2\/media?parent=9247"}],"wp:term":[{"taxonomy":"category","embeddable":true,"href":"https:\/\/www.asajacyl.com\/palencia\/wp-json\/wp\/v2\/categories?post=9247"},{"taxonomy":"post_tag","embeddable":true,"href":"https:\/\/www.asajacyl.com\/palencia\/wp-json\/wp\/v2\/tags?post=9247"}],"curies":[{"name":"wp","href":"https:\/\/api.w.org\/{rel}","templated":true}]}}