{"id":9270,"date":"2021-11-11T18:31:18","date_gmt":"2021-11-11T17:31:18","guid":{"rendered":"https:\/\/www.asajacyl.com\/palencia\/?p=9270"},"modified":"2021-11-12T09:21:04","modified_gmt":"2021-11-12T08:21:04","slug":"asaja-critica-que-teresa-ribera-no-vaya-a-gastar-ni-un-solo-euro-en-infraestructuras-de-regadio-en-el-nuevo-plan-hidrologico-del-duero","status":"publish","type":"post","link":"https:\/\/www.asajacyl.com\/palencia\/asaja-palencia-informa\/asaja-critica-que-teresa-ribera-no-vaya-a-gastar-ni-un-solo-euro-en-infraestructuras-de-regadio-en-el-nuevo-plan-hidrologico-del-duero","title":{"rendered":"ASAJA critica que Teresa Ribera no vaya a gastar ni un solo euro en infraestructuras de regad\u00edo en el nuevo Plan Hidrol\u00f3gico del Duero"},"content":{"rendered":"\n<p>El Ministerio de Transici\u00f3n Ecol\u00f3gica y Reto Demogr\u00e1fico, del que depende la Confederaci\u00f3n Hidrogr\u00e1fica del Duero, pretende no gastarse ni un solo euro en infraestructuras de regad\u00edo en Castilla y Le\u00f3n en el nuevo periodo de plan hidrol\u00f3gico, denuncia ASAJA Castilla y Le\u00f3n. El Plan Hidrol\u00f3gico de la Cuenca del Duero para el periodo 2022-2027, que se encuentra en la actualidad en fase de anteproyecto, plantea un presupuesto de 2.743 millones de euros, de los cuales 536,39 millones de euros ser\u00edan para infraestructuras de regad\u00edo. Lo llamativo es que el ministerio, que tiene las competencias en materia de aguas, se autoexcluye de la financiaci\u00f3n de estas obras y lo f\u00eda todo a las aportaciones que puedan hacer otros ministerios, otras administraciones y los propios usuarios del recurso.<\/p>\n\n\n\n<p>ASAJA critica que la ministra Teresa Ribera manifieste una vez m\u00e1s su desafecto con el campo y el mundo rural, como lo ha hecho con la normativa que impide la caza del lobo, y que no destine ni un solo euro de su presupuesto a la pol\u00edtica de regad\u00edos, la que m\u00e1s contribuye a la modernizaci\u00f3n del campo y a la fijaci\u00f3n de poblaci\u00f3n. Esta \u201csequ\u00eda presupuestaria\u201d del ministerio de Teresa Ribera para con la agricultura se produce en un contexto en el que llegar\u00e1n ingentes cantidades de dinero de fondos europeos del plan de recuperaci\u00f3n, lo que le ha permitido presupuestar el nuevo Plan Hidrol\u00f3gico en 2.743 millones de euros, un 112% m\u00e1s que el de la etapa actual. De este importante presupuesto, (que no deja de ser una estimaci\u00f3n poco rigurosa ya que no est\u00e1 consensuada con otras administraciones) la Administraci\u00f3n General del Estado, a trav\u00e9s del MITERD y los organismos p\u00fablicos que de \u00e9l dependen, aporta tan solo 658 millones de euros, es decir, el 24% del total; es m\u00e1s, esta aportaci\u00f3n se reduce a m\u00e1s de la mitad al fijar el techo presupuestario del MITERD para este tipo de pol\u00edticas, para el periodo 2022-2027, en 308,93 millones de euros.<\/p>\n\n\n\n<p>Adem\u00e1s de no aportar nada para nuevas infraestructuras de regad\u00edo, el ministerio de Teresa Ribera relega dichas infraestructuras a un segundo plano, representando escasamente el 20% del presupuesto total. Por el contrario, una parte importante del presupuesto se destinar\u00e1 a eliminar estructuras de protecci\u00f3n de los cauces que ASAJA considera que siguen siendo imprescindibles para reducir los efectos de las grandes avenidas en las tierras de cultivo.<\/p>\n\n\n\n<p>ASAJA presentar\u00e1 una bater\u00eda de alegaciones a este nuevo Plan Hidrol\u00f3gico con el que el Gobierno, en vez de situar al agricultor en el centro de sus pol\u00edticas y actuaciones, lo pone en la diana, haci\u00e9ndole responsable de un presunto mal uso del agua y del deterioro medioambiental de r\u00edos, acu\u00edferos y otras masas de agua.<\/p>\n\n\n\n<figure class=\"wp-block-image size-large\"><img loading=\"lazy\" decoding=\"async\" width=\"1024\" height=\"768\" src=\"https:\/\/www.asajacyl.com\/palencia\/wp-content\/uploads\/sites\/3\/2021\/05\/EMBALSE-AGUILAR-1-1024x768.jpg\" alt=\"\" class=\"wp-image-8262\" srcset=\"https:\/\/www.asajacyl.com\/palencia\/wp-content\/uploads\/sites\/3\/2021\/05\/EMBALSE-AGUILAR-1-1024x768.jpg 1024w, https:\/\/www.asajacyl.com\/palencia\/wp-content\/uploads\/sites\/3\/2021\/05\/EMBALSE-AGUILAR-1-300x225.jpg 300w, https:\/\/www.asajacyl.com\/palencia\/wp-content\/uploads\/sites\/3\/2021\/05\/EMBALSE-AGUILAR-1-768x576.jpg 768w, https:\/\/www.asajacyl.com\/palencia\/wp-content\/uploads\/sites\/3\/2021\/05\/EMBALSE-AGUILAR-1-1536x1152.jpg 1536w, https:\/\/www.asajacyl.com\/palencia\/wp-content\/uploads\/sites\/3\/2021\/05\/EMBALSE-AGUILAR-1-696x522.jpg 696w, https:\/\/www.asajacyl.com\/palencia\/wp-content\/uploads\/sites\/3\/2021\/05\/EMBALSE-AGUILAR-1-1068x801.jpg 1068w, https:\/\/www.asajacyl.com\/palencia\/wp-content\/uploads\/sites\/3\/2021\/05\/EMBALSE-AGUILAR-1-1920x1440.jpg 1920w, https:\/\/www.asajacyl.com\/palencia\/wp-content\/uploads\/sites\/3\/2021\/05\/EMBALSE-AGUILAR-1-560x420.jpg 560w, https:\/\/www.asajacyl.com\/palencia\/wp-content\/uploads\/sites\/3\/2021\/05\/EMBALSE-AGUILAR-1-80x60.jpg 80w, https:\/\/www.asajacyl.com\/palencia\/wp-content\/uploads\/sites\/3\/2021\/05\/EMBALSE-AGUILAR-1.jpg 2016w\" sizes=\"(max-width: 1024px) 100vw, 1024px\" \/><\/figure>\n","protected":false},"excerpt":{"rendered":"<p>El Ministerio de Transici\u00f3n Ecol\u00f3gica y Reto Demogr\u00e1fico, del que depende la Confederaci\u00f3n Hidrogr\u00e1fica del Duero, pretende no gastarse ni un solo euro en infraestructuras de regad\u00edo en Castilla y Le\u00f3n en el nuevo periodo de plan hidrol\u00f3gico, denuncia ASAJA Castilla y Le\u00f3n. El Plan Hidrol\u00f3gico de la Cuenca del Duero para el periodo 2022-2027, [&hellip;]<\/p>\n","protected":false},"author":9,"featured_media":8262,"comment_status":"open","ping_status":"open","sticky":false,"template":"","format":"standard","meta":{"footnotes":""},"categories":[9,29,28],"tags":[],"yoast_head":"<!-- This site is optimized with the Yoast SEO plugin v24.5 - https:\/\/yoast.com\/wordpress\/plugins\/seo\/ -->\n<title>ASAJA critica que Teresa Ribera no vaya a gastar ni un solo euro en infraestructuras de regad\u00edo en el nuevo Plan Hidrol\u00f3gico del Duero - ASAJA Palencia<\/title>\n<meta name=\"description\" content=\"El Ministerio de Transici\u00f3n Ecol\u00f3gica y Reto Demogr\u00e1fico, del que depende la Confederaci\u00f3n Hidrogr\u00e1fica del Duero, pretende no gastarse ni un solo euro en\" \/>\n<meta name=\"robots\" content=\"index, follow, max-snippet:-1, max-image-preview:large, max-video-preview:-1\" \/>\n<link rel=\"canonical\" href=\"https:\/\/www.asajacyl.com\/palencia\/asaja-palencia-informa\/asaja-critica-que-teresa-ribera-no-vaya-a-gastar-ni-un-solo-euro-en-infraestructuras-de-regadio-en-el-nuevo-plan-hidrologico-del-duero\" \/>\n<meta property=\"og:locale\" content=\"es_ES\" \/>\n<meta property=\"og:type\" content=\"article\" \/>\n<meta property=\"og:title\" content=\"ASAJA critica que Teresa Ribera no vaya a gastar ni un solo euro en infraestructuras de regad\u00edo en el nuevo Plan Hidrol\u00f3gico del Duero - ASAJA Palencia\" \/>\n<meta property=\"og:description\" content=\"El Ministerio de Transici\u00f3n Ecol\u00f3gica y Reto Demogr\u00e1fico, del que depende la Confederaci\u00f3n Hidrogr\u00e1fica del Duero, pretende no gastarse ni un solo euro en\" \/>\n<meta property=\"og:url\" content=\"https:\/\/www.asajacyl.com\/palencia\/asaja-palencia-informa\/asaja-critica-que-teresa-ribera-no-vaya-a-gastar-ni-un-solo-euro-en-infraestructuras-de-regadio-en-el-nuevo-plan-hidrologico-del-duero\" \/>\n<meta property=\"og:site_name\" content=\"ASAJA Palencia\" \/>\n<meta property=\"article:published_time\" content=\"2021-11-11T17:31:18+00:00\" \/>\n<meta property=\"article:modified_time\" content=\"2021-11-12T08:21:04+00:00\" \/>\n<meta property=\"og:image\" content=\"https:\/\/www.asajacyl.com\/palencia\/wp-content\/uploads\/sites\/3\/2021\/05\/EMBALSE-AGUILAR-1.jpg\" \/>\n\t<meta property=\"og:image:width\" content=\"2016\" \/>\n\t<meta property=\"og:image:height\" content=\"1512\" \/>\n\t<meta property=\"og:image:type\" content=\"image\/jpeg\" \/>\n<meta name=\"author\" content=\"Administrador\" \/>\n<meta name=\"twitter:card\" content=\"summary_large_image\" \/>\n<meta name=\"twitter:label1\" content=\"Escrito por\" \/>\n\t<meta name=\"twitter:data1\" content=\"Administrador\" \/>\n\t<meta name=\"twitter:label2\" content=\"Tiempo de lectura\" \/>\n\t<meta name=\"twitter:data2\" content=\"3 minutos\" \/>\n<script type=\"application\/ld+json\" class=\"yoast-schema-graph\">{\"@context\":\"https:\/\/schema.org\",\"@graph\":[{\"@type\":\"WebPage\",\"@id\":\"https:\/\/www.asajacyl.com\/palencia\/asaja-palencia-informa\/asaja-critica-que-teresa-ribera-no-vaya-a-gastar-ni-un-solo-euro-en-infraestructuras-de-regadio-en-el-nuevo-plan-hidrologico-del-duero\",\"url\":\"https:\/\/www.asajacyl.com\/palencia\/asaja-palencia-informa\/asaja-critica-que-teresa-ribera-no-vaya-a-gastar-ni-un-solo-euro-en-infraestructuras-de-regadio-en-el-nuevo-plan-hidrologico-del-duero\",\"name\":\"ASAJA critica que Teresa Ribera no vaya a gastar ni un solo euro en infraestructuras de regad\u00edo en el nuevo Plan Hidrol\u00f3gico del Duero - ASAJA Palencia\",\"isPartOf\":{\"@id\":\"https:\/\/www.asajacyl.com\/palencia\/#website\"},\"primaryImageOfPage\":{\"@id\":\"https:\/\/www.asajacyl.com\/palencia\/asaja-palencia-informa\/asaja-critica-que-teresa-ribera-no-vaya-a-gastar-ni-un-solo-euro-en-infraestructuras-de-regadio-en-el-nuevo-plan-hidrologico-del-duero#primaryimage\"},\"image\":{\"@id\":\"https:\/\/www.asajacyl.com\/palencia\/asaja-palencia-informa\/asaja-critica-que-teresa-ribera-no-vaya-a-gastar-ni-un-solo-euro-en-infraestructuras-de-regadio-en-el-nuevo-plan-hidrologico-del-duero#primaryimage\"},\"thumbnailUrl\":\"https:\/\/www.asajacyl.com\/palencia\/wp-content\/uploads\/sites\/3\/2021\/05\/EMBALSE-AGUILAR-1.jpg\",\"datePublished\":\"2021-11-11T17:31:18+00:00\",\"dateModified\":\"2021-11-12T08:21:04+00:00\",\"author\":{\"@id\":\"https:\/\/www.asajacyl.com\/palencia\/#\/schema\/person\/3ab17aeb03527485c317557fae64aab1\"},\"description\":\"El Ministerio de Transici\u00f3n Ecol\u00f3gica y Reto Demogr\u00e1fico, del que depende la Confederaci\u00f3n Hidrogr\u00e1fica del Duero, pretende no gastarse ni un solo euro en\",\"breadcrumb\":{\"@id\":\"https:\/\/www.asajacyl.com\/palencia\/asaja-palencia-informa\/asaja-critica-que-teresa-ribera-no-vaya-a-gastar-ni-un-solo-euro-en-infraestructuras-de-regadio-en-el-nuevo-plan-hidrologico-del-duero#breadcrumb\"},\"inLanguage\":\"es\",\"potentialAction\":[{\"@type\":\"ReadAction\",\"target\":[\"https:\/\/www.asajacyl.com\/palencia\/asaja-palencia-informa\/asaja-critica-que-teresa-ribera-no-vaya-a-gastar-ni-un-solo-euro-en-infraestructuras-de-regadio-en-el-nuevo-plan-hidrologico-del-duero\"]}]},{\"@type\":\"ImageObject\",\"inLanguage\":\"es\",\"@id\":\"https:\/\/www.asajacyl.com\/palencia\/asaja-palencia-informa\/asaja-critica-que-teresa-ribera-no-vaya-a-gastar-ni-un-solo-euro-en-infraestructuras-de-regadio-en-el-nuevo-plan-hidrologico-del-duero#primaryimage\",\"url\":\"https:\/\/www.asajacyl.com\/palencia\/wp-content\/uploads\/sites\/3\/2021\/05\/EMBALSE-AGUILAR-1.jpg\",\"contentUrl\":\"https:\/\/www.asajacyl.com\/palencia\/wp-content\/uploads\/sites\/3\/2021\/05\/EMBALSE-AGUILAR-1.jpg\",\"width\":2016,\"height\":1512},{\"@type\":\"BreadcrumbList\",\"@id\":\"https:\/\/www.asajacyl.com\/palencia\/asaja-palencia-informa\/asaja-critica-que-teresa-ribera-no-vaya-a-gastar-ni-un-solo-euro-en-infraestructuras-de-regadio-en-el-nuevo-plan-hidrologico-del-duero#breadcrumb\",\"itemListElement\":[{\"@type\":\"ListItem\",\"position\":1,\"name\":\"Portada\",\"item\":\"https:\/\/www.asajacyl.com\/palencia\/\"},{\"@type\":\"ListItem\",\"position\":2,\"name\":\"ASAJA critica que Teresa Ribera no vaya a gastar ni un solo euro en infraestructuras de regad\u00edo en el nuevo Plan Hidrol\u00f3gico del Duero\"}]},{\"@type\":\"WebSite\",\"@id\":\"https:\/\/www.asajacyl.com\/palencia\/#website\",\"url\":\"https:\/\/www.asajacyl.com\/palencia\/\",\"name\":\"ASAJA Palencia\",\"description\":\"Otro sitio m\u00e1s de Provincias ASAJA Castilla y Le\u00f3n\",\"potentialAction\":[{\"@type\":\"SearchAction\",\"target\":{\"@type\":\"EntryPoint\",\"urlTemplate\":\"https:\/\/www.asajacyl.com\/palencia\/?s={search_term_string}\"},\"query-input\":{\"@type\":\"PropertyValueSpecification\",\"valueRequired\":true,\"valueName\":\"search_term_string\"}}],\"inLanguage\":\"es\"},{\"@type\":\"Person\",\"@id\":\"https:\/\/www.asajacyl.com\/palencia\/#\/schema\/person\/3ab17aeb03527485c317557fae64aab1\",\"name\":\"Administrador\",\"image\":{\"@type\":\"ImageObject\",\"inLanguage\":\"es\",\"@id\":\"https:\/\/www.asajacyl.com\/palencia\/#\/schema\/person\/image\/\",\"url\":\"https:\/\/secure.gravatar.com\/avatar\/517384810d242ca9e38c180f3c9fb973?s=96&d=mm&r=g\",\"contentUrl\":\"https:\/\/secure.gravatar.com\/avatar\/517384810d242ca9e38c180f3c9fb973?s=96&d=mm&r=g\",\"caption\":\"Administrador\"},\"url\":\"https:\/\/www.asajacyl.com\/palencia\/author\/carlosrm\"}]}<\/script>\n<!-- \/ Yoast SEO plugin. -->","yoast_head_json":{"title":"ASAJA critica que Teresa Ribera no vaya a gastar ni un solo euro en infraestructuras de regad\u00edo en el nuevo Plan Hidrol\u00f3gico del Duero - ASAJA Palencia","description":"El Ministerio de Transici\u00f3n Ecol\u00f3gica y Reto Demogr\u00e1fico, del que depende la Confederaci\u00f3n Hidrogr\u00e1fica del Duero, pretende no gastarse ni un solo euro en","robots":{"index":"index","follow":"follow","max-snippet":"max-snippet:-1","max-image-preview":"max-image-preview:large","max-video-preview":"max-video-preview:-1"},"canonical":"https:\/\/www.asajacyl.com\/palencia\/asaja-palencia-informa\/asaja-critica-que-teresa-ribera-no-vaya-a-gastar-ni-un-solo-euro-en-infraestructuras-de-regadio-en-el-nuevo-plan-hidrologico-del-duero","og_locale":"es_ES","og_type":"article","og_title":"ASAJA critica que Teresa Ribera no vaya a gastar ni un solo euro en infraestructuras de regad\u00edo en el nuevo Plan Hidrol\u00f3gico del Duero - ASAJA Palencia","og_description":"El Ministerio de Transici\u00f3n Ecol\u00f3gica y Reto Demogr\u00e1fico, del que depende la Confederaci\u00f3n Hidrogr\u00e1fica del Duero, pretende no gastarse ni un solo euro en","og_url":"https:\/\/www.asajacyl.com\/palencia\/asaja-palencia-informa\/asaja-critica-que-teresa-ribera-no-vaya-a-gastar-ni-un-solo-euro-en-infraestructuras-de-regadio-en-el-nuevo-plan-hidrologico-del-duero","og_site_name":"ASAJA Palencia","article_published_time":"2021-11-11T17:31:18+00:00","article_modified_time":"2021-11-12T08:21:04+00:00","og_image":[{"width":2016,"height":1512,"url":"https:\/\/www.asajacyl.com\/palencia\/wp-content\/uploads\/sites\/3\/2021\/05\/EMBALSE-AGUILAR-1.jpg","type":"image\/jpeg"}],"author":"Administrador","twitter_card":"summary_large_image","twitter_misc":{"Escrito por":"Administrador","Tiempo de lectura":"3 minutos"},"schema":{"@context":"https:\/\/schema.org","@graph":[{"@type":"WebPage","@id":"https:\/\/www.asajacyl.com\/palencia\/asaja-palencia-informa\/asaja-critica-que-teresa-ribera-no-vaya-a-gastar-ni-un-solo-euro-en-infraestructuras-de-regadio-en-el-nuevo-plan-hidrologico-del-duero","url":"https:\/\/www.asajacyl.com\/palencia\/asaja-palencia-informa\/asaja-critica-que-teresa-ribera-no-vaya-a-gastar-ni-un-solo-euro-en-infraestructuras-de-regadio-en-el-nuevo-plan-hidrologico-del-duero","name":"ASAJA critica que Teresa Ribera no vaya a gastar ni un solo euro en infraestructuras de regad\u00edo en el nuevo Plan Hidrol\u00f3gico del Duero - ASAJA Palencia","isPartOf":{"@id":"https:\/\/www.asajacyl.com\/palencia\/#website"},"primaryImageOfPage":{"@id":"https:\/\/www.asajacyl.com\/palencia\/asaja-palencia-informa\/asaja-critica-que-teresa-ribera-no-vaya-a-gastar-ni-un-solo-euro-en-infraestructuras-de-regadio-en-el-nuevo-plan-hidrologico-del-duero#primaryimage"},"image":{"@id":"https:\/\/www.asajacyl.com\/palencia\/asaja-palencia-informa\/asaja-critica-que-teresa-ribera-no-vaya-a-gastar-ni-un-solo-euro-en-infraestructuras-de-regadio-en-el-nuevo-plan-hidrologico-del-duero#primaryimage"},"thumbnailUrl":"https:\/\/www.asajacyl.com\/palencia\/wp-content\/uploads\/sites\/3\/2021\/05\/EMBALSE-AGUILAR-1.jpg","datePublished":"2021-11-11T17:31:18+00:00","dateModified":"2021-11-12T08:21:04+00:00","author":{"@id":"https:\/\/www.asajacyl.com\/palencia\/#\/schema\/person\/3ab17aeb03527485c317557fae64aab1"},"description":"El Ministerio de Transici\u00f3n Ecol\u00f3gica y Reto Demogr\u00e1fico, del que depende la Confederaci\u00f3n Hidrogr\u00e1fica del Duero, pretende no gastarse ni un solo euro en","breadcrumb":{"@id":"https:\/\/www.asajacyl.com\/palencia\/asaja-palencia-informa\/asaja-critica-que-teresa-ribera-no-vaya-a-gastar-ni-un-solo-euro-en-infraestructuras-de-regadio-en-el-nuevo-plan-hidrologico-del-duero#breadcrumb"},"inLanguage":"es","potentialAction":[{"@type":"ReadAction","target":["https:\/\/www.asajacyl.com\/palencia\/asaja-palencia-informa\/asaja-critica-que-teresa-ribera-no-vaya-a-gastar-ni-un-solo-euro-en-infraestructuras-de-regadio-en-el-nuevo-plan-hidrologico-del-duero"]}]},{"@type":"ImageObject","inLanguage":"es","@id":"https:\/\/www.asajacyl.com\/palencia\/asaja-palencia-informa\/asaja-critica-que-teresa-ribera-no-vaya-a-gastar-ni-un-solo-euro-en-infraestructuras-de-regadio-en-el-nuevo-plan-hidrologico-del-duero#primaryimage","url":"https:\/\/www.asajacyl.com\/palencia\/wp-content\/uploads\/sites\/3\/2021\/05\/EMBALSE-AGUILAR-1.jpg","contentUrl":"https:\/\/www.asajacyl.com\/palencia\/wp-content\/uploads\/sites\/3\/2021\/05\/EMBALSE-AGUILAR-1.jpg","width":2016,"height":1512},{"@type":"BreadcrumbList","@id":"https:\/\/www.asajacyl.com\/palencia\/asaja-palencia-informa\/asaja-critica-que-teresa-ribera-no-vaya-a-gastar-ni-un-solo-euro-en-infraestructuras-de-regadio-en-el-nuevo-plan-hidrologico-del-duero#breadcrumb","itemListElement":[{"@type":"ListItem","position":1,"name":"Portada","item":"https:\/\/www.asajacyl.com\/palencia\/"},{"@type":"ListItem","position":2,"name":"ASAJA critica que Teresa Ribera no vaya a gastar ni un solo euro en infraestructuras de regad\u00edo en el nuevo Plan Hidrol\u00f3gico del Duero"}]},{"@type":"WebSite","@id":"https:\/\/www.asajacyl.com\/palencia\/#website","url":"https:\/\/www.asajacyl.com\/palencia\/","name":"ASAJA Palencia","description":"Otro sitio m\u00e1s de Provincias ASAJA Castilla y Le\u00f3n","potentialAction":[{"@type":"SearchAction","target":{"@type":"EntryPoint","urlTemplate":"https:\/\/www.asajacyl.com\/palencia\/?s={search_term_string}"},"query-input":{"@type":"PropertyValueSpecification","valueRequired":true,"valueName":"search_term_string"}}],"inLanguage":"es"},{"@type":"Person","@id":"https:\/\/www.asajacyl.com\/palencia\/#\/schema\/person\/3ab17aeb03527485c317557fae64aab1","name":"Administrador","image":{"@type":"ImageObject","inLanguage":"es","@id":"https:\/\/www.asajacyl.com\/palencia\/#\/schema\/person\/image\/","url":"https:\/\/secure.gravatar.com\/avatar\/517384810d242ca9e38c180f3c9fb973?s=96&d=mm&r=g","contentUrl":"https:\/\/secure.gravatar.com\/avatar\/517384810d242ca9e38c180f3c9fb973?s=96&d=mm&r=g","caption":"Administrador"},"url":"https:\/\/www.asajacyl.com\/palencia\/author\/carlosrm"}]}},"_links":{"self":[{"href":"https:\/\/www.asajacyl.com\/palencia\/wp-json\/wp\/v2\/posts\/9270"}],"collection":[{"href":"https:\/\/www.asajacyl.com\/palencia\/wp-json\/wp\/v2\/posts"}],"about":[{"href":"https:\/\/www.asajacyl.com\/palencia\/wp-json\/wp\/v2\/types\/post"}],"author":[{"embeddable":true,"href":"https:\/\/www.asajacyl.com\/palencia\/wp-json\/wp\/v2\/users\/9"}],"replies":[{"embeddable":true,"href":"https:\/\/www.asajacyl.com\/palencia\/wp-json\/wp\/v2\/comments?post=9270"}],"version-history":[{"count":3,"href":"https:\/\/www.asajacyl.com\/palencia\/wp-json\/wp\/v2\/posts\/9270\/revisions"}],"predecessor-version":[{"id":9276,"href":"https:\/\/www.asajacyl.com\/palencia\/wp-json\/wp\/v2\/posts\/9270\/revisions\/9276"}],"wp:featuredmedia":[{"embeddable":true,"href":"https:\/\/www.asajacyl.com\/palencia\/wp-json\/wp\/v2\/media\/8262"}],"wp:attachment":[{"href":"https:\/\/www.asajacyl.com\/palencia\/wp-json\/wp\/v2\/media?parent=9270"}],"wp:term":[{"taxonomy":"category","embeddable":true,"href":"https:\/\/www.asajacyl.com\/palencia\/wp-json\/wp\/v2\/categories?post=9270"},{"taxonomy":"post_tag","embeddable":true,"href":"https:\/\/www.asajacyl.com\/palencia\/wp-json\/wp\/v2\/tags?post=9270"}],"curies":[{"name":"wp","href":"https:\/\/api.w.org\/{rel}","templated":true}]}}