{"id":9272,"date":"2021-11-11T22:35:00","date_gmt":"2021-11-11T21:35:00","guid":{"rendered":"https:\/\/www.asajacyl.com\/palencia\/?p=9272"},"modified":"2021-11-15T07:55:11","modified_gmt":"2021-11-15T06:55:11","slug":"asaja-coag-y-upa-presentan-recurso-contencioso-administrativo-contra-la-orden-del-lobo-ante-la-audiencia-nacional","status":"publish","type":"post","link":"https:\/\/www.asajacyl.com\/palencia\/asaja-palencia-informa\/asaja-coag-y-upa-presentan-recurso-contencioso-administrativo-contra-la-orden-del-lobo-ante-la-audiencia-nacional","title":{"rendered":"ASAJA, COAG y UPA presentan recurso contencioso-administrativo contra la orden del lobo ante la Audiencia Nacional"},"content":{"rendered":"\n<p><em>Las organizaciones agrarias piden la suspensi\u00f3n cautelar de la Orden y argumentan que es contraria a Derecho y perjudica gravemente a los ganaderos. Las OPAs recuerdan que un recurso similar ha sido presentado por las Comunidades Aut\u00f3nomas afectadas y ha sido admitido a tr\u00e1mite por la Audiencia Naciona<\/em>.<\/p>\n\n\n\n<p>Con fecha 9 de noviembre las organizaciones agrarias ASAJA, COAG y UPA han presentado ante la Audiencia Nacional un recurso contencioso-administrativo contra la Orden del ministerio de Transici\u00f3n Ecol\u00f3gica y Reto Demogr\u00e1fico, de 20 septiembre de 2021, que proh\u00edbe cazar al lobo. Los servicios jur\u00eddicos de las OPAs piden igualmente la suspensi\u00f3n de la Orden mientras se tramita este recurso.<\/p>\n\n\n\n<p>Con este recurso, las organizaciones agrarias tratan de evitar que se agrave a\u00fan m\u00e1s la situaci\u00f3n de los ganaderos que, como el propio ministerio de Transici\u00f3n Ecol\u00f3gica reconoce en su \u00faltima Memoria, aun estando en vigor el anterior r\u00e9gimen de protecci\u00f3n, \u201cdesde el punto de vista de protecci\u00f3n de la ganader\u00eda extensiva, los da\u00f1os no solo disminuyen, sino que han crecido de modo importante en algunas \u00e1reas\u201d.<\/p>\n\n\n\n<p>Con anterioridad a la inclusi\u00f3n del lobo en el LESPRE, los ganaderos al norte del rio Duero perd\u00edan una media de 9.812 animales al a\u00f1o, la incorporaci\u00f3n del lobo en este r\u00e9gimen de protecci\u00f3n especial, l\u00f3gicamente supondr\u00e1 un incremento exponencial de estas p\u00e9rdidas por no hablar de otros da\u00f1os en el \u00e1mbito rural, argumentan las OPAs.<\/p>\n\n\n\n<p>En el recurso presentado se detallan pormenorizadamente los da\u00f1os econ\u00f3micos y sociales, por comunidades aut\u00f3nomas, que los ganaderos han sufrido en los \u00faltimos a\u00f1os y las indemnizaciones, siempre parciales e insuficientes, para resarcir las p\u00e9rdidas reales, que las administraciones regionales han tenido que poner en marcha.<\/p>\n\n\n\n<p>En el Principado de Asturias, en el periodo 2017-2020, el n\u00famero de animales da\u00f1ados asciende a 12.966, con un importe de resarcimientos de 835.000 euros en 2019 y otro tanto en 2020. En Cantabria, la Consejer\u00eda de Agricultura contabiliz\u00f3 una media de dos ataques diarios de lobo en 2020.<\/p>\n\n\n\n<p>En Galicia, las reses atacadas que fueron declaradas ascienden a unas 2.300 al a\u00f1o, aunque el n\u00famero real de bajas probablemente se acerque a las 4.000. Los da\u00f1os en esta regi\u00f3n superan los dos millones de euros\/a\u00f1o de media, computando no solo las reses muertas sino tambi\u00e9n los abortos por estr\u00e9s, los descensos en la producci\u00f3n de leche, los costes veterinarios, lucro cesante, etc. De esos dos millones, la Xunta afront\u00f3 en 2020 indemnizaciones por valor de 650.00 euros, un 32% de la p\u00e9rdidas reales, siendo el resto soportado por los ganaderos. Y desde septiembre de 2021, tras la inclusi\u00f3n del lobo en el LESPRE, esta comunidad aut\u00f3noma anuncia la supresi\u00f3n de la ayudas por da\u00f1os del lobo alegando que ahora es responsabilidad del MITECO.<\/p>\n\n\n\n<p>En Castilla y Le\u00f3n, de enero a septiembre de 2020 se han declarado 1.835 ataques de lobo con un resultado de 2.660 reses muertas. Las provincias m\u00e1s afectadas por estos ataques se encuentran al sur del Duero, donde precisamente el lobo est\u00e1 incluido en el LESPRE desde el a\u00f1o 2019, por lo que todo hace pensar que con la aprobaci\u00f3n de la orden de Transici\u00f3n Ecol\u00f3gica esta situaci\u00f3n se extrapole al resto de provincias y la problem\u00e1tica se agrave a\u00fan m\u00e1s.<\/p>\n\n\n\n<p>En suma, en el recurso de ASAJA, COAG y UPA ante la Audiencia Nacional se argumenta c\u00f3mo el lobo no est\u00e1 en situaci\u00f3n vulnerable al norte del Duero; la desprotecci\u00f3n en la que quedan vacas, ovejas y equinos y la presi\u00f3n que ejerce el lobo sobre la ganader\u00eda extensiva causan un grave impacto econ\u00f3mico y social tanto a los ganaderos como al conjunto del medio rural, por no hablar de las consecuencias medioambientales que la desaparici\u00f3n de la ganader\u00eda extensiva tendr\u00eda sobre el entorno natural. La orden del ministerio de Teresa Ribera, adem\u00e1s de desproporcionada e innecesaria, supone una clara agresi\u00f3n para un sector productivo que en estos momentos atraviesa graves dificultades para salir adelante.<\/p>\n\n\n\n<p>Adem\u00e1s, en el recurso tambi\u00e9n se alega c\u00f3mo, incomprensiblemente, esta Orden ha entrado en vigor sin estar precedida de la correspondiente actualizaci\u00f3n de la Estrategia de Conservaci\u00f3n y Gesti\u00f3n del Lobo. Por otro lado, su aprobaci\u00f3n deja en \u201cpapel mojado\u201d los Planes de Gesti\u00f3n de las cuatro comunidades aut\u00f3nomas afectadas, lo que aboca al sector agrario a un limbo jur\u00eddico. Por todo ello, se pide la suspensi\u00f3n cautelar de la misma y el mantenimiento del status quo.<\/p>\n\n\n\n<p>ASAJA, COAG y UPA conf\u00edan en que esta suspensi\u00f3n cautelar har\u00eda rectificar a la ministra Teresa Ribera y emprender el cauce del dialogo y la b\u00fasqueda del consenso para, entre todas las partes afectadas, lograr garantizar un equilibrio entre la conservaci\u00f3n del lobo y la actividad ganadera.<\/p>\n","protected":false},"excerpt":{"rendered":"<p>Las organizaciones agrarias piden la suspensi\u00f3n cautelar de la Orden y argumentan que es contraria a Derecho y perjudica gravemente a los ganaderos. Las OPAs recuerdan que un recurso similar ha sido presentado por las Comunidades Aut\u00f3nomas afectadas y ha sido admitido a tr\u00e1mite por la Audiencia Naciona. Con fecha 9 de noviembre las organizaciones [&hellip;]<\/p>\n","protected":false},"author":9,"featured_media":9289,"comment_status":"open","ping_status":"open","sticky":false,"template":"","format":"standard","meta":{"footnotes":""},"categories":[9,29,28],"tags":[],"yoast_head":"<!-- This site is optimized with the Yoast SEO plugin v24.5 - https:\/\/yoast.com\/wordpress\/plugins\/seo\/ -->\n<title>ASAJA, COAG y UPA presentan recurso contencioso-administrativo contra la orden del lobo ante la Audiencia Nacional - ASAJA Palencia<\/title>\n<meta name=\"description\" content=\"Las organizaciones agrarias piden la suspensi\u00f3n cautelar de la Orden y argumentan que es contraria a Derecho y perjudica gravemente a los ganaderos. Las\" \/>\n<meta name=\"robots\" content=\"index, follow, max-snippet:-1, max-image-preview:large, max-video-preview:-1\" \/>\n<link rel=\"canonical\" href=\"https:\/\/www.asajacyl.com\/palencia\/asaja-palencia-informa\/asaja-coag-y-upa-presentan-recurso-contencioso-administrativo-contra-la-orden-del-lobo-ante-la-audiencia-nacional\" \/>\n<meta property=\"og:locale\" content=\"es_ES\" \/>\n<meta property=\"og:type\" content=\"article\" \/>\n<meta property=\"og:title\" content=\"ASAJA, COAG y UPA presentan recurso contencioso-administrativo contra la orden del lobo ante la Audiencia Nacional - ASAJA Palencia\" \/>\n<meta property=\"og:description\" content=\"Las organizaciones agrarias piden la suspensi\u00f3n cautelar de la Orden y argumentan que es contraria a Derecho y perjudica gravemente a los ganaderos. Las\" \/>\n<meta property=\"og:url\" content=\"https:\/\/www.asajacyl.com\/palencia\/asaja-palencia-informa\/asaja-coag-y-upa-presentan-recurso-contencioso-administrativo-contra-la-orden-del-lobo-ante-la-audiencia-nacional\" \/>\n<meta property=\"og:site_name\" content=\"ASAJA Palencia\" \/>\n<meta property=\"article:published_time\" content=\"2021-11-11T21:35:00+00:00\" \/>\n<meta property=\"article:modified_time\" content=\"2021-11-15T06:55:11+00:00\" \/>\n<meta property=\"og:image\" content=\"https:\/\/www.asajacyl.com\/palencia\/wp-content\/uploads\/sites\/3\/2021\/11\/AUDIENCIA-NACIONAL.jpg\" \/>\n\t<meta property=\"og:image:width\" content=\"629\" \/>\n\t<meta property=\"og:image:height\" content=\"352\" \/>\n\t<meta property=\"og:image:type\" content=\"image\/jpeg\" \/>\n<meta name=\"author\" content=\"Administrador\" \/>\n<meta name=\"twitter:card\" content=\"summary_large_image\" \/>\n<meta name=\"twitter:label1\" content=\"Escrito por\" \/>\n\t<meta name=\"twitter:data1\" content=\"Administrador\" \/>\n\t<meta name=\"twitter:label2\" content=\"Tiempo de lectura\" \/>\n\t<meta name=\"twitter:data2\" content=\"4 minutos\" \/>\n<script type=\"application\/ld+json\" class=\"yoast-schema-graph\">{\"@context\":\"https:\/\/schema.org\",\"@graph\":[{\"@type\":\"WebPage\",\"@id\":\"https:\/\/www.asajacyl.com\/palencia\/asaja-palencia-informa\/asaja-coag-y-upa-presentan-recurso-contencioso-administrativo-contra-la-orden-del-lobo-ante-la-audiencia-nacional\",\"url\":\"https:\/\/www.asajacyl.com\/palencia\/asaja-palencia-informa\/asaja-coag-y-upa-presentan-recurso-contencioso-administrativo-contra-la-orden-del-lobo-ante-la-audiencia-nacional\",\"name\":\"ASAJA, COAG y UPA presentan recurso contencioso-administrativo contra la orden del lobo ante la Audiencia Nacional - ASAJA Palencia\",\"isPartOf\":{\"@id\":\"https:\/\/www.asajacyl.com\/palencia\/#website\"},\"primaryImageOfPage\":{\"@id\":\"https:\/\/www.asajacyl.com\/palencia\/asaja-palencia-informa\/asaja-coag-y-upa-presentan-recurso-contencioso-administrativo-contra-la-orden-del-lobo-ante-la-audiencia-nacional#primaryimage\"},\"image\":{\"@id\":\"https:\/\/www.asajacyl.com\/palencia\/asaja-palencia-informa\/asaja-coag-y-upa-presentan-recurso-contencioso-administrativo-contra-la-orden-del-lobo-ante-la-audiencia-nacional#primaryimage\"},\"thumbnailUrl\":\"https:\/\/www.asajacyl.com\/palencia\/wp-content\/uploads\/sites\/3\/2021\/11\/AUDIENCIA-NACIONAL.jpg\",\"datePublished\":\"2021-11-11T21:35:00+00:00\",\"dateModified\":\"2021-11-15T06:55:11+00:00\",\"author\":{\"@id\":\"https:\/\/www.asajacyl.com\/palencia\/#\/schema\/person\/3ab17aeb03527485c317557fae64aab1\"},\"description\":\"Las organizaciones agrarias piden la suspensi\u00f3n cautelar de la Orden y argumentan que es contraria a Derecho y perjudica gravemente a los ganaderos. Las\",\"breadcrumb\":{\"@id\":\"https:\/\/www.asajacyl.com\/palencia\/asaja-palencia-informa\/asaja-coag-y-upa-presentan-recurso-contencioso-administrativo-contra-la-orden-del-lobo-ante-la-audiencia-nacional#breadcrumb\"},\"inLanguage\":\"es\",\"potentialAction\":[{\"@type\":\"ReadAction\",\"target\":[\"https:\/\/www.asajacyl.com\/palencia\/asaja-palencia-informa\/asaja-coag-y-upa-presentan-recurso-contencioso-administrativo-contra-la-orden-del-lobo-ante-la-audiencia-nacional\"]}]},{\"@type\":\"ImageObject\",\"inLanguage\":\"es\",\"@id\":\"https:\/\/www.asajacyl.com\/palencia\/asaja-palencia-informa\/asaja-coag-y-upa-presentan-recurso-contencioso-administrativo-contra-la-orden-del-lobo-ante-la-audiencia-nacional#primaryimage\",\"url\":\"https:\/\/www.asajacyl.com\/palencia\/wp-content\/uploads\/sites\/3\/2021\/11\/AUDIENCIA-NACIONAL.jpg\",\"contentUrl\":\"https:\/\/www.asajacyl.com\/palencia\/wp-content\/uploads\/sites\/3\/2021\/11\/AUDIENCIA-NACIONAL.jpg\",\"width\":629,\"height\":352},{\"@type\":\"BreadcrumbList\",\"@id\":\"https:\/\/www.asajacyl.com\/palencia\/asaja-palencia-informa\/asaja-coag-y-upa-presentan-recurso-contencioso-administrativo-contra-la-orden-del-lobo-ante-la-audiencia-nacional#breadcrumb\",\"itemListElement\":[{\"@type\":\"ListItem\",\"position\":1,\"name\":\"Portada\",\"item\":\"https:\/\/www.asajacyl.com\/palencia\/\"},{\"@type\":\"ListItem\",\"position\":2,\"name\":\"ASAJA, COAG y UPA presentan recurso contencioso-administrativo contra la orden del lobo ante la Audiencia Nacional\"}]},{\"@type\":\"WebSite\",\"@id\":\"https:\/\/www.asajacyl.com\/palencia\/#website\",\"url\":\"https:\/\/www.asajacyl.com\/palencia\/\",\"name\":\"ASAJA Palencia\",\"description\":\"Otro sitio m\u00e1s de Provincias ASAJA Castilla y Le\u00f3n\",\"potentialAction\":[{\"@type\":\"SearchAction\",\"target\":{\"@type\":\"EntryPoint\",\"urlTemplate\":\"https:\/\/www.asajacyl.com\/palencia\/?s={search_term_string}\"},\"query-input\":{\"@type\":\"PropertyValueSpecification\",\"valueRequired\":true,\"valueName\":\"search_term_string\"}}],\"inLanguage\":\"es\"},{\"@type\":\"Person\",\"@id\":\"https:\/\/www.asajacyl.com\/palencia\/#\/schema\/person\/3ab17aeb03527485c317557fae64aab1\",\"name\":\"Administrador\",\"image\":{\"@type\":\"ImageObject\",\"inLanguage\":\"es\",\"@id\":\"https:\/\/www.asajacyl.com\/palencia\/#\/schema\/person\/image\/\",\"url\":\"https:\/\/secure.gravatar.com\/avatar\/517384810d242ca9e38c180f3c9fb973?s=96&d=mm&r=g\",\"contentUrl\":\"https:\/\/secure.gravatar.com\/avatar\/517384810d242ca9e38c180f3c9fb973?s=96&d=mm&r=g\",\"caption\":\"Administrador\"},\"url\":\"https:\/\/www.asajacyl.com\/palencia\/author\/carlosrm\"}]}<\/script>\n<!-- \/ Yoast SEO plugin. -->","yoast_head_json":{"title":"ASAJA, COAG y UPA presentan recurso contencioso-administrativo contra la orden del lobo ante la Audiencia Nacional - ASAJA Palencia","description":"Las organizaciones agrarias piden la suspensi\u00f3n cautelar de la Orden y argumentan que es contraria a Derecho y perjudica gravemente a los ganaderos. Las","robots":{"index":"index","follow":"follow","max-snippet":"max-snippet:-1","max-image-preview":"max-image-preview:large","max-video-preview":"max-video-preview:-1"},"canonical":"https:\/\/www.asajacyl.com\/palencia\/asaja-palencia-informa\/asaja-coag-y-upa-presentan-recurso-contencioso-administrativo-contra-la-orden-del-lobo-ante-la-audiencia-nacional","og_locale":"es_ES","og_type":"article","og_title":"ASAJA, COAG y UPA presentan recurso contencioso-administrativo contra la orden del lobo ante la Audiencia Nacional - ASAJA Palencia","og_description":"Las organizaciones agrarias piden la suspensi\u00f3n cautelar de la Orden y argumentan que es contraria a Derecho y perjudica gravemente a los ganaderos. Las","og_url":"https:\/\/www.asajacyl.com\/palencia\/asaja-palencia-informa\/asaja-coag-y-upa-presentan-recurso-contencioso-administrativo-contra-la-orden-del-lobo-ante-la-audiencia-nacional","og_site_name":"ASAJA Palencia","article_published_time":"2021-11-11T21:35:00+00:00","article_modified_time":"2021-11-15T06:55:11+00:00","og_image":[{"width":629,"height":352,"url":"https:\/\/www.asajacyl.com\/palencia\/wp-content\/uploads\/sites\/3\/2021\/11\/AUDIENCIA-NACIONAL.jpg","type":"image\/jpeg"}],"author":"Administrador","twitter_card":"summary_large_image","twitter_misc":{"Escrito por":"Administrador","Tiempo de lectura":"4 minutos"},"schema":{"@context":"https:\/\/schema.org","@graph":[{"@type":"WebPage","@id":"https:\/\/www.asajacyl.com\/palencia\/asaja-palencia-informa\/asaja-coag-y-upa-presentan-recurso-contencioso-administrativo-contra-la-orden-del-lobo-ante-la-audiencia-nacional","url":"https:\/\/www.asajacyl.com\/palencia\/asaja-palencia-informa\/asaja-coag-y-upa-presentan-recurso-contencioso-administrativo-contra-la-orden-del-lobo-ante-la-audiencia-nacional","name":"ASAJA, COAG y UPA presentan recurso contencioso-administrativo contra la orden del lobo ante la Audiencia Nacional - ASAJA Palencia","isPartOf":{"@id":"https:\/\/www.asajacyl.com\/palencia\/#website"},"primaryImageOfPage":{"@id":"https:\/\/www.asajacyl.com\/palencia\/asaja-palencia-informa\/asaja-coag-y-upa-presentan-recurso-contencioso-administrativo-contra-la-orden-del-lobo-ante-la-audiencia-nacional#primaryimage"},"image":{"@id":"https:\/\/www.asajacyl.com\/palencia\/asaja-palencia-informa\/asaja-coag-y-upa-presentan-recurso-contencioso-administrativo-contra-la-orden-del-lobo-ante-la-audiencia-nacional#primaryimage"},"thumbnailUrl":"https:\/\/www.asajacyl.com\/palencia\/wp-content\/uploads\/sites\/3\/2021\/11\/AUDIENCIA-NACIONAL.jpg","datePublished":"2021-11-11T21:35:00+00:00","dateModified":"2021-11-15T06:55:11+00:00","author":{"@id":"https:\/\/www.asajacyl.com\/palencia\/#\/schema\/person\/3ab17aeb03527485c317557fae64aab1"},"description":"Las organizaciones agrarias piden la suspensi\u00f3n cautelar de la Orden y argumentan que es contraria a Derecho y perjudica gravemente a los ganaderos. Las","breadcrumb":{"@id":"https:\/\/www.asajacyl.com\/palencia\/asaja-palencia-informa\/asaja-coag-y-upa-presentan-recurso-contencioso-administrativo-contra-la-orden-del-lobo-ante-la-audiencia-nacional#breadcrumb"},"inLanguage":"es","potentialAction":[{"@type":"ReadAction","target":["https:\/\/www.asajacyl.com\/palencia\/asaja-palencia-informa\/asaja-coag-y-upa-presentan-recurso-contencioso-administrativo-contra-la-orden-del-lobo-ante-la-audiencia-nacional"]}]},{"@type":"ImageObject","inLanguage":"es","@id":"https:\/\/www.asajacyl.com\/palencia\/asaja-palencia-informa\/asaja-coag-y-upa-presentan-recurso-contencioso-administrativo-contra-la-orden-del-lobo-ante-la-audiencia-nacional#primaryimage","url":"https:\/\/www.asajacyl.com\/palencia\/wp-content\/uploads\/sites\/3\/2021\/11\/AUDIENCIA-NACIONAL.jpg","contentUrl":"https:\/\/www.asajacyl.com\/palencia\/wp-content\/uploads\/sites\/3\/2021\/11\/AUDIENCIA-NACIONAL.jpg","width":629,"height":352},{"@type":"BreadcrumbList","@id":"https:\/\/www.asajacyl.com\/palencia\/asaja-palencia-informa\/asaja-coag-y-upa-presentan-recurso-contencioso-administrativo-contra-la-orden-del-lobo-ante-la-audiencia-nacional#breadcrumb","itemListElement":[{"@type":"ListItem","position":1,"name":"Portada","item":"https:\/\/www.asajacyl.com\/palencia\/"},{"@type":"ListItem","position":2,"name":"ASAJA, COAG y UPA presentan recurso contencioso-administrativo contra la orden del lobo ante la Audiencia Nacional"}]},{"@type":"WebSite","@id":"https:\/\/www.asajacyl.com\/palencia\/#website","url":"https:\/\/www.asajacyl.com\/palencia\/","name":"ASAJA Palencia","description":"Otro sitio m\u00e1s de Provincias ASAJA Castilla y Le\u00f3n","potentialAction":[{"@type":"SearchAction","target":{"@type":"EntryPoint","urlTemplate":"https:\/\/www.asajacyl.com\/palencia\/?s={search_term_string}"},"query-input":{"@type":"PropertyValueSpecification","valueRequired":true,"valueName":"search_term_string"}}],"inLanguage":"es"},{"@type":"Person","@id":"https:\/\/www.asajacyl.com\/palencia\/#\/schema\/person\/3ab17aeb03527485c317557fae64aab1","name":"Administrador","image":{"@type":"ImageObject","inLanguage":"es","@id":"https:\/\/www.asajacyl.com\/palencia\/#\/schema\/person\/image\/","url":"https:\/\/secure.gravatar.com\/avatar\/517384810d242ca9e38c180f3c9fb973?s=96&d=mm&r=g","contentUrl":"https:\/\/secure.gravatar.com\/avatar\/517384810d242ca9e38c180f3c9fb973?s=96&d=mm&r=g","caption":"Administrador"},"url":"https:\/\/www.asajacyl.com\/palencia\/author\/carlosrm"}]}},"_links":{"self":[{"href":"https:\/\/www.asajacyl.com\/palencia\/wp-json\/wp\/v2\/posts\/9272"}],"collection":[{"href":"https:\/\/www.asajacyl.com\/palencia\/wp-json\/wp\/v2\/posts"}],"about":[{"href":"https:\/\/www.asajacyl.com\/palencia\/wp-json\/wp\/v2\/types\/post"}],"author":[{"embeddable":true,"href":"https:\/\/www.asajacyl.com\/palencia\/wp-json\/wp\/v2\/users\/9"}],"replies":[{"embeddable":true,"href":"https:\/\/www.asajacyl.com\/palencia\/wp-json\/wp\/v2\/comments?post=9272"}],"version-history":[{"count":1,"href":"https:\/\/www.asajacyl.com\/palencia\/wp-json\/wp\/v2\/posts\/9272\/revisions"}],"predecessor-version":[{"id":9273,"href":"https:\/\/www.asajacyl.com\/palencia\/wp-json\/wp\/v2\/posts\/9272\/revisions\/9273"}],"wp:featuredmedia":[{"embeddable":true,"href":"https:\/\/www.asajacyl.com\/palencia\/wp-json\/wp\/v2\/media\/9289"}],"wp:attachment":[{"href":"https:\/\/www.asajacyl.com\/palencia\/wp-json\/wp\/v2\/media?parent=9272"}],"wp:term":[{"taxonomy":"category","embeddable":true,"href":"https:\/\/www.asajacyl.com\/palencia\/wp-json\/wp\/v2\/categories?post=9272"},{"taxonomy":"post_tag","embeddable":true,"href":"https:\/\/www.asajacyl.com\/palencia\/wp-json\/wp\/v2\/tags?post=9272"}],"curies":[{"name":"wp","href":"https:\/\/api.w.org\/{rel}","templated":true}]}}