{"id":9278,"date":"2021-11-14T05:36:00","date_gmt":"2021-11-14T04:36:00","guid":{"rendered":"https:\/\/www.asajacyl.com\/palencia\/?p=9278"},"modified":"2021-11-14T00:32:07","modified_gmt":"2021-11-13T23:32:07","slug":"asaja-coag-y-upa-piden-un-plan-de-choque-urgente-para-el-sector-agrario","status":"publish","type":"post","link":"https:\/\/www.asajacyl.com\/palencia\/asaja-palencia-informa\/asaja-coag-y-upa-piden-un-plan-de-choque-urgente-para-el-sector-agrario","title":{"rendered":"ASAJA, COAG y UPA piden un plan de choque urgente para el sector agrario"},"content":{"rendered":"\n<p>Las organizaciones agrarias ASAJA, COAG y UPA se han dirigido al ministro de Agricultura, Luis Planas, para pedir una reuni\u00f3n urgente donde abordar un plan de choque que frene la cr\u00edtica situaci\u00f3n que atraviesan las explotaciones agrarias. Nos encontramos ante la campa\u00f1a m\u00e1s cara de la historia en lo que a costes de producci\u00f3n se refiere, sin que los agricultores y ganaderos puedan repercutir esas tremendas subidas en el precio final al que venden sus producciones.<\/p>\n\n\n\n<p>En las \u00faltimas semanas productos b\u00e1sicos en la cesta de la compra como son el pan, la leche, los huevos o el aceite de oliva ya han incrementado sus precios en los lineales de supermercados y grandes superficies y el consumidor pagar\u00e1 m\u00e1s caros estos productos, sin que los productores de los mismos puedan ver repercutidas estas subidas en sus cuentas de explotaci\u00f3n.<\/p>\n\n\n\n<p>Un ejemplo evidente de lo que est\u00e1 pasando en el sector son los ganaderos de leche, que estos d\u00edas se manifiestan ante las industrias l\u00e1cteas porque est\u00e1n al borde del colapso y est\u00e1 en juego su supervivencia inmediata. Producir un litro de leche le cuesta al ganadero 38 c\u00e9ntimos de euro y se le est\u00e1 pagando 34 c\u00e9ntimos (mientras el precio de venta al p\u00fablico son 80 c\u00e9ntimos de media). Con estos datos el resultado es que cada d\u00eda cierran en Espa\u00f1a ente 2 y 3 explotaciones l\u00e1cteas cuando, hay que recordar que, Espa\u00f1a es un pa\u00eds deficitario en leche por lo que nos vemos obligados a importar m\u00e1s de 700.000 toneladas anuales.<\/p>\n\n\n\n<p>Los piensos para el ganado se han encarecido cerca de un 30% en el \u00faltimo a\u00f1o. Sin embargo, tambi\u00e9n son m\u00e1s caras las semillas (+20%); los abonos (+48%); el agua (+33%) o los pl\u00e1sticos que se utilizan en los cultivos de invernadero (+46%).<\/p>\n\n\n\n<p>Pero sin duda, las subidas m\u00e1s espectaculares son las que afectan al gas\u00f3leo que usan todos los productores para mover sus tractores (+73%) y a la energ\u00eda el\u00e9ctrica (+270%). Por \u00faltimo, debemos tambi\u00e9n computar la subida del SMI que, en los \u00faltimos tres a\u00f1os, ha sido del 29,7%, a lo que debemos sumar la subida de las cotizaciones a la Seguridad Social.<\/p>\n\n\n\n<p>Con esta situaci\u00f3n de brutal subida generalizada de los costes de producci\u00f3n y sin que los agricultores y ganaderos puedan repercutir las alzas en el precio de venta de sus productos, el sector primario se encuentra en una situaci\u00f3n seriamente comprometida, y si las explotaciones se ven abocadas al cierre el suministro de alimentos b\u00e1sicos podr\u00eda no estar garantizado.<\/p>\n\n\n\n<p>En este escenario, ASAJA, COAG y UPA consideran urgente que tanto el ministro Planas, como el Gobierno en su conjunto, tomen conciencia del grave problema que que est\u00e1 sufriendo el eslab\u00f3n m\u00e1s d\u00e9bil de la cadena alimentaria \u2013 agricultores y ganaderos- y se arbitre un Plan de Choque urgente que aporte soluciones y garantice el buen funcionamiento del sector agroalimentario, algo que no solo redundar\u00e1 en beneficio de los agricultores y ganaderos sino tambi\u00e9n de todos los consumidores.<\/p>\n\n\n\n<div class=\"wp-block-image\"><figure class=\"aligncenter size-large\"><img loading=\"lazy\" decoding=\"async\" width=\"622\" height=\"768\" src=\"https:\/\/www.asajacyl.com\/palencia\/wp-content\/uploads\/sites\/3\/2021\/11\/INCREMENTO-COSTES.jpg\" alt=\"\" class=\"wp-image-9279\" srcset=\"https:\/\/www.asajacyl.com\/palencia\/wp-content\/uploads\/sites\/3\/2021\/11\/INCREMENTO-COSTES.jpg 622w, https:\/\/www.asajacyl.com\/palencia\/wp-content\/uploads\/sites\/3\/2021\/11\/INCREMENTO-COSTES-243x300.jpg 243w, https:\/\/www.asajacyl.com\/palencia\/wp-content\/uploads\/sites\/3\/2021\/11\/INCREMENTO-COSTES-340x420.jpg 340w\" sizes=\"(max-width: 622px) 100vw, 622px\" \/><\/figure><\/div>\n","protected":false},"excerpt":{"rendered":"<p>Las organizaciones agrarias ASAJA, COAG y UPA se han dirigido al ministro de Agricultura, Luis Planas, para pedir una reuni\u00f3n urgente donde abordar un plan de choque que frene la cr\u00edtica situaci\u00f3n que atraviesan las explotaciones agrarias. Nos encontramos ante la campa\u00f1a m\u00e1s cara de la historia en lo que a costes de producci\u00f3n se [&hellip;]<\/p>\n","protected":false},"author":9,"featured_media":9279,"comment_status":"open","ping_status":"open","sticky":false,"template":"","format":"standard","meta":{"footnotes":""},"categories":[9,29,28],"tags":[],"yoast_head":"<!-- This site is optimized with the Yoast SEO plugin v24.5 - https:\/\/yoast.com\/wordpress\/plugins\/seo\/ -->\n<title>ASAJA, COAG y UPA piden un plan de choque urgente para el sector agrario - ASAJA Palencia<\/title>\n<meta name=\"description\" content=\"Las organizaciones agrarias ASAJA, COAG y UPA se han dirigido al ministro de Agricultura, Luis Planas, para pedir una reuni\u00f3n urgente donde abordar un\" \/>\n<meta name=\"robots\" content=\"index, follow, max-snippet:-1, max-image-preview:large, max-video-preview:-1\" \/>\n<link rel=\"canonical\" href=\"https:\/\/www.asajacyl.com\/palencia\/asaja-palencia-informa\/asaja-coag-y-upa-piden-un-plan-de-choque-urgente-para-el-sector-agrario\" \/>\n<meta property=\"og:locale\" content=\"es_ES\" \/>\n<meta property=\"og:type\" content=\"article\" \/>\n<meta property=\"og:title\" content=\"ASAJA, COAG y UPA piden un plan de choque urgente para el sector agrario - ASAJA Palencia\" \/>\n<meta property=\"og:description\" content=\"Las organizaciones agrarias ASAJA, COAG y UPA se han dirigido al ministro de Agricultura, Luis Planas, para pedir una reuni\u00f3n urgente donde abordar un\" \/>\n<meta property=\"og:url\" content=\"https:\/\/www.asajacyl.com\/palencia\/asaja-palencia-informa\/asaja-coag-y-upa-piden-un-plan-de-choque-urgente-para-el-sector-agrario\" \/>\n<meta property=\"og:site_name\" content=\"ASAJA Palencia\" \/>\n<meta property=\"article:published_time\" content=\"2021-11-14T04:36:00+00:00\" \/>\n<meta property=\"og:image\" content=\"https:\/\/www.asajacyl.com\/palencia\/wp-content\/uploads\/sites\/3\/2021\/11\/INCREMENTO-COSTES.jpg\" \/>\n\t<meta property=\"og:image:width\" content=\"622\" \/>\n\t<meta property=\"og:image:height\" content=\"768\" \/>\n\t<meta property=\"og:image:type\" content=\"image\/jpeg\" \/>\n<meta name=\"author\" content=\"Administrador\" \/>\n<meta name=\"twitter:card\" content=\"summary_large_image\" \/>\n<meta name=\"twitter:label1\" content=\"Escrito por\" \/>\n\t<meta name=\"twitter:data1\" content=\"Administrador\" \/>\n\t<meta name=\"twitter:label2\" content=\"Tiempo de lectura\" \/>\n\t<meta name=\"twitter:data2\" content=\"3 minutos\" \/>\n<script type=\"application\/ld+json\" class=\"yoast-schema-graph\">{\"@context\":\"https:\/\/schema.org\",\"@graph\":[{\"@type\":\"WebPage\",\"@id\":\"https:\/\/www.asajacyl.com\/palencia\/asaja-palencia-informa\/asaja-coag-y-upa-piden-un-plan-de-choque-urgente-para-el-sector-agrario\",\"url\":\"https:\/\/www.asajacyl.com\/palencia\/asaja-palencia-informa\/asaja-coag-y-upa-piden-un-plan-de-choque-urgente-para-el-sector-agrario\",\"name\":\"ASAJA, COAG y UPA piden un plan de choque urgente para el sector agrario - ASAJA Palencia\",\"isPartOf\":{\"@id\":\"https:\/\/www.asajacyl.com\/palencia\/#website\"},\"primaryImageOfPage\":{\"@id\":\"https:\/\/www.asajacyl.com\/palencia\/asaja-palencia-informa\/asaja-coag-y-upa-piden-un-plan-de-choque-urgente-para-el-sector-agrario#primaryimage\"},\"image\":{\"@id\":\"https:\/\/www.asajacyl.com\/palencia\/asaja-palencia-informa\/asaja-coag-y-upa-piden-un-plan-de-choque-urgente-para-el-sector-agrario#primaryimage\"},\"thumbnailUrl\":\"https:\/\/www.asajacyl.com\/palencia\/wp-content\/uploads\/sites\/3\/2021\/11\/INCREMENTO-COSTES.jpg\",\"datePublished\":\"2021-11-14T04:36:00+00:00\",\"author\":{\"@id\":\"https:\/\/www.asajacyl.com\/palencia\/#\/schema\/person\/3ab17aeb03527485c317557fae64aab1\"},\"description\":\"Las organizaciones agrarias ASAJA, COAG y UPA se han dirigido al ministro de Agricultura, Luis Planas, para pedir una reuni\u00f3n urgente donde abordar un\",\"breadcrumb\":{\"@id\":\"https:\/\/www.asajacyl.com\/palencia\/asaja-palencia-informa\/asaja-coag-y-upa-piden-un-plan-de-choque-urgente-para-el-sector-agrario#breadcrumb\"},\"inLanguage\":\"es\",\"potentialAction\":[{\"@type\":\"ReadAction\",\"target\":[\"https:\/\/www.asajacyl.com\/palencia\/asaja-palencia-informa\/asaja-coag-y-upa-piden-un-plan-de-choque-urgente-para-el-sector-agrario\"]}]},{\"@type\":\"ImageObject\",\"inLanguage\":\"es\",\"@id\":\"https:\/\/www.asajacyl.com\/palencia\/asaja-palencia-informa\/asaja-coag-y-upa-piden-un-plan-de-choque-urgente-para-el-sector-agrario#primaryimage\",\"url\":\"https:\/\/www.asajacyl.com\/palencia\/wp-content\/uploads\/sites\/3\/2021\/11\/INCREMENTO-COSTES.jpg\",\"contentUrl\":\"https:\/\/www.asajacyl.com\/palencia\/wp-content\/uploads\/sites\/3\/2021\/11\/INCREMENTO-COSTES.jpg\",\"width\":622,\"height\":768},{\"@type\":\"BreadcrumbList\",\"@id\":\"https:\/\/www.asajacyl.com\/palencia\/asaja-palencia-informa\/asaja-coag-y-upa-piden-un-plan-de-choque-urgente-para-el-sector-agrario#breadcrumb\",\"itemListElement\":[{\"@type\":\"ListItem\",\"position\":1,\"name\":\"Portada\",\"item\":\"https:\/\/www.asajacyl.com\/palencia\/\"},{\"@type\":\"ListItem\",\"position\":2,\"name\":\"ASAJA, COAG y UPA piden un plan de choque urgente para el sector agrario\"}]},{\"@type\":\"WebSite\",\"@id\":\"https:\/\/www.asajacyl.com\/palencia\/#website\",\"url\":\"https:\/\/www.asajacyl.com\/palencia\/\",\"name\":\"ASAJA Palencia\",\"description\":\"Otro sitio m\u00e1s de Provincias ASAJA Castilla y Le\u00f3n\",\"potentialAction\":[{\"@type\":\"SearchAction\",\"target\":{\"@type\":\"EntryPoint\",\"urlTemplate\":\"https:\/\/www.asajacyl.com\/palencia\/?s={search_term_string}\"},\"query-input\":{\"@type\":\"PropertyValueSpecification\",\"valueRequired\":true,\"valueName\":\"search_term_string\"}}],\"inLanguage\":\"es\"},{\"@type\":\"Person\",\"@id\":\"https:\/\/www.asajacyl.com\/palencia\/#\/schema\/person\/3ab17aeb03527485c317557fae64aab1\",\"name\":\"Administrador\",\"image\":{\"@type\":\"ImageObject\",\"inLanguage\":\"es\",\"@id\":\"https:\/\/www.asajacyl.com\/palencia\/#\/schema\/person\/image\/\",\"url\":\"https:\/\/secure.gravatar.com\/avatar\/517384810d242ca9e38c180f3c9fb973?s=96&d=mm&r=g\",\"contentUrl\":\"https:\/\/secure.gravatar.com\/avatar\/517384810d242ca9e38c180f3c9fb973?s=96&d=mm&r=g\",\"caption\":\"Administrador\"},\"url\":\"https:\/\/www.asajacyl.com\/palencia\/author\/carlosrm\"}]}<\/script>\n<!-- \/ Yoast SEO plugin. -->","yoast_head_json":{"title":"ASAJA, COAG y UPA piden un plan de choque urgente para el sector agrario - ASAJA Palencia","description":"Las organizaciones agrarias ASAJA, COAG y UPA se han dirigido al ministro de Agricultura, Luis Planas, para pedir una reuni\u00f3n urgente donde abordar un","robots":{"index":"index","follow":"follow","max-snippet":"max-snippet:-1","max-image-preview":"max-image-preview:large","max-video-preview":"max-video-preview:-1"},"canonical":"https:\/\/www.asajacyl.com\/palencia\/asaja-palencia-informa\/asaja-coag-y-upa-piden-un-plan-de-choque-urgente-para-el-sector-agrario","og_locale":"es_ES","og_type":"article","og_title":"ASAJA, COAG y UPA piden un plan de choque urgente para el sector agrario - ASAJA Palencia","og_description":"Las organizaciones agrarias ASAJA, COAG y UPA se han dirigido al ministro de Agricultura, Luis Planas, para pedir una reuni\u00f3n urgente donde abordar un","og_url":"https:\/\/www.asajacyl.com\/palencia\/asaja-palencia-informa\/asaja-coag-y-upa-piden-un-plan-de-choque-urgente-para-el-sector-agrario","og_site_name":"ASAJA Palencia","article_published_time":"2021-11-14T04:36:00+00:00","og_image":[{"width":622,"height":768,"url":"https:\/\/www.asajacyl.com\/palencia\/wp-content\/uploads\/sites\/3\/2021\/11\/INCREMENTO-COSTES.jpg","type":"image\/jpeg"}],"author":"Administrador","twitter_card":"summary_large_image","twitter_misc":{"Escrito por":"Administrador","Tiempo de lectura":"3 minutos"},"schema":{"@context":"https:\/\/schema.org","@graph":[{"@type":"WebPage","@id":"https:\/\/www.asajacyl.com\/palencia\/asaja-palencia-informa\/asaja-coag-y-upa-piden-un-plan-de-choque-urgente-para-el-sector-agrario","url":"https:\/\/www.asajacyl.com\/palencia\/asaja-palencia-informa\/asaja-coag-y-upa-piden-un-plan-de-choque-urgente-para-el-sector-agrario","name":"ASAJA, COAG y UPA piden un plan de choque urgente para el sector agrario - ASAJA Palencia","isPartOf":{"@id":"https:\/\/www.asajacyl.com\/palencia\/#website"},"primaryImageOfPage":{"@id":"https:\/\/www.asajacyl.com\/palencia\/asaja-palencia-informa\/asaja-coag-y-upa-piden-un-plan-de-choque-urgente-para-el-sector-agrario#primaryimage"},"image":{"@id":"https:\/\/www.asajacyl.com\/palencia\/asaja-palencia-informa\/asaja-coag-y-upa-piden-un-plan-de-choque-urgente-para-el-sector-agrario#primaryimage"},"thumbnailUrl":"https:\/\/www.asajacyl.com\/palencia\/wp-content\/uploads\/sites\/3\/2021\/11\/INCREMENTO-COSTES.jpg","datePublished":"2021-11-14T04:36:00+00:00","author":{"@id":"https:\/\/www.asajacyl.com\/palencia\/#\/schema\/person\/3ab17aeb03527485c317557fae64aab1"},"description":"Las organizaciones agrarias ASAJA, COAG y UPA se han dirigido al ministro de Agricultura, Luis Planas, para pedir una reuni\u00f3n urgente donde abordar un","breadcrumb":{"@id":"https:\/\/www.asajacyl.com\/palencia\/asaja-palencia-informa\/asaja-coag-y-upa-piden-un-plan-de-choque-urgente-para-el-sector-agrario#breadcrumb"},"inLanguage":"es","potentialAction":[{"@type":"ReadAction","target":["https:\/\/www.asajacyl.com\/palencia\/asaja-palencia-informa\/asaja-coag-y-upa-piden-un-plan-de-choque-urgente-para-el-sector-agrario"]}]},{"@type":"ImageObject","inLanguage":"es","@id":"https:\/\/www.asajacyl.com\/palencia\/asaja-palencia-informa\/asaja-coag-y-upa-piden-un-plan-de-choque-urgente-para-el-sector-agrario#primaryimage","url":"https:\/\/www.asajacyl.com\/palencia\/wp-content\/uploads\/sites\/3\/2021\/11\/INCREMENTO-COSTES.jpg","contentUrl":"https:\/\/www.asajacyl.com\/palencia\/wp-content\/uploads\/sites\/3\/2021\/11\/INCREMENTO-COSTES.jpg","width":622,"height":768},{"@type":"BreadcrumbList","@id":"https:\/\/www.asajacyl.com\/palencia\/asaja-palencia-informa\/asaja-coag-y-upa-piden-un-plan-de-choque-urgente-para-el-sector-agrario#breadcrumb","itemListElement":[{"@type":"ListItem","position":1,"name":"Portada","item":"https:\/\/www.asajacyl.com\/palencia\/"},{"@type":"ListItem","position":2,"name":"ASAJA, COAG y UPA piden un plan de choque urgente para el sector agrario"}]},{"@type":"WebSite","@id":"https:\/\/www.asajacyl.com\/palencia\/#website","url":"https:\/\/www.asajacyl.com\/palencia\/","name":"ASAJA Palencia","description":"Otro sitio m\u00e1s de Provincias ASAJA Castilla y Le\u00f3n","potentialAction":[{"@type":"SearchAction","target":{"@type":"EntryPoint","urlTemplate":"https:\/\/www.asajacyl.com\/palencia\/?s={search_term_string}"},"query-input":{"@type":"PropertyValueSpecification","valueRequired":true,"valueName":"search_term_string"}}],"inLanguage":"es"},{"@type":"Person","@id":"https:\/\/www.asajacyl.com\/palencia\/#\/schema\/person\/3ab17aeb03527485c317557fae64aab1","name":"Administrador","image":{"@type":"ImageObject","inLanguage":"es","@id":"https:\/\/www.asajacyl.com\/palencia\/#\/schema\/person\/image\/","url":"https:\/\/secure.gravatar.com\/avatar\/517384810d242ca9e38c180f3c9fb973?s=96&d=mm&r=g","contentUrl":"https:\/\/secure.gravatar.com\/avatar\/517384810d242ca9e38c180f3c9fb973?s=96&d=mm&r=g","caption":"Administrador"},"url":"https:\/\/www.asajacyl.com\/palencia\/author\/carlosrm"}]}},"_links":{"self":[{"href":"https:\/\/www.asajacyl.com\/palencia\/wp-json\/wp\/v2\/posts\/9278"}],"collection":[{"href":"https:\/\/www.asajacyl.com\/palencia\/wp-json\/wp\/v2\/posts"}],"about":[{"href":"https:\/\/www.asajacyl.com\/palencia\/wp-json\/wp\/v2\/types\/post"}],"author":[{"embeddable":true,"href":"https:\/\/www.asajacyl.com\/palencia\/wp-json\/wp\/v2\/users\/9"}],"replies":[{"embeddable":true,"href":"https:\/\/www.asajacyl.com\/palencia\/wp-json\/wp\/v2\/comments?post=9278"}],"version-history":[{"count":2,"href":"https:\/\/www.asajacyl.com\/palencia\/wp-json\/wp\/v2\/posts\/9278\/revisions"}],"predecessor-version":[{"id":9283,"href":"https:\/\/www.asajacyl.com\/palencia\/wp-json\/wp\/v2\/posts\/9278\/revisions\/9283"}],"wp:featuredmedia":[{"embeddable":true,"href":"https:\/\/www.asajacyl.com\/palencia\/wp-json\/wp\/v2\/media\/9279"}],"wp:attachment":[{"href":"https:\/\/www.asajacyl.com\/palencia\/wp-json\/wp\/v2\/media?parent=9278"}],"wp:term":[{"taxonomy":"category","embeddable":true,"href":"https:\/\/www.asajacyl.com\/palencia\/wp-json\/wp\/v2\/categories?post=9278"},{"taxonomy":"post_tag","embeddable":true,"href":"https:\/\/www.asajacyl.com\/palencia\/wp-json\/wp\/v2\/tags?post=9278"}],"curies":[{"name":"wp","href":"https:\/\/api.w.org\/{rel}","templated":true}]}}