{"id":9299,"date":"2021-11-23T16:05:00","date_gmt":"2021-11-23T15:05:00","guid":{"rendered":"https:\/\/www.asajacyl.com\/palencia\/?p=9299"},"modified":"2021-11-23T07:22:53","modified_gmt":"2021-11-23T06:22:53","slug":"inscrito-el-convenio-de-trabajos-agropecuarios-de-palencia","status":"publish","type":"post","link":"https:\/\/www.asajacyl.com\/palencia\/asaja-palencia-informa\/inscrito-el-convenio-de-trabajos-agropecuarios-de-palencia","title":{"rendered":"Inscrito el convenio de Trabajos Agropecuarios de Palencia"},"content":{"rendered":"\n<p>Recientemente se ha reunido la Comisi\u00f3n Negociadora del convenio colectivo de trabajo para el sector de trabajos agropecuarios  de la provincia de Palencia.<\/p>\n\n\n\n<p>En dicha reuni\u00f3n se han aprobado las tablas salariales para los a\u00f1os 2021 a 2024, que ya han sido publicadas en el Bolet\u00edn Oficial de la Provincia de Palencia, como es preceptivo:<\/p>\n\n\n\n<div class=\"wp-block-image\"><figure class=\"aligncenter size-large is-resized\"><img loading=\"lazy\" decoding=\"async\" src=\"https:\/\/www.asajacyl.com\/palencia\/wp-content\/uploads\/sites\/3\/2021\/11\/image-1.png\" alt=\"\" class=\"wp-image-9316\" width=\"868\" height=\"633\" srcset=\"https:\/\/www.asajacyl.com\/palencia\/wp-content\/uploads\/sites\/3\/2021\/11\/image-1.png 596w, https:\/\/www.asajacyl.com\/palencia\/wp-content\/uploads\/sites\/3\/2021\/11\/image-1-300x218.png 300w, https:\/\/www.asajacyl.com\/palencia\/wp-content\/uploads\/sites\/3\/2021\/11\/image-1-577x420.png 577w, https:\/\/www.asajacyl.com\/palencia\/wp-content\/uploads\/sites\/3\/2021\/11\/image-1-324x235.png 324w\" sizes=\"(max-width: 868px) 100vw, 868px\" \/><\/figure><\/div>\n\n\n\n<div class=\"wp-block-image\"><figure class=\"aligncenter size-large is-resized\"><img loading=\"lazy\" decoding=\"async\" src=\"https:\/\/www.asajacyl.com\/palencia\/wp-content\/uploads\/sites\/3\/2021\/11\/image-2.png\" alt=\"\" class=\"wp-image-9317\" width=\"856\" height=\"950\" srcset=\"https:\/\/www.asajacyl.com\/palencia\/wp-content\/uploads\/sites\/3\/2021\/11\/image-2.png 595w, https:\/\/www.asajacyl.com\/palencia\/wp-content\/uploads\/sites\/3\/2021\/11\/image-2-270x300.png 270w, https:\/\/www.asajacyl.com\/palencia\/wp-content\/uploads\/sites\/3\/2021\/11\/image-2-379x420.png 379w\" sizes=\"(max-width: 856px) 100vw, 856px\" \/><\/figure><\/div>\n","protected":false},"excerpt":{"rendered":"<p>Recientemente se ha reunido la Comisi\u00f3n Negociadora del convenio colectivo de trabajo para el sector de trabajos agropecuarios de la provincia de Palencia. En dicha reuni\u00f3n se han aprobado las tablas salariales para los a\u00f1os 2021 a 2024, que ya han sido publicadas en el Bolet\u00edn Oficial de la Provincia de Palencia, como es preceptivo:<\/p>\n","protected":false},"author":9,"featured_media":9312,"comment_status":"open","ping_status":"open","sticky":false,"template":"","format":"standard","meta":{"footnotes":""},"categories":[9,29,28],"tags":[],"yoast_head":"<!-- This site is optimized with the Yoast SEO plugin v24.5 - https:\/\/yoast.com\/wordpress\/plugins\/seo\/ -->\n<title>Inscrito el convenio de Trabajos Agropecuarios de Palencia - ASAJA Palencia<\/title>\n<meta name=\"description\" content=\"Recientemente se ha reunido la Comisi\u00f3n Negociadora del convenio colectivo de trabajo para el sector de trabajos agropecuarios de la provincia de\" \/>\n<meta name=\"robots\" content=\"index, follow, max-snippet:-1, max-image-preview:large, max-video-preview:-1\" \/>\n<link rel=\"canonical\" href=\"https:\/\/www.asajacyl.com\/palencia\/asaja-palencia-informa\/inscrito-el-convenio-de-trabajos-agropecuarios-de-palencia\" \/>\n<meta property=\"og:locale\" content=\"es_ES\" \/>\n<meta property=\"og:type\" content=\"article\" \/>\n<meta property=\"og:title\" content=\"Inscrito el convenio de Trabajos Agropecuarios de Palencia - ASAJA Palencia\" \/>\n<meta property=\"og:description\" content=\"Recientemente se ha reunido la Comisi\u00f3n Negociadora del convenio colectivo de trabajo para el sector de trabajos agropecuarios de la provincia de\" \/>\n<meta property=\"og:url\" content=\"https:\/\/www.asajacyl.com\/palencia\/asaja-palencia-informa\/inscrito-el-convenio-de-trabajos-agropecuarios-de-palencia\" \/>\n<meta property=\"og:site_name\" content=\"ASAJA Palencia\" \/>\n<meta property=\"article:published_time\" content=\"2021-11-23T15:05:00+00:00\" \/>\n<meta property=\"og:image\" content=\"https:\/\/www.asajacyl.com\/palencia\/wp-content\/uploads\/sites\/3\/2021\/11\/PHOTO-2021-11-16-20-21-12.jpg\" \/>\n\t<meta property=\"og:image:width\" content=\"1083\" \/>\n\t<meta property=\"og:image:height\" content=\"607\" \/>\n\t<meta property=\"og:image:type\" content=\"image\/jpeg\" \/>\n<meta name=\"author\" content=\"Administrador\" \/>\n<meta name=\"twitter:card\" content=\"summary_large_image\" \/>\n<meta name=\"twitter:label1\" content=\"Escrito por\" \/>\n\t<meta name=\"twitter:data1\" content=\"Administrador\" \/>\n\t<meta name=\"twitter:label2\" content=\"Tiempo de lectura\" \/>\n\t<meta name=\"twitter:data2\" content=\"1 minuto\" \/>\n<script type=\"application\/ld+json\" class=\"yoast-schema-graph\">{\"@context\":\"https:\/\/schema.org\",\"@graph\":[{\"@type\":\"WebPage\",\"@id\":\"https:\/\/www.asajacyl.com\/palencia\/asaja-palencia-informa\/inscrito-el-convenio-de-trabajos-agropecuarios-de-palencia\",\"url\":\"https:\/\/www.asajacyl.com\/palencia\/asaja-palencia-informa\/inscrito-el-convenio-de-trabajos-agropecuarios-de-palencia\",\"name\":\"Inscrito el convenio de Trabajos Agropecuarios de Palencia - ASAJA Palencia\",\"isPartOf\":{\"@id\":\"https:\/\/www.asajacyl.com\/palencia\/#website\"},\"primaryImageOfPage\":{\"@id\":\"https:\/\/www.asajacyl.com\/palencia\/asaja-palencia-informa\/inscrito-el-convenio-de-trabajos-agropecuarios-de-palencia#primaryimage\"},\"image\":{\"@id\":\"https:\/\/www.asajacyl.com\/palencia\/asaja-palencia-informa\/inscrito-el-convenio-de-trabajos-agropecuarios-de-palencia#primaryimage\"},\"thumbnailUrl\":\"https:\/\/www.asajacyl.com\/palencia\/wp-content\/uploads\/sites\/3\/2021\/11\/PHOTO-2021-11-16-20-21-12.jpg\",\"datePublished\":\"2021-11-23T15:05:00+00:00\",\"author\":{\"@id\":\"https:\/\/www.asajacyl.com\/palencia\/#\/schema\/person\/3ab17aeb03527485c317557fae64aab1\"},\"description\":\"Recientemente se ha reunido la Comisi\u00f3n Negociadora del convenio colectivo de trabajo para el sector de trabajos agropecuarios de la provincia de\",\"breadcrumb\":{\"@id\":\"https:\/\/www.asajacyl.com\/palencia\/asaja-palencia-informa\/inscrito-el-convenio-de-trabajos-agropecuarios-de-palencia#breadcrumb\"},\"inLanguage\":\"es\",\"potentialAction\":[{\"@type\":\"ReadAction\",\"target\":[\"https:\/\/www.asajacyl.com\/palencia\/asaja-palencia-informa\/inscrito-el-convenio-de-trabajos-agropecuarios-de-palencia\"]}]},{\"@type\":\"ImageObject\",\"inLanguage\":\"es\",\"@id\":\"https:\/\/www.asajacyl.com\/palencia\/asaja-palencia-informa\/inscrito-el-convenio-de-trabajos-agropecuarios-de-palencia#primaryimage\",\"url\":\"https:\/\/www.asajacyl.com\/palencia\/wp-content\/uploads\/sites\/3\/2021\/11\/PHOTO-2021-11-16-20-21-12.jpg\",\"contentUrl\":\"https:\/\/www.asajacyl.com\/palencia\/wp-content\/uploads\/sites\/3\/2021\/11\/PHOTO-2021-11-16-20-21-12.jpg\",\"width\":1083,\"height\":607},{\"@type\":\"BreadcrumbList\",\"@id\":\"https:\/\/www.asajacyl.com\/palencia\/asaja-palencia-informa\/inscrito-el-convenio-de-trabajos-agropecuarios-de-palencia#breadcrumb\",\"itemListElement\":[{\"@type\":\"ListItem\",\"position\":1,\"name\":\"Portada\",\"item\":\"https:\/\/www.asajacyl.com\/palencia\/\"},{\"@type\":\"ListItem\",\"position\":2,\"name\":\"Inscrito el convenio de Trabajos Agropecuarios de Palencia\"}]},{\"@type\":\"WebSite\",\"@id\":\"https:\/\/www.asajacyl.com\/palencia\/#website\",\"url\":\"https:\/\/www.asajacyl.com\/palencia\/\",\"name\":\"ASAJA Palencia\",\"description\":\"Otro sitio m\u00e1s de Provincias ASAJA Castilla y Le\u00f3n\",\"potentialAction\":[{\"@type\":\"SearchAction\",\"target\":{\"@type\":\"EntryPoint\",\"urlTemplate\":\"https:\/\/www.asajacyl.com\/palencia\/?s={search_term_string}\"},\"query-input\":{\"@type\":\"PropertyValueSpecification\",\"valueRequired\":true,\"valueName\":\"search_term_string\"}}],\"inLanguage\":\"es\"},{\"@type\":\"Person\",\"@id\":\"https:\/\/www.asajacyl.com\/palencia\/#\/schema\/person\/3ab17aeb03527485c317557fae64aab1\",\"name\":\"Administrador\",\"image\":{\"@type\":\"ImageObject\",\"inLanguage\":\"es\",\"@id\":\"https:\/\/www.asajacyl.com\/palencia\/#\/schema\/person\/image\/\",\"url\":\"https:\/\/secure.gravatar.com\/avatar\/517384810d242ca9e38c180f3c9fb973?s=96&d=mm&r=g\",\"contentUrl\":\"https:\/\/secure.gravatar.com\/avatar\/517384810d242ca9e38c180f3c9fb973?s=96&d=mm&r=g\",\"caption\":\"Administrador\"},\"url\":\"https:\/\/www.asajacyl.com\/palencia\/author\/carlosrm\"}]}<\/script>\n<!-- \/ Yoast SEO plugin. -->","yoast_head_json":{"title":"Inscrito el convenio de Trabajos Agropecuarios de Palencia - ASAJA Palencia","description":"Recientemente se ha reunido la Comisi\u00f3n Negociadora del convenio colectivo de trabajo para el sector de trabajos agropecuarios de la provincia de","robots":{"index":"index","follow":"follow","max-snippet":"max-snippet:-1","max-image-preview":"max-image-preview:large","max-video-preview":"max-video-preview:-1"},"canonical":"https:\/\/www.asajacyl.com\/palencia\/asaja-palencia-informa\/inscrito-el-convenio-de-trabajos-agropecuarios-de-palencia","og_locale":"es_ES","og_type":"article","og_title":"Inscrito el convenio de Trabajos Agropecuarios de Palencia - ASAJA Palencia","og_description":"Recientemente se ha reunido la Comisi\u00f3n Negociadora del convenio colectivo de trabajo para el sector de trabajos agropecuarios de la provincia de","og_url":"https:\/\/www.asajacyl.com\/palencia\/asaja-palencia-informa\/inscrito-el-convenio-de-trabajos-agropecuarios-de-palencia","og_site_name":"ASAJA Palencia","article_published_time":"2021-11-23T15:05:00+00:00","og_image":[{"width":1083,"height":607,"url":"https:\/\/www.asajacyl.com\/palencia\/wp-content\/uploads\/sites\/3\/2021\/11\/PHOTO-2021-11-16-20-21-12.jpg","type":"image\/jpeg"}],"author":"Administrador","twitter_card":"summary_large_image","twitter_misc":{"Escrito por":"Administrador","Tiempo de lectura":"1 minuto"},"schema":{"@context":"https:\/\/schema.org","@graph":[{"@type":"WebPage","@id":"https:\/\/www.asajacyl.com\/palencia\/asaja-palencia-informa\/inscrito-el-convenio-de-trabajos-agropecuarios-de-palencia","url":"https:\/\/www.asajacyl.com\/palencia\/asaja-palencia-informa\/inscrito-el-convenio-de-trabajos-agropecuarios-de-palencia","name":"Inscrito el convenio de Trabajos Agropecuarios de Palencia - ASAJA Palencia","isPartOf":{"@id":"https:\/\/www.asajacyl.com\/palencia\/#website"},"primaryImageOfPage":{"@id":"https:\/\/www.asajacyl.com\/palencia\/asaja-palencia-informa\/inscrito-el-convenio-de-trabajos-agropecuarios-de-palencia#primaryimage"},"image":{"@id":"https:\/\/www.asajacyl.com\/palencia\/asaja-palencia-informa\/inscrito-el-convenio-de-trabajos-agropecuarios-de-palencia#primaryimage"},"thumbnailUrl":"https:\/\/www.asajacyl.com\/palencia\/wp-content\/uploads\/sites\/3\/2021\/11\/PHOTO-2021-11-16-20-21-12.jpg","datePublished":"2021-11-23T15:05:00+00:00","author":{"@id":"https:\/\/www.asajacyl.com\/palencia\/#\/schema\/person\/3ab17aeb03527485c317557fae64aab1"},"description":"Recientemente se ha reunido la Comisi\u00f3n Negociadora del convenio colectivo de trabajo para el sector de trabajos agropecuarios de la provincia de","breadcrumb":{"@id":"https:\/\/www.asajacyl.com\/palencia\/asaja-palencia-informa\/inscrito-el-convenio-de-trabajos-agropecuarios-de-palencia#breadcrumb"},"inLanguage":"es","potentialAction":[{"@type":"ReadAction","target":["https:\/\/www.asajacyl.com\/palencia\/asaja-palencia-informa\/inscrito-el-convenio-de-trabajos-agropecuarios-de-palencia"]}]},{"@type":"ImageObject","inLanguage":"es","@id":"https:\/\/www.asajacyl.com\/palencia\/asaja-palencia-informa\/inscrito-el-convenio-de-trabajos-agropecuarios-de-palencia#primaryimage","url":"https:\/\/www.asajacyl.com\/palencia\/wp-content\/uploads\/sites\/3\/2021\/11\/PHOTO-2021-11-16-20-21-12.jpg","contentUrl":"https:\/\/www.asajacyl.com\/palencia\/wp-content\/uploads\/sites\/3\/2021\/11\/PHOTO-2021-11-16-20-21-12.jpg","width":1083,"height":607},{"@type":"BreadcrumbList","@id":"https:\/\/www.asajacyl.com\/palencia\/asaja-palencia-informa\/inscrito-el-convenio-de-trabajos-agropecuarios-de-palencia#breadcrumb","itemListElement":[{"@type":"ListItem","position":1,"name":"Portada","item":"https:\/\/www.asajacyl.com\/palencia\/"},{"@type":"ListItem","position":2,"name":"Inscrito el convenio de Trabajos Agropecuarios de Palencia"}]},{"@type":"WebSite","@id":"https:\/\/www.asajacyl.com\/palencia\/#website","url":"https:\/\/www.asajacyl.com\/palencia\/","name":"ASAJA Palencia","description":"Otro sitio m\u00e1s de Provincias ASAJA Castilla y Le\u00f3n","potentialAction":[{"@type":"SearchAction","target":{"@type":"EntryPoint","urlTemplate":"https:\/\/www.asajacyl.com\/palencia\/?s={search_term_string}"},"query-input":{"@type":"PropertyValueSpecification","valueRequired":true,"valueName":"search_term_string"}}],"inLanguage":"es"},{"@type":"Person","@id":"https:\/\/www.asajacyl.com\/palencia\/#\/schema\/person\/3ab17aeb03527485c317557fae64aab1","name":"Administrador","image":{"@type":"ImageObject","inLanguage":"es","@id":"https:\/\/www.asajacyl.com\/palencia\/#\/schema\/person\/image\/","url":"https:\/\/secure.gravatar.com\/avatar\/517384810d242ca9e38c180f3c9fb973?s=96&d=mm&r=g","contentUrl":"https:\/\/secure.gravatar.com\/avatar\/517384810d242ca9e38c180f3c9fb973?s=96&d=mm&r=g","caption":"Administrador"},"url":"https:\/\/www.asajacyl.com\/palencia\/author\/carlosrm"}]}},"_links":{"self":[{"href":"https:\/\/www.asajacyl.com\/palencia\/wp-json\/wp\/v2\/posts\/9299"}],"collection":[{"href":"https:\/\/www.asajacyl.com\/palencia\/wp-json\/wp\/v2\/posts"}],"about":[{"href":"https:\/\/www.asajacyl.com\/palencia\/wp-json\/wp\/v2\/types\/post"}],"author":[{"embeddable":true,"href":"https:\/\/www.asajacyl.com\/palencia\/wp-json\/wp\/v2\/users\/9"}],"replies":[{"embeddable":true,"href":"https:\/\/www.asajacyl.com\/palencia\/wp-json\/wp\/v2\/comments?post=9299"}],"version-history":[{"count":1,"href":"https:\/\/www.asajacyl.com\/palencia\/wp-json\/wp\/v2\/posts\/9299\/revisions"}],"predecessor-version":[{"id":9318,"href":"https:\/\/www.asajacyl.com\/palencia\/wp-json\/wp\/v2\/posts\/9299\/revisions\/9318"}],"wp:featuredmedia":[{"embeddable":true,"href":"https:\/\/www.asajacyl.com\/palencia\/wp-json\/wp\/v2\/media\/9312"}],"wp:attachment":[{"href":"https:\/\/www.asajacyl.com\/palencia\/wp-json\/wp\/v2\/media?parent=9299"}],"wp:term":[{"taxonomy":"category","embeddable":true,"href":"https:\/\/www.asajacyl.com\/palencia\/wp-json\/wp\/v2\/categories?post=9299"},{"taxonomy":"post_tag","embeddable":true,"href":"https:\/\/www.asajacyl.com\/palencia\/wp-json\/wp\/v2\/tags?post=9299"}],"curies":[{"name":"wp","href":"https:\/\/api.w.org\/{rel}","templated":true}]}}