{"id":9300,"date":"2021-11-20T09:49:00","date_gmt":"2021-11-20T08:49:00","guid":{"rendered":"https:\/\/www.asajacyl.com\/palencia\/?p=9300"},"modified":"2021-11-16T09:59:57","modified_gmt":"2021-11-16T08:59:57","slug":"la-remolacha-es-el-cultivo-que-mas-carbono-fija","status":"publish","type":"post","link":"https:\/\/www.asajacyl.com\/palencia\/asaja-palencia-informa\/la-remolacha-es-el-cultivo-que-mas-carbono-fija","title":{"rendered":"La remolacha es el cultivo que m\u00e1s carbono fija"},"content":{"rendered":"\n<p>\u00c9ste es el resultado de un estudio realizado por el ITACYL, el cual revela que la remolacha es el cultivo n\u00famero uno en la fijaci\u00f3n de CO<sub>2<\/sub> por hect\u00e1rea, concretamente 46,4 toneladas, excluyendo las emisiones producidas en todas las fases cultivo, desde la preparaci\u00f3n del terreno hasta la cosecha, y en la transformaci\u00f3n industrial azucarera.<\/p>\n\n\n\n<p>Viene esto a demostrar la importancia de la agricultura en la lucha contra las emisiones de di\u00f3xido de carbono a la atm\u00f3sfera. Conviene recordar que el papel de la agricultura no s\u00f3lo es producir alimentos, sino que tambi\u00e9n es el principal valedor del mundo rural juntamente con la ganader\u00eda.<\/p>\n\n\n\n<figure class=\"wp-block-image size-large\"><img loading=\"lazy\" decoding=\"async\" width=\"1024\" height=\"652\" src=\"https:\/\/www.asajacyl.com\/palencia\/wp-content\/uploads\/sites\/3\/2019\/01\/remolacha1-VALL-1024x652.jpg\" alt=\"\" class=\"wp-image-5807\" srcset=\"https:\/\/www.asajacyl.com\/palencia\/wp-content\/uploads\/sites\/3\/2019\/01\/remolacha1-VALL-1024x652.jpg 1024w, https:\/\/www.asajacyl.com\/palencia\/wp-content\/uploads\/sites\/3\/2019\/01\/remolacha1-VALL-300x191.jpg 300w, https:\/\/www.asajacyl.com\/palencia\/wp-content\/uploads\/sites\/3\/2019\/01\/remolacha1-VALL-768x489.jpg 768w, https:\/\/www.asajacyl.com\/palencia\/wp-content\/uploads\/sites\/3\/2019\/01\/remolacha1-VALL-696x443.jpg 696w, https:\/\/www.asajacyl.com\/palencia\/wp-content\/uploads\/sites\/3\/2019\/01\/remolacha1-VALL-1068x680.jpg 1068w, https:\/\/www.asajacyl.com\/palencia\/wp-content\/uploads\/sites\/3\/2019\/01\/remolacha1-VALL-660x420.jpg 660w, https:\/\/www.asajacyl.com\/palencia\/wp-content\/uploads\/sites\/3\/2019\/01\/remolacha1-VALL.jpg 1213w\" sizes=\"(max-width: 1024px) 100vw, 1024px\" \/><\/figure>\n","protected":false},"excerpt":{"rendered":"<p>\u00c9ste es el resultado de un estudio realizado por el ITACYL, el cual revela que la remolacha es el cultivo n\u00famero uno en la fijaci\u00f3n de CO2 por hect\u00e1rea, concretamente 46,4 toneladas, excluyendo las emisiones producidas en todas las fases cultivo, desde la preparaci\u00f3n del terreno hasta la cosecha, y en la transformaci\u00f3n industrial azucarera. [&hellip;]<\/p>\n","protected":false},"author":9,"featured_media":5807,"comment_status":"open","ping_status":"open","sticky":false,"template":"","format":"standard","meta":{"footnotes":""},"categories":[9,29,28],"tags":[],"yoast_head":"<!-- This site is optimized with the Yoast SEO plugin v24.5 - https:\/\/yoast.com\/wordpress\/plugins\/seo\/ -->\n<title>La remolacha es el cultivo que m\u00e1s carbono fija - ASAJA Palencia<\/title>\n<meta name=\"description\" content=\"\u00c9ste es el resultado de un estudio realizado por el ITACYL, el cual revela que la remolacha es el cultivo n\u00famero uno en la fijaci\u00f3n de CO2 por hect\u00e1rea,\" \/>\n<meta name=\"robots\" content=\"index, follow, max-snippet:-1, max-image-preview:large, max-video-preview:-1\" \/>\n<link rel=\"canonical\" href=\"https:\/\/www.asajacyl.com\/palencia\/asaja-palencia-informa\/la-remolacha-es-el-cultivo-que-mas-carbono-fija\" \/>\n<meta property=\"og:locale\" content=\"es_ES\" \/>\n<meta property=\"og:type\" content=\"article\" \/>\n<meta property=\"og:title\" content=\"La remolacha es el cultivo que m\u00e1s carbono fija - ASAJA Palencia\" \/>\n<meta property=\"og:description\" content=\"\u00c9ste es el resultado de un estudio realizado por el ITACYL, el cual revela que la remolacha es el cultivo n\u00famero uno en la fijaci\u00f3n de CO2 por hect\u00e1rea,\" \/>\n<meta property=\"og:url\" content=\"https:\/\/www.asajacyl.com\/palencia\/asaja-palencia-informa\/la-remolacha-es-el-cultivo-que-mas-carbono-fija\" \/>\n<meta property=\"og:site_name\" content=\"ASAJA Palencia\" \/>\n<meta property=\"article:published_time\" content=\"2021-11-20T08:49:00+00:00\" \/>\n<meta property=\"og:image\" content=\"https:\/\/www.asajacyl.com\/palencia\/wp-content\/uploads\/sites\/3\/2019\/01\/remolacha1-VALL.jpg\" \/>\n\t<meta property=\"og:image:width\" content=\"1213\" \/>\n\t<meta property=\"og:image:height\" content=\"772\" \/>\n\t<meta property=\"og:image:type\" content=\"image\/jpeg\" \/>\n<meta name=\"author\" content=\"Administrador\" \/>\n<meta name=\"twitter:card\" content=\"summary_large_image\" \/>\n<meta name=\"twitter:label1\" content=\"Escrito por\" \/>\n\t<meta name=\"twitter:data1\" content=\"Administrador\" \/>\n\t<meta name=\"twitter:label2\" content=\"Tiempo de lectura\" \/>\n\t<meta name=\"twitter:data2\" content=\"1 minuto\" \/>\n<script type=\"application\/ld+json\" class=\"yoast-schema-graph\">{\"@context\":\"https:\/\/schema.org\",\"@graph\":[{\"@type\":\"WebPage\",\"@id\":\"https:\/\/www.asajacyl.com\/palencia\/asaja-palencia-informa\/la-remolacha-es-el-cultivo-que-mas-carbono-fija\",\"url\":\"https:\/\/www.asajacyl.com\/palencia\/asaja-palencia-informa\/la-remolacha-es-el-cultivo-que-mas-carbono-fija\",\"name\":\"La remolacha es el cultivo que m\u00e1s carbono fija - ASAJA Palencia\",\"isPartOf\":{\"@id\":\"https:\/\/www.asajacyl.com\/palencia\/#website\"},\"primaryImageOfPage\":{\"@id\":\"https:\/\/www.asajacyl.com\/palencia\/asaja-palencia-informa\/la-remolacha-es-el-cultivo-que-mas-carbono-fija#primaryimage\"},\"image\":{\"@id\":\"https:\/\/www.asajacyl.com\/palencia\/asaja-palencia-informa\/la-remolacha-es-el-cultivo-que-mas-carbono-fija#primaryimage\"},\"thumbnailUrl\":\"https:\/\/www.asajacyl.com\/palencia\/wp-content\/uploads\/sites\/3\/2019\/01\/remolacha1-VALL.jpg\",\"datePublished\":\"2021-11-20T08:49:00+00:00\",\"author\":{\"@id\":\"https:\/\/www.asajacyl.com\/palencia\/#\/schema\/person\/3ab17aeb03527485c317557fae64aab1\"},\"description\":\"\u00c9ste es el resultado de un estudio realizado por el ITACYL, el cual revela que la remolacha es el cultivo n\u00famero uno en la fijaci\u00f3n de CO2 por hect\u00e1rea,\",\"breadcrumb\":{\"@id\":\"https:\/\/www.asajacyl.com\/palencia\/asaja-palencia-informa\/la-remolacha-es-el-cultivo-que-mas-carbono-fija#breadcrumb\"},\"inLanguage\":\"es\",\"potentialAction\":[{\"@type\":\"ReadAction\",\"target\":[\"https:\/\/www.asajacyl.com\/palencia\/asaja-palencia-informa\/la-remolacha-es-el-cultivo-que-mas-carbono-fija\"]}]},{\"@type\":\"ImageObject\",\"inLanguage\":\"es\",\"@id\":\"https:\/\/www.asajacyl.com\/palencia\/asaja-palencia-informa\/la-remolacha-es-el-cultivo-que-mas-carbono-fija#primaryimage\",\"url\":\"https:\/\/www.asajacyl.com\/palencia\/wp-content\/uploads\/sites\/3\/2019\/01\/remolacha1-VALL.jpg\",\"contentUrl\":\"https:\/\/www.asajacyl.com\/palencia\/wp-content\/uploads\/sites\/3\/2019\/01\/remolacha1-VALL.jpg\",\"width\":1213,\"height\":772},{\"@type\":\"BreadcrumbList\",\"@id\":\"https:\/\/www.asajacyl.com\/palencia\/asaja-palencia-informa\/la-remolacha-es-el-cultivo-que-mas-carbono-fija#breadcrumb\",\"itemListElement\":[{\"@type\":\"ListItem\",\"position\":1,\"name\":\"Portada\",\"item\":\"https:\/\/www.asajacyl.com\/palencia\/\"},{\"@type\":\"ListItem\",\"position\":2,\"name\":\"La remolacha es el cultivo que m\u00e1s carbono fija\"}]},{\"@type\":\"WebSite\",\"@id\":\"https:\/\/www.asajacyl.com\/palencia\/#website\",\"url\":\"https:\/\/www.asajacyl.com\/palencia\/\",\"name\":\"ASAJA Palencia\",\"description\":\"Otro sitio m\u00e1s de Provincias ASAJA Castilla y Le\u00f3n\",\"potentialAction\":[{\"@type\":\"SearchAction\",\"target\":{\"@type\":\"EntryPoint\",\"urlTemplate\":\"https:\/\/www.asajacyl.com\/palencia\/?s={search_term_string}\"},\"query-input\":{\"@type\":\"PropertyValueSpecification\",\"valueRequired\":true,\"valueName\":\"search_term_string\"}}],\"inLanguage\":\"es\"},{\"@type\":\"Person\",\"@id\":\"https:\/\/www.asajacyl.com\/palencia\/#\/schema\/person\/3ab17aeb03527485c317557fae64aab1\",\"name\":\"Administrador\",\"image\":{\"@type\":\"ImageObject\",\"inLanguage\":\"es\",\"@id\":\"https:\/\/www.asajacyl.com\/palencia\/#\/schema\/person\/image\/\",\"url\":\"https:\/\/secure.gravatar.com\/avatar\/517384810d242ca9e38c180f3c9fb973?s=96&d=mm&r=g\",\"contentUrl\":\"https:\/\/secure.gravatar.com\/avatar\/517384810d242ca9e38c180f3c9fb973?s=96&d=mm&r=g\",\"caption\":\"Administrador\"},\"url\":\"https:\/\/www.asajacyl.com\/palencia\/author\/carlosrm\"}]}<\/script>\n<!-- \/ Yoast SEO plugin. -->","yoast_head_json":{"title":"La remolacha es el cultivo que m\u00e1s carbono fija - ASAJA Palencia","description":"\u00c9ste es el resultado de un estudio realizado por el ITACYL, el cual revela que la remolacha es el cultivo n\u00famero uno en la fijaci\u00f3n de CO2 por hect\u00e1rea,","robots":{"index":"index","follow":"follow","max-snippet":"max-snippet:-1","max-image-preview":"max-image-preview:large","max-video-preview":"max-video-preview:-1"},"canonical":"https:\/\/www.asajacyl.com\/palencia\/asaja-palencia-informa\/la-remolacha-es-el-cultivo-que-mas-carbono-fija","og_locale":"es_ES","og_type":"article","og_title":"La remolacha es el cultivo que m\u00e1s carbono fija - ASAJA Palencia","og_description":"\u00c9ste es el resultado de un estudio realizado por el ITACYL, el cual revela que la remolacha es el cultivo n\u00famero uno en la fijaci\u00f3n de CO2 por hect\u00e1rea,","og_url":"https:\/\/www.asajacyl.com\/palencia\/asaja-palencia-informa\/la-remolacha-es-el-cultivo-que-mas-carbono-fija","og_site_name":"ASAJA Palencia","article_published_time":"2021-11-20T08:49:00+00:00","og_image":[{"width":1213,"height":772,"url":"https:\/\/www.asajacyl.com\/palencia\/wp-content\/uploads\/sites\/3\/2019\/01\/remolacha1-VALL.jpg","type":"image\/jpeg"}],"author":"Administrador","twitter_card":"summary_large_image","twitter_misc":{"Escrito por":"Administrador","Tiempo de lectura":"1 minuto"},"schema":{"@context":"https:\/\/schema.org","@graph":[{"@type":"WebPage","@id":"https:\/\/www.asajacyl.com\/palencia\/asaja-palencia-informa\/la-remolacha-es-el-cultivo-que-mas-carbono-fija","url":"https:\/\/www.asajacyl.com\/palencia\/asaja-palencia-informa\/la-remolacha-es-el-cultivo-que-mas-carbono-fija","name":"La remolacha es el cultivo que m\u00e1s carbono fija - ASAJA Palencia","isPartOf":{"@id":"https:\/\/www.asajacyl.com\/palencia\/#website"},"primaryImageOfPage":{"@id":"https:\/\/www.asajacyl.com\/palencia\/asaja-palencia-informa\/la-remolacha-es-el-cultivo-que-mas-carbono-fija#primaryimage"},"image":{"@id":"https:\/\/www.asajacyl.com\/palencia\/asaja-palencia-informa\/la-remolacha-es-el-cultivo-que-mas-carbono-fija#primaryimage"},"thumbnailUrl":"https:\/\/www.asajacyl.com\/palencia\/wp-content\/uploads\/sites\/3\/2019\/01\/remolacha1-VALL.jpg","datePublished":"2021-11-20T08:49:00+00:00","author":{"@id":"https:\/\/www.asajacyl.com\/palencia\/#\/schema\/person\/3ab17aeb03527485c317557fae64aab1"},"description":"\u00c9ste es el resultado de un estudio realizado por el ITACYL, el cual revela que la remolacha es el cultivo n\u00famero uno en la fijaci\u00f3n de CO2 por hect\u00e1rea,","breadcrumb":{"@id":"https:\/\/www.asajacyl.com\/palencia\/asaja-palencia-informa\/la-remolacha-es-el-cultivo-que-mas-carbono-fija#breadcrumb"},"inLanguage":"es","potentialAction":[{"@type":"ReadAction","target":["https:\/\/www.asajacyl.com\/palencia\/asaja-palencia-informa\/la-remolacha-es-el-cultivo-que-mas-carbono-fija"]}]},{"@type":"ImageObject","inLanguage":"es","@id":"https:\/\/www.asajacyl.com\/palencia\/asaja-palencia-informa\/la-remolacha-es-el-cultivo-que-mas-carbono-fija#primaryimage","url":"https:\/\/www.asajacyl.com\/palencia\/wp-content\/uploads\/sites\/3\/2019\/01\/remolacha1-VALL.jpg","contentUrl":"https:\/\/www.asajacyl.com\/palencia\/wp-content\/uploads\/sites\/3\/2019\/01\/remolacha1-VALL.jpg","width":1213,"height":772},{"@type":"BreadcrumbList","@id":"https:\/\/www.asajacyl.com\/palencia\/asaja-palencia-informa\/la-remolacha-es-el-cultivo-que-mas-carbono-fija#breadcrumb","itemListElement":[{"@type":"ListItem","position":1,"name":"Portada","item":"https:\/\/www.asajacyl.com\/palencia\/"},{"@type":"ListItem","position":2,"name":"La remolacha es el cultivo que m\u00e1s carbono fija"}]},{"@type":"WebSite","@id":"https:\/\/www.asajacyl.com\/palencia\/#website","url":"https:\/\/www.asajacyl.com\/palencia\/","name":"ASAJA Palencia","description":"Otro sitio m\u00e1s de Provincias ASAJA Castilla y Le\u00f3n","potentialAction":[{"@type":"SearchAction","target":{"@type":"EntryPoint","urlTemplate":"https:\/\/www.asajacyl.com\/palencia\/?s={search_term_string}"},"query-input":{"@type":"PropertyValueSpecification","valueRequired":true,"valueName":"search_term_string"}}],"inLanguage":"es"},{"@type":"Person","@id":"https:\/\/www.asajacyl.com\/palencia\/#\/schema\/person\/3ab17aeb03527485c317557fae64aab1","name":"Administrador","image":{"@type":"ImageObject","inLanguage":"es","@id":"https:\/\/www.asajacyl.com\/palencia\/#\/schema\/person\/image\/","url":"https:\/\/secure.gravatar.com\/avatar\/517384810d242ca9e38c180f3c9fb973?s=96&d=mm&r=g","contentUrl":"https:\/\/secure.gravatar.com\/avatar\/517384810d242ca9e38c180f3c9fb973?s=96&d=mm&r=g","caption":"Administrador"},"url":"https:\/\/www.asajacyl.com\/palencia\/author\/carlosrm"}]}},"_links":{"self":[{"href":"https:\/\/www.asajacyl.com\/palencia\/wp-json\/wp\/v2\/posts\/9300"}],"collection":[{"href":"https:\/\/www.asajacyl.com\/palencia\/wp-json\/wp\/v2\/posts"}],"about":[{"href":"https:\/\/www.asajacyl.com\/palencia\/wp-json\/wp\/v2\/types\/post"}],"author":[{"embeddable":true,"href":"https:\/\/www.asajacyl.com\/palencia\/wp-json\/wp\/v2\/users\/9"}],"replies":[{"embeddable":true,"href":"https:\/\/www.asajacyl.com\/palencia\/wp-json\/wp\/v2\/comments?post=9300"}],"version-history":[{"count":1,"href":"https:\/\/www.asajacyl.com\/palencia\/wp-json\/wp\/v2\/posts\/9300\/revisions"}],"predecessor-version":[{"id":9301,"href":"https:\/\/www.asajacyl.com\/palencia\/wp-json\/wp\/v2\/posts\/9300\/revisions\/9301"}],"wp:featuredmedia":[{"embeddable":true,"href":"https:\/\/www.asajacyl.com\/palencia\/wp-json\/wp\/v2\/media\/5807"}],"wp:attachment":[{"href":"https:\/\/www.asajacyl.com\/palencia\/wp-json\/wp\/v2\/media?parent=9300"}],"wp:term":[{"taxonomy":"category","embeddable":true,"href":"https:\/\/www.asajacyl.com\/palencia\/wp-json\/wp\/v2\/categories?post=9300"},{"taxonomy":"post_tag","embeddable":true,"href":"https:\/\/www.asajacyl.com\/palencia\/wp-json\/wp\/v2\/tags?post=9300"}],"curies":[{"name":"wp","href":"https:\/\/api.w.org\/{rel}","templated":true}]}}