{"id":9302,"date":"2021-11-19T10:00:00","date_gmt":"2021-11-19T09:00:00","guid":{"rendered":"https:\/\/www.asajacyl.com\/palencia\/?p=9302"},"modified":"2021-11-22T12:45:10","modified_gmt":"2021-11-22T11:45:10","slug":"la-ue-preocupada-por-el-suministro-de-alimentos","status":"publish","type":"post","link":"https:\/\/www.asajacyl.com\/palencia\/asaja-palencia-informa\/la-ue-preocupada-por-el-suministro-de-alimentos","title":{"rendered":"La UE preocupada por el suministro de alimentos"},"content":{"rendered":"\n<p>La crisis, derivada de la COVID-19, genera preocupaci\u00f3n en la Comisi\u00f3n Europea, que ha presentado un plan para evitar que los ciudadanos suframos escasez de alimentos en los pr\u00f3ximos meses, basado en la coordinaci\u00f3n de todos los participantes en la cadenas de suministros de alimentos en la Uni\u00f3n Europea.<\/p>\n\n\n\n<p>El plan contar\u00e1 con parte p\u00fablica, estando representadas todas las Administraciones, y parte privada con agricultores, ganaderos y pescadores como principales actores.<\/p>\n\n\n\n<p>ASAJA ha mostrado su preocupaci\u00f3n, pues esta declaraci\u00f3n de intenciones de la Uni\u00f3n Europea, choca frontalmente con la estrategia \u00abDe la granja a la mesa\u00bb, dise\u00f1ada por ellos mismos, que provocar\u00e1 reducir las producciones de alimentos y depender del mercado exterior, que ser\u00e1 m\u00e1s caro, de menor calidad, y sin las garant\u00edas sanitarias que ofrecen los agricultores y ganaderos del entorno de la Uni\u00f3n Europea.<\/p>\n\n\n\n<figure class=\"wp-block-image size-large\"><img loading=\"lazy\" decoding=\"async\" width=\"1024\" height=\"576\" src=\"https:\/\/www.asajacyl.com\/palencia\/wp-content\/uploads\/sites\/3\/2021\/05\/COMISION-EUROPEA-1024x576.jpg\" alt=\"\" class=\"wp-image-8267\" srcset=\"https:\/\/www.asajacyl.com\/palencia\/wp-content\/uploads\/sites\/3\/2021\/05\/COMISION-EUROPEA-1024x576.jpg 1024w, https:\/\/www.asajacyl.com\/palencia\/wp-content\/uploads\/sites\/3\/2021\/05\/COMISION-EUROPEA-300x169.jpg 300w, https:\/\/www.asajacyl.com\/palencia\/wp-content\/uploads\/sites\/3\/2021\/05\/COMISION-EUROPEA-768x432.jpg 768w, https:\/\/www.asajacyl.com\/palencia\/wp-content\/uploads\/sites\/3\/2021\/05\/COMISION-EUROPEA-1536x864.jpg 1536w, https:\/\/www.asajacyl.com\/palencia\/wp-content\/uploads\/sites\/3\/2021\/05\/COMISION-EUROPEA-696x392.jpg 696w, https:\/\/www.asajacyl.com\/palencia\/wp-content\/uploads\/sites\/3\/2021\/05\/COMISION-EUROPEA-1068x601.jpg 1068w, https:\/\/www.asajacyl.com\/palencia\/wp-content\/uploads\/sites\/3\/2021\/05\/COMISION-EUROPEA-747x420.jpg 747w, https:\/\/www.asajacyl.com\/palencia\/wp-content\/uploads\/sites\/3\/2021\/05\/COMISION-EUROPEA.jpg 1600w\" sizes=\"(max-width: 1024px) 100vw, 1024px\" \/><\/figure>\n","protected":false},"excerpt":{"rendered":"<p>La crisis, derivada de la COVID-19, genera preocupaci\u00f3n en la Comisi\u00f3n Europea, que ha presentado un plan para evitar que los ciudadanos suframos escasez de alimentos en los pr\u00f3ximos meses, basado en la coordinaci\u00f3n de todos los participantes en la cadenas de suministros de alimentos en la Uni\u00f3n Europea. El plan contar\u00e1 con parte p\u00fablica, [&hellip;]<\/p>\n","protected":false},"author":9,"featured_media":8267,"comment_status":"open","ping_status":"open","sticky":false,"template":"","format":"standard","meta":{"footnotes":""},"categories":[9,29,28],"tags":[],"yoast_head":"<!-- This site is optimized with the Yoast SEO plugin v24.5 - https:\/\/yoast.com\/wordpress\/plugins\/seo\/ -->\n<title>La UE preocupada por el suministro de alimentos - ASAJA Palencia<\/title>\n<meta name=\"description\" content=\"La crisis, derivada de la COVID-19, genera preocupaci\u00f3n en la Comisi\u00f3n Europea, que ha presentado un plan para evitar que los ciudadanos suframos escasez\" \/>\n<meta name=\"robots\" content=\"index, follow, max-snippet:-1, max-image-preview:large, max-video-preview:-1\" \/>\n<link rel=\"canonical\" href=\"https:\/\/www.asajacyl.com\/palencia\/asaja-palencia-informa\/la-ue-preocupada-por-el-suministro-de-alimentos\" \/>\n<meta property=\"og:locale\" content=\"es_ES\" \/>\n<meta property=\"og:type\" content=\"article\" \/>\n<meta property=\"og:title\" content=\"La UE preocupada por el suministro de alimentos - ASAJA Palencia\" \/>\n<meta property=\"og:description\" content=\"La crisis, derivada de la COVID-19, genera preocupaci\u00f3n en la Comisi\u00f3n Europea, que ha presentado un plan para evitar que los ciudadanos suframos escasez\" \/>\n<meta property=\"og:url\" content=\"https:\/\/www.asajacyl.com\/palencia\/asaja-palencia-informa\/la-ue-preocupada-por-el-suministro-de-alimentos\" \/>\n<meta property=\"og:site_name\" content=\"ASAJA Palencia\" \/>\n<meta property=\"article:published_time\" content=\"2021-11-19T09:00:00+00:00\" \/>\n<meta property=\"article:modified_time\" content=\"2021-11-22T11:45:10+00:00\" \/>\n<meta property=\"og:image\" content=\"https:\/\/www.asajacyl.com\/palencia\/wp-content\/uploads\/sites\/3\/2021\/05\/COMISION-EUROPEA.jpg\" \/>\n\t<meta property=\"og:image:width\" content=\"1600\" \/>\n\t<meta property=\"og:image:height\" content=\"900\" \/>\n\t<meta property=\"og:image:type\" content=\"image\/jpeg\" \/>\n<meta name=\"author\" content=\"Administrador\" \/>\n<meta name=\"twitter:card\" content=\"summary_large_image\" \/>\n<meta name=\"twitter:label1\" content=\"Escrito por\" \/>\n\t<meta name=\"twitter:data1\" content=\"Administrador\" \/>\n\t<meta name=\"twitter:label2\" content=\"Tiempo de lectura\" \/>\n\t<meta name=\"twitter:data2\" content=\"1 minuto\" \/>\n<script type=\"application\/ld+json\" class=\"yoast-schema-graph\">{\"@context\":\"https:\/\/schema.org\",\"@graph\":[{\"@type\":\"WebPage\",\"@id\":\"https:\/\/www.asajacyl.com\/palencia\/asaja-palencia-informa\/la-ue-preocupada-por-el-suministro-de-alimentos\",\"url\":\"https:\/\/www.asajacyl.com\/palencia\/asaja-palencia-informa\/la-ue-preocupada-por-el-suministro-de-alimentos\",\"name\":\"La UE preocupada por el suministro de alimentos - ASAJA Palencia\",\"isPartOf\":{\"@id\":\"https:\/\/www.asajacyl.com\/palencia\/#website\"},\"primaryImageOfPage\":{\"@id\":\"https:\/\/www.asajacyl.com\/palencia\/asaja-palencia-informa\/la-ue-preocupada-por-el-suministro-de-alimentos#primaryimage\"},\"image\":{\"@id\":\"https:\/\/www.asajacyl.com\/palencia\/asaja-palencia-informa\/la-ue-preocupada-por-el-suministro-de-alimentos#primaryimage\"},\"thumbnailUrl\":\"https:\/\/www.asajacyl.com\/palencia\/wp-content\/uploads\/sites\/3\/2021\/05\/COMISION-EUROPEA.jpg\",\"datePublished\":\"2021-11-19T09:00:00+00:00\",\"dateModified\":\"2021-11-22T11:45:10+00:00\",\"author\":{\"@id\":\"https:\/\/www.asajacyl.com\/palencia\/#\/schema\/person\/3ab17aeb03527485c317557fae64aab1\"},\"description\":\"La crisis, derivada de la COVID-19, genera preocupaci\u00f3n en la Comisi\u00f3n Europea, que ha presentado un plan para evitar que los ciudadanos suframos escasez\",\"breadcrumb\":{\"@id\":\"https:\/\/www.asajacyl.com\/palencia\/asaja-palencia-informa\/la-ue-preocupada-por-el-suministro-de-alimentos#breadcrumb\"},\"inLanguage\":\"es\",\"potentialAction\":[{\"@type\":\"ReadAction\",\"target\":[\"https:\/\/www.asajacyl.com\/palencia\/asaja-palencia-informa\/la-ue-preocupada-por-el-suministro-de-alimentos\"]}]},{\"@type\":\"ImageObject\",\"inLanguage\":\"es\",\"@id\":\"https:\/\/www.asajacyl.com\/palencia\/asaja-palencia-informa\/la-ue-preocupada-por-el-suministro-de-alimentos#primaryimage\",\"url\":\"https:\/\/www.asajacyl.com\/palencia\/wp-content\/uploads\/sites\/3\/2021\/05\/COMISION-EUROPEA.jpg\",\"contentUrl\":\"https:\/\/www.asajacyl.com\/palencia\/wp-content\/uploads\/sites\/3\/2021\/05\/COMISION-EUROPEA.jpg\",\"width\":1600,\"height\":900},{\"@type\":\"BreadcrumbList\",\"@id\":\"https:\/\/www.asajacyl.com\/palencia\/asaja-palencia-informa\/la-ue-preocupada-por-el-suministro-de-alimentos#breadcrumb\",\"itemListElement\":[{\"@type\":\"ListItem\",\"position\":1,\"name\":\"Portada\",\"item\":\"https:\/\/www.asajacyl.com\/palencia\/\"},{\"@type\":\"ListItem\",\"position\":2,\"name\":\"La UE preocupada por el suministro de alimentos\"}]},{\"@type\":\"WebSite\",\"@id\":\"https:\/\/www.asajacyl.com\/palencia\/#website\",\"url\":\"https:\/\/www.asajacyl.com\/palencia\/\",\"name\":\"ASAJA Palencia\",\"description\":\"Otro sitio m\u00e1s de Provincias ASAJA Castilla y Le\u00f3n\",\"potentialAction\":[{\"@type\":\"SearchAction\",\"target\":{\"@type\":\"EntryPoint\",\"urlTemplate\":\"https:\/\/www.asajacyl.com\/palencia\/?s={search_term_string}\"},\"query-input\":{\"@type\":\"PropertyValueSpecification\",\"valueRequired\":true,\"valueName\":\"search_term_string\"}}],\"inLanguage\":\"es\"},{\"@type\":\"Person\",\"@id\":\"https:\/\/www.asajacyl.com\/palencia\/#\/schema\/person\/3ab17aeb03527485c317557fae64aab1\",\"name\":\"Administrador\",\"image\":{\"@type\":\"ImageObject\",\"inLanguage\":\"es\",\"@id\":\"https:\/\/www.asajacyl.com\/palencia\/#\/schema\/person\/image\/\",\"url\":\"https:\/\/secure.gravatar.com\/avatar\/517384810d242ca9e38c180f3c9fb973?s=96&d=mm&r=g\",\"contentUrl\":\"https:\/\/secure.gravatar.com\/avatar\/517384810d242ca9e38c180f3c9fb973?s=96&d=mm&r=g\",\"caption\":\"Administrador\"},\"url\":\"https:\/\/www.asajacyl.com\/palencia\/author\/carlosrm\"}]}<\/script>\n<!-- \/ Yoast SEO plugin. -->","yoast_head_json":{"title":"La UE preocupada por el suministro de alimentos - ASAJA Palencia","description":"La crisis, derivada de la COVID-19, genera preocupaci\u00f3n en la Comisi\u00f3n Europea, que ha presentado un plan para evitar que los ciudadanos suframos escasez","robots":{"index":"index","follow":"follow","max-snippet":"max-snippet:-1","max-image-preview":"max-image-preview:large","max-video-preview":"max-video-preview:-1"},"canonical":"https:\/\/www.asajacyl.com\/palencia\/asaja-palencia-informa\/la-ue-preocupada-por-el-suministro-de-alimentos","og_locale":"es_ES","og_type":"article","og_title":"La UE preocupada por el suministro de alimentos - ASAJA Palencia","og_description":"La crisis, derivada de la COVID-19, genera preocupaci\u00f3n en la Comisi\u00f3n Europea, que ha presentado un plan para evitar que los ciudadanos suframos escasez","og_url":"https:\/\/www.asajacyl.com\/palencia\/asaja-palencia-informa\/la-ue-preocupada-por-el-suministro-de-alimentos","og_site_name":"ASAJA Palencia","article_published_time":"2021-11-19T09:00:00+00:00","article_modified_time":"2021-11-22T11:45:10+00:00","og_image":[{"width":1600,"height":900,"url":"https:\/\/www.asajacyl.com\/palencia\/wp-content\/uploads\/sites\/3\/2021\/05\/COMISION-EUROPEA.jpg","type":"image\/jpeg"}],"author":"Administrador","twitter_card":"summary_large_image","twitter_misc":{"Escrito por":"Administrador","Tiempo de lectura":"1 minuto"},"schema":{"@context":"https:\/\/schema.org","@graph":[{"@type":"WebPage","@id":"https:\/\/www.asajacyl.com\/palencia\/asaja-palencia-informa\/la-ue-preocupada-por-el-suministro-de-alimentos","url":"https:\/\/www.asajacyl.com\/palencia\/asaja-palencia-informa\/la-ue-preocupada-por-el-suministro-de-alimentos","name":"La UE preocupada por el suministro de alimentos - ASAJA Palencia","isPartOf":{"@id":"https:\/\/www.asajacyl.com\/palencia\/#website"},"primaryImageOfPage":{"@id":"https:\/\/www.asajacyl.com\/palencia\/asaja-palencia-informa\/la-ue-preocupada-por-el-suministro-de-alimentos#primaryimage"},"image":{"@id":"https:\/\/www.asajacyl.com\/palencia\/asaja-palencia-informa\/la-ue-preocupada-por-el-suministro-de-alimentos#primaryimage"},"thumbnailUrl":"https:\/\/www.asajacyl.com\/palencia\/wp-content\/uploads\/sites\/3\/2021\/05\/COMISION-EUROPEA.jpg","datePublished":"2021-11-19T09:00:00+00:00","dateModified":"2021-11-22T11:45:10+00:00","author":{"@id":"https:\/\/www.asajacyl.com\/palencia\/#\/schema\/person\/3ab17aeb03527485c317557fae64aab1"},"description":"La crisis, derivada de la COVID-19, genera preocupaci\u00f3n en la Comisi\u00f3n Europea, que ha presentado un plan para evitar que los ciudadanos suframos escasez","breadcrumb":{"@id":"https:\/\/www.asajacyl.com\/palencia\/asaja-palencia-informa\/la-ue-preocupada-por-el-suministro-de-alimentos#breadcrumb"},"inLanguage":"es","potentialAction":[{"@type":"ReadAction","target":["https:\/\/www.asajacyl.com\/palencia\/asaja-palencia-informa\/la-ue-preocupada-por-el-suministro-de-alimentos"]}]},{"@type":"ImageObject","inLanguage":"es","@id":"https:\/\/www.asajacyl.com\/palencia\/asaja-palencia-informa\/la-ue-preocupada-por-el-suministro-de-alimentos#primaryimage","url":"https:\/\/www.asajacyl.com\/palencia\/wp-content\/uploads\/sites\/3\/2021\/05\/COMISION-EUROPEA.jpg","contentUrl":"https:\/\/www.asajacyl.com\/palencia\/wp-content\/uploads\/sites\/3\/2021\/05\/COMISION-EUROPEA.jpg","width":1600,"height":900},{"@type":"BreadcrumbList","@id":"https:\/\/www.asajacyl.com\/palencia\/asaja-palencia-informa\/la-ue-preocupada-por-el-suministro-de-alimentos#breadcrumb","itemListElement":[{"@type":"ListItem","position":1,"name":"Portada","item":"https:\/\/www.asajacyl.com\/palencia\/"},{"@type":"ListItem","position":2,"name":"La UE preocupada por el suministro de alimentos"}]},{"@type":"WebSite","@id":"https:\/\/www.asajacyl.com\/palencia\/#website","url":"https:\/\/www.asajacyl.com\/palencia\/","name":"ASAJA Palencia","description":"Otro sitio m\u00e1s de Provincias ASAJA Castilla y Le\u00f3n","potentialAction":[{"@type":"SearchAction","target":{"@type":"EntryPoint","urlTemplate":"https:\/\/www.asajacyl.com\/palencia\/?s={search_term_string}"},"query-input":{"@type":"PropertyValueSpecification","valueRequired":true,"valueName":"search_term_string"}}],"inLanguage":"es"},{"@type":"Person","@id":"https:\/\/www.asajacyl.com\/palencia\/#\/schema\/person\/3ab17aeb03527485c317557fae64aab1","name":"Administrador","image":{"@type":"ImageObject","inLanguage":"es","@id":"https:\/\/www.asajacyl.com\/palencia\/#\/schema\/person\/image\/","url":"https:\/\/secure.gravatar.com\/avatar\/517384810d242ca9e38c180f3c9fb973?s=96&d=mm&r=g","contentUrl":"https:\/\/secure.gravatar.com\/avatar\/517384810d242ca9e38c180f3c9fb973?s=96&d=mm&r=g","caption":"Administrador"},"url":"https:\/\/www.asajacyl.com\/palencia\/author\/carlosrm"}]}},"_links":{"self":[{"href":"https:\/\/www.asajacyl.com\/palencia\/wp-json\/wp\/v2\/posts\/9302"}],"collection":[{"href":"https:\/\/www.asajacyl.com\/palencia\/wp-json\/wp\/v2\/posts"}],"about":[{"href":"https:\/\/www.asajacyl.com\/palencia\/wp-json\/wp\/v2\/types\/post"}],"author":[{"embeddable":true,"href":"https:\/\/www.asajacyl.com\/palencia\/wp-json\/wp\/v2\/users\/9"}],"replies":[{"embeddable":true,"href":"https:\/\/www.asajacyl.com\/palencia\/wp-json\/wp\/v2\/comments?post=9302"}],"version-history":[{"count":2,"href":"https:\/\/www.asajacyl.com\/palencia\/wp-json\/wp\/v2\/posts\/9302\/revisions"}],"predecessor-version":[{"id":9338,"href":"https:\/\/www.asajacyl.com\/palencia\/wp-json\/wp\/v2\/posts\/9302\/revisions\/9338"}],"wp:featuredmedia":[{"embeddable":true,"href":"https:\/\/www.asajacyl.com\/palencia\/wp-json\/wp\/v2\/media\/8267"}],"wp:attachment":[{"href":"https:\/\/www.asajacyl.com\/palencia\/wp-json\/wp\/v2\/media?parent=9302"}],"wp:term":[{"taxonomy":"category","embeddable":true,"href":"https:\/\/www.asajacyl.com\/palencia\/wp-json\/wp\/v2\/categories?post=9302"},{"taxonomy":"post_tag","embeddable":true,"href":"https:\/\/www.asajacyl.com\/palencia\/wp-json\/wp\/v2\/tags?post=9302"}],"curies":[{"name":"wp","href":"https:\/\/api.w.org\/{rel}","templated":true}]}}